{"id":34081,"date":"2025-08-26T09:00:36","date_gmt":"2025-08-26T08:00:36","guid":{"rendered":"https:\/\/discover.ulysse.com\/?p=34081"},"modified":"2025-08-25T18:19:38","modified_gmt":"2025-08-25T17:19:38","slug":"ce-village-aux-airs-de-venise-est-a-50-minutes-de-paris-et-personne-nen-parle","status":"publish","type":"post","link":"https:\/\/ulysse.com\/news\/ce-village-aux-airs-de-venise-est-a-50-minutes-de-paris-et-personne-nen-parle","title":{"rendered":"Ce village aux airs de Venise est \u00e0 50 minutes de Paris (et personne n\u2019en parle)"},"content":{"rendered":"<p data-start=\"94\" data-end=\"644\">\u00c0 l\u2019est de Paris, nich\u00e9e dans un \u00e9crin de verdure, une cit\u00e9 au charme discret attire ceux qui aiment m\u00ealer patrimoine et douceur de vivre. Ses rues pav\u00e9es s\u2019entrelacent autour de canaux sinueux o\u00f9 l\u2019eau refl\u00e8te les fa\u00e7ades anciennes. Ses habitants l\u2019appellent fi\u00e8rement la <strong data-start=\"367\" data-end=\"392\">\u00ab Venise de la Brie \u00bb<\/strong>, une appellation qui intrigue autant qu\u2019elle s\u00e9duit. Derri\u00e8re ce surnom se cache <strong data-start=\"474\" data-end=\"495\">Cr\u00e9cy-la-Chapelle<\/strong>, un bourg m\u00e9di\u00e9val qui offre \u00e0 ses visiteurs une exp\u00e9rience \u00e0 la fois historique, culturelle et bucolique, loin de l\u2019agitation des grandes villes.<\/p>\n<h2 data-start=\"646\" data-end=\"722\">Une ville m\u00e9di\u00e9vale fa\u00e7onn\u00e9e par l\u2019eau et la pierre, au c\u0153ur de la Brie<\/h2>\n<p data-start=\"724\" data-end=\"1646\">Cr\u00e9cy-la-Chapelle s\u2019est d\u00e9velopp\u00e9e au Moyen \u00c2ge gr\u00e2ce \u00e0 sa position strat\u00e9gique sur le Grand Morin, une rivi\u00e8re qui traverse la r\u00e9gion et alimente un r\u00e9seau de canaux pittoresques. Ces cours d\u2019eau servaient autrefois \u00e0 prot\u00e9ger la ville et \u00e0 faire tourner les moulins, dont certains vestiges se d\u00e9couvrent encore lors d\u2019une promenade. En fl\u00e2nant dans le centre, les visiteurs peuvent admirer les <strong data-start=\"1120\" data-end=\"1142\">remparts m\u00e9di\u00e9vaux<\/strong>, la <strong data-start=\"1147\" data-end=\"1181\">porte fortifi\u00e9e de la Chapelle<\/strong> ou encore l\u2019<strong data-start=\"1194\" data-end=\"1231\">\u00e9glise Notre-Dame-de-l\u2019Assomption<\/strong>, joyau gothique class\u00e9 monument historique.<br data-start=\"1275\" data-end=\"1278\" \/>Cette richesse patrimoniale se lit dans chaque d\u00e9tail : colombages pr\u00e9serv\u00e9s, vieilles enseignes et ponts de pierre qui rappellent l\u2019intensit\u00e9 de la vie commer\u00e7ante des si\u00e8cles pass\u00e9s. \u00c0 quelques pas, les maisons anciennes bordant les canaux donnent au village un d\u00e9cor de carte postale, surtout au lever ou au coucher du soleil quand la lumi\u00e8re caresse les fa\u00e7ades.<\/p>\n<h2 data-start=\"1648\" data-end=\"1723\">Une destination artistique o\u00f9 les peintres ont trouv\u00e9 leur inspiration<\/h2>\n<p data-start=\"1725\" data-end=\"2592\">Si Cr\u00e9cy-la-Chapelle a su s\u00e9duire par son patrimoine, elle doit aussi sa r\u00e9putation \u00e0 son <strong data-start=\"1815\" data-end=\"1838\">h\u00e9ritage artistique<\/strong>. D\u00e8s le XIX\u1d49 si\u00e8cle, de nombreux peintres paysagistes y posent leur chevalet, fascin\u00e9s par les jeux de lumi\u00e8re sur l\u2019eau et les paysages vallonn\u00e9s de la Brie. Parmi eux, <strong data-start=\"2009\" data-end=\"2047\">Corot et Andr\u00e9 Dunoyer de Segonzac<\/strong> ont immortalis\u00e9 la ville et ses environs, inscrivant Cr\u00e9cy dans la lign\u00e9e des lieux d\u2019inspiration artistique aux portes de Paris.<br data-start=\"2177\" data-end=\"2180\" \/>Aujourd\u2019hui, cet h\u00e9ritage se poursuit \u00e0 travers des <strong data-start=\"2232\" data-end=\"2258\">galeries d\u2019art locales<\/strong>, des <strong data-start=\"2264\" data-end=\"2287\">ateliers d\u2019artistes<\/strong> et un parcours culturel qui permet de d\u00e9couvrir la ville sous l\u2019angle pictural. Les visiteurs peuvent ainsi suivre les pas de ces peintres tout en admirant les panoramas qui les ont inspir\u00e9s. L\u2019art s\u2019invite aussi dans la rue, avec des expositions en plein air qui rythment la vie culturelle de la cit\u00e9.<\/p>\n<blockquote class=\"tiktok-embed\" style=\"max-width: 605px; min-width: 325px;\" cite=\"https:\/\/www.tiktok.com\/@voyageeniledefrance\/video\/7522509167475608854\" data-video-id=\"7522509167475608854\">\n<section><a title=\"@voyageeniledefrance\" href=\"https:\/\/www.tiktok.com\/@voyageeniledefrance?refer=embed\" target=\"_blank\" rel=\"noopener\">@voyageeniledefrance<\/a> Cr\u00e9cy-la-Chapelle (77) : Mon avis <a title=\"crecylachapelle\" href=\"https:\/\/www.tiktok.com\/tag\/crecylachapelle?refer=embed\" target=\"_blank\" rel=\"noopener\">#crecylachapelle<\/a> <a title=\"seineetmarne\" href=\"https:\/\/www.tiktok.com\/tag\/seineetmarne?refer=embed\" target=\"_blank\" rel=\"noopener\">#seineetmarne<\/a> <a title=\"moulinjaune\" href=\"https:\/\/www.tiktok.com\/tag\/moulinjaune?refer=embed\" target=\"_blank\" rel=\"noopener\">#moulinjaune<\/a> <a title=\"visite\" href=\"https:\/\/www.tiktok.com\/tag\/visite?refer=embed\" target=\"_blank\" rel=\"noopener\">#visite<\/a> <a title=\"iledefrance\" href=\"https:\/\/www.tiktok.com\/tag\/iledefrance?refer=embed\" target=\"_blank\" rel=\"noopener\">#iledefrance<\/a> <a title=\"jardin\" href=\"https:\/\/www.tiktok.com\/tag\/jardin?refer=embed\" target=\"_blank\" rel=\"noopener\">#jardin<\/a> <a title=\"77\" href=\"https:\/\/www.tiktok.com\/tag\/77?refer=embed\" target=\"_blank\" rel=\"noopener\">#77<\/a> <a title=\"\u266c son original - Voyage en \u00cele-de-France\" href=\"https:\/\/www.tiktok.com\/music\/son-original-7522509152168495894?refer=embed\" target=\"_blank\" rel=\"noopener\">\u266c son original &#8211; Voyage en \u00cele-de-France<\/a><\/section>\n<\/blockquote>\n<p><script async src=\"https:\/\/www.tiktok.com\/embed.js\"><\/script><\/p>\n<h2 data-start=\"2594\" data-end=\"2661\">Balades, nature et saveurs locales pour prolonger l\u2019exp\u00e9rience<\/h2>\n<p data-start=\"2663\" data-end=\"3490\">Au-del\u00e0 de son patrimoine b\u00e2ti, Cr\u00e9cy-la-Chapelle s\u00e9duit les amateurs de nature et de d\u00e9tente. Le Grand Morin et ses canaux offrent un cadre id\u00e9al pour des balades \u00e0 pied, \u00e0 v\u00e9lo ou en barque. Les <a href=\"https:\/\/discover.ulysse.com\/en-chine-une-randonnee-vertigineuse-attire-les-aventuriers-malgre-sa-reputation-de-danger-extreme\">sentiers de randonn\u00e9e<\/a> qui serpentent autour de la ville m\u00e8nent vers des paysages champ\u00eatres, entre <strong data-start=\"2959\" data-end=\"2982\">prairies de la Brie<\/strong>, moulins restaur\u00e9s et petits hameaux o\u00f9 le temps semble suspendu.<br data-start=\"3048\" data-end=\"3051\" \/>La d\u00e9couverte ne serait pas compl\u00e8te sans un passage par les <strong data-start=\"3112\" data-end=\"3130\">march\u00e9s locaux<\/strong> et les adresses gourmandes de la ville. On y go\u00fbte le fameux <strong data-start=\"3192\" data-end=\"3209\">brie de Meaux<\/strong>, les produits fermiers de la r\u00e9gion et quelques sp\u00e9cialit\u00e9s sucr\u00e9es qui rappellent le terroir briard. En \u00e9t\u00e9, la cit\u00e9 vit au rythme des festivals et des animations culturelles, attirant autant les curieux de passage que les familles en qu\u00eate de d\u00e9paysement \u00e0 proximit\u00e9 de Paris.<\/p>\n<p data-start=\"3567\" data-end=\"4067\">Situ\u00e9e \u00e0 seulement <strong data-start=\"3586\" data-end=\"3612\">50 kilom\u00e8tres de Paris<\/strong>, Cr\u00e9cy-la-Chapelle s\u2019impose comme une destination id\u00e9ale pour une excursion d\u2019une journ\u00e9e ou un week-end. Facilement accessible en train depuis la gare de l\u2019Est, elle permet aux voyageurs de plonger rapidement dans une atmosph\u00e8re \u00e0 la fois <strong data-start=\"3853\" data-end=\"3891\">m\u00e9di\u00e9vale, artistique et naturelle<\/strong>. Entre patrimoine, culture et douceur de vivre, elle incarne l\u2019\u00e9quilibre recherch\u00e9 par de nombreux visiteurs : celui d\u2019un lieu authentique qui conjugue histoire et s\u00e9r\u00e9nit\u00e9.<\/p>\n","protected":false},"excerpt":{"rendered":"<p>\u00c0 l\u2019est de Paris, nich\u00e9e dans un \u00e9crin de verdure, une cit\u00e9 au charme discret attire ceux qui aiment m\u00ealer [&hellip;]<\/p>\n","protected":false},"author":4,"featured_media":34150,"comment_status":"open","ping_status":"closed","sticky":false,"template":"","format":"standard","meta":{"_acf_changed":false,"_sitemap_exclude":false,"_sitemap_priority":"","_sitemap_frequency":"","footnotes":"","rank_math_title":"","rank_math_description":"","rank_math_canonical_url":"","rank_math_focus_keyword":"village"},"categories":[3],"tags":[],"class_list":["post-34081","post","type-post","status-publish","format-standard","has-post-thumbnail","hentry","category-voyage"],"acf":[],"_links":{"self":[{"href":"https:\/\/ulysse.com\/news\/wp-json\/wp\/v2\/posts\/34081","targetHints":{"allow":["GET"]}}],"collection":[{"href":"https:\/\/ulysse.com\/news\/wp-json\/wp\/v2\/posts"}],"about":[{"href":"https:\/\/ulysse.com\/news\/wp-json\/wp\/v2\/types\/post"}],"author":[{"embeddable":true,"href":"https:\/\/ulysse.com\/news\/wp-json\/wp\/v2\/users\/4"}],"replies":[{"embeddable":true,"href":"https:\/\/ulysse.com\/news\/wp-json\/wp\/v2\/comments?post=34081"}],"version-history":[{"count":2,"href":"https:\/\/ulysse.com\/news\/wp-json\/wp\/v2\/posts\/34081\/revisions"}],"predecessor-version":[{"id":34151,"href":"https:\/\/ulysse.com\/news\/wp-json\/wp\/v2\/posts\/34081\/revisions\/34151"}],"wp:featuredmedia":[{"embeddable":true,"href":"https:\/\/ulysse.com\/news\/wp-json\/wp\/v2\/media\/34150"}],"wp:attachment":[{"href":"https:\/\/ulysse.com\/news\/wp-json\/wp\/v2\/media?parent=34081"}],"wp:term":[{"taxonomy":"category","embeddable":true,"href":"https:\/\/ulysse.com\/news\/wp-json\/wp\/v2\/categories?post=34081"},{"taxonomy":"post_tag","embeddable":true,"href":"https:\/\/ulysse.com\/news\/wp-json\/wp\/v2\/tags?post=34081"}],"curies":[{"name":"wp","href":"https:\/\/api.w.org\/{rel}","templated":true}]}}