{"id":34083,"date":"2025-08-24T19:00:43","date_gmt":"2025-08-24T18:00:43","guid":{"rendered":"https:\/\/discover.ulysse.com\/?p=34083"},"modified":"2025-08-24T12:19:06","modified_gmt":"2025-08-24T11:19:06","slug":"a-2h-de-paris-ce-pays-meconnu-mele-montagnes-sauvages-et-palais-royaux","status":"publish","type":"post","link":"https:\/\/ulysse.com\/news\/a-2h-de-paris-ce-pays-meconnu-mele-montagnes-sauvages-et-palais-royaux","title":{"rendered":"\u00c0 2h de Paris, ce pays m\u00e9connu m\u00eale montagnes sauvages et palais royaux"},"content":{"rendered":"<p><span style=\"font-weight: 400;\">Deux petites heures s\u00e9parent Paris de ce pays qui d\u00e9ploie des paysages de carte postale et des cit\u00e9s \u00e0 couper le souffle.<strong> L\u2019Autriche,<\/strong> ce n\u2019est pas seulement des montagnes enneig\u00e9es pour les mordus de ski, ni seulement une capitale qui brille sous ses palais baroques. C\u2019est un m\u00e9lange d\u2019ambiances qui font battre le c\u0153ur : des descentes \u00e0 toute vitesse dans le Tyrol, des valses enivrantes \u00e0 <strong>Vienn<\/strong>e, des soir\u00e9es de musique \u00e0<strong> Salzbourg<\/strong>, et des villages o\u00f9 le Danube coule doucement comme une chanson \u00e9ternelle. On ne vous dit pas tout\u2026 mais assez pour \u00e9veiller une furieuse envie de pr\u00e9parer vos valises. Laissez-vous porter, ce voyage r\u00e9serve des surprises bien plus vari\u00e9es qu\u2019un simple s\u00e9jour hivernal.<\/span><\/p>\n<h2><b>Vienne : quand l\u2019\u00e9l\u00e9gance se boit \u00e0 la tasse de caf\u00e9<\/b><\/h2>\n<p><span style=\"font-weight: 400;\"><a href=\"https:\/\/discover.ulysse.com\/plongee-ambiance-unique-quartiers-vienne\">Vienne<\/a>, c\u2019est une capitale qui s\u00e9duit d\u00e8s le premier pas. Derri\u00e8re ses fa\u00e7ades pastel et ses palais grandioses se cache une atmosph\u00e8re o\u00f9 l\u2019art, la musique et la douceur de vivre s\u2019entrem\u00ealent. On se laisse charmer par le<strong> ch\u00e2teau de Sch\u00f6nbrunn<\/strong>, la<strong> cath\u00e9drale Saint-\u00c9tienne<\/strong> qui veille sur la vieille ville, ou encore par le <strong>Belv\u00e9d\u00e8re<\/strong> et ses \u0153uvres iconiques de Klimt. Mais la vraie magie se joue souvent ailleurs : dans un caf\u00e9 feutr\u00e9 o\u00f9 l\u2019on d\u00e9guste une sachertorte fondante, dans une salle de concert o\u00f9 les notes de Mozart se m\u00ealent au bruissement de la salle, ou simplement en fl\u00e2nant le long du Danube.<\/span><\/p>\n<p><span style=\"font-weight: 400;\">Bonne nouvelle pour les Fran\u00e7ais : le voyage est simple comme un aller-retour. En avion, Paris\u2013Vienne s\u2019avale en un peu plus de 2 heures, souvent pour une centaine d\u2019euros si l\u2019on s\u2019y prend bien. Et pour les adeptes du voyage slow, le train offre une belle alternative : comptez entre 10 et 13 heures depuis Paris, avec le romantique<strong> Nightjet<\/strong> en prime pour se r\u00e9veiller directement au c\u0153ur de la capitale autrichienne. Une fa\u00e7on po\u00e9tique de glisser dans l\u2019atmosph\u00e8re viennoise avant m\u00eame d\u2019y poser le pied. C\u00f4t\u00e9 budget sur place, Vienne reste douce : un d\u00e9jeuner correct autour de 15 \u20ac, un d\u00eener copieux entre 30 et 40 \u20ac, et des h\u00f4tels en centre-ville oscillant entre 120 et 180 \u20ac la nuit. Bref, un charme imp\u00e9rial\u2026 sans se ruiner totalement.<\/span><\/p>\n<blockquote class=\"instagram-media\" style=\"background: #FFF; border: 0; border-radius: 3px; margin: 1px; max-width: 540px; min-width: 326px; padding: 0; width: calc(100% - 2px);\" data-instgrm-captioned=\"\" data-instgrm-permalink=\"https:\/\/www.instagram.com\/p\/DNn0w71sTvP\/?utm_source=ig_embed&amp;utm_campaign=loading\" data-instgrm-version=\"14\">\n<div style=\"padding: 16px;\">\n<p>&nbsp;<\/p>\n<div style=\"flex-direction: row; align-items: center;\">\n<div style=\"background-color: #f4f4f4; border-radius: 50%; flex-grow: 0; height: 40px; margin-right: 14px; width: 40px;\"><\/div>\n<div style=\"flex-direction: column; flex-grow: 1; justify-content: center;\">\n<div style=\"background-color: #f4f4f4; border-radius: 4px; flex-grow: 0; height: 14px; margin-bottom: 6px; width: 100px;\"><\/div>\n<div style=\"background-color: #f4f4f4; border-radius: 4px; flex-grow: 0; height: 14px; width: 60px;\"><\/div>\n<\/div>\n<\/div>\n<div style=\"padding: 19% 0;\"><\/div>\n<div style=\"height: 50px; margin: 0 auto 12px; width: 50px;\"><\/div>\n<div style=\"padding-top: 8px;\">\n<div style=\"color: #3897f0; font-family: Arial,sans-serif; font-size: 14px; font-style: normal; font-weight: 550; line-height: 18px;\">Voir cette publication sur Instagram<\/div>\n<\/div>\n<div style=\"padding: 12.5% 0;\"><\/div>\n<div style=\"flex-direction: row; margin-bottom: 14px; align-items: center;\">\n<div>\n<div style=\"background-color: #f4f4f4; border-radius: 50%; height: 12.5px; width: 12.5px;\"><\/div>\n<div style=\"background-color: #f4f4f4; height: 12.5px; width: 12.5px; flex-grow: 0; margin-right: 14px; margin-left: 2px;\"><\/div>\n<div style=\"background-color: #f4f4f4; border-radius: 50%; height: 12.5px; width: 12.5px;\"><\/div>\n<\/div>\n<div style=\"margin-left: 8px;\">\n<div style=\"background-color: #f4f4f4; border-radius: 50%; flex-grow: 0; height: 20px; width: 20px;\"><\/div>\n<div style=\"width: 0; height: 0; border-top: 2px solid transparent; border-left: 6px solid #f4f4f4; border-bottom: 2px solid transparent;\"><\/div>\n<\/div>\n<div style=\"margin-left: auto;\">\n<div style=\"width: 0px; border-top: 8px solid #F4F4F4; border-right: 8px solid transparent;\"><\/div>\n<div style=\"background-color: #f4f4f4; flex-grow: 0; height: 12px; width: 16px;\"><\/div>\n<div style=\"width: 0; height: 0; border-top: 8px solid #F4F4F4; border-left: 8px solid transparent;\"><\/div>\n<\/div>\n<\/div>\n<div style=\"flex-direction: column; flex-grow: 1; justify-content: center; margin-bottom: 24px;\">\n<div style=\"background-color: #f4f4f4; border-radius: 4px; flex-grow: 0; height: 14px; margin-bottom: 6px; width: 224px;\"><\/div>\n<div style=\"background-color: #f4f4f4; border-radius: 4px; flex-grow: 0; height: 14px; width: 144px;\"><\/div>\n<\/div>\n<p>&nbsp;<\/p>\n<p style=\"color: #c9c8cd; font-family: Arial,sans-serif; font-size: 14px; line-height: 17px; margin-bottom: 0; margin-top: 8px; overflow: hidden; padding: 8px 0 7px; text-align: center;\"><a style=\"color: #c9c8cd; font-family: Arial,sans-serif; font-size: 14px; font-style: normal; font-weight: normal; line-height: 17px; text-decoration: none;\" href=\"https:\/\/www.instagram.com\/p\/DNn0w71sTvP\/?utm_source=ig_embed&amp;utm_campaign=loading\" target=\"_blank\" rel=\"noopener\">Une publication partag\u00e9e par Wien | Vienna (@vienna)<\/a><\/p>\n<\/div>\n<\/blockquote>\n<h2><b>Innsbruck : les sommets o\u00f9 l\u2019air p\u00e9tille<\/b><\/h2>\n<p><span style=\"font-weight: 400;\">Direction le Tyrol, cette r\u00e9gion qui a l\u2019art de faire briller les yeux des amoureux de montagne.<strong> Innsbruck<\/strong>, capitale alpine par excellence, offre un d\u00e9cor de cin\u00e9ma : fa\u00e7ades color\u00e9es, ruelles m\u00e9di\u00e9vales et, en toile de fond, des montagnes qui s\u2019\u00e9lancent droit vers le ciel. Ici, les saisons dictent le rythme des aventures. L\u2019hiver, les pistes immacul\u00e9es invitent au ski, au snowboard et aux soir\u00e9es chaleureuses dans les chalets en bois. L\u2019\u00e9t\u00e9, les prairies verdoyantes et les sentiers de randonn\u00e9e transforment la vall\u00e9e en un immense terrain de jeu pour marcheurs, cyclistes et cavaliers.<\/span><\/p>\n<p><span style=\"font-weight: 400;\">Mais Innsbruck ne se r\u00e9sume pas \u00e0 l\u2019adr\u00e9naline. Son centre historique est un petit bijou :<strong> le Petit Toit d\u2019Or<\/strong>, les arcades color\u00e9es, les mus\u00e9es qui d\u00e9voilent l\u2019histoire des <strong>Habsbourg<\/strong>. Et partout, une ambiance conviviale, l\u00e9g\u00e8rement boh\u00e8me, qui s\u00e9duit autant les sportifs que les curieux. Niveau budget, on reste sur une \u00e9chelle similaire \u00e0 Vienne : repas entre 20 et 40 \u20ac, h\u00f4tels de charme aux alentours de 120 \u20ac la nuit. Pour y acc\u00e9der depuis la France, l\u2019avion reste la solution la plus pratique : Lyon ou Paris vous relient \u00e0 Innsbruck en moins de 2 heures. Et pour les amateurs de rail, un Paris\u2013Innsbruck en train prend environ 9 \u00e0 11 heures avec une correspondance, mais quelle r\u00e9compense \u00e0 l\u2019arriv\u00e9e !<\/span><\/p>\n<blockquote class=\"instagram-media\" style=\"background: #FFF; border: 0; border-radius: 3px; margin: 1px; max-width: 540px; min-width: 326px; padding: 0; width: calc(100% - 2px);\" data-instgrm-captioned=\"\" data-instgrm-permalink=\"https:\/\/www.instagram.com\/p\/DNtezdaWKVz\/?utm_source=ig_embed&amp;utm_campaign=loading\" data-instgrm-version=\"14\">\n<div style=\"padding: 16px;\">\n<p>&nbsp;<\/p>\n<div style=\"flex-direction: row; align-items: center;\">\n<div style=\"background-color: #f4f4f4; border-radius: 50%; flex-grow: 0; height: 40px; margin-right: 14px; width: 40px;\"><\/div>\n<div style=\"flex-direction: column; flex-grow: 1; justify-content: center;\">\n<div style=\"background-color: #f4f4f4; border-radius: 4px; flex-grow: 0; height: 14px; margin-bottom: 6px; width: 100px;\"><\/div>\n<div style=\"background-color: #f4f4f4; border-radius: 4px; flex-grow: 0; height: 14px; width: 60px;\"><\/div>\n<\/div>\n<\/div>\n<div style=\"padding: 19% 0;\"><\/div>\n<div style=\"height: 50px; margin: 0 auto 12px; width: 50px;\"><\/div>\n<div style=\"padding-top: 8px;\">\n<div style=\"color: #3897f0; font-family: Arial,sans-serif; font-size: 14px; font-style: normal; font-weight: 550; line-height: 18px;\">Voir cette publication sur Instagram<\/div>\n<\/div>\n<div style=\"padding: 12.5% 0;\"><\/div>\n<div style=\"flex-direction: row; margin-bottom: 14px; align-items: center;\">\n<div>\n<div style=\"background-color: #f4f4f4; border-radius: 50%; height: 12.5px; width: 12.5px;\"><\/div>\n<div style=\"background-color: #f4f4f4; height: 12.5px; width: 12.5px; flex-grow: 0; margin-right: 14px; margin-left: 2px;\"><\/div>\n<div style=\"background-color: #f4f4f4; border-radius: 50%; height: 12.5px; width: 12.5px;\"><\/div>\n<\/div>\n<div style=\"margin-left: 8px;\">\n<div style=\"background-color: #f4f4f4; border-radius: 50%; flex-grow: 0; height: 20px; width: 20px;\"><\/div>\n<div style=\"width: 0; height: 0; border-top: 2px solid transparent; border-left: 6px solid #f4f4f4; border-bottom: 2px solid transparent;\"><\/div>\n<\/div>\n<div style=\"margin-left: auto;\">\n<div style=\"width: 0px; border-top: 8px solid #F4F4F4; border-right: 8px solid transparent;\"><\/div>\n<div style=\"background-color: #f4f4f4; flex-grow: 0; height: 12px; width: 16px;\"><\/div>\n<div style=\"width: 0; height: 0; border-top: 8px solid #F4F4F4; border-left: 8px solid transparent;\"><\/div>\n<\/div>\n<\/div>\n<div style=\"flex-direction: column; flex-grow: 1; justify-content: center; margin-bottom: 24px;\">\n<div style=\"background-color: #f4f4f4; border-radius: 4px; flex-grow: 0; height: 14px; margin-bottom: 6px; width: 224px;\"><\/div>\n<div style=\"background-color: #f4f4f4; border-radius: 4px; flex-grow: 0; height: 14px; width: 144px;\"><\/div>\n<\/div>\n<p>&nbsp;<\/p>\n<p style=\"color: #c9c8cd; font-family: Arial,sans-serif; font-size: 14px; line-height: 17px; margin-bottom: 0; margin-top: 8px; overflow: hidden; padding: 8px 0 7px; text-align: center;\"><a style=\"color: #c9c8cd; font-family: Arial,sans-serif; font-size: 14px; font-style: normal; font-weight: normal; line-height: 17px; text-decoration: none;\" href=\"https:\/\/www.instagram.com\/p\/DNtezdaWKVz\/?utm_source=ig_embed&amp;utm_campaign=loading\" target=\"_blank\" rel=\"noopener\">Une publication partag\u00e9e par Sunnyvale (@valesola1)<\/a><\/p>\n<\/div>\n<\/blockquote>\n<h2><b>Salzbourg : quand la musique s\u2019invite dans les ruelles<\/b><\/h2>\n<p><span style=\"font-weight: 400;\"><strong>Salzbourg<\/strong>, c\u2019est une m\u00e9lodie en soi. Ville natale de Mozart, elle d\u00e9ploie un charme baroque irr\u00e9sistible, avec ses \u00e9glises \u00e9l\u00e9gantes, ses places pav\u00e9es et sa forteresse perch\u00e9e sur la colline. En \u00e9t\u00e9, la ville s\u2019enflamme lors du c\u00e9l\u00e8bre festival de musique, attirant m\u00e9lomanes et curieux venus \u00e9couter des op\u00e9ras sous les \u00e9toiles. Le reste de l\u2019ann\u00e9e, Salzbourg garde cette aura romantique : caf\u00e9s chaleureux, petites boutiques artisanales, jardins impeccables et vues superbes sur la vall\u00e9e.<\/span><\/p>\n<p><span style=\"font-weight: 400;\">La ville est aussi une escale gourmande : entre schnitzel croustillant et apfelstrudel parfum\u00e9 \u00e0 la cannelle, on craque sans culpabiliser. C\u00f4t\u00e9 budget, Salzbourg reste un peu plus on\u00e9reuse en haute saison (notamment l\u2019\u00e9t\u00e9), mais un d\u00eener en centre-ville s\u2019affiche autour de 30 \u00e0 45 \u20ac, et l\u2019h\u00e9bergement d\u00e9bute autour de 110 \u20ac. Depuis la France, Salzbourg est accessible en avion (comptez 2 heures depuis Paris) ou en train via Munich, ce qui permet d\u2019ajouter une escale bavaroise \u00e0 l\u2019aventure. Autant dire que l\u2019escapade s\u2019annonce savoureuse et musicale \u00e0 souhait.<\/span><\/p>\n<blockquote class=\"instagram-media\" style=\"background: #FFF; border: 0; border-radius: 3px; margin: 1px; max-width: 540px; min-width: 326px; padding: 0; width: calc(100% - 2px);\" data-instgrm-captioned=\"\" data-instgrm-permalink=\"https:\/\/www.instagram.com\/p\/C0gJi_-sBJZ\/?utm_source=ig_embed&amp;utm_campaign=loading\" data-instgrm-version=\"14\">\n<div style=\"padding: 16px;\">\n<p>&nbsp;<\/p>\n<div style=\"flex-direction: row; align-items: center;\">\n<div style=\"background-color: #f4f4f4; border-radius: 50%; flex-grow: 0; height: 40px; margin-right: 14px; width: 40px;\"><\/div>\n<div style=\"flex-direction: column; flex-grow: 1; justify-content: center;\">\n<div style=\"background-color: #f4f4f4; border-radius: 4px; flex-grow: 0; height: 14px; margin-bottom: 6px; width: 100px;\"><\/div>\n<div style=\"background-color: #f4f4f4; border-radius: 4px; flex-grow: 0; height: 14px; width: 60px;\"><\/div>\n<\/div>\n<\/div>\n<div style=\"padding: 19% 0;\"><\/div>\n<div style=\"height: 50px; margin: 0 auto 12px; width: 50px;\"><\/div>\n<div style=\"padding-top: 8px;\">\n<div style=\"color: #3897f0; font-family: Arial,sans-serif; font-size: 14px; font-style: normal; font-weight: 550; line-height: 18px;\">Voir cette publication sur Instagram<\/div>\n<\/div>\n<div style=\"padding: 12.5% 0;\"><\/div>\n<div style=\"flex-direction: row; margin-bottom: 14px; align-items: center;\">\n<div>\n<div style=\"background-color: #f4f4f4; border-radius: 50%; height: 12.5px; width: 12.5px;\"><\/div>\n<div style=\"background-color: #f4f4f4; height: 12.5px; width: 12.5px; flex-grow: 0; margin-right: 14px; margin-left: 2px;\"><\/div>\n<div style=\"background-color: #f4f4f4; border-radius: 50%; height: 12.5px; width: 12.5px;\"><\/div>\n<\/div>\n<div style=\"margin-left: 8px;\">\n<div style=\"background-color: #f4f4f4; border-radius: 50%; flex-grow: 0; height: 20px; width: 20px;\"><\/div>\n<div style=\"width: 0; height: 0; border-top: 2px solid transparent; border-left: 6px solid #f4f4f4; border-bottom: 2px solid transparent;\"><\/div>\n<\/div>\n<div style=\"margin-left: auto;\">\n<div style=\"width: 0px; border-top: 8px solid #F4F4F4; border-right: 8px solid transparent;\"><\/div>\n<div style=\"background-color: #f4f4f4; flex-grow: 0; height: 12px; width: 16px;\"><\/div>\n<div style=\"width: 0; height: 0; border-top: 8px solid #F4F4F4; border-left: 8px solid transparent;\"><\/div>\n<\/div>\n<\/div>\n<div style=\"flex-direction: column; flex-grow: 1; justify-content: center; margin-bottom: 24px;\">\n<div style=\"background-color: #f4f4f4; border-radius: 4px; flex-grow: 0; height: 14px; margin-bottom: 6px; width: 224px;\"><\/div>\n<div style=\"background-color: #f4f4f4; border-radius: 4px; flex-grow: 0; height: 14px; width: 144px;\"><\/div>\n<\/div>\n<p>&nbsp;<\/p>\n<p style=\"color: #c9c8cd; font-family: Arial,sans-serif; font-size: 14px; line-height: 17px; margin-bottom: 0; margin-top: 8px; overflow: hidden; padding: 8px 0 7px; text-align: center;\"><a style=\"color: #c9c8cd; font-family: Arial,sans-serif; font-size: 14px; font-style: normal; font-weight: normal; line-height: 17px; text-decoration: none;\" href=\"https:\/\/www.instagram.com\/p\/C0gJi_-sBJZ\/?utm_source=ig_embed&amp;utm_campaign=loading\" target=\"_blank\" rel=\"noopener\">Une publication partag\u00e9e par SalzBurG (@salzburgram)<\/a><\/p>\n<\/div>\n<\/blockquote>\n<h2><b>L\u2019Autriche, ce voyage qui a plus d\u2019un tour dans son sac<\/b><\/h2>\n<p><span style=\"font-weight: 400;\">Ce pays ne se r\u00e9sume ni \u00e0 ses montagnes ni \u00e0 ses palais. L\u2019Autriche, c\u2019est une mosa\u00efque de paysages et d\u2019ambiances o\u00f9 chacun trouve son bonheur : les f\u00e9rus de culture dans les mus\u00e9es viennois, les sportifs dans les <a href=\"https:\/\/discover.ulysse.com\/plus-beaux-villages-europe-selon-onu-tourism\">Alpes tyroliennes<\/a>, les m\u00e9lomanes dans les festivals de Salzbourg, et les voyageurs curieux dans les villages au charme intemporel du <strong>Vorarlberg<\/strong> ou de la<strong> Carinthie<\/strong>. Et ce qui rend l\u2019exp\u00e9rience encore plus belle, c\u2019est la facilit\u00e9 avec laquelle on passe d\u2019une ambiance \u00e0 l\u2019autre. Un train pour longer le Danube, une location de v\u00e9lo pour arpenter la campagne, un funiculaire pour grimper jusqu\u2019\u00e0 une forteresse\u2026 L\u2019Autriche se vit en mouvement, toujours avec cette touche \u00e9l\u00e9gante et joyeuse qui la distingue.<\/span><\/p>\n<blockquote class=\"instagram-media\" style=\"background: #FFF; border: 0; border-radius: 3px; margin: 1px; max-width: 540px; min-width: 326px; padding: 0; width: calc(100% - 2px);\" data-instgrm-captioned=\"\" data-instgrm-permalink=\"https:\/\/www.instagram.com\/p\/DNtFx3UUBrj\/?utm_source=ig_embed&amp;utm_campaign=loading\" data-instgrm-version=\"14\">\n<div style=\"padding: 16px;\">\n<p>&nbsp;<\/p>\n<div style=\"flex-direction: row; align-items: center;\">\n<div style=\"background-color: #f4f4f4; border-radius: 50%; flex-grow: 0; height: 40px; margin-right: 14px; width: 40px;\"><\/div>\n<div style=\"flex-direction: column; flex-grow: 1; justify-content: center;\">\n<div style=\"background-color: #f4f4f4; border-radius: 4px; flex-grow: 0; height: 14px; margin-bottom: 6px; width: 100px;\"><\/div>\n<div style=\"background-color: #f4f4f4; border-radius: 4px; flex-grow: 0; height: 14px; width: 60px;\"><\/div>\n<\/div>\n<\/div>\n<div style=\"padding: 19% 0;\"><\/div>\n<div style=\"height: 50px; margin: 0 auto 12px; width: 50px;\"><\/div>\n<div style=\"padding-top: 8px;\">\n<div style=\"color: #3897f0; font-family: Arial,sans-serif; font-size: 14px; font-style: normal; font-weight: 550; line-height: 18px;\">Voir cette publication sur Instagram<\/div>\n<\/div>\n<div style=\"padding: 12.5% 0;\"><\/div>\n<div style=\"flex-direction: row; margin-bottom: 14px; align-items: center;\">\n<div>\n<div style=\"background-color: #f4f4f4; border-radius: 50%; height: 12.5px; width: 12.5px;\"><\/div>\n<div style=\"background-color: #f4f4f4; height: 12.5px; width: 12.5px; flex-grow: 0; margin-right: 14px; margin-left: 2px;\"><\/div>\n<div style=\"background-color: #f4f4f4; border-radius: 50%; height: 12.5px; width: 12.5px;\"><\/div>\n<\/div>\n<div style=\"margin-left: 8px;\">\n<div style=\"background-color: #f4f4f4; border-radius: 50%; flex-grow: 0; height: 20px; width: 20px;\"><\/div>\n<div style=\"width: 0; height: 0; border-top: 2px solid transparent; border-left: 6px solid #f4f4f4; border-bottom: 2px solid transparent;\"><\/div>\n<\/div>\n<div style=\"margin-left: auto;\">\n<div style=\"width: 0px; border-top: 8px solid #F4F4F4; border-right: 8px solid transparent;\"><\/div>\n<div style=\"background-color: #f4f4f4; flex-grow: 0; height: 12px; width: 16px;\"><\/div>\n<div style=\"width: 0; height: 0; border-top: 8px solid #F4F4F4; border-left: 8px solid transparent;\"><\/div>\n<\/div>\n<\/div>\n<div style=\"flex-direction: column; flex-grow: 1; justify-content: center; margin-bottom: 24px;\">\n<div style=\"background-color: #f4f4f4; border-radius: 4px; flex-grow: 0; height: 14px; margin-bottom: 6px; width: 224px;\"><\/div>\n<div style=\"background-color: #f4f4f4; border-radius: 4px; flex-grow: 0; height: 14px; width: 144px;\"><\/div>\n<\/div>\n<p>&nbsp;<\/p>\n<p style=\"color: #c9c8cd; font-family: Arial,sans-serif; font-size: 14px; line-height: 17px; margin-bottom: 0; margin-top: 8px; overflow: hidden; padding: 8px 0 7px; text-align: center;\"><a style=\"color: #c9c8cd; font-family: Arial,sans-serif; font-size: 14px; font-style: normal; font-weight: normal; line-height: 17px; text-decoration: none;\" href=\"https:\/\/www.instagram.com\/p\/DNtFx3UUBrj\/?utm_source=ig_embed&amp;utm_campaign=loading\" target=\"_blank\" rel=\"noopener\">Une publication partag\u00e9e par Wien | Vienna (@vienna)<\/a><\/p>\n<\/div>\n<\/blockquote>\n<p><span style=\"font-weight: 400;\">C\u00f4t\u00e9 budget global, un s\u00e9jour de 10 jours pour deux oscille entre 1 500 et 2 500 \u20ac selon les choix de confort et d\u2019activit\u00e9s. Ni hors de prix, ni low-cost, mais toujours avec ce rapport qualit\u00e9-plaisir qui fait sourire. Et puisque le pays mise sur un tourisme durable, voyager en train ou en bus devient aussi une fa\u00e7on de profiter de la beaut\u00e9 des paysages sans se presser. Bref, l\u2019Autriche, c\u2019est ce petit concentr\u00e9 d\u2019Europe centrale qui r\u00e9ussit \u00e0 surprendre bien plus qu\u2019on ne l\u2019attend.<\/span><\/p>\n","protected":false},"excerpt":{"rendered":"<p>Deux petites heures s\u00e9parent Paris de ce pays qui d\u00e9ploie des paysages de carte postale et des cit\u00e9s \u00e0 couper [&hellip;]<\/p>\n","protected":false},"author":3,"featured_media":34098,"comment_status":"open","ping_status":"closed","sticky":false,"template":"","format":"standard","meta":{"_acf_changed":false,"_sitemap_exclude":false,"_sitemap_priority":"","_sitemap_frequency":"","footnotes":"","rank_math_title":"","rank_math_description":"Entre descentes alpines et palais viennois, l\u2019Autriche cache encore des secrets que vos valises r\u00eavent de d\u00e9couvrir\u2026","rank_math_canonical_url":"","rank_math_focus_keyword":"palais,pays,europe"},"categories":[3],"tags":[],"class_list":["post-34083","post","type-post","status-publish","format-standard","has-post-thumbnail","hentry","category-voyage"],"acf":[],"_links":{"self":[{"href":"https:\/\/ulysse.com\/news\/wp-json\/wp\/v2\/posts\/34083","targetHints":{"allow":["GET"]}}],"collection":[{"href":"https:\/\/ulysse.com\/news\/wp-json\/wp\/v2\/posts"}],"about":[{"href":"https:\/\/ulysse.com\/news\/wp-json\/wp\/v2\/types\/post"}],"author":[{"embeddable":true,"href":"https:\/\/ulysse.com\/news\/wp-json\/wp\/v2\/users\/3"}],"replies":[{"embeddable":true,"href":"https:\/\/ulysse.com\/news\/wp-json\/wp\/v2\/comments?post=34083"}],"version-history":[{"count":2,"href":"https:\/\/ulysse.com\/news\/wp-json\/wp\/v2\/posts\/34083\/revisions"}],"predecessor-version":[{"id":34111,"href":"https:\/\/ulysse.com\/news\/wp-json\/wp\/v2\/posts\/34083\/revisions\/34111"}],"wp:featuredmedia":[{"embeddable":true,"href":"https:\/\/ulysse.com\/news\/wp-json\/wp\/v2\/media\/34098"}],"wp:attachment":[{"href":"https:\/\/ulysse.com\/news\/wp-json\/wp\/v2\/media?parent=34083"}],"wp:term":[{"taxonomy":"category","embeddable":true,"href":"https:\/\/ulysse.com\/news\/wp-json\/wp\/v2\/categories?post=34083"},{"taxonomy":"post_tag","embeddable":true,"href":"https:\/\/ulysse.com\/news\/wp-json\/wp\/v2\/tags?post=34083"}],"curies":[{"name":"wp","href":"https:\/\/api.w.org\/{rel}","templated":true}]}}