{"id":34084,"date":"2025-09-01T14:00:07","date_gmt":"2025-09-01T13:00:07","guid":{"rendered":"https:\/\/discover.ulysse.com\/?p=34084"},"modified":"2025-09-01T08:57:43","modified_gmt":"2025-09-01T07:57:43","slug":"ce-joyau-du-val-doise-reste-lun-des-plus-beaux-villages-de-france-et-cest-amplement-merite","status":"publish","type":"post","link":"https:\/\/ulysse.com\/news\/ce-joyau-du-val-doise-reste-lun-des-plus-beaux-villages-de-france-et-cest-amplement-merite","title":{"rendered":"Ce joyau du Val-d\u2019Oise reste l\u2019un des plus beaux villages de France  (et c\u2019est amplement m\u00e9rit\u00e9)"},"content":{"rendered":"<p data-start=\"62\" data-end=\"635\">Il existe des lieux qui semblent avoir \u00e9chapp\u00e9 \u00e0 l\u2019agitation du temps. \u00c0 seulement quelques kilom\u00e8tres de Paris, nich\u00e9 dans le Val-d\u2019Oise, <strong data-start=\"201\" data-end=\"219\">La Roche-Guyon<\/strong> vient d\u2019\u00eatre confirm\u00e9 une nouvelle fois parmi les \u00ab Plus Beaux Villages de France \u00bb. Ses ruelles fleuries, son patrimoine m\u00e9di\u00e9val et ses panoramas bucoliques en font un joyau rare, o\u00f9 l\u2019histoire et la nature s\u2019entrelacent harmonieusement. Cette reconnaissance n\u2019est pas seulement un label : elle consacre la passion des habitants et la richesse d\u2019un terroir pr\u00e9serv\u00e9 qui attire chaque ann\u00e9e davantage de visiteurs.<\/p>\n<h2 data-start=\"637\" data-end=\"698\">Un patrimoine pr\u00e9serv\u00e9 qui raconte l\u2019histoire de la r\u00e9gion<\/h2>\n<p data-start=\"700\" data-end=\"1473\">Derri\u00e8re ses remparts discrets et ses maisons en pierre, <strong data-start=\"757\" data-end=\"775\">La Roche-Guyon<\/strong> raconte des si\u00e8cles d\u2019histoire. Ses \u00e9glises m\u00e9di\u00e9vales, ses lavoirs anciens et ses b\u00e2tisses \u00e0 colombages t\u00e9moignent d\u2019un pass\u00e9 riche, fa\u00e7onn\u00e9 par la ruralit\u00e9 et l\u2019artisanat local. L\u2019architecture y est remarquablement conserv\u00e9e, offrant aux promeneurs un voyage dans le temps.<br data-start=\"1051\" data-end=\"1054\" \/>Ce classement parmi les \u00ab Plus Beaux Villages de France \u00bb repose sur des crit\u00e8res exigeants : authenticit\u00e9 du b\u00e2ti, valorisation du patrimoine et pr\u00e9servation de l\u2019environnement naturel. Ici, chaque d\u00e9tail semble pens\u00e9 pour maintenir une harmonie entre le cadre ancien et la vie moderne. Loin d\u2019\u00eatre fig\u00e9, <strong data-start=\"1360\" data-end=\"1378\">La Roche-Guyon<\/strong> vit au rythme de ses march\u00e9s et de ses f\u00eates locales, o\u00f9 se m\u00ealent traditions et convivialit\u00e9.<\/p>\n<blockquote class=\"tiktok-embed\" style=\"max-width: 605px; min-width: 325px;\" cite=\"https:\/\/www.tiktok.com\/@lesescapadesdelaura\/video\/7498333568205098262\" data-video-id=\"7498333568205098262\">\n<section><a title=\"@lesescapadesdelaura\" href=\"https:\/\/www.tiktok.com\/@lesescapadesdelaura?refer=embed\" target=\"_blank\" rel=\"noopener\">@lesescapadesdelaura<\/a> \ud83d\udccdLa Roche Guyon &#8211; Val d\u2019Oise &#8211; 95780 Magnifique village situ\u00e9 dans le parc naturel r\u00e9gional du Vexin au bord des m\u00e9andres de la Seine \u2728 J\u2019aurai aim\u00e9 prendre plus de temps pour visiter toutes les rues et \u00e9galement faire une croisi\u00e8re sur l\u2019eau mais apr\u00e8s la visite du ch\u00e2teau, mes mollets ont rendu l\u2019\u00e2me \ud83d\ude2d <a title=\"vlog\" href=\"https:\/\/www.tiktok.com\/tag\/vlog?refer=embed\" target=\"_blank\" rel=\"noopener\">#vlog<\/a> <a title=\"pt\" href=\"https:\/\/www.tiktok.com\/tag\/pt?refer=embed\" target=\"_blank\" rel=\"noopener\">#pt<\/a> <a title=\"pourtoi\" href=\"https:\/\/www.tiktok.com\/tag\/pourtoi?refer=embed\" target=\"_blank\" rel=\"noopener\">#pourtoi<\/a> <a title=\"fyp\" href=\"https:\/\/www.tiktok.com\/tag\/fyp?refer=embed\" target=\"_blank\" rel=\"noopener\">#fyp<\/a> <a title=\"larocheguyon\" href=\"https:\/\/www.tiktok.com\/tag\/larocheguyon?refer=embed\" target=\"_blank\" rel=\"noopener\">#larocheguyon<\/a> <a title=\"seine\" href=\"https:\/\/www.tiktok.com\/tag\/seine?refer=embed\" target=\"_blank\" rel=\"noopener\">#seine<\/a> <a title=\"village\" href=\"https:\/\/www.tiktok.com\/tag\/village?refer=embed\" target=\"_blank\" rel=\"noopener\">#village<\/a> <a title=\"plusbeauxvillagesdefrance\" href=\"https:\/\/www.tiktok.com\/tag\/plusbeauxvillagesdefrance?refer=embed\" target=\"_blank\" rel=\"noopener\">#plusbeauxvillagesdefrance<\/a> <a title=\"visite\" href=\"https:\/\/www.tiktok.com\/tag\/visite?refer=embed\" target=\"_blank\" rel=\"noopener\">#visite<\/a> <a title=\"chateau\" href=\"https:\/\/www.tiktok.com\/tag\/chateau?refer=embed\" target=\"_blank\" rel=\"noopener\">#chateau<\/a> <a title=\"sortie\" href=\"https:\/\/www.tiktok.com\/tag\/sortie?refer=embed\" target=\"_blank\" rel=\"noopener\">#sortie<\/a> <a title=\"destination\" href=\"https:\/\/www.tiktok.com\/tag\/destination?refer=embed\" target=\"_blank\" rel=\"noopener\">#destination<\/a> <a title=\"2025\" href=\"https:\/\/www.tiktok.com\/tag\/2025?refer=embed\" target=\"_blank\" rel=\"noopener\">#2025<\/a> <a title=\"france\" href=\"https:\/\/www.tiktok.com\/tag\/france?refer=embed\" target=\"_blank\" rel=\"noopener\">#france<\/a> <a title=\"nature\" href=\"https:\/\/www.tiktok.com\/tag\/nature?refer=embed\" target=\"_blank\" rel=\"noopener\">#nature<\/a> <a title=\"parcnaturel\" href=\"https:\/\/www.tiktok.com\/tag\/parcnaturel?refer=embed\" target=\"_blank\" rel=\"noopener\">#parcnaturel<\/a> <a title=\"\u266c Celtic Flashy Celtic Music - Masucu\" href=\"https:\/\/www.tiktok.com\/music\/Celtic-Flashy-Celtic-Music-6817316576300107777?refer=embed\" target=\"_blank\" rel=\"noopener\">\u266c Celtic Flashy Celtic Music &#8211; Masucu<\/a><\/section>\n<\/blockquote>\n<p><script async src=\"https:\/\/www.tiktok.com\/embed.js\"><\/script><\/p>\n<h2 data-start=\"1475\" data-end=\"1553\">Des paysages bucoliques qui s\u00e9duisent les voyageurs en qu\u00eate d\u2019authenticit\u00e9<\/h2>\n<p data-start=\"1555\" data-end=\"2307\">Au-del\u00e0 de ses ruelles pittoresques, <strong data-start=\"1592\" data-end=\"1610\">La Roche-Guyon<\/strong> offre un environnement naturel propice \u00e0 la d\u00e9tente. Entour\u00e9 de vall\u00e9es verdoyantes et de sentiers de randonn\u00e9e, il attire les amateurs de balades paisibles comme les passionn\u00e9s de photographie. Les panoramas sur la campagne environnante r\u00e9v\u00e8lent une mosa\u00efque de champs, de vergers et de for\u00eats qui changent de visage au fil des saisons.<br data-start=\"1948\" data-end=\"1951\" \/>Ces paysages, fa\u00e7onn\u00e9s par l\u2019histoire agricole de la r\u00e9gion, sont aussi une invitation \u00e0 d\u00e9couvrir les produits locaux. Du fromage aux sp\u00e9cialit\u00e9s sucr\u00e9es, en passant par les vins produits non loin de l\u00e0, la gastronomie vient compl\u00e9ter cette immersion sensorielle. Chaque visite devient ainsi une exp\u00e9rience o\u00f9 l\u2019on associe plaisir des yeux et gourmandise.<\/p>\n<h2 data-start=\"2309\" data-end=\"2385\">Un titre qui conforte la fiert\u00e9 des habitants et attire un nouveau regard<\/h2>\n<p data-start=\"2387\" data-end=\"3101\">Pour les habitants, la confirmation de ce titre prestigieux est une v\u00e9ritable reconnaissance. Elle valorise des ann\u00e9es d\u2019efforts pour entretenir et mettre en lumi\u00e8re un patrimoine fragile. Les associations locales, les municipalit\u00e9s et les b\u00e9n\u00e9voles jouent un r\u00f4le central dans cette dynamique, garantissant que <strong data-start=\"2699\" data-end=\"2717\">La Roche-Guyon<\/strong> reste un lieu accueillant et vivant.<br data-start=\"2754\" data-end=\"2757\" \/>Cette distinction a aussi des retomb\u00e9es touristiques positives. Selon l\u2019association des <a href=\"https:\/\/discover.ulysse.com\/plus-beaux-villages-de-france-ce-petit-village-des-hautes-alpes-qui-na-rien-a-envier-aux-plus-grands\">Plus Beaux Villages de France<\/a>, une commune labellis\u00e9e peut voir sa fr\u00e9quentation augmenter de 30 % en moyenne. Pour <strong data-start=\"2961\" data-end=\"2979\">La Roche-Guyon<\/strong>, c\u2019est l\u2019occasion de rayonner davantage, tout en sensibilisant les visiteurs \u00e0 l\u2019importance de pr\u00e9server ce cadre unique.<\/p>\n<blockquote class=\"tiktok-embed\" style=\"max-width: 605px; min-width: 325px;\" cite=\"https:\/\/www.tiktok.com\/@clau_ccc_227\/video\/7503945627730988330\" data-video-id=\"7503945627730988330\">\n<section><a title=\"@clau_ccc_227\" href=\"https:\/\/www.tiktok.com\/@clau_ccc_227?refer=embed\" target=\"_blank\" rel=\"noopener\">@clau_ccc_227<\/a> What do you think? It\u2019s called La Roche-Guyon and it\u2019s near Giverny <a title=\"franceroadtrip\" href=\"https:\/\/www.tiktok.com\/tag\/franceroadtrip?refer=embed\" target=\"_blank\" rel=\"noopener\">#franceroadtrip<\/a> <a title=\"beautifulfrance\" href=\"https:\/\/www.tiktok.com\/tag\/beautifulfrance?refer=embed\" target=\"_blank\" rel=\"noopener\">#beautifulfrance<\/a> <a title=\"frenchcountryside\" href=\"https:\/\/www.tiktok.com\/tag\/frenchcountryside?refer=embed\" target=\"_blank\" rel=\"noopener\">#frenchcountryside<\/a> <a title=\"\u266c French music style, accordion, waltz - arachang\" href=\"https:\/\/www.tiktok.com\/music\/French-music-style-accordion-waltz-6817660123272448001?refer=embed\" target=\"_blank\" rel=\"noopener\">\u266c French music style, accordion, waltz &#8211; arachang<\/a><\/section>\n<\/blockquote>\n<p><script async src=\"https:\/\/www.tiktok.com\/embed.js\"><\/script><\/p>\n<h2 data-start=\"3103\" data-end=\"3177\">Un tr\u00e9sor aux portes de Paris qui incarne l\u2019art de vivre \u00e0 la fran\u00e7aise<\/h2>\n<p data-start=\"3179\" data-end=\"3590\">\u00c0 moins d\u2019une heure de la capitale, <strong data-start=\"3215\" data-end=\"3233\">La Roche-Guyon<\/strong> rappelle que l\u2019\u00e9vasion ne n\u00e9cessite pas toujours de longs voyages. Entre patrimoine, nature et convivialit\u00e9, il incarne cet art de vivre \u00e0 la fran\u00e7aise qui s\u00e9duit autant les habitants que les voyageurs venus de loin. Ce titre renouvel\u00e9 vient confirmer ce que ses visiteurs savaient d\u00e9j\u00e0 : ce coin du Val-d\u2019Oise n\u2019est pas seulement beau, il est inoubliable.<\/p>\n","protected":false},"excerpt":{"rendered":"<p>Il existe des lieux qui semblent avoir \u00e9chapp\u00e9 \u00e0 l\u2019agitation du temps. \u00c0 seulement quelques kilom\u00e8tres de Paris, nich\u00e9 dans [&hellip;]<\/p>\n","protected":false},"author":4,"featured_media":34429,"comment_status":"open","ping_status":"closed","sticky":false,"template":"","format":"standard","meta":{"_acf_changed":false,"_sitemap_exclude":false,"_sitemap_priority":"","_sitemap_frequency":"","footnotes":"","rank_math_title":"","rank_math_description":"","rank_math_canonical_url":"","rank_math_focus_keyword":"village"},"categories":[3],"tags":[],"class_list":["post-34084","post","type-post","status-publish","format-standard","has-post-thumbnail","hentry","category-voyage"],"acf":[],"_links":{"self":[{"href":"https:\/\/ulysse.com\/news\/wp-json\/wp\/v2\/posts\/34084","targetHints":{"allow":["GET"]}}],"collection":[{"href":"https:\/\/ulysse.com\/news\/wp-json\/wp\/v2\/posts"}],"about":[{"href":"https:\/\/ulysse.com\/news\/wp-json\/wp\/v2\/types\/post"}],"author":[{"embeddable":true,"href":"https:\/\/ulysse.com\/news\/wp-json\/wp\/v2\/users\/4"}],"replies":[{"embeddable":true,"href":"https:\/\/ulysse.com\/news\/wp-json\/wp\/v2\/comments?post=34084"}],"version-history":[{"count":2,"href":"https:\/\/ulysse.com\/news\/wp-json\/wp\/v2\/posts\/34084\/revisions"}],"predecessor-version":[{"id":34430,"href":"https:\/\/ulysse.com\/news\/wp-json\/wp\/v2\/posts\/34084\/revisions\/34430"}],"wp:featuredmedia":[{"embeddable":true,"href":"https:\/\/ulysse.com\/news\/wp-json\/wp\/v2\/media\/34429"}],"wp:attachment":[{"href":"https:\/\/ulysse.com\/news\/wp-json\/wp\/v2\/media?parent=34084"}],"wp:term":[{"taxonomy":"category","embeddable":true,"href":"https:\/\/ulysse.com\/news\/wp-json\/wp\/v2\/categories?post=34084"},{"taxonomy":"post_tag","embeddable":true,"href":"https:\/\/ulysse.com\/news\/wp-json\/wp\/v2\/tags?post=34084"}],"curies":[{"name":"wp","href":"https:\/\/api.w.org\/{rel}","templated":true}]}}