{"id":34139,"date":"2025-08-25T09:00:45","date_gmt":"2025-08-25T08:00:45","guid":{"rendered":"https:\/\/discover.ulysse.com\/?p=34139"},"modified":"2025-08-24T20:03:50","modified_gmt":"2025-08-24T19:03:50","slug":"greve-des-taxis-une-paralysie-totale-des-transports-en-france-cet-automne","status":"publish","type":"post","link":"https:\/\/ulysse.com\/news\/greve-des-taxis-une-paralysie-totale-des-transports-en-france-cet-automne","title":{"rendered":"Gr\u00e8ve des taxis : une paralysie totale des transports en France cet automne"},"content":{"rendered":"<p data-start=\"61\" data-end=\"609\">Le secteur des taxis fran\u00e7ais se pr\u00e9pare \u00e0 une mobilisation d&#8217;ampleur pour le mois de septembre, avec l&#8217;intention de paralyser une grande partie du pays. Face \u00e0 des revendications qui tournent autour de l&#8217;augmentation des tarifs, de l&#8217;am\u00e9lioration des conditions de travail et de la concurrence d\u00e9loyale des VTC, les professionnels du secteur pr\u00e9voient une gr\u00e8ve massive qui pourrait affecter la mobilit\u00e9 des millions de Fran\u00e7ais. Mais que se cache-t-il derri\u00e8re cette protestation qui fait d\u00e9j\u00e0 \u00e9cho dans les d\u00e9bats sociaux ?<\/p>\n<h2 data-start=\"611\" data-end=\"689\">Une gr\u00e8ve pour d\u00e9noncer la concurrence des VTC et les tarifs insuffisants<\/h2>\n<p data-start=\"691\" data-end=\"1562\">L&#8217;un des principaux motifs de cette mobilisation concerne la concurrence jug\u00e9e d\u00e9loyale entre les taxis et les VTC (voitures de transport avec chauffeur), qui se sont largement impos\u00e9es sur le march\u00e9 ces derni\u00e8res ann\u00e9es. Les chauffeurs de taxi estiment que les plateformes comme Uber et Bolt b\u00e9n\u00e9ficient de conditions plus favorables, notamment en termes de r\u00e9gulations fiscales et de tarification.<br data-start=\"1114\" data-end=\"1117\" \/>De plus, malgr\u00e9 l\u2019augmentation constante du co\u00fbt de la vie, les tarifs des taxis n&#8217;ont pas \u00e9volu\u00e9 de mani\u00e8re significative. Les syndicats du secteur d\u00e9noncent ainsi des marges de rentabilit\u00e9 de plus en plus faibles pour les professionnels, qui peinent \u00e0 couvrir leurs co\u00fbts fixes tout en restant comp\u00e9titifs face aux VTC. La gr\u00e8ve est donc per\u00e7ue comme un moyen de forcer l&#8217;\u00c9tat \u00e0 intervenir pour revoir ces disparit\u00e9s \u00e9conomiques.<\/p>\n<h2 data-start=\"1564\" data-end=\"1637\">La question des conditions de travail : des chauffeurs sous pression<\/h2>\n<p data-start=\"1639\" data-end=\"2220\">Outre la concurrence, les chauffeurs de taxi pointent \u00e9galement du doigt leurs conditions de travail. Travaillant souvent sous pression et \u00e0 des horaires d\u00e9cal\u00e9s, les chauffeurs se sentent de plus en plus exploit\u00e9s par des plateformes qui ne respectent pas toujours les r\u00e8gles \u00e9tablies, notamment en mati\u00e8re de r\u00e9mun\u00e9ration et de s\u00e9curit\u00e9.<br data-start=\"1982\" data-end=\"1985\" \/>Le secteur demande une r\u00e9vision des lois r\u00e9gissant les conditions de travail des chauffeurs, avec des garanties pour la protection sociale, la s\u00e9curit\u00e9 sur la route, mais aussi une meilleure r\u00e9gulation des heures de conduite.<\/p>\n<blockquote class=\"tiktok-embed\" style=\"max-width: 605px; min-width: 325px;\" cite=\"https:\/\/www.tiktok.com\/@taxi.alexandre.lyon\/video\/7537609761672498454\" data-video-id=\"7537609761672498454\">\n<section><a title=\"@taxi.alexandre.lyon\" href=\"https:\/\/www.tiktok.com\/@taxi.alexandre.lyon?refer=embed\" target=\"_blank\" rel=\"noopener\">@taxi.alexandre.lyon<\/a> <a title=\"manifestation\" href=\"https:\/\/www.tiktok.com\/tag\/manifestation?refer=embed\" target=\"_blank\" rel=\"noopener\">#manifestation<\/a> <a title=\"5septembre\" href=\"https:\/\/www.tiktok.com\/tag\/5septembre?refer=embed\" target=\"_blank\" rel=\"noopener\">#5septembre<\/a> <a title=\"greve\" href=\"https:\/\/www.tiktok.com\/tag\/greve?refer=embed\" target=\"_blank\" rel=\"noopener\">#greve<\/a> <a title=\"taxis\" href=\"https:\/\/www.tiktok.com\/tag\/taxis?refer=embed\" target=\"_blank\" rel=\"noopener\">#taxis<\/a> <a title=\"taxi\" href=\"https:\/\/www.tiktok.com\/tag\/taxi?refer=embed\" target=\"_blank\" rel=\"noopener\">#taxi<\/a> <a title=\"\u266c Code Red - kurohwin\" href=\"https:\/\/www.tiktok.com\/music\/Code-Red-7447536309864318992?refer=embed\" target=\"_blank\" rel=\"noopener\">\u266c Code Red &#8211; kurohwin<\/a><\/section>\n<\/blockquote>\n<p><script async src=\"https:\/\/www.tiktok.com\/embed.js\"><\/script><\/p>\n<h2 data-start=\"2222\" data-end=\"2277\">Un impact sur la mobilit\u00e9 quotidienne des Fran\u00e7ais<\/h2>\n<p data-start=\"2279\" data-end=\"3078\">Si la gr\u00e8ve des taxis se concr\u00e9tise en septembre, l&#8217;impact sur les trajets quotidiens des Fran\u00e7ais pourrait \u00eatre consid\u00e9rable. Les taxis assurent une grande partie des transports urbains, notamment dans les grandes villes comme Paris, Lyon ou Marseille. En cas de gr\u00e8ve, ce sont des centaines de milliers de trajets qui pourraient \u00eatre annul\u00e9s, paralysant ainsi une partie des d\u00e9placements professionnels et personnels.<br data-start=\"2706\" data-end=\"2709\" \/>L&#8217;\u00c9tat et les autorit\u00e9s locales seront contraints de mettre en place des solutions de remplacement pour assurer la continuit\u00e9 des transports, avec une possible augmentation de l&#8217;offre de transports publics ou la mise en place de solutions de covoiturage. Cependant, ces alternatives seront difficilement \u00e0 la hauteur de la demande dans les grandes agglom\u00e9rations.<\/p>\n<h2 data-start=\"3080\" data-end=\"3134\">Les perspectives : n\u00e9gociations ou affrontement ?<\/h2>\n<p data-start=\"3136\" data-end=\"3742\">Si la gr\u00e8ve se poursuit, une n\u00e9gociation semble in\u00e9vitable pour apaiser les tensions entre les taxis, les VTC et l&#8217;\u00c9tat. Les syndicats demandent un dialogue constructif pour trouver des solutions \u00e9quitables et \u00e9viter un conflit prolong\u00e9. Cependant, face \u00e0 l&#8217;immobilisme des discussions et \u00e0 l&#8217;ampleur des revendications, un affrontement direct entre les diff\u00e9rents acteurs semble plus probable. Les taxis pourraient alors avoir un impact direct sur les d\u00e9placements dans les grandes villes, tout en for\u00e7ant une prise de position plus ferme du gouvernement sur les r\u00e9formes \u00e0 entreprendre.<\/p>\n","protected":false},"excerpt":{"rendered":"<p>Le secteur des taxis fran\u00e7ais se pr\u00e9pare \u00e0 une mobilisation d&#8217;ampleur pour le mois de septembre, avec l&#8217;intention de paralyser [&hellip;]<\/p>\n","protected":false},"author":4,"featured_media":34140,"comment_status":"open","ping_status":"closed","sticky":false,"template":"","format":"standard","meta":{"_acf_changed":false,"_sitemap_exclude":false,"_sitemap_priority":"","_sitemap_frequency":"","footnotes":"","rank_math_title":"","rank_math_description":"","rank_math_canonical_url":"","rank_math_focus_keyword":"taxis"},"categories":[3],"tags":[],"class_list":["post-34139","post","type-post","status-publish","format-standard","has-post-thumbnail","hentry","category-voyage"],"acf":[],"_links":{"self":[{"href":"https:\/\/ulysse.com\/news\/wp-json\/wp\/v2\/posts\/34139","targetHints":{"allow":["GET"]}}],"collection":[{"href":"https:\/\/ulysse.com\/news\/wp-json\/wp\/v2\/posts"}],"about":[{"href":"https:\/\/ulysse.com\/news\/wp-json\/wp\/v2\/types\/post"}],"author":[{"embeddable":true,"href":"https:\/\/ulysse.com\/news\/wp-json\/wp\/v2\/users\/4"}],"replies":[{"embeddable":true,"href":"https:\/\/ulysse.com\/news\/wp-json\/wp\/v2\/comments?post=34139"}],"version-history":[{"count":1,"href":"https:\/\/ulysse.com\/news\/wp-json\/wp\/v2\/posts\/34139\/revisions"}],"predecessor-version":[{"id":34141,"href":"https:\/\/ulysse.com\/news\/wp-json\/wp\/v2\/posts\/34139\/revisions\/34141"}],"wp:featuredmedia":[{"embeddable":true,"href":"https:\/\/ulysse.com\/news\/wp-json\/wp\/v2\/media\/34140"}],"wp:attachment":[{"href":"https:\/\/ulysse.com\/news\/wp-json\/wp\/v2\/media?parent=34139"}],"wp:term":[{"taxonomy":"category","embeddable":true,"href":"https:\/\/ulysse.com\/news\/wp-json\/wp\/v2\/categories?post=34139"},{"taxonomy":"post_tag","embeddable":true,"href":"https:\/\/ulysse.com\/news\/wp-json\/wp\/v2\/tags?post=34139"}],"curies":[{"name":"wp","href":"https:\/\/api.w.org\/{rel}","templated":true}]}}