{"id":34163,"date":"2025-08-27T17:00:49","date_gmt":"2025-08-27T16:00:49","guid":{"rendered":"https:\/\/discover.ulysse.com\/?p=34163"},"modified":"2025-08-26T17:24:30","modified_gmt":"2025-08-26T16:24:30","slug":"la-randonnee-autour-de-paris-que-meme-les-parisiens-ignorent-entre-nature-art-et-vues-spectaculaires","status":"publish","type":"post","link":"https:\/\/ulysse.com\/news\/la-randonnee-autour-de-paris-que-meme-les-parisiens-ignorent-entre-nature-art-et-vues-spectaculaires","title":{"rendered":"La randonn\u00e9e autour de Paris que m\u00eame les Parisiens ignorent, entre nature, art et vues spectaculaires"},"content":{"rendered":"<p data-start=\"382\" data-end=\"924\">Si vous cherchez une escapade au c\u0153ur de la nature, tout en restant \u00e0 proximit\u00e9 de Paris, cette randonn\u00e9e est faite pour vous. \u00c0 seulement quelques kilom\u00e8tres de la capitale, le parcours &#8220;De jardins en jardins&#8221;, qui relie Boulogne-Billancourt \u00e0 Saint-Cloud, est une v\u00e9ritable immersion dans la beaut\u00e9 des espaces verts. Accessible \u00e0 tous, cette balade de 7 km, d\u2019un niveau facile, est id\u00e9ale pour passer une journ\u00e9e au grand air, \u00e0 la d\u00e9couverte de jardins aux ambiances vari\u00e9es, tout en profitant de vues panoramiques saisissantes sur Paris.<\/p>\n<p data-start=\"926\" data-end=\"1400\">Le parcours commence au <strong data-start=\"950\" data-end=\"973\">parc de Saint-Cloud<\/strong>, un lieu embl\u00e9matique qui vous plonge d\u2019embl\u00e9e dans un univers de calme et de verdure. Vous y trouverez des sentiers sinueux qui serpentent \u00e0 travers de magnifiques paysages, vous offrant \u00e0 chaque d\u00e9tour des perspectives uniques sur la ville. La randonn\u00e9e est ponctu\u00e9e de magnifiques jardins, de monuments historiques et de points de vue \u00e9poustouflants, faisant de cette promenade un v\u00e9ritable voyage entre nature et culture.<\/p>\n<h2 data-start=\"1402\" data-end=\"1479\"><strong data-start=\"1405\" data-end=\"1479\">Les \u00e9tapes incontournables de la randonn\u00e9e : nature, patrimoine et art<\/strong><\/h2>\n<p data-start=\"1481\" data-end=\"2072\">Le <strong data-start=\"1484\" data-end=\"1506\">Jardin Albert-Kahn<\/strong>, v\u00e9ritable joyau de cette balade, est l&#8217;un des moments forts de ce parcours. Avec ses 4 hectares, ce jardin \u00e0 sc\u00e8nes vous invite \u00e0 explorer un ensemble de styles paysagers diversifi\u00e9s, allant du jardin fran\u00e7ais classique \u00e0 un village japonais pittoresque. Chaque coin du jardin vous plonge dans une atmosph\u00e8re diff\u00e9rente, vous offrant un moment de calme et de contemplation. Vous pourrez y admirer des paysages bucoliques, des roseraies parfum\u00e9es, mais aussi des \u00e9l\u00e9ments architecturaux fascinants, comme des ponts et des pavillons typiques de la culture asiatique.<\/p>\n<p data-start=\"2074\" data-end=\"2450\">Poursuivant votre chemin, vous d\u00e9couvrirez le <strong data-start=\"2120\" data-end=\"2143\">Jardin Anna Jacquin<\/strong>, un petit espace intime, abritant des arbres remarquables et des sculptures qui forment une v\u00e9ritable galerie \u00e0 ciel ouvert. Ce jardin est un parfait relais entre les parcs du nord de la ville et le quartier de Billancourt, offrant \u00e0 la fois une touche de s\u00e9r\u00e9nit\u00e9 et un aper\u00e7u du patrimoine v\u00e9g\u00e9tal local.<\/p>\n<p data-start=\"2452\" data-end=\"2822\">L\u2019<strong data-start=\"2454\" data-end=\"2461\">art<\/strong> est \u00e9galement au rendez-vous avec le <strong data-start=\"2499\" data-end=\"2522\">Mus\u00e9e Paul Belmondo<\/strong>, am\u00e9nag\u00e9 dans le prestigieux Ch\u00e2teau Buchillot. Ce mus\u00e9e vous invite \u00e0 d\u00e9couvrir l\u2019\u0153uvre du c\u00e9l\u00e8bre sculpteur Paul Belmondo, \u00e0 travers un ensemble exceptionnel de sculptures, dessins et m\u00e9dailles. Ce mus\u00e9e, souvent m\u00e9connu, est une belle mani\u00e8re de faire une pause culturelle au milieu de la nature.<\/p>\n<blockquote class=\"tiktok-embed\" style=\"max-width: 605px; min-width: 325px;\" cite=\"https:\/\/www.tiktok.com\/@juliareporter\/video\/6968849741387975941\" data-video-id=\"6968849741387975941\">\n<section><a title=\"@juliareporter\" href=\"https:\/\/www.tiktok.com\/@juliareporter?refer=embed\" target=\"_blank\" rel=\"noopener\">@juliareporter<\/a> D\u00e9couvrez le sublime Domaine de St-Cloud \u26f2\ufe0f <a title=\"reportage\" href=\"https:\/\/www.tiktok.com\/tag\/reportage?refer=embed\" target=\"_blank\" rel=\"noopener\">#reportage<\/a> <a title=\"saintcloud\" href=\"https:\/\/www.tiktok.com\/tag\/saintcloud?refer=embed\" target=\"_blank\" rel=\"noopener\">#saintcloud<\/a> <a title=\"chateau\" href=\"https:\/\/www.tiktok.com\/tag\/chateau?refer=embed\" target=\"_blank\" rel=\"noopener\">#chateau<\/a> <a title=\"parc\" href=\"https:\/\/www.tiktok.com\/tag\/parc?refer=embed\" target=\"_blank\" rel=\"noopener\">#parc<\/a> <a title=\"louisxiv\" href=\"https:\/\/www.tiktok.com\/tag\/louisxiv?refer=embed\" target=\"_blank\" rel=\"noopener\">#louisxiv<\/a> <a title=\"pourtoi\" href=\"https:\/\/www.tiktok.com\/tag\/pourtoi?refer=embed\" target=\"_blank\" rel=\"noopener\">#pourtoi<\/a> <a title=\"viral\" href=\"https:\/\/www.tiktok.com\/tag\/viral?refer=embed\" target=\"_blank\" rel=\"noopener\">#viral<\/a> <a title=\"fyp\" href=\"https:\/\/www.tiktok.com\/tag\/fyp?refer=embed\" target=\"_blank\" rel=\"noopener\">#fyp<\/a> <a title=\"\u266c Presto - Vivaldi\" href=\"https:\/\/www.tiktok.com\/music\/Presto-6735531880344455170?refer=embed\" target=\"_blank\" rel=\"noopener\">\u266c Presto &#8211; Vivaldi<\/a><\/section>\n<\/blockquote>\n<p><script async src=\"https:\/\/www.tiktok.com\/embed.js\"><\/script><\/p>\n<h2 data-start=\"2824\" data-end=\"2882\"><strong data-start=\"2827\" data-end=\"2882\">Des vues spectaculaires sur Paris et la Tour Eiffel<\/strong><\/h2>\n<p data-start=\"2884\" data-end=\"3538\">Tout au long de cette <a href=\"https:\/\/discover.ulysse.com\/geants-gres-randonnee-riviere-ouest-americain\">randonn\u00e9e<\/a>, les vues sur Paris sont spectaculaires. En montant vers le <strong data-start=\"2976\" data-end=\"3005\">Parc Edmond de Rothschild<\/strong>, vous serez \u00e9merveill\u00e9 par les panoramas qu\u2019il offre, notamment depuis son \u00eele et ses \u00e9tangs. Ce parc, avec ses cascades, ses massifs de rhododendrons et son ambiance mystique, est l\u2019un des plus beaux sites de la r\u00e9gion. Mais l\u2019attraction majeure de ce parcours reste le <strong data-start=\"3277\" data-end=\"3304\">Jardin des Tourneroches<\/strong>. Perch\u00e9 sur les coteaux, il offre l\u2019une des plus belles vues panoramiques du d\u00e9partement des Hauts-de-Seine. De l\u00e0, vous pourrez admirer la silhouette de la Tour Eiffel, encadr\u00e9e par les verdoyants paysages qui entourent la capitale.<\/p>\n<p data-start=\"3540\" data-end=\"3987\">Les points de vue sur la ville sont multiples, offrant des perspectives uniques sur Paris. Le contraste entre l\u2019effervescence urbaine et la tranquillit\u00e9 des espaces verts autour de vous est l\u2019un des charmes de cette randonn\u00e9e. Que ce soit depuis les jardins ou en traversant des ponts historiques comme la <strong data-start=\"3846\" data-end=\"3870\">Passerelle de l\u2019Avre<\/strong>, un ouvrage sign\u00e9 Gustave Eiffel, vous pourrez appr\u00e9cier Paris sous un angle diff\u00e9rent, \u00e0 la fois urbain et naturel.<\/p>\n<h2 data-start=\"3989\" data-end=\"4052\"><strong data-start=\"3992\" data-end=\"4052\">Une escapade facile et accessible, au c\u0153ur de l\u2019histoire<\/strong><\/h2>\n<p data-start=\"4054\" data-end=\"4513\">Ce parcours est une v\u00e9ritable bouff\u00e9e d\u2019air frais \u00e0 <a href=\"https:\/\/discover.ulysse.com\/a-2h-de-paris-ce-pays-meconnu-mele-montagnes-sauvages-et-palais-royaux\">quelques pas de Paris<\/a>, id\u00e9ale pour une balade en famille, entre amis ou en solo. Le niveau de difficult\u00e9 mod\u00e9r\u00e9 le rend accessible \u00e0 tous, m\u00eame aux plus jeunes ou \u00e0 ceux qui pr\u00e9f\u00e8rent une randonn\u00e9e tranquille. Le d\u00e9part et l\u2019arriv\u00e9e se font au <strong data-start=\"4350\" data-end=\"4373\">Parc de Saint-Cloud<\/strong>, facilement accessible via la ligne T2, ce qui en fait une escapade id\u00e9ale pour une journ\u00e9e ou un apr\u00e8s-midi, sans quitter l\u2019\u00cele-de-France.<\/p>\n<p data-start=\"4515\" data-end=\"4932\">Gr\u00e2ce \u00e0 la diversit\u00e9 des paysages, des jardins et des monuments historiques, cette randonn\u00e9e devient une vraie exp\u00e9rience culturelle et naturelle. Vous n\u2019aurez pas seulement l\u2019occasion de vous ressourcer au c\u0153ur de la verdure, mais aussi de d\u00e9couvrir le patrimoine artistique et paysager de cette r\u00e9gion. Que vous soyez amateur de nature, d\u2019histoire ou d\u2019art, vous trouverez votre bonheur tout au long de ce parcours.<\/p>\n","protected":false},"excerpt":{"rendered":"<p>Si vous cherchez une escapade au c\u0153ur de la nature, tout en restant \u00e0 proximit\u00e9 de Paris, cette randonn\u00e9e est [&hellip;]<\/p>\n","protected":false},"author":4,"featured_media":34220,"comment_status":"open","ping_status":"closed","sticky":false,"template":"","format":"standard","meta":{"_acf_changed":false,"_sitemap_exclude":false,"_sitemap_priority":"","_sitemap_frequency":"","footnotes":"","rank_math_title":"","rank_math_description":"","rank_math_canonical_url":"","rank_math_focus_keyword":"randonn\u00e9e"},"categories":[3],"tags":[],"class_list":["post-34163","post","type-post","status-publish","format-standard","has-post-thumbnail","hentry","category-voyage"],"acf":[],"_links":{"self":[{"href":"https:\/\/ulysse.com\/news\/wp-json\/wp\/v2\/posts\/34163","targetHints":{"allow":["GET"]}}],"collection":[{"href":"https:\/\/ulysse.com\/news\/wp-json\/wp\/v2\/posts"}],"about":[{"href":"https:\/\/ulysse.com\/news\/wp-json\/wp\/v2\/types\/post"}],"author":[{"embeddable":true,"href":"https:\/\/ulysse.com\/news\/wp-json\/wp\/v2\/users\/4"}],"replies":[{"embeddable":true,"href":"https:\/\/ulysse.com\/news\/wp-json\/wp\/v2\/comments?post=34163"}],"version-history":[{"count":2,"href":"https:\/\/ulysse.com\/news\/wp-json\/wp\/v2\/posts\/34163\/revisions"}],"predecessor-version":[{"id":34221,"href":"https:\/\/ulysse.com\/news\/wp-json\/wp\/v2\/posts\/34163\/revisions\/34221"}],"wp:featuredmedia":[{"embeddable":true,"href":"https:\/\/ulysse.com\/news\/wp-json\/wp\/v2\/media\/34220"}],"wp:attachment":[{"href":"https:\/\/ulysse.com\/news\/wp-json\/wp\/v2\/media?parent=34163"}],"wp:term":[{"taxonomy":"category","embeddable":true,"href":"https:\/\/ulysse.com\/news\/wp-json\/wp\/v2\/categories?post=34163"},{"taxonomy":"post_tag","embeddable":true,"href":"https:\/\/ulysse.com\/news\/wp-json\/wp\/v2\/tags?post=34163"}],"curies":[{"name":"wp","href":"https:\/\/api.w.org\/{rel}","templated":true}]}}