{"id":34165,"date":"2025-08-26T16:00:23","date_gmt":"2025-08-26T15:00:23","guid":{"rendered":"https:\/\/discover.ulysse.com\/?p=34165"},"modified":"2025-08-25T18:33:37","modified_gmt":"2025-08-25T17:33:37","slug":"rappel-vous-ne-pouvez-plus-faire-cette-activite-sur-les-plages-jusquau-30-septembre","status":"publish","type":"post","link":"https:\/\/ulysse.com\/news\/rappel-vous-ne-pouvez-plus-faire-cette-activite-sur-les-plages-jusquau-30-septembre","title":{"rendered":"Rappel : Vous ne pouvez plus faire cette activit\u00e9 sur les plages jusqu\u2019au 30 septembre"},"content":{"rendered":"<p data-start=\"203\" data-end=\"669\">L\u2019\u00e9t\u00e9, tout semble permis sur les plages, mais certaines activit\u00e9s populaires, souvent ador\u00e9es des enfants (et parfois des parents), sont en r\u00e9alit\u00e9 interdites dans de nombreuses stations baln\u00e9aires. L\u2019une de ces activit\u00e9s apparemment innocentes, mais qui se retrouve souvent proscrite, est le cerf-volant. Bien que sa pratique soit synonyme de plaisir et de d\u00e9tente sur le sable, elle peut devenir dangereuse, surtout en p\u00e9riode estivale o\u00f9 les plages sont bond\u00e9es.<\/p>\n<p data-start=\"671\" data-end=\"1195\">Les municipalit\u00e9s, soucieuses de garantir la s\u00e9curit\u00e9 de tous, interdisent souvent cette activit\u00e9, principalement pour des raisons de s\u00e9curit\u00e9. Un cerf-volant, lorsqu\u2019il est mal ma\u00eetris\u00e9 ou lorsque son fil est tendu dans le vent, peut provoquer des blessures, des coupures, voire des chutes si des baigneurs sont pris dans le fil. Dans un espace limit\u00e9 comme la plage, l&#8217;encombrement peut \u00e9galement devenir un probl\u00e8me, en g\u00eanant non seulement les autres vacanciers, mais aussi les personnes qui se prom\u00e8nent ou se baignent.<\/p>\n<h2 data-start=\"1197\" data-end=\"1268\"><strong data-start=\"1200\" data-end=\"1268\">Des r\u00e8gles vari\u00e9es selon les plages : entre souplesse et rigueur<\/strong><\/h2>\n<p data-start=\"1270\" data-end=\"1787\">Chaque commune de la c\u00f4te fran\u00e7aise a ses propres r\u00e8gles pour garantir une cohabitation harmonieuse entre les vacanciers. Alors que certaines plages choisissent de r\u00e9glementer les horaires de pratique, d&#8217;autres imposent des interdictions totales. Par exemple, au <strong data-start=\"1533\" data-end=\"1556\">Touquet-Paris-Plage<\/strong>, un arr\u00eat\u00e9 interdit les cerfs-volants \u00e0 armature rigide de <strong data-start=\"1616\" data-end=\"1642\">P\u00e2ques au 30 septembre<\/strong> de <strong data-start=\"1646\" data-end=\"1658\">9h \u00e0 20h<\/strong>. Cependant, ces r\u00e8gles peuvent \u00eatre flexibles, avec des plages autorisant l\u2019activit\u00e9 en dehors des horaires de grande affluence.<\/p>\n<p data-start=\"1789\" data-end=\"2101\">\u00c0 <strong data-start=\"1791\" data-end=\"1803\">La Baule<\/strong>, les cerfs-volants sont permis mais seulement avant <strong data-start=\"1856\" data-end=\"1864\">9h30<\/strong> et apr\u00e8s <strong data-start=\"1874\" data-end=\"1881\">20h<\/strong>. De m\u00eame, \u00e0 <strong data-start=\"1894\" data-end=\"1903\">Royan<\/strong>, l\u2019utilisation d\u2019engins volants est totalement proscrite \u00e0 proximit\u00e9 de la zone surveill\u00e9e. La r\u00e9glementation est donc variable, en fonction des <a href=\"https:\/\/discover.ulysse.com\/et-si-le-futur-du-tourisme-tunisien-se-jouait-loin-des-plages-cap-sur-le-desert\">plages<\/a>, des p\u00e9riodes et des pr\u00e9occupations locales.<\/p>\n<h2 data-start=\"2103\" data-end=\"2172\"><strong data-start=\"2106\" data-end=\"2172\">Des interdictions pour prot\u00e9ger l\u2019environnement et la s\u00e9curit\u00e9<\/strong><\/h2>\n<p data-start=\"2174\" data-end=\"2772\">Au-del\u00e0 de la s\u00e9curit\u00e9 des vacanciers, certaines restrictions sont mises en place pour prot\u00e9ger la faune et la flore locales. Par exemple, dans la <strong data-start=\"2321\" data-end=\"2362\">r\u00e9serve naturelle de la baie de Somme<\/strong>, un projet d\u2019arr\u00eat\u00e9 en 2024 envisageait non seulement l\u2019interdiction des cerfs-volants, mais aussi celle d\u2019activit\u00e9s comme le kitesurf, le jet-ski ou m\u00eame le v\u00e9lo, afin de pr\u00e9server l\u2019environnement fragile de la r\u00e9gion. Ce type d\u2019interdiction, bien que contraignant, vise \u00e0 assurer la conservation de la biodiversit\u00e9 tout en permettant aux vacanciers de profiter des lieux sans nuire \u00e0 la nature environnante.<\/p>\n<p data-start=\"2774\" data-end=\"3234\">Avant de d\u00e9ployer votre cerf-volant sur la plage, il est donc recommand\u00e9 de consulter les panneaux d\u2019affichage et de respecter les consignes locales. Dans certains cas, un agent municipal pourrait vous demander de ranger votre mat\u00e9riel si vous enfreignez la r\u00e8gle, ou vous rappeler l\u2019interdiction en place. Ce n\u2019est pas une fantaisie administrative, mais bien une mesure visant \u00e0 garantir une cohabitation respectueuse entre les diff\u00e9rents usagers de la plage.<\/p>\n","protected":false},"excerpt":{"rendered":"<p>L\u2019\u00e9t\u00e9, tout semble permis sur les plages, mais certaines activit\u00e9s populaires, souvent ador\u00e9es des enfants (et parfois des parents), sont [&hellip;]<\/p>\n","protected":false},"author":4,"featured_media":34192,"comment_status":"open","ping_status":"closed","sticky":false,"template":"","format":"standard","meta":{"_acf_changed":false,"_sitemap_exclude":false,"_sitemap_priority":"","_sitemap_frequency":"","footnotes":"","rank_math_title":"","rank_math_description":"","rank_math_canonical_url":"","rank_math_focus_keyword":"plage"},"categories":[3],"tags":[],"class_list":["post-34165","post","type-post","status-publish","format-standard","has-post-thumbnail","hentry","category-voyage"],"acf":[],"_links":{"self":[{"href":"https:\/\/ulysse.com\/news\/wp-json\/wp\/v2\/posts\/34165","targetHints":{"allow":["GET"]}}],"collection":[{"href":"https:\/\/ulysse.com\/news\/wp-json\/wp\/v2\/posts"}],"about":[{"href":"https:\/\/ulysse.com\/news\/wp-json\/wp\/v2\/types\/post"}],"author":[{"embeddable":true,"href":"https:\/\/ulysse.com\/news\/wp-json\/wp\/v2\/users\/4"}],"replies":[{"embeddable":true,"href":"https:\/\/ulysse.com\/news\/wp-json\/wp\/v2\/comments?post=34165"}],"version-history":[{"count":3,"href":"https:\/\/ulysse.com\/news\/wp-json\/wp\/v2\/posts\/34165\/revisions"}],"predecessor-version":[{"id":34194,"href":"https:\/\/ulysse.com\/news\/wp-json\/wp\/v2\/posts\/34165\/revisions\/34194"}],"wp:featuredmedia":[{"embeddable":true,"href":"https:\/\/ulysse.com\/news\/wp-json\/wp\/v2\/media\/34192"}],"wp:attachment":[{"href":"https:\/\/ulysse.com\/news\/wp-json\/wp\/v2\/media?parent=34165"}],"wp:term":[{"taxonomy":"category","embeddable":true,"href":"https:\/\/ulysse.com\/news\/wp-json\/wp\/v2\/categories?post=34165"},{"taxonomy":"post_tag","embeddable":true,"href":"https:\/\/ulysse.com\/news\/wp-json\/wp\/v2\/tags?post=34165"}],"curies":[{"name":"wp","href":"https:\/\/api.w.org\/{rel}","templated":true}]}}