{"id":34202,"date":"2025-08-27T09:00:30","date_gmt":"2025-08-27T08:00:30","guid":{"rendered":"https:\/\/discover.ulysse.com\/?p=34202"},"modified":"2025-08-26T16:51:55","modified_gmt":"2025-08-26T15:51:55","slug":"ces-5-cascades-francaises-sont-tellement-spectaculaires-que-vous-ne-croirez-pas-quelles-existent","status":"publish","type":"post","link":"https:\/\/ulysse.com\/news\/ces-5-cascades-francaises-sont-tellement-spectaculaires-que-vous-ne-croirez-pas-quelles-existent","title":{"rendered":"Ces 5 cascades fran\u00e7aises sont tellement spectaculaires que vous ne croirez pas qu&#8217;elles existent"},"content":{"rendered":"<p><span style=\"font-weight: 400;\">Il y a des endroits en France o\u00f9 la nature semble nous inviter \u00e0 plonger t\u00eate premi\u00e8re dans l\u2019aventure. Ces lieux o\u00f9 l\u2019eau se d\u00e9verse en torrents, cr\u00e9ant des paysages spectaculaires, vous font instantan\u00e9ment oublier le stress du quotidien. Et qu\u2019y a-t-il de mieux que de se laisser emporter par la beaut\u00e9 brute d\u2019une<strong> cascade<\/strong> ? Si vous \u00eates pr\u00eats \u00e0 d\u00e9couvrir des paysages \u00e0 couper le souffle, \u00e0 sentir la brise fra\u00eeche et \u00e0 entendre le rugissement de l\u2019eau, attachez vos chaussures de randonn\u00e9e : ces<strong> cinq cascades<\/strong> vous attendent pour un voyage \u00e9poustouflant, entre la <strong>Provence et les Alpes<\/strong>.<\/span><\/p>\n<h2><b>Sillans-la-Cascade : plongez dans le bleu proven\u00e7al<\/b><\/h2>\n<p><span style=\"font-weight: 400;\">En plein c\u0153ur du Var, <strong>Sillans-la-Cascade<\/strong> vous ouvre les portes d\u2019un paradis aquatique. Imaginez : 42 m\u00e8tres de chute d\u2019eau se jetant dans un bassin turquoise, entour\u00e9 de verdure. La sc\u00e8ne est tout simplement magique. Ce n\u2019est pas un secret, cette cascade fait partie des plus belles de la r\u00e9gion, et pour cause : son cadre exceptionnel entre montagnes et for\u00eats de pins est un v\u00e9ritable enchantement pour les yeux. En suivant le sentier escarp\u00e9 qui m\u00e8ne au point de vue, vous serez transport\u00e9 dans un paysage proven\u00e7al typique, o\u00f9 la chaleur du soleil s\u2019\u00e9quilibre avec la fra\u00eecheur de l\u2019eau qui jaillit devant vous.<\/span><\/p>\n<p><span style=\"font-weight: 400;\">Et pour y arriver ? Pas de souci ! Si vous partez de Paris, un trajet en train d\u2019environ 5 heures vous am\u00e8ne \u00e0 Toulon ou Marseille, d\u2019o\u00f9 il suffit de prendre un bus ou de louer une voiture pour une trentaine de minutes. \u00c0 la fin de votre journ\u00e9e, vous pourrez vous reposer dans une chambre d\u2019h\u00f4tes typiquement proven\u00e7ale, avec une bonne bouteille de vin local. Que demander de plus ?<\/span><\/p>\n<blockquote class=\"instagram-media\" style=\"background: #FFF; border: 0; border-radius: 3px; margin: 1px; max-width: 540px; min-width: 326px; padding: 0; width: calc(100% - 2px);\" data-instgrm-captioned=\"\" data-instgrm-permalink=\"https:\/\/www.instagram.com\/p\/CQZAEe-sl46\/?utm_source=ig_embed&amp;utm_campaign=loading\" data-instgrm-version=\"14\">\n<div style=\"padding: 16px;\">\n<p>&nbsp;<\/p>\n<div style=\"flex-direction: row; align-items: center;\">\n<div style=\"background-color: #f4f4f4; border-radius: 50%; flex-grow: 0; height: 40px; margin-right: 14px; width: 40px;\"><\/div>\n<div style=\"flex-direction: column; flex-grow: 1; justify-content: center;\">\n<div style=\"background-color: #f4f4f4; border-radius: 4px; flex-grow: 0; height: 14px; margin-bottom: 6px; width: 100px;\"><\/div>\n<div style=\"background-color: #f4f4f4; border-radius: 4px; flex-grow: 0; height: 14px; width: 60px;\"><\/div>\n<\/div>\n<\/div>\n<div style=\"padding: 19% 0;\"><\/div>\n<div style=\"height: 50px; margin: 0 auto 12px; width: 50px;\"><\/div>\n<div style=\"padding-top: 8px;\">\n<div style=\"color: #3897f0; font-family: Arial,sans-serif; font-size: 14px; font-style: normal; font-weight: 550; line-height: 18px;\">Voir cette publication sur Instagram<\/div>\n<\/div>\n<div style=\"padding: 12.5% 0;\"><\/div>\n<div style=\"flex-direction: row; margin-bottom: 14px; align-items: center;\">\n<div>\n<div style=\"background-color: #f4f4f4; border-radius: 50%; height: 12.5px; width: 12.5px;\"><\/div>\n<div style=\"background-color: #f4f4f4; height: 12.5px; width: 12.5px; flex-grow: 0; margin-right: 14px; margin-left: 2px;\"><\/div>\n<div style=\"background-color: #f4f4f4; border-radius: 50%; height: 12.5px; width: 12.5px;\"><\/div>\n<\/div>\n<div style=\"margin-left: 8px;\">\n<div style=\"background-color: #f4f4f4; border-radius: 50%; flex-grow: 0; height: 20px; width: 20px;\"><\/div>\n<div style=\"width: 0; height: 0; border-top: 2px solid transparent; border-left: 6px solid #f4f4f4; border-bottom: 2px solid transparent;\"><\/div>\n<\/div>\n<div style=\"margin-left: auto;\">\n<div style=\"width: 0px; border-top: 8px solid #F4F4F4; border-right: 8px solid transparent;\"><\/div>\n<div style=\"background-color: #f4f4f4; flex-grow: 0; height: 12px; width: 16px;\"><\/div>\n<div style=\"width: 0; height: 0; border-top: 8px solid #F4F4F4; border-left: 8px solid transparent;\"><\/div>\n<\/div>\n<\/div>\n<div style=\"flex-direction: column; flex-grow: 1; justify-content: center; margin-bottom: 24px;\">\n<div style=\"background-color: #f4f4f4; border-radius: 4px; flex-grow: 0; height: 14px; margin-bottom: 6px; width: 224px;\"><\/div>\n<div style=\"background-color: #f4f4f4; border-radius: 4px; flex-grow: 0; height: 14px; width: 144px;\"><\/div>\n<\/div>\n<p>&nbsp;<\/p>\n<p style=\"color: #c9c8cd; font-family: Arial,sans-serif; font-size: 14px; line-height: 17px; margin-bottom: 0; margin-top: 8px; overflow: hidden; padding: 8px 0 7px; text-align: center;\"><a style=\"color: #c9c8cd; font-family: Arial,sans-serif; font-size: 14px; font-style: normal; font-weight: normal; line-height: 17px; text-decoration: none;\" href=\"https:\/\/www.instagram.com\/p\/CQZAEe-sl46\/?utm_source=ig_embed&amp;utm_campaign=loading\" target=\"_blank\" rel=\"noopener\">Une publication partag\u00e9e par Yoann \u2022 \ud83c\udfd4\ufe0f montagnes &amp; voyages \ud83c\udf0f (@yo.in.nature)<\/a><\/p>\n<\/div>\n<\/blockquote>\n<h2><b>La Cascade du Ray-Pic : un saut dans le c\u0153ur de l\u2019Ard\u00e8che<\/b><\/h2>\n<p><span style=\"font-weight: 400;\">Dans <strong>l\u2019Ard\u00e8che<\/strong>, \u00e0 la fronti\u00e8re entre terre sauvage et v\u00e9g\u00e9tation luxuriante, la <strong>Cascade du Ray-Pic<\/strong> s\u2019impose comme un spectacle impressionnant. \u00c0 60 m\u00e8tres de haut, cette chute d\u2019eau est un incontournable pour ceux qui aiment les paysages grandioses. Les eaux se jettent dans un bassin en contrebas, et vous, vous \u00eates l\u00e0, \u00e9bahi, devant ce site naturel aussi puissant que majestueux. La randonn\u00e9e pour y arriver traverse des for\u00eats denses, offrant des vues imprenables sur les vall\u00e9es environnantes, et si vous \u00eates chanceux, vous pourriez m\u00eame croiser quelques animaux sauvages !<\/span><\/p>\n<p><span style=\"font-weight: 400;\">Pour rejoindre ce lieu magique depuis Lyon, comptez environ 3h30 de train, puis un petit trajet en voiture jusqu\u2019au point de d\u00e9part de la randonn\u00e9e. C\u2019est l\u2019occasion r\u00eav\u00e9e de d\u00e9couvrir l\u2019Ard\u00e8che dans toute sa splendeur, loin des foules et en pleine immersion dans la nature. L\u2019aventure vous attend !<\/span><\/p>\n<blockquote class=\"instagram-media\" style=\"background: #FFF; border: 0; border-radius: 3px; margin: 1px; max-width: 540px; min-width: 326px; padding: 0; width: calc(100% - 2px);\" data-instgrm-captioned=\"\" data-instgrm-permalink=\"https:\/\/www.instagram.com\/p\/BmQy2lfB8eS\/?utm_source=ig_embed&amp;utm_campaign=loading\" data-instgrm-version=\"14\">\n<div style=\"padding: 16px;\">\n<p>&nbsp;<\/p>\n<div style=\"flex-direction: row; align-items: center;\">\n<div style=\"background-color: #f4f4f4; border-radius: 50%; flex-grow: 0; height: 40px; margin-right: 14px; width: 40px;\"><\/div>\n<div style=\"flex-direction: column; flex-grow: 1; justify-content: center;\">\n<div style=\"background-color: #f4f4f4; border-radius: 4px; flex-grow: 0; height: 14px; margin-bottom: 6px; width: 100px;\"><\/div>\n<div style=\"background-color: #f4f4f4; border-radius: 4px; flex-grow: 0; height: 14px; width: 60px;\"><\/div>\n<\/div>\n<\/div>\n<div style=\"padding: 19% 0;\"><\/div>\n<div style=\"height: 50px; margin: 0 auto 12px; width: 50px;\"><\/div>\n<div style=\"padding-top: 8px;\">\n<div style=\"color: #3897f0; font-family: Arial,sans-serif; font-size: 14px; font-style: normal; font-weight: 550; line-height: 18px;\">Voir cette publication sur Instagram<\/div>\n<\/div>\n<div style=\"padding: 12.5% 0;\"><\/div>\n<div style=\"flex-direction: row; margin-bottom: 14px; align-items: center;\">\n<div>\n<div style=\"background-color: #f4f4f4; border-radius: 50%; height: 12.5px; width: 12.5px;\"><\/div>\n<div style=\"background-color: #f4f4f4; height: 12.5px; width: 12.5px; flex-grow: 0; margin-right: 14px; margin-left: 2px;\"><\/div>\n<div style=\"background-color: #f4f4f4; border-radius: 50%; height: 12.5px; width: 12.5px;\"><\/div>\n<\/div>\n<div style=\"margin-left: 8px;\">\n<div style=\"background-color: #f4f4f4; border-radius: 50%; flex-grow: 0; height: 20px; width: 20px;\"><\/div>\n<div style=\"width: 0; height: 0; border-top: 2px solid transparent; border-left: 6px solid #f4f4f4; border-bottom: 2px solid transparent;\"><\/div>\n<\/div>\n<div style=\"margin-left: auto;\">\n<div style=\"width: 0px; border-top: 8px solid #F4F4F4; border-right: 8px solid transparent;\"><\/div>\n<div style=\"background-color: #f4f4f4; flex-grow: 0; height: 12px; width: 16px;\"><\/div>\n<div style=\"width: 0; height: 0; border-top: 8px solid #F4F4F4; border-left: 8px solid transparent;\"><\/div>\n<\/div>\n<\/div>\n<div style=\"flex-direction: column; flex-grow: 1; justify-content: center; margin-bottom: 24px;\">\n<div style=\"background-color: #f4f4f4; border-radius: 4px; flex-grow: 0; height: 14px; margin-bottom: 6px; width: 224px;\"><\/div>\n<div style=\"background-color: #f4f4f4; border-radius: 4px; flex-grow: 0; height: 14px; width: 144px;\"><\/div>\n<\/div>\n<p>&nbsp;<\/p>\n<p style=\"color: #c9c8cd; font-family: Arial,sans-serif; font-size: 14px; line-height: 17px; margin-bottom: 0; margin-top: 8px; overflow: hidden; padding: 8px 0 7px; text-align: center;\"><a style=\"color: #c9c8cd; font-family: Arial,sans-serif; font-size: 14px; font-style: normal; font-weight: normal; line-height: 17px; text-decoration: none;\" href=\"https:\/\/www.instagram.com\/p\/BmQy2lfB8eS\/?utm_source=ig_embed&amp;utm_campaign=loading\" target=\"_blank\" rel=\"noopener\">Une publication partag\u00e9e par Auvergne-Rh\u00f4ne-Alpes Tourisme (@auvergnerhonealpes.tourisme)<\/a><\/p>\n<\/div>\n<\/blockquote>\n<h2><b>Les Cascades du H\u00e9risson : un jeu de chutes en Franche-Comt\u00e9<\/b><\/h2>\n<p><span style=\"font-weight: 400;\">Au c\u0153ur de la<strong> Franche-Comt\u00e9<\/strong>, les <strong>Cascades du H\u00e9risson<\/strong> vous r\u00e9servent un spectacle aussi fascinant qu\u2019inattendu. Ici, l\u2019eau prend mille formes, d\u00e9valant les rochers en une s\u00e9rie de petites chutes qui cr\u00e9ent un d\u00e9cor f\u00e9erique. Vous allez adorer fl\u00e2ner le long des sentiers ombrag\u00e9s, \u00e9couter le bruit apaisant des eaux d\u00e9valant les pentes et d\u00e9couvrir des paysages dignes des plus beaux tableaux. La vall\u00e9e du H\u00e9risson est un v\u00e9ritable terrain de jeu pour les amoureux de nature et de randonn\u00e9e, avec des belv\u00e9d\u00e8res offrant des vues \u00e0 couper le souffle. Ce n\u2019est pas pour rien que cette r\u00e9gion est une destination pris\u00e9e des passionn\u00e9s de paysages sauvages !<\/span><\/p>\n<p><span style=\"font-weight: 400;\">Depuis Lyon, il vous faudra environ 2 heures en train pour rejoindre Mouchard, et un petit trajet en voiture pour d\u00e9couvrir ces cascades. Une escapade au c\u0153ur de la nature, pour prendre une grande bouff\u00e9e d\u2019air frais et admirer la beaut\u00e9 de la<a href=\"https:\/\/discover.ulysse.com\/marre-de-la-foule-trois-lacs-secrets-du-morvan-pour-fuir-paris-sans-claquer-une-fortune\"> Franche-Comt\u00e9<\/a> !<\/span><\/p>\n<blockquote class=\"instagram-media\" style=\"background: #FFF; border: 0; border-radius: 3px; margin: 1px; max-width: 540px; min-width: 326px; padding: 0; width: calc(100% - 2px);\" data-instgrm-captioned=\"\" data-instgrm-permalink=\"https:\/\/www.instagram.com\/p\/DNaI6DWob6N\/?utm_source=ig_embed&amp;utm_campaign=loading\" data-instgrm-version=\"14\">\n<div style=\"padding: 16px;\">\n<p>&nbsp;<\/p>\n<div style=\"flex-direction: row; align-items: center;\">\n<div style=\"background-color: #f4f4f4; border-radius: 50%; flex-grow: 0; height: 40px; margin-right: 14px; width: 40px;\"><\/div>\n<div style=\"flex-direction: column; flex-grow: 1; justify-content: center;\">\n<div style=\"background-color: #f4f4f4; border-radius: 4px; flex-grow: 0; height: 14px; margin-bottom: 6px; width: 100px;\"><\/div>\n<div style=\"background-color: #f4f4f4; border-radius: 4px; flex-grow: 0; height: 14px; width: 60px;\"><\/div>\n<\/div>\n<\/div>\n<div style=\"padding: 19% 0;\"><\/div>\n<div style=\"height: 50px; margin: 0 auto 12px; width: 50px;\"><\/div>\n<div style=\"padding-top: 8px;\">\n<div style=\"color: #3897f0; font-family: Arial,sans-serif; font-size: 14px; font-style: normal; font-weight: 550; line-height: 18px;\">Voir cette publication sur Instagram<\/div>\n<\/div>\n<div style=\"padding: 12.5% 0;\"><\/div>\n<div style=\"flex-direction: row; margin-bottom: 14px; align-items: center;\">\n<div>\n<div style=\"background-color: #f4f4f4; border-radius: 50%; height: 12.5px; width: 12.5px;\"><\/div>\n<div style=\"background-color: #f4f4f4; height: 12.5px; width: 12.5px; flex-grow: 0; margin-right: 14px; margin-left: 2px;\"><\/div>\n<div style=\"background-color: #f4f4f4; border-radius: 50%; height: 12.5px; width: 12.5px;\"><\/div>\n<\/div>\n<div style=\"margin-left: 8px;\">\n<div style=\"background-color: #f4f4f4; border-radius: 50%; flex-grow: 0; height: 20px; width: 20px;\"><\/div>\n<div style=\"width: 0; height: 0; border-top: 2px solid transparent; border-left: 6px solid #f4f4f4; border-bottom: 2px solid transparent;\"><\/div>\n<\/div>\n<div style=\"margin-left: auto;\">\n<div style=\"width: 0px; border-top: 8px solid #F4F4F4; border-right: 8px solid transparent;\"><\/div>\n<div style=\"background-color: #f4f4f4; flex-grow: 0; height: 12px; width: 16px;\"><\/div>\n<div style=\"width: 0; height: 0; border-top: 8px solid #F4F4F4; border-left: 8px solid transparent;\"><\/div>\n<\/div>\n<\/div>\n<div style=\"flex-direction: column; flex-grow: 1; justify-content: center; margin-bottom: 24px;\">\n<div style=\"background-color: #f4f4f4; border-radius: 4px; flex-grow: 0; height: 14px; margin-bottom: 6px; width: 224px;\"><\/div>\n<div style=\"background-color: #f4f4f4; border-radius: 4px; flex-grow: 0; height: 14px; width: 144px;\"><\/div>\n<\/div>\n<p>&nbsp;<\/p>\n<p style=\"color: #c9c8cd; font-family: Arial,sans-serif; font-size: 14px; line-height: 17px; margin-bottom: 0; margin-top: 8px; overflow: hidden; padding: 8px 0 7px; text-align: center;\"><a style=\"color: #c9c8cd; font-family: Arial,sans-serif; font-size: 14px; font-style: normal; font-weight: normal; line-height: 17px; text-decoration: none;\" href=\"https:\/\/www.instagram.com\/p\/DNaI6DWob6N\/?utm_source=ig_embed&amp;utm_campaign=loading\" target=\"_blank\" rel=\"noopener\">Une publication partag\u00e9e par Les Cascades du H\u00e9risson (@lescascadesduherisson)<\/a><\/p>\n<\/div>\n<\/blockquote>\n<h2><b>La Cascade des Tufs : un voyage g\u00e9ologique au c\u0153ur du Jura<\/b><\/h2>\n<p><span style=\"font-weight: 400;\">Un peu plus au nord, \u00e0 <strong>Arbois<\/strong>, la <strong>Cascade des Tufs<\/strong> est un v\u00e9ritable spectacle g\u00e9ologique. Ce site, aliment\u00e9 par la rivi\u00e8re de la Cuisance, offre un tableau vivant avec ses multiples nappes d\u2019eau qui se d\u00e9versent des parois calcaires. Le tuf, une roche calcifi\u00e9e, cr\u00e9e un d\u00e9cor f\u00e9erique et fascinant, o\u00f9 l\u2019eau se transforme en sculptures naturelles. La randonn\u00e9e jusqu\u2019\u00e0 la cascade est un d\u00e9lice : on traverse des for\u00eats de feuillus et des prairies verdoyantes, et chaque pas nous rapproche un peu plus de ce tr\u00e9sor cach\u00e9.<\/span><\/p>\n<p><span style=\"font-weight: 400;\">Pour vous rendre \u00e0 Arbois, il vous faudra environ 4 heures en train depuis Paris, puis quelques kilom\u00e8tres en voiture ou en bus. L\u2019effort en vaut largement la peine : cette escapade dans le Jura vous offre un cadre paisible, loin de l\u2019agitation quotidienne, pour d\u00e9couvrir l\u2019incroyable richesse g\u00e9ologique de la r\u00e9gion.<\/span><\/p>\n<blockquote class=\"instagram-media\" style=\"background: #FFF; border: 0; border-radius: 3px; margin: 1px; max-width: 540px; min-width: 326px; padding: 0; width: calc(100% - 2px);\" data-instgrm-captioned=\"\" data-instgrm-permalink=\"https:\/\/www.instagram.com\/p\/DNojg_2oFFH\/?utm_source=ig_embed&amp;utm_campaign=loading\" data-instgrm-version=\"14\">\n<div style=\"padding: 16px;\">\n<p>&nbsp;<\/p>\n<div style=\"flex-direction: row; align-items: center;\">\n<div style=\"background-color: #f4f4f4; border-radius: 50%; flex-grow: 0; height: 40px; margin-right: 14px; width: 40px;\"><\/div>\n<div style=\"flex-direction: column; flex-grow: 1; justify-content: center;\">\n<div style=\"background-color: #f4f4f4; border-radius: 4px; flex-grow: 0; height: 14px; margin-bottom: 6px; width: 100px;\"><\/div>\n<div style=\"background-color: #f4f4f4; border-radius: 4px; flex-grow: 0; height: 14px; width: 60px;\"><\/div>\n<\/div>\n<\/div>\n<div style=\"padding: 19% 0;\"><\/div>\n<div style=\"height: 50px; margin: 0 auto 12px; width: 50px;\"><\/div>\n<div style=\"padding-top: 8px;\">\n<div style=\"color: #3897f0; font-family: Arial,sans-serif; font-size: 14px; font-style: normal; font-weight: 550; line-height: 18px;\">Voir cette publication sur Instagram<\/div>\n<\/div>\n<div style=\"padding: 12.5% 0;\"><\/div>\n<div style=\"flex-direction: row; margin-bottom: 14px; align-items: center;\">\n<div>\n<div style=\"background-color: #f4f4f4; border-radius: 50%; height: 12.5px; width: 12.5px;\"><\/div>\n<div style=\"background-color: #f4f4f4; height: 12.5px; width: 12.5px; flex-grow: 0; margin-right: 14px; margin-left: 2px;\"><\/div>\n<div style=\"background-color: #f4f4f4; border-radius: 50%; height: 12.5px; width: 12.5px;\"><\/div>\n<\/div>\n<div style=\"margin-left: 8px;\">\n<div style=\"background-color: #f4f4f4; border-radius: 50%; flex-grow: 0; height: 20px; width: 20px;\"><\/div>\n<div style=\"width: 0; height: 0; border-top: 2px solid transparent; border-left: 6px solid #f4f4f4; border-bottom: 2px solid transparent;\"><\/div>\n<\/div>\n<div style=\"margin-left: auto;\">\n<div style=\"width: 0px; border-top: 8px solid #F4F4F4; border-right: 8px solid transparent;\"><\/div>\n<div style=\"background-color: #f4f4f4; flex-grow: 0; height: 12px; width: 16px;\"><\/div>\n<div style=\"width: 0; height: 0; border-top: 8px solid #F4F4F4; border-left: 8px solid transparent;\"><\/div>\n<\/div>\n<\/div>\n<div style=\"flex-direction: column; flex-grow: 1; justify-content: center; margin-bottom: 24px;\">\n<div style=\"background-color: #f4f4f4; border-radius: 4px; flex-grow: 0; height: 14px; margin-bottom: 6px; width: 224px;\"><\/div>\n<div style=\"background-color: #f4f4f4; border-radius: 4px; flex-grow: 0; height: 14px; width: 144px;\"><\/div>\n<\/div>\n<p>&nbsp;<\/p>\n<p style=\"color: #c9c8cd; font-family: Arial,sans-serif; font-size: 14px; line-height: 17px; margin-bottom: 0; margin-top: 8px; overflow: hidden; padding: 8px 0 7px; text-align: center;\"><a style=\"color: #c9c8cd; font-family: Arial,sans-serif; font-size: 14px; font-style: normal; font-weight: normal; line-height: 17px; text-decoration: none;\" href=\"https:\/\/www.instagram.com\/p\/DNojg_2oFFH\/?utm_source=ig_embed&amp;utm_campaign=loading\" target=\"_blank\" rel=\"noopener\">Une publication partag\u00e9e par Ludillia Mgdleine (@m_ludillia)<\/a><\/p>\n<\/div>\n<\/blockquote>\n<h2><b>La Cascade de la Pissevieille : un secret bien gard\u00e9 en Haute-Savoie<\/b><\/h2>\n<p><span style=\"font-weight: 400;\">La <strong>Pissevieille<\/strong>, cach\u00e9e dans les montagnes de<strong> Haute-Savoie<\/strong>, m\u00e9rite amplement sa place dans ce top des cascades \u00e9poustouflantes. Elle est un secret bien gard\u00e9, qui se r\u00e9v\u00e8le apr\u00e8s une belle randonn\u00e9e en montagne. Avec ses 40 m\u00e8tres de hauteur, cette cascade offre une vue imprenable sur la vall\u00e9e de l&#8217;Arve et les majestueux sommets des <a href=\"https:\/\/discover.ulysse.com\/entre-eaux-turquoise-et-ruelles-pittoresques-le-tresor-meconnu-des-alpes-lombardes\">Alpes<\/a>. L\u2019endroit est tellement pr\u00e9serv\u00e9 qu\u2019on a presque l\u2019impression de red\u00e9couvrir un lieu vierge de toute civilisation. Le paysage est \u00e0 couper le souffle et, \u00e0 l\u2019arriv\u00e9e, la cascade semble nous accueillir comme une vieille amie. Une v\u00e9ritable bouff\u00e9e d\u2019air pur et de beaut\u00e9 sauvage !<\/span><\/p>\n<p><span style=\"font-weight: 400;\">La randonn\u00e9e pour atteindre la Pissevieille est un peu plus longue et n\u00e9cessite un bon niveau physique. Depuis Lyon, il vous faudra environ 3 heures en train jusqu\u2019\u00e0 Gen\u00e8ve, puis un transfert en bus pour atteindre le point de d\u00e9part de la randonn\u00e9e. Un effort bien r\u00e9compens\u00e9 par le panorama incroyable qui vous attend au sommet.<\/span><\/p>\n<blockquote class=\"instagram-media\" style=\"background: #FFF; border: 0; border-radius: 3px; margin: 1px; max-width: 540px; min-width: 326px; padding: 0; width: calc(100% - 2px);\" data-instgrm-captioned=\"\" data-instgrm-permalink=\"https:\/\/www.instagram.com\/p\/CWfUelcMFHE\/?utm_source=ig_embed&amp;utm_campaign=loading\" data-instgrm-version=\"14\">\n<div style=\"padding: 16px;\">\n<p>&nbsp;<\/p>\n<div style=\"flex-direction: row; align-items: center;\">\n<div style=\"background-color: #f4f4f4; border-radius: 50%; flex-grow: 0; height: 40px; margin-right: 14px; width: 40px;\"><\/div>\n<div style=\"flex-direction: column; flex-grow: 1; justify-content: center;\">\n<div style=\"background-color: #f4f4f4; border-radius: 4px; flex-grow: 0; height: 14px; margin-bottom: 6px; width: 100px;\"><\/div>\n<div style=\"background-color: #f4f4f4; border-radius: 4px; flex-grow: 0; height: 14px; width: 60px;\"><\/div>\n<\/div>\n<\/div>\n<div style=\"padding: 19% 0;\"><\/div>\n<div style=\"height: 50px; margin: 0 auto 12px; width: 50px;\"><\/div>\n<div style=\"padding-top: 8px;\">\n<div style=\"color: #3897f0; font-family: Arial,sans-serif; font-size: 14px; font-style: normal; font-weight: 550; line-height: 18px;\">\u5728 Instagram \u67e5\u770b\u8fd9\u7bc7\u5e16\u5b50<\/div>\n<\/div>\n<div style=\"padding: 12.5% 0;\"><\/div>\n<div style=\"flex-direction: row; margin-bottom: 14px; align-items: center;\">\n<div>\n<div style=\"background-color: #f4f4f4; border-radius: 50%; height: 12.5px; width: 12.5px;\"><\/div>\n<div style=\"background-color: #f4f4f4; height: 12.5px; width: 12.5px; flex-grow: 0; margin-right: 14px; margin-left: 2px;\"><\/div>\n<div style=\"background-color: #f4f4f4; border-radius: 50%; height: 12.5px; width: 12.5px;\"><\/div>\n<\/div>\n<div style=\"margin-left: 8px;\">\n<div style=\"background-color: #f4f4f4; border-radius: 50%; flex-grow: 0; height: 20px; width: 20px;\"><\/div>\n<div style=\"width: 0; height: 0; border-top: 2px solid transparent; border-left: 6px solid #f4f4f4; border-bottom: 2px solid transparent;\"><\/div>\n<\/div>\n<div style=\"margin-left: auto;\">\n<div style=\"width: 0px; border-top: 8px solid #F4F4F4; border-right: 8px solid transparent;\"><\/div>\n<div style=\"background-color: #f4f4f4; flex-grow: 0; height: 12px; width: 16px;\"><\/div>\n<div style=\"width: 0; height: 0; border-top: 8px solid #F4F4F4; border-left: 8px solid transparent;\"><\/div>\n<\/div>\n<\/div>\n<div style=\"flex-direction: column; flex-grow: 1; justify-content: center; margin-bottom: 24px;\">\n<div style=\"background-color: #f4f4f4; border-radius: 4px; flex-grow: 0; height: 14px; margin-bottom: 6px; width: 224px;\"><\/div>\n<div style=\"background-color: #f4f4f4; border-radius: 4px; flex-grow: 0; height: 14px; width: 144px;\"><\/div>\n<\/div>\n<p>&nbsp;<\/p>\n<p style=\"color: #c9c8cd; font-family: Arial,sans-serif; font-size: 14px; line-height: 17px; margin-bottom: 0; margin-top: 8px; overflow: hidden; padding: 8px 0 7px; text-align: center;\"><a style=\"color: #c9c8cd; font-family: Arial,sans-serif; font-size: 14px; font-style: normal; font-weight: normal; line-height: 17px; text-decoration: none;\" href=\"https:\/\/www.instagram.com\/p\/CWfUelcMFHE\/?utm_source=ig_embed&amp;utm_campaign=loading\" target=\"_blank\" rel=\"noopener\">Marie le Maire (@m_a_r_i_i_e) \u5206\u4eab\u7684\u5e16\u5b50<\/a><\/p>\n<\/div>\n<\/blockquote>\n<h2><b>Un week-end cascades : un voyage \u00e0 petit prix ?<\/b><\/h2>\n<p><span style=\"font-weight: 400;\">Les <strong>cascades de France<\/strong> sont accessibles et permettent de vivre une v\u00e9ritable aventure sans se ruiner. En termes de transport, les trains en direction des r\u00e9gions des cascades sont bien desservis : en partant de Paris, Lyon ou Strasbourg, vous pouvez rejoindre des destinations comme <strong>le Jura, l\u2019Ard\u00e8che ou la Provence<\/strong> en quelques heures, avec des tarifs attractifs, surtout si vous r\u00e9servez \u00e0 l\u2019avance. Les h\u00e9bergements, en g\u00eetes ou chambres d\u2019h\u00f4tes, sont souvent abordables, avec des prix qui varient entre 50 et 80 euros la nuit selon les saisons. Si vous aimez la nature et les petites escapades, ces destinations sont parfaites pour une aventure \u00e0 la fois d\u00e9paysante et \u00e9conomique.<\/span><\/p>\n<p><span style=\"font-weight: 400;\">Que vous soyez passionn\u00e9 de randonn\u00e9e, amoureux de nature ou en qu\u00eate de moments de d\u00e9tente, ces cascades fran\u00e7aises sont une invitation \u00e0 l\u2019\u00e9vasion. Alors, qu\u2019attendez-vous pour faire le grand saut ? Venez d\u00e9couvrir ces lieux spectaculaires et laissez-vous porter par le bruit des eaux qui d\u00e9valent les pentes ! Pr\u00eat \u00e0 plonger dans un univers aquatique qui vous \u00e9patera \u00e0 coup s\u00fbr ? Pr\u00eat \u00e0 plonger dans un univers aquatique qui vous \u00e9patera \u00e0 coup s\u00fbr ?<\/span><\/p>\n<p>&nbsp;<\/p>\n","protected":false},"excerpt":{"rendered":"<p>Il y a des endroits en France o\u00f9 la nature semble nous inviter \u00e0 plonger t\u00eate premi\u00e8re dans l\u2019aventure. Ces [&hellip;]<\/p>\n","protected":false},"author":3,"featured_media":34203,"comment_status":"open","ping_status":"closed","sticky":false,"template":"","format":"standard","meta":{"_acf_changed":false,"_sitemap_exclude":false,"_sitemap_priority":"","_sitemap_frequency":"","footnotes":"","rank_math_title":"","rank_math_description":"Plongez dans l'aventure avec ces 5 cascades fran\u00e7aises \u00e0 couper le souffle, de la Provence aux Alpes, un voyage inoubliable vous attend !\n","rank_math_canonical_url":"","rank_math_focus_keyword":"cascade"},"categories":[3],"tags":[],"class_list":["post-34202","post","type-post","status-publish","format-standard","has-post-thumbnail","hentry","category-voyage"],"acf":[],"_links":{"self":[{"href":"https:\/\/ulysse.com\/news\/wp-json\/wp\/v2\/posts\/34202","targetHints":{"allow":["GET"]}}],"collection":[{"href":"https:\/\/ulysse.com\/news\/wp-json\/wp\/v2\/posts"}],"about":[{"href":"https:\/\/ulysse.com\/news\/wp-json\/wp\/v2\/types\/post"}],"author":[{"embeddable":true,"href":"https:\/\/ulysse.com\/news\/wp-json\/wp\/v2\/users\/3"}],"replies":[{"embeddable":true,"href":"https:\/\/ulysse.com\/news\/wp-json\/wp\/v2\/comments?post=34202"}],"version-history":[{"count":2,"href":"https:\/\/ulysse.com\/news\/wp-json\/wp\/v2\/posts\/34202\/revisions"}],"predecessor-version":[{"id":34211,"href":"https:\/\/ulysse.com\/news\/wp-json\/wp\/v2\/posts\/34202\/revisions\/34211"}],"wp:featuredmedia":[{"embeddable":true,"href":"https:\/\/ulysse.com\/news\/wp-json\/wp\/v2\/media\/34203"}],"wp:attachment":[{"href":"https:\/\/ulysse.com\/news\/wp-json\/wp\/v2\/media?parent=34202"}],"wp:term":[{"taxonomy":"category","embeddable":true,"href":"https:\/\/ulysse.com\/news\/wp-json\/wp\/v2\/categories?post=34202"},{"taxonomy":"post_tag","embeddable":true,"href":"https:\/\/ulysse.com\/news\/wp-json\/wp\/v2\/tags?post=34202"}],"curies":[{"name":"wp","href":"https:\/\/api.w.org\/{rel}","templated":true}]}}