{"id":34291,"date":"2025-09-07T18:00:16","date_gmt":"2025-09-07T17:00:16","guid":{"rendered":"https:\/\/discover.ulysse.com\/?p=34291"},"modified":"2025-09-07T09:35:46","modified_gmt":"2025-09-07T08:35:46","slug":"vanoise-pyrenees-mercantour-ces-tresors-naturels-risquent-de-perdre-leur-independance","status":"publish","type":"post","link":"https:\/\/ulysse.com\/news\/vanoise-pyrenees-mercantour-ces-tresors-naturels-risquent-de-perdre-leur-independance","title":{"rendered":"Vanoise, Pyr\u00e9n\u00e9es, Mercantour : ces tr\u00e9sors naturels risquent de perdre leur ind\u00e9pendance"},"content":{"rendered":"<p data-start=\"121\" data-end=\"598\">Dans l\u2019ombre des vastes cha\u00eenes montagneuses, une onde invisible commence \u00e0 \u00e9branler ce que l\u2019on croyait immuable. De la Vanoise aux Pyr\u00e9n\u00e9es, jusqu\u2019aux C\u00e9vennes, quoi de pire qu\u2019un changement silencieux, qui s\u2019immisce dans les institutions sans fracas, mais avec des cons\u00e9quences durables ? Une m\u00e9canique discr\u00e8te s\u2019appr\u00eate \u00e0 redessiner le paysage m\u00eame de la protection de la nature, per\u00e7ant les fondements de certaines zones les plus fragiles de notre biodiversit\u00e9 nationale\u2026<\/p>\n<h2 data-start=\"600\" data-end=\"669\">Une centralisation troublante au c\u0153ur des territoires sauvages<\/h2>\n<p data-start=\"671\" data-end=\"1951\">Depuis le 3 juillet 2025, un rapport s\u00e9natorial propose de supprimer les 11 \u00e9tablissements publics des parcs nationaux, parmi lesquels la Vanoise, les \u00c9crins, les Pyr\u00e9n\u00e9es, le Mercantour, les C\u00e9vennes ou encore La R\u00e9union, pour les fusionner avec l\u2019Office fran\u00e7ais de la biodiversit\u00e9 (OFB).\u00a0L\u2019argument ? R\u00e9aliser jusqu\u2019\u00e0 40 milliards d\u2019euros d\u2019\u00e9conomies pour le <a href=\"https:\/\/www.tf1info.fr\/economie\/budget-2026-pour-faire-des-economies-francois-bayrou-va-t-il-condamner-les-agences-vertes-2382774.html?utm_source=chatgpt.com\" target=\"_blank\" rel=\"noopener\">budget 2026<\/a>. Mais selon la commission s\u00e9natoriale, cette rationalisation ne rapporterait que 540 millions d\u2019euros sur deux \u00e0 trois ans\u00a0\u2014 un chiffre qui relativise fortement l\u2019objectif initial. R\u00e9sultat : une gouvernance locale vitale pourrait dispara\u00eetre au profit d\u2019une structure centralis\u00e9e, dont les d\u00e9cisions \u00e9maneraient du sommet administratif plut\u00f4t que du terrain.<\/p>\n<blockquote class=\"tiktok-embed\" style=\"max-width: 605px; min-width: 325px;\" cite=\"https:\/\/www.tiktok.com\/@itinera_alpina\/video\/7272086352349416737\" data-video-id=\"7272086352349416737\">\n<section><a title=\"@itinera_alpina\" href=\"https:\/\/www.tiktok.com\/@itinera_alpina?refer=embed\" target=\"_blank\" rel=\"noopener\">@itinera_alpina<\/a> \ud83c\uddeb\ud83c\uddf7Est-ce que vous connaissez le Parc national des Ecrins\u00a0? Depuis 50 ans, il pr\u00e9serve un espace de montagne unique au c\u0153ur des Alpes fran\u00e7aises. D\u00e8s lors qu\u2019on franchit les limites du c\u0153ur de parc, une r\u00e9glementation stricte s\u2019applique. Mais pourquoi ces r\u00e8gles\u00a0? \u2028Le parc a \u00e9t\u00e9 cr\u00e9\u00e9 en 1973 avec trois missions principales\u00a0: \u2028\ud83d\udd0e Conna\u00eetre, \u00e9tudier ce milieu \u2028\ud83c\udf31 Le prot\u00e9ger, pr\u00e9server la faune et la flore avec le moins de d\u00e9rangement possible\u2028\ud83e\udd7e Le rendre accessible\u00a0\u00e0 tous, permettre au public de d\u00e9couvrir ces massifs fabuleux. Chacun a le droit de venir y randonner \u00e0 pied, et les agents du parc passent beaucoup de temps \u00e0 entretenir les chemins pour que nous puissions en profiter.\u2028Parce que les animaux sauvages ne sont plus chass\u00e9s depuis 50 ans, ils se sont habitu\u00e9s \u00e0 l\u2019homme. Notre pr\u00e9sence discr\u00e8te ne les d\u00e9range pas. Mais certaines choses les perturbent beaucoup. \u2028\ud83d\udd25Le feu d\u00e9truit le sol et la v\u00e9g\u00e9tation pour des ann\u00e9es.\u2028\ud83d\udeb5\u200d\u2640\ufe0f VTT, drones, tout ce qui d\u00e9barque \u00e0 toute vitesse et arrive du ciel effraie la faune.\u2028\ud83d\udc36 Le chien a la silhouette et l\u2019odeur d\u2019un pr\u00e9dateur. M\u00eame un gentil chien tenu en laisse est per\u00e7u comme une grande menace pour la faune, surtout depuis le retour du loup. Les animaux effray\u00e9s peuvent abandonner leur nid et leurs petits, cesser de manger, avorter de fa\u00e7on spontan\u00e9e, etc.\u2028\ud83d\udeaeTout d\u00e9chet perturbe l\u2019\u00e9cosyst\u00e8me. M\u00eame un trognon de pomme modifie le comportement naturel de la faune. Et non, laisser du papier WC n\u2019est pas OK (et c\u2019est tr\u00e8s d\u00e9sagr\u00e9able pour les autres randonneurs). On remballe tout avec soi. \u2028\ud83d\udca6M\u00eame si la baignade dans les lacs de montagne est tentante, elle d\u00e9range beaucoup l\u2019\u00e9cosyst\u00e8me, entre le pi\u00e9tinement des rives et la pollution de l\u2019eau par les cosm\u00e9tiques (cr\u00e8me solaire, etc).\u2028Pour prot\u00e9ger cet espace naturel d\u2019exception et tous continuer \u00e0 profiter de sa richesse et sa beaut\u00e9 pendant les 50 prochaines ann\u00e9es (au moins\u00a0!), respectons ces r\u00e8gles. Et vous, d\u00e9j\u00e0 explor\u00e9 ce magnifique coin des Alpes\u00a0?\u2028\ud83c\uddfa\ud83c\uddf8Have you ever explored Ecrins National Park in the French Alps? We have to abide by strict rules to respect this magical mountain area which has been fully protected for the past 50 years. <a title=\"ecrins\" href=\"https:\/\/www.tiktok.com\/tag\/ecrins?refer=embed\" target=\"_blank\" rel=\"noopener\">#ecrins<\/a> <a title=\"alpes\" href=\"https:\/\/www.tiktok.com\/tag\/alpes?refer=embed\" target=\"_blank\" rel=\"noopener\">#alpes<\/a> <a title=\"montagne\" href=\"https:\/\/www.tiktok.com\/tag\/montagne?refer=embed\" target=\"_blank\" rel=\"noopener\">#montagne<\/a> <a title=\"serrechevalier\" href=\"https:\/\/www.tiktok.com\/tag\/serrechevalier?refer=embed\" target=\"_blank\" rel=\"noopener\">#serrechevalier<\/a> <a title=\"parcnationaldesecrins\" href=\"https:\/\/www.tiktok.com\/tag\/parcnationaldesecrins?refer=embed\" target=\"_blank\" rel=\"noopener\">#parcnationaldesecrins<\/a> <a title=\"montagne\" href=\"https:\/\/www.tiktok.com\/tag\/montagne?refer=embed\" target=\"_blank\" rel=\"noopener\">#montagne<\/a> <a title=\"lamontagnecavousgagne\" href=\"https:\/\/www.tiktok.com\/tag\/lamontagnecavousgagne?refer=embed\" target=\"_blank\" rel=\"noopener\">#lamontagnecavousgagne<\/a> <a title=\"alpes\" href=\"https:\/\/www.tiktok.com\/tag\/alpes?refer=embed\" target=\"_blank\" rel=\"noopener\">#alpes<\/a> <a title=\"alpesfrancaises\" href=\"https:\/\/www.tiktok.com\/tag\/alpesfrancaises?refer=embed\" target=\"_blank\" rel=\"noopener\">#alpesfrancaises<\/a> <a title=\"alpesdusud\" href=\"https:\/\/www.tiktok.com\/tag\/alpesdusud?refer=embed\" target=\"_blank\" rel=\"noopener\">#alpesdusud<\/a> <a title=\"mountain\" href=\"https:\/\/www.tiktok.com\/tag\/mountain?refer=embed\" target=\"_blank\" rel=\"noopener\">#mountain<\/a> <a title=\"frenchalps\" href=\"https:\/\/www.tiktok.com\/tag\/frenchalps?refer=embed\" target=\"_blank\" rel=\"noopener\">#frenchalps<\/a> <a title=\"hautesalpes\" href=\"https:\/\/www.tiktok.com\/tag\/hautesalpes?refer=embed\" target=\"_blank\" rel=\"noopener\">#hautesalpes<\/a> <a title=\"randonn\u00e9e\" href=\"https:\/\/www.tiktok.com\/tag\/randonn%C3%A9e?refer=embed\" target=\"_blank\" rel=\"noopener\">#randonn\u00e9e<\/a> <a title=\"rando\" href=\"https:\/\/www.tiktok.com\/tag\/rando?refer=embed\" target=\"_blank\" rel=\"noopener\">#rando<\/a> <a title=\"lamontagnecavousgagne\" href=\"https:\/\/www.tiktok.com\/tag\/lamontagnecavousgagne?refer=embed\" target=\"_blank\" rel=\"noopener\">#lamontagnecavousgagne<\/a> <a title=\"auvergnerhonealpes\" href=\"https:\/\/www.tiktok.com\/tag\/auvergnerhonealpes?refer=embed\" target=\"_blank\" rel=\"noopener\">#auvergnerhonealpes<\/a> <a title=\"provencealpesc\u00f4tedazur\" href=\"https:\/\/www.tiktok.com\/tag\/provencealpesc%C3%B4tedazur?refer=embed\" target=\"_blank\" rel=\"noopener\">#provencealpesc\u00f4tedazur<\/a> <a title=\"\u266c son original - Itinera Magica\" href=\"https:\/\/www.tiktok.com\/music\/son-original-7272086346293529376?refer=embed\" target=\"_blank\" rel=\"noopener\">\u266c son original &#8211; Itinera Magica<\/a><\/section>\n<\/blockquote>\n<p><script async src=\"https:\/\/www.tiktok.com\/embed.js\"><\/script><\/p>\n<h2 data-start=\"1953\" data-end=\"2029\">Du terrain \u00e0 la bureaucratie : les gardes-moniteurs en premi\u00e8re ligne<\/h2>\n<p data-start=\"2031\" data-end=\"2887\">Ces parcs ne sont pas que des espaces prot\u00e9g\u00e9s : ils vivent et respirent gr\u00e2ce aux gardes-moniteurs, v\u00e9ritables passeurs entre les territoires et les populations. Au Mercantour, leur suppression ne serait pas qu\u2019un symbole : ce serait un coup au c\u0153ur de la gestion de proximit\u00e9. Comme le souligne un guide de montagne local, ce lien construit sur d\u00e9cennies entre protecteurs de la nature et habitants risquerait de se briser brusquement. L\u2019expertise concr\u00e8te \u2014 comme expliquer \u00e0 un riverain qu\u2019un aigle niche dans une zone sens\u00e9e \u2014 pourrait \u00eatre remplac\u00e9e par une distance administrative, ingrate, distante, loin du terrain.<\/p>\n<h2 data-start=\"2889\" data-end=\"2945\">Un financement en cascade toujours plus compliqu\u00e9<\/h2>\n<p data-start=\"2947\" data-end=\"3958\">Les parcs nationaux ne manquent pas de ressources : en 2025, les agences de l\u2019eau ont vers\u00e9 418 millions d\u2019euros \u00e0 l\u2019OFB, lui-m\u00eame redistribuant 74,7 millions aux parcs nationaux. Ce financement en cascade, jug\u00e9 techniquement complexe, est justement d\u00e9nonc\u00e9 comme anxiog\u00e8ne pour la lisibilit\u00e9 et la transparence budg\u00e9taire. Le rapport s\u00e9natorial recommande donc une attribution directe des cr\u00e9dits, sans passer par ces \u00e9tapes interm\u00e9diaires\u00a0\u2014 ce qui, si bien encadr\u00e9, pourrait \u00e9claircir les flux financiers, mais pourrait aussi faciliter une centralisation plus pouss\u00e9e des d\u00e9cisions.<\/p>\n<h2 data-start=\"3960\" data-end=\"4034\">Des voix alertes s\u2019\u00e9l\u00e8vent pour pr\u00e9server des institutions vivantes<\/h2>\n<p data-start=\"4036\" data-end=\"5214\">Face \u00e0 ce possible d\u00e9mant\u00e8lement, plusieurs scientifiques, juristes et \u00e9lus sonnent l\u2019alarme. Une tribune publi\u00e9e dans <a href=\"https:\/\/www.lemonde.fr\/idees\/article\/2025\/08\/26\/en-renoncant-au-statut-d-etablissement-public-des-parcs-nationaux-la-france-perdrait-un-instrument-majeur-de-protection-de-la-biodiversite_6635771_3232.html?utm_source=chatgpt.com\" target=\"_blank\" rel=\"noopener\"><em data-start=\"4155\" data-end=\"4165\">Le Monde<\/em><\/a> va jusqu\u2019\u00e0 affirmer que renoncer au statut d\u2019\u00e9tablissement public des parcs serait perdre un instrument majeur de protection de la biodiversit\u00e9. De son c\u00f4t\u00e9, une p\u00e9tition en ligne men\u00e9e par les agents place la gouvernance locale au centre du d\u00e9bat, rappelant que c\u2019est gr\u00e2ce \u00e0 elle que l\u2019adaptation aux r\u00e9alit\u00e9s des territoires est possible. Le S\u00e9nat ne s\u2019y trompe pas : r\u00e9unir tous les parcs sous une entit\u00e9 unique suscite l\u2019inqui\u00e9tude des pr\u00e9sidents des conseils d\u2019administration, notamment pour une possible dilution de l\u2019efficacit\u00e9 et de l\u2019ancrage territorial.<\/p>\n","protected":false},"excerpt":{"rendered":"<p>Dans l\u2019ombre des vastes cha\u00eenes montagneuses, une onde invisible commence \u00e0 \u00e9branler ce que l\u2019on croyait immuable. De la Vanoise [&hellip;]<\/p>\n","protected":false},"author":4,"featured_media":34722,"comment_status":"open","ping_status":"closed","sticky":false,"template":"","format":"standard","meta":{"_acf_changed":false,"_sitemap_exclude":false,"_sitemap_priority":"","_sitemap_frequency":"","footnotes":"","rank_math_title":"","rank_math_description":"","rank_math_canonical_url":"","rank_math_focus_keyword":"Vanoise"},"categories":[3],"tags":[],"class_list":["post-34291","post","type-post","status-publish","format-standard","has-post-thumbnail","hentry","category-voyage"],"acf":[],"_links":{"self":[{"href":"https:\/\/ulysse.com\/news\/wp-json\/wp\/v2\/posts\/34291","targetHints":{"allow":["GET"]}}],"collection":[{"href":"https:\/\/ulysse.com\/news\/wp-json\/wp\/v2\/posts"}],"about":[{"href":"https:\/\/ulysse.com\/news\/wp-json\/wp\/v2\/types\/post"}],"author":[{"embeddable":true,"href":"https:\/\/ulysse.com\/news\/wp-json\/wp\/v2\/users\/4"}],"replies":[{"embeddable":true,"href":"https:\/\/ulysse.com\/news\/wp-json\/wp\/v2\/comments?post=34291"}],"version-history":[{"count":2,"href":"https:\/\/ulysse.com\/news\/wp-json\/wp\/v2\/posts\/34291\/revisions"}],"predecessor-version":[{"id":34723,"href":"https:\/\/ulysse.com\/news\/wp-json\/wp\/v2\/posts\/34291\/revisions\/34723"}],"wp:featuredmedia":[{"embeddable":true,"href":"https:\/\/ulysse.com\/news\/wp-json\/wp\/v2\/media\/34722"}],"wp:attachment":[{"href":"https:\/\/ulysse.com\/news\/wp-json\/wp\/v2\/media?parent=34291"}],"wp:term":[{"taxonomy":"category","embeddable":true,"href":"https:\/\/ulysse.com\/news\/wp-json\/wp\/v2\/categories?post=34291"},{"taxonomy":"post_tag","embeddable":true,"href":"https:\/\/ulysse.com\/news\/wp-json\/wp\/v2\/tags?post=34291"}],"curies":[{"name":"wp","href":"https:\/\/api.w.org\/{rel}","templated":true}]}}