{"id":34293,"date":"2025-08-30T15:00:35","date_gmt":"2025-08-30T14:00:35","guid":{"rendered":"https:\/\/discover.ulysse.com\/?p=34293"},"modified":"2025-08-29T20:02:08","modified_gmt":"2025-08-29T19:02:08","slug":"remboursement-imagine-r-comment-recuperer-100-de-votre-abonnement","status":"publish","type":"post","link":"https:\/\/ulysse.com\/news\/remboursement-imagine-r-comment-recuperer-100-de-votre-abonnement","title":{"rendered":"Remboursement Imagine R : Comment r\u00e9cup\u00e9rer 100% de votre abonnement ?"},"content":{"rendered":"<p data-start=\"121\" data-end=\"765\">La rentr\u00e9e 2025-2026 s&#8217;annonce avec une excellente nouvelle pour les parents et les \u00e9tudiants franciliens : le remboursement du forfait imagine R Junior pour les d\u00e9tenteurs de la carte Scol&#8217;R Junior. Si vous avez souscrit \u00e0 ce forfait pour l&#8217;ann\u00e9e scolaire \u00e0 venir, vous pourriez b\u00e9n\u00e9ficier d&#8217;une restitution compl\u00e8te de votre abonnement ! Ce programme de remboursement, lanc\u00e9 par \u00cele-de-France Mobilit\u00e9s, est con\u00e7u pour all\u00e9ger les frais de transport pour les jeunes franciliens. Mais comment faire pour en profiter et quelles d\u00e9marches suivre ? Suivez le guide pour ne rien manquer de cette offre avantageuse qui commencera d\u00e8s d\u00e9cembre 2025.<\/p>\n<h2 data-start=\"767\" data-end=\"812\">Qui peut b\u00e9n\u00e9ficier de ce remboursement ?<\/h2>\n<p data-start=\"814\" data-end=\"1244\">Le remboursement du forfait imagine R Junior s\u2019adresse exclusivement aux d\u00e9tenteurs de la <strong>carte Scol&#8217;R Junior<\/strong>. Cette carte est r\u00e9serv\u00e9e aux enfants ayant moins de 11 ans au 31 d\u00e9cembre 2025 ou \u00e0 ceux qui sont inscrits dans une \u00e9cole primaire de la r\u00e9gion \u00cele-de-France. Si vous remplissez cette condition, vous \u00eates \u00e9ligible pour r\u00e9cup\u00e9rer une partie des frais de votre abonnement imagine R Junior pour l\u2019ann\u00e9e scolaire 2025-2026.<\/p>\n<p data-start=\"1246\" data-end=\"1786\">Il est important de noter que le forfait imagine R permet des d\u00e9placements illimit\u00e9s dans toute l&#8217;\u00cele-de-France, sur tous les modes de transport, \u00e0 l\u2019exception d&#8217;Orlyval. Ce forfait est donc une solution id\u00e9ale pour les familles, offrant une mobilit\u00e9 compl\u00e8te \u00e0 prix r\u00e9duit. Cependant, pour b\u00e9n\u00e9ficier du remboursement, il est imp\u00e9ratif d&#8217;avoir achet\u00e9 un forfait imagine R Junior pour l&#8217;ann\u00e9e scolaire \u00e0 venir, soit pour 2025-2026. D\u00e8s que ce forfait est valid\u00e9, vous pourrez entamer les d\u00e9marches n\u00e9cessaires \u00e0 la demande de remboursement.<\/p>\n<h2 data-start=\"1788\" data-end=\"1841\">Les \u00e9tapes cl\u00e9s pour demander votre remboursement<\/h2>\n<p data-start=\"1843\" data-end=\"2322\">Le processus pour obtenir votre remboursement est relativement simple, mais il est crucial de respecter toutes les \u00e9tapes pour \u00e9viter toute erreur. D&#8217;abord, vous devez attendre d\u00e9cembre 2025 pour entamer la demande. C\u2019est \u00e0 partir de ce mois que les demandes de remboursement seront ouvertes, et vous pourrez proc\u00e9der \u00e0 la soumission de votre dossier en ligne. Il vous faudra vous connecter \u00e0 votre compte \u00cele-de-France Mobilit\u00e9s Connect ou en cr\u00e9er un si ce n\u2019est pas d\u00e9j\u00e0 fait.<\/p>\n<p data-start=\"2324\" data-end=\"2812\">Une fois connect\u00e9, il vous suffira de remplir un formulaire de demande de remboursement et de t\u00e9l\u00e9charger une copie recto\/verso de la carte Scol&#8217;R Junior, indiquant le mill\u00e9sime 2025-2026. Ce document est indispensable pour que votre demande soit prise en compte. Le remboursement sera effectu\u00e9 sous forme de virement bancaire, et vous recevrez les fonds d\u00e8s le mois de janvier 2026. C\u2019est un processus rapide, mais assurez-vous de bien suivre chaque \u00e9tape pour \u00e9viter toute complication.<\/p>\n<h2 data-start=\"2814\" data-end=\"2874\">Les sp\u00e9cificit\u00e9s du remboursement pour la Ville de Paris<\/h2>\n<p data-start=\"2876\" data-end=\"3263\">Si vous r\u00e9sidez \u00e0 Paris, il est important de noter que le remboursement du forfait imagine R Junior ne sera pas trait\u00e9 par \u00cele-de-France Mobilit\u00e9s, mais directement par la ville de Paris. Les d\u00e9marches seront donc diff\u00e9rentes pour les Parisiens. Pour ces derniers, il faudra se rendre sur le site de la Ville de Paris et suivre la proc\u00e9dure sp\u00e9cifique mise en place par la municipalit\u00e9.<\/p>\n<p data-start=\"3265\" data-end=\"3707\">Cela peut pr\u00eater \u00e0 confusion pour les familles habitant dans la capitale, mais rassurez-vous : les informations n\u00e9cessaires et les instructions claires sont disponibles sur le site de la ville. Assurez-vous de v\u00e9rifier si vous \u00eates concern\u00e9 par cette proc\u00e9dure avant de soumettre votre demande de remboursement. Si vous n&#8217;\u00eates pas s\u00fbr de la proc\u00e9dure \u00e0 suivre, consultez r\u00e9guli\u00e8rement les FAQ sur les sites officiels pour \u00e9viter toute erreur.<\/p>\n<h2 data-start=\"3709\" data-end=\"3763\">Pourquoi est-ce une opportunit\u00e9 \u00e0 ne pas manquer ?<\/h2>\n<p data-start=\"3765\" data-end=\"4360\">Ce remboursement est une excellente occasion de faire des \u00e9conomies sur les frais de transport scolaire, particuli\u00e8rement dans un contexte o\u00f9 le co\u00fbt de la vie ne cesse d\u2019augmenter. Le forfait imagine R offre des avantages consid\u00e9rables aux familles en \u00cele-de-France, en permettant un acc\u00e8s illimit\u00e9 \u00e0 tous les transports en commun de la r\u00e9gion, et ce, \u00e0 un tarif r\u00e9duit. Le remboursement partiel ou total de cet abonnement repr\u00e9sente une aide pr\u00e9cieuse pour les familles, surtout lorsqu&#8217;il s&#8217;agit de g\u00e9rer plusieurs enfants ou de pr\u00e9voir le budget de transport pour une ann\u00e9e scolaire compl\u00e8te.<\/p>\n<p data-start=\"4362\" data-end=\"4851\">De plus, ce remboursement facilite l\u2019acc\u00e8s aux transports en commun pour les jeunes scolaris\u00e9s, en encourageant une mobilit\u00e9 durable et en r\u00e9duisant la d\u00e9pendance \u00e0 la voiture. C\u2019est une initiative positive pour l\u2019environnement et pour les budgets des familles. Ne laissez pas passer cette occasion de r\u00e9cup\u00e9rer une partie de vos frais et de rendre le transport scolaire plus abordable. Assurez-vous de suivre toutes les d\u00e9marches \u00e0 partir de d\u00e9cembre 2025 pour en b\u00e9n\u00e9ficier sans tracas !<\/p>\n","protected":false},"excerpt":{"rendered":"<p>La rentr\u00e9e 2025-2026 s&#8217;annonce avec une excellente nouvelle pour les parents et les \u00e9tudiants franciliens : le remboursement du forfait [&hellip;]<\/p>\n","protected":false},"author":4,"featured_media":22143,"comment_status":"open","ping_status":"closed","sticky":false,"template":"","format":"standard","meta":{"_acf_changed":false,"_sitemap_exclude":false,"_sitemap_priority":"","_sitemap_frequency":"","footnotes":"","rank_math_title":"","rank_math_description":"","rank_math_canonical_url":"","rank_math_focus_keyword":"imagine R"},"categories":[3],"tags":[],"class_list":["post-34293","post","type-post","status-publish","format-standard","has-post-thumbnail","hentry","category-voyage"],"acf":[],"_links":{"self":[{"href":"https:\/\/ulysse.com\/news\/wp-json\/wp\/v2\/posts\/34293","targetHints":{"allow":["GET"]}}],"collection":[{"href":"https:\/\/ulysse.com\/news\/wp-json\/wp\/v2\/posts"}],"about":[{"href":"https:\/\/ulysse.com\/news\/wp-json\/wp\/v2\/types\/post"}],"author":[{"embeddable":true,"href":"https:\/\/ulysse.com\/news\/wp-json\/wp\/v2\/users\/4"}],"replies":[{"embeddable":true,"href":"https:\/\/ulysse.com\/news\/wp-json\/wp\/v2\/comments?post=34293"}],"version-history":[{"count":3,"href":"https:\/\/ulysse.com\/news\/wp-json\/wp\/v2\/posts\/34293\/revisions"}],"predecessor-version":[{"id":34353,"href":"https:\/\/ulysse.com\/news\/wp-json\/wp\/v2\/posts\/34293\/revisions\/34353"}],"wp:featuredmedia":[{"embeddable":true,"href":"https:\/\/ulysse.com\/news\/wp-json\/wp\/v2\/media\/22143"}],"wp:attachment":[{"href":"https:\/\/ulysse.com\/news\/wp-json\/wp\/v2\/media?parent=34293"}],"wp:term":[{"taxonomy":"category","embeddable":true,"href":"https:\/\/ulysse.com\/news\/wp-json\/wp\/v2\/categories?post=34293"},{"taxonomy":"post_tag","embeddable":true,"href":"https:\/\/ulysse.com\/news\/wp-json\/wp\/v2\/tags?post=34293"}],"curies":[{"name":"wp","href":"https:\/\/api.w.org\/{rel}","templated":true}]}}