{"id":34328,"date":"2025-08-30T18:00:17","date_gmt":"2025-08-30T17:00:17","guid":{"rendered":"https:\/\/discover.ulysse.com\/?p=34328"},"modified":"2025-08-29T20:02:53","modified_gmt":"2025-08-29T19:02:53","slug":"les-retraites-trouvent-leur-havre-de-paix-et-de-joie-dans-ce-village-du-sud","status":"publish","type":"post","link":"https:\/\/ulysse.com\/news\/les-retraites-trouvent-leur-havre-de-paix-et-de-joie-dans-ce-village-du-sud","title":{"rendered":"Les retrait\u00e9s trouvent leur havre de paix et de joie dans ce village du Sud"},"content":{"rendered":"<p><span style=\"font-weight: 400;\">Vous r\u00eavez d&#8217;un endroit o\u00f9 la vie s&#8217;\u00e9coule \u00e0 un rythme plus doux, tout en \u00e9tant empreint de cette ambiance festive et chaleureuse qui fait le charme du Sud ? Ce village, nich\u00e9 au c\u0153ur de<strong> l\u2019H\u00e9rault<\/strong>, a trouv\u00e9 le secret pour allier s\u00e9r\u00e9nit\u00e9 et joie de vivre \u00e0 la perfection. <strong>P\u00e9zenas<\/strong>, avec ses ruelles pittoresques et son atmosph\u00e8re m\u00e9diterran\u00e9enne, est devenu une destination id\u00e9ale pour les retrait\u00e9s qui veulent profiter de leur nouvelle libert\u00e9 sans renoncer \u00e0 une vie sociale riche et pleine de d\u00e9couvertes.<\/span><\/p>\n<h2><b>P\u00e9zenas : Tranquillit\u00e9 en prime, mais pas seulement !<\/b><\/h2>\n<p><span style=\"font-weight: 400;\">Quand on parle de <strong>P\u00e9zenas,<\/strong> c\u2019est tout un art de vivre qui se d\u00e9voile. Loin du tumulte des grandes villes, ce village vous invite \u00e0 ralentir et \u00e0 appr\u00e9cier chaque instant. Les maisons en pierre rose, les petites boutiques artisanales, les march\u00e9s color\u00e9s\u2026 tout ici respire la tranquillit\u00e9. Mais attention, ne vous y m\u00e9prenez pas, ce village a plus d\u2019un tour dans son sac !<\/span><\/p>\n<p><span style=\"font-weight: 400;\">Car si P\u00e9zenas est synonyme de calme et de douceur de vivre, il ne manque jamais d\u2019animer ses journ\u00e9es de mani\u00e8re subtile mais efficace. Festivals, \u00e9v\u00e9nements culturels, et spectacles vivants font partie int\u00e9grante de la vie locale. Le <strong>Festival de P\u00e9zenas<\/strong> en est un excellent exemple. Le c\u0153ur du village se transforme alors en un v\u00e9ritable th\u00e9\u00e2tre \u00e0 ciel ouvert, et les habitants se retrouvent au centre d\u2019une effervescence culturelle unique. Ce n\u2019est pas un village fig\u00e9 dans le pass\u00e9, mais bien un lieu qui \u00e9volue au rythme des saisons et des \u00e9v\u00e9nements, tout en pr\u00e9servant son authenticit\u00e9. Vous trouverez ainsi un \u00e9quilibre parfait entre moments de d\u00e9tente et occasions de socialiser, tout en \u00e9tant immerg\u00e9 dans une ambiance joyeuse et chaleureuse propre au Sud.<\/span><\/p>\n<blockquote class=\"instagram-media\" style=\"background: #FFF; border: 0; border-radius: 3px; margin: 1px; max-width: 540px; min-width: 326px; padding: 0; width: calc(100% - 2px);\" data-instgrm-captioned=\"\" data-instgrm-permalink=\"https:\/\/www.instagram.com\/p\/DNBoHfIKFOm\/?utm_source=ig_embed&amp;utm_campaign=loading\" data-instgrm-version=\"14\">\n<div style=\"padding: 16px;\">\n<p>&nbsp;<\/p>\n<div style=\"flex-direction: row; align-items: center;\">\n<div style=\"background-color: #f4f4f4; border-radius: 50%; flex-grow: 0; height: 40px; margin-right: 14px; width: 40px;\"><\/div>\n<div style=\"flex-direction: column; flex-grow: 1; justify-content: center;\">\n<div style=\"background-color: #f4f4f4; border-radius: 4px; flex-grow: 0; height: 14px; margin-bottom: 6px; width: 100px;\"><\/div>\n<div style=\"background-color: #f4f4f4; border-radius: 4px; flex-grow: 0; height: 14px; width: 60px;\"><\/div>\n<\/div>\n<\/div>\n<div style=\"padding: 19% 0;\"><\/div>\n<div style=\"height: 50px; margin: 0 auto 12px; width: 50px;\"><\/div>\n<div style=\"padding-top: 8px;\">\n<div style=\"color: #3897f0; font-family: Arial,sans-serif; font-size: 14px; font-style: normal; font-weight: 550; line-height: 18px;\">Voir cette publication sur Instagram<\/div>\n<\/div>\n<div style=\"padding: 12.5% 0;\"><\/div>\n<div style=\"flex-direction: row; margin-bottom: 14px; align-items: center;\">\n<div>\n<div style=\"background-color: #f4f4f4; border-radius: 50%; height: 12.5px; width: 12.5px;\"><\/div>\n<div style=\"background-color: #f4f4f4; height: 12.5px; width: 12.5px; flex-grow: 0; margin-right: 14px; margin-left: 2px;\"><\/div>\n<div style=\"background-color: #f4f4f4; border-radius: 50%; height: 12.5px; width: 12.5px;\"><\/div>\n<\/div>\n<div style=\"margin-left: 8px;\">\n<div style=\"background-color: #f4f4f4; border-radius: 50%; flex-grow: 0; height: 20px; width: 20px;\"><\/div>\n<div style=\"width: 0; height: 0; border-top: 2px solid transparent; border-left: 6px solid #f4f4f4; border-bottom: 2px solid transparent;\"><\/div>\n<\/div>\n<div style=\"margin-left: auto;\">\n<div style=\"width: 0px; border-top: 8px solid #F4F4F4; border-right: 8px solid transparent;\"><\/div>\n<div style=\"background-color: #f4f4f4; flex-grow: 0; height: 12px; width: 16px;\"><\/div>\n<div style=\"width: 0; height: 0; border-top: 8px solid #F4F4F4; border-left: 8px solid transparent;\"><\/div>\n<\/div>\n<\/div>\n<div style=\"flex-direction: column; flex-grow: 1; justify-content: center; margin-bottom: 24px;\">\n<div style=\"background-color: #f4f4f4; border-radius: 4px; flex-grow: 0; height: 14px; margin-bottom: 6px; width: 224px;\"><\/div>\n<div style=\"background-color: #f4f4f4; border-radius: 4px; flex-grow: 0; height: 14px; width: 144px;\"><\/div>\n<\/div>\n<p>&nbsp;<\/p>\n<p style=\"color: #c9c8cd; font-family: Arial,sans-serif; font-size: 14px; line-height: 17px; margin-bottom: 0; margin-top: 8px; overflow: hidden; padding: 8px 0 7px; text-align: center;\"><a style=\"color: #c9c8cd; font-family: Arial,sans-serif; font-size: 14px; font-style: normal; font-weight: normal; line-height: 17px; text-decoration: none;\" href=\"https:\/\/www.instagram.com\/p\/DNBoHfIKFOm\/?utm_source=ig_embed&amp;utm_campaign=loading\" target=\"_blank\" rel=\"noopener\">Une publication partag\u00e9e par Pierrick Bjx (@django_kyl)<\/a><\/p>\n<\/div>\n<\/blockquote>\n<h2><b>Le climat du Sud, une raison de plus pour y vivre<\/b><\/h2>\n<p><span style=\"font-weight: 400;\">Avec plus de<strong> 300 jours de soleil par an<\/strong>, P\u00e9zenas profite d\u2019un climat m\u00e9diterran\u00e9en qui donne imm\u00e9diatement le ton : on prend son temps, on vit dehors, on respire \u00e0 pleins poumons. Chaque coin de la ville semble inviter \u00e0 une pause, qu&#8217;il s&#8217;agisse de fl\u00e2ner dans les rues pi\u00e9tonnes ou de savourer un caf\u00e9 en terrasse avec vue sur les montagnes avoisinantes. Les paysages ici sont un v\u00e9ritable spectacle. Les collines verdoyantes, les champs de vignes \u00e0 perte de vue et les oliviers qui bordent la ville cr\u00e9ent un d\u00e9cor de carte postale, propice \u00e0 la d\u00e9tente.<\/span><\/p>\n<p><span style=\"font-weight: 400;\">L\u2019avantage ? Ce soleil radieux transforme P\u00e9zenas en un lieu de retraite id\u00e9al. En plus de vous offrir une qualit\u00e9 de vie exceptionnelle, ce climat permet de profiter d\u2019activit\u00e9s en plein air tout au long de l\u2019ann\u00e9e. Laissez-vous tenter par une balade \u00e0 v\u00e9lo \u00e0 travers <strong>la garrigue,<\/strong> une randonn\u00e9e \u00e0 travers les vignobles ou tout simplement par un apr\u00e8s-midi ensoleill\u00e9 au march\u00e9, \u00e0 la rencontre des producteurs locaux. Le matin, c\u2019est le march\u00e9 color\u00e9 qui vous accueille avec ses \u00e9tals de fruits, l\u00e9gumes, fromages et vins de la r\u00e9gion, tandis que l\u2019apr\u00e8s-midi, la ville s\u2019anime doucement, mais s\u00fbrement, avec des concerts ou des animations en plein air.<\/span><\/p>\n<blockquote class=\"instagram-media\" style=\"background: #FFF; border: 0; border-radius: 3px; margin: 1px; max-width: 540px; min-width: 326px; padding: 0; width: calc(100% - 2px);\" data-instgrm-captioned=\"\" data-instgrm-permalink=\"https:\/\/www.instagram.com\/p\/DN3DZS6WBJj\/?utm_source=ig_embed&amp;utm_campaign=loading\" data-instgrm-version=\"14\">\n<div style=\"padding: 16px;\">\n<p>&nbsp;<\/p>\n<div style=\"flex-direction: row; align-items: center;\">\n<div style=\"background-color: #f4f4f4; border-radius: 50%; flex-grow: 0; height: 40px; margin-right: 14px; width: 40px;\"><\/div>\n<div style=\"flex-direction: column; flex-grow: 1; justify-content: center;\">\n<div style=\"background-color: #f4f4f4; border-radius: 4px; flex-grow: 0; height: 14px; margin-bottom: 6px; width: 100px;\"><\/div>\n<div style=\"background-color: #f4f4f4; border-radius: 4px; flex-grow: 0; height: 14px; width: 60px;\"><\/div>\n<\/div>\n<\/div>\n<div style=\"padding: 19% 0;\"><\/div>\n<div style=\"height: 50px; margin: 0 auto 12px; width: 50px;\"><\/div>\n<div style=\"padding-top: 8px;\">\n<div style=\"color: #3897f0; font-family: Arial,sans-serif; font-size: 14px; font-style: normal; font-weight: 550; line-height: 18px;\">Voir cette publication sur Instagram<\/div>\n<\/div>\n<div style=\"padding: 12.5% 0;\"><\/div>\n<div style=\"flex-direction: row; margin-bottom: 14px; align-items: center;\">\n<div>\n<div style=\"background-color: #f4f4f4; border-radius: 50%; height: 12.5px; width: 12.5px;\"><\/div>\n<div style=\"background-color: #f4f4f4; height: 12.5px; width: 12.5px; flex-grow: 0; margin-right: 14px; margin-left: 2px;\"><\/div>\n<div style=\"background-color: #f4f4f4; border-radius: 50%; height: 12.5px; width: 12.5px;\"><\/div>\n<\/div>\n<div style=\"margin-left: 8px;\">\n<div style=\"background-color: #f4f4f4; border-radius: 50%; flex-grow: 0; height: 20px; width: 20px;\"><\/div>\n<div style=\"width: 0; height: 0; border-top: 2px solid transparent; border-left: 6px solid #f4f4f4; border-bottom: 2px solid transparent;\"><\/div>\n<\/div>\n<div style=\"margin-left: auto;\">\n<div style=\"width: 0px; border-top: 8px solid #F4F4F4; border-right: 8px solid transparent;\"><\/div>\n<div style=\"background-color: #f4f4f4; flex-grow: 0; height: 12px; width: 16px;\"><\/div>\n<div style=\"width: 0; height: 0; border-top: 8px solid #F4F4F4; border-left: 8px solid transparent;\"><\/div>\n<\/div>\n<\/div>\n<div style=\"flex-direction: column; flex-grow: 1; justify-content: center; margin-bottom: 24px;\">\n<div style=\"background-color: #f4f4f4; border-radius: 4px; flex-grow: 0; height: 14px; margin-bottom: 6px; width: 224px;\"><\/div>\n<div style=\"background-color: #f4f4f4; border-radius: 4px; flex-grow: 0; height: 14px; width: 144px;\"><\/div>\n<\/div>\n<p>&nbsp;<\/p>\n<p style=\"color: #c9c8cd; font-family: Arial,sans-serif; font-size: 14px; line-height: 17px; margin-bottom: 0; margin-top: 8px; overflow: hidden; padding: 8px 0 7px; text-align: center;\"><a style=\"color: #c9c8cd; font-family: Arial,sans-serif; font-size: 14px; font-style: normal; font-weight: normal; line-height: 17px; text-decoration: none;\" href=\"https:\/\/www.instagram.com\/p\/DN3DZS6WBJj\/?utm_source=ig_embed&amp;utm_campaign=loading\" target=\"_blank\" rel=\"noopener\">Une publication partag\u00e9e par Alexis Warren (@alexiswarren1982)<\/a><\/p>\n<\/div>\n<\/blockquote>\n<h2><b>Un village parfait pour les retrait\u00e9s\u2026 et pas que !<\/b><\/h2>\n<p><span style=\"font-weight: 400;\">Si P\u00e9zenas s\u00e9duit de plus en plus de <a href=\"https:\/\/discover.ulysse.com\/ce-petit-village-situe-a-2-heures-de-toulouse-est-le-parfait-lieu-pour-des-vacances-dete-pour-les-retraites\">retrait\u00e9s<\/a>, ce n\u2019est pas un hasard. Ce<strong> village du Sud<\/strong> a su miser sur un parfait m\u00e9lange de tranquillit\u00e9 et de qualit\u00e9 de vie, tout en conservant ce petit je-ne-sais-quoi qui fait le charme du<strong> Languedoc<\/strong>. Les services y sont \u00e0 la hauteur : commerces de proximit\u00e9, m\u00e9decin, pharmacie, tout ce qu\u2019il faut pour une vie sereine. Et pour ceux qui aiment garder un esprit dynamique, les clubs de randonn\u00e9e, les ateliers cr\u00e9atifs, les cours de danse ou de peinture ne manquent pas pour occuper leurs journ\u00e9es.<\/span><\/p>\n<p><span style=\"font-weight: 400;\">Le <strong>co\u00fbt de la vie \u00e0 P\u00e9zenas<\/strong> est aussi un atout majeur. En comparaison avec d&#8217;autres destinations plus touristiques comme Montpellier ou N\u00eemes, P\u00e9zenas reste un endroit abordable pour les retrait\u00e9s. Les loyers sont raisonnables, les restaurants offrent une cuisine savoureuse \u00e0 des prix corrects et les commerces locaux permettent de se faire plaisir sans se ruiner. En somme, vivre \u00e0 P\u00e9zenas, c\u2019est allier le confort d\u2019une ville bien \u00e9quip\u00e9e avec la simplicit\u00e9 d\u2019une vie en pleine nature. Que demander de plus ?<\/span><\/p>\n<blockquote class=\"instagram-media\" style=\"background: #FFF; border: 0; border-radius: 3px; margin: 1px; max-width: 540px; min-width: 326px; padding: 0; width: calc(100% - 2px);\" data-instgrm-captioned=\"\" data-instgrm-permalink=\"https:\/\/www.instagram.com\/p\/DNIUZ1OoC43\/?utm_source=ig_embed&amp;utm_campaign=loading\" data-instgrm-version=\"14\">\n<div style=\"padding: 16px;\">\n<p>&nbsp;<\/p>\n<div style=\"flex-direction: row; align-items: center;\">\n<div style=\"background-color: #f4f4f4; border-radius: 50%; flex-grow: 0; height: 40px; margin-right: 14px; width: 40px;\"><\/div>\n<div style=\"flex-direction: column; flex-grow: 1; justify-content: center;\">\n<div style=\"background-color: #f4f4f4; border-radius: 4px; flex-grow: 0; height: 14px; margin-bottom: 6px; width: 100px;\"><\/div>\n<div style=\"background-color: #f4f4f4; border-radius: 4px; flex-grow: 0; height: 14px; width: 60px;\"><\/div>\n<\/div>\n<\/div>\n<div style=\"padding: 19% 0;\"><\/div>\n<div style=\"height: 50px; margin: 0 auto 12px; width: 50px;\"><\/div>\n<div style=\"padding-top: 8px;\">\n<div style=\"color: #3897f0; font-family: Arial,sans-serif; font-size: 14px; font-style: normal; font-weight: 550; line-height: 18px;\">Voir cette publication sur Instagram<\/div>\n<\/div>\n<div style=\"padding: 12.5% 0;\"><\/div>\n<div style=\"flex-direction: row; margin-bottom: 14px; align-items: center;\">\n<div>\n<div style=\"background-color: #f4f4f4; border-radius: 50%; height: 12.5px; width: 12.5px;\"><\/div>\n<div style=\"background-color: #f4f4f4; height: 12.5px; width: 12.5px; flex-grow: 0; margin-right: 14px; margin-left: 2px;\"><\/div>\n<div style=\"background-color: #f4f4f4; border-radius: 50%; height: 12.5px; width: 12.5px;\"><\/div>\n<\/div>\n<div style=\"margin-left: 8px;\">\n<div style=\"background-color: #f4f4f4; border-radius: 50%; flex-grow: 0; height: 20px; width: 20px;\"><\/div>\n<div style=\"width: 0; height: 0; border-top: 2px solid transparent; border-left: 6px solid #f4f4f4; border-bottom: 2px solid transparent;\"><\/div>\n<\/div>\n<div style=\"margin-left: auto;\">\n<div style=\"width: 0px; border-top: 8px solid #F4F4F4; border-right: 8px solid transparent;\"><\/div>\n<div style=\"background-color: #f4f4f4; flex-grow: 0; height: 12px; width: 16px;\"><\/div>\n<div style=\"width: 0; height: 0; border-top: 8px solid #F4F4F4; border-left: 8px solid transparent;\"><\/div>\n<\/div>\n<\/div>\n<div style=\"flex-direction: column; flex-grow: 1; justify-content: center; margin-bottom: 24px;\">\n<div style=\"background-color: #f4f4f4; border-radius: 4px; flex-grow: 0; height: 14px; margin-bottom: 6px; width: 224px;\"><\/div>\n<div style=\"background-color: #f4f4f4; border-radius: 4px; flex-grow: 0; height: 14px; width: 144px;\"><\/div>\n<\/div>\n<p>&nbsp;<\/p>\n<p style=\"color: #c9c8cd; font-family: Arial,sans-serif; font-size: 14px; line-height: 17px; margin-bottom: 0; margin-top: 8px; overflow: hidden; padding: 8px 0 7px; text-align: center;\"><a style=\"color: #c9c8cd; font-family: Arial,sans-serif; font-size: 14px; font-style: normal; font-weight: normal; line-height: 17px; text-decoration: none;\" href=\"https:\/\/www.instagram.com\/p\/DNIUZ1OoC43\/?utm_source=ig_embed&amp;utm_campaign=loading\" target=\"_blank\" rel=\"noopener\">Une publication partag\u00e9e par Pernille Hermansen (@pernillehermansen)<\/a><\/p>\n<\/div>\n<\/blockquote>\n<h2><b>Comment rejoindre ce coin de paradis ? C\u2019est facile !<\/b><\/h2>\n<p><span style=\"font-weight: 400;\">Vous pensez qu\u2019un village aussi charmant et tranquille ne peut pas \u00eatre facilement accessible ? D\u00e9trompez-vous ! P\u00e9zenas est bien reli\u00e9e aux grandes villes fran\u00e7aises, et le train est sans doute l\u2019un des moyens les plus agr\u00e9ables pour s\u2019y rendre. Depuis Paris, vous pouvez prendre un train \u00e0 grande vitesse direction Montpellier (environ 3 heures), puis un court trajet en train ou en bus pour rejoindre le village. Depuis Lyon, c\u2019est un peu plus de 3 heures et demie avec une correspondance rapide \u00e0 <a href=\"https:\/\/discover.ulysse.com\/forteresse-medievale-mieux-preservee-hexagone\">N\u00eemes<\/a> ou Montpellier. Et le plus beau, c\u2019est que le prix des billets de train reste raisonnable si vous r\u00e9servez \u00e0 l\u2019avance.<\/span><\/p>\n<p><span style=\"font-weight: 400;\">Le train permet de profiter du paysage tout au long du trajet, vous immergeant d\u00e9j\u00e0 dans l\u2019ambiance de la r\u00e9gion, et vous permettant de commencer vos vacances d\u00e8s le d\u00e9part. Une fois \u00e0 P\u00e9zenas, tout est accessible \u00e0 pied : le village se pr\u00eate \u00e0 la fl\u00e2nerie et vous pourrez d\u00e9couvrir ses petites rues et ses charmantes places en toute tranquillit\u00e9.<\/span><\/p>\n<blockquote class=\"instagram-media\" style=\"background: #FFF; border: 0; border-radius: 3px; margin: 1px; max-width: 540px; min-width: 326px; padding: 0; width: calc(100% - 2px);\" data-instgrm-captioned=\"\" data-instgrm-permalink=\"https:\/\/www.instagram.com\/p\/DNxzLk8UPeL\/?utm_source=ig_embed&amp;utm_campaign=loading\" data-instgrm-version=\"14\">\n<div style=\"padding: 16px;\">\n<p>&nbsp;<\/p>\n<div style=\"flex-direction: row; align-items: center;\">\n<div style=\"background-color: #f4f4f4; border-radius: 50%; flex-grow: 0; height: 40px; margin-right: 14px; width: 40px;\"><\/div>\n<div style=\"flex-direction: column; flex-grow: 1; justify-content: center;\">\n<div style=\"background-color: #f4f4f4; border-radius: 4px; flex-grow: 0; height: 14px; margin-bottom: 6px; width: 100px;\"><\/div>\n<div style=\"background-color: #f4f4f4; border-radius: 4px; flex-grow: 0; height: 14px; width: 60px;\"><\/div>\n<\/div>\n<\/div>\n<div style=\"padding: 19% 0;\"><\/div>\n<div style=\"height: 50px; margin: 0 auto 12px; width: 50px;\"><\/div>\n<div style=\"padding-top: 8px;\">\n<div style=\"color: #3897f0; font-family: Arial,sans-serif; font-size: 14px; font-style: normal; font-weight: 550; line-height: 18px;\">Voir cette publication sur Instagram<\/div>\n<\/div>\n<div style=\"padding: 12.5% 0;\"><\/div>\n<div style=\"flex-direction: row; margin-bottom: 14px; align-items: center;\">\n<div>\n<div style=\"background-color: #f4f4f4; border-radius: 50%; height: 12.5px; width: 12.5px;\"><\/div>\n<div style=\"background-color: #f4f4f4; height: 12.5px; width: 12.5px; flex-grow: 0; margin-right: 14px; margin-left: 2px;\"><\/div>\n<div style=\"background-color: #f4f4f4; border-radius: 50%; height: 12.5px; width: 12.5px;\"><\/div>\n<\/div>\n<div style=\"margin-left: 8px;\">\n<div style=\"background-color: #f4f4f4; border-radius: 50%; flex-grow: 0; height: 20px; width: 20px;\"><\/div>\n<div style=\"width: 0; height: 0; border-top: 2px solid transparent; border-left: 6px solid #f4f4f4; border-bottom: 2px solid transparent;\"><\/div>\n<\/div>\n<div style=\"margin-left: auto;\">\n<div style=\"width: 0px; border-top: 8px solid #F4F4F4; border-right: 8px solid transparent;\"><\/div>\n<div style=\"background-color: #f4f4f4; flex-grow: 0; height: 12px; width: 16px;\"><\/div>\n<div style=\"width: 0; height: 0; border-top: 8px solid #F4F4F4; border-left: 8px solid transparent;\"><\/div>\n<\/div>\n<\/div>\n<div style=\"flex-direction: column; flex-grow: 1; justify-content: center; margin-bottom: 24px;\">\n<div style=\"background-color: #f4f4f4; border-radius: 4px; flex-grow: 0; height: 14px; margin-bottom: 6px; width: 224px;\"><\/div>\n<div style=\"background-color: #f4f4f4; border-radius: 4px; flex-grow: 0; height: 14px; width: 144px;\"><\/div>\n<\/div>\n<p>&nbsp;<\/p>\n<p style=\"color: #c9c8cd; font-family: Arial,sans-serif; font-size: 14px; line-height: 17px; margin-bottom: 0; margin-top: 8px; overflow: hidden; padding: 8px 0 7px; text-align: center;\"><a style=\"color: #c9c8cd; font-family: Arial,sans-serif; font-size: 14px; font-style: normal; font-weight: normal; line-height: 17px; text-decoration: none;\" href=\"https:\/\/www.instagram.com\/p\/DNxzLk8UPeL\/?utm_source=ig_embed&amp;utm_campaign=loading\" target=\"_blank\" rel=\"noopener\">Une publication partag\u00e9e par \ud835\udc3f\ud835\udcbe\ud835\udcc1\ud835\udcbe \ud83c\udf3a (@lili.lexploratrice)<\/a><\/p>\n<\/div>\n<\/blockquote>\n<p><span style=\"font-weight: 400;\">P\u00e9zenas est donc un village o\u00f9 il fait bon vivre, tout en restant facile d\u2019acc\u00e8s. \u00c0 peine quelques heures de train et vous vous retrouvez dans ce petit coin de paradis o\u00f9 chaque jour est une promesse de joie et de s\u00e9r\u00e9nit\u00e9. <\/span><span style=\"font-weight: 400;\">P\u00e9zenas n\u2019est pas juste un lieu de retraite, c\u2019est un lieu o\u00f9 l\u2019on peut red\u00e9couvrir la joie de vivre, dans un cadre naturel exceptionnel et une ambiance m\u00e9diterran\u00e9enne inimitable.<\/span><\/p>\n","protected":false},"excerpt":{"rendered":"<p>Vous r\u00eavez d&#8217;un endroit o\u00f9 la vie s&#8217;\u00e9coule \u00e0 un rythme plus doux, tout en \u00e9tant empreint de cette ambiance [&hellip;]<\/p>\n","protected":false},"author":3,"featured_media":34329,"comment_status":"open","ping_status":"closed","sticky":false,"template":"","format":"standard","meta":{"_acf_changed":false,"_sitemap_exclude":false,"_sitemap_priority":"","_sitemap_frequency":"","footnotes":"","rank_math_title":"","rank_math_description":"P\u00e9zenas, le village du Sud o\u00f9 tranquillit\u00e9 et joie de vivre s\u2019unissent pour offrir une retraite id\u00e9ale. D\u00e9couvrez son charme irr\u00e9sistible !\n","rank_math_canonical_url":"","rank_math_focus_keyword":"village"},"categories":[3],"tags":[],"class_list":["post-34328","post","type-post","status-publish","format-standard","has-post-thumbnail","hentry","category-voyage"],"acf":[],"_links":{"self":[{"href":"https:\/\/ulysse.com\/news\/wp-json\/wp\/v2\/posts\/34328","targetHints":{"allow":["GET"]}}],"collection":[{"href":"https:\/\/ulysse.com\/news\/wp-json\/wp\/v2\/posts"}],"about":[{"href":"https:\/\/ulysse.com\/news\/wp-json\/wp\/v2\/types\/post"}],"author":[{"embeddable":true,"href":"https:\/\/ulysse.com\/news\/wp-json\/wp\/v2\/users\/3"}],"replies":[{"embeddable":true,"href":"https:\/\/ulysse.com\/news\/wp-json\/wp\/v2\/comments?post=34328"}],"version-history":[{"count":2,"href":"https:\/\/ulysse.com\/news\/wp-json\/wp\/v2\/posts\/34328\/revisions"}],"predecessor-version":[{"id":34354,"href":"https:\/\/ulysse.com\/news\/wp-json\/wp\/v2\/posts\/34328\/revisions\/34354"}],"wp:featuredmedia":[{"embeddable":true,"href":"https:\/\/ulysse.com\/news\/wp-json\/wp\/v2\/media\/34329"}],"wp:attachment":[{"href":"https:\/\/ulysse.com\/news\/wp-json\/wp\/v2\/media?parent=34328"}],"wp:term":[{"taxonomy":"category","embeddable":true,"href":"https:\/\/ulysse.com\/news\/wp-json\/wp\/v2\/categories?post=34328"},{"taxonomy":"post_tag","embeddable":true,"href":"https:\/\/ulysse.com\/news\/wp-json\/wp\/v2\/tags?post=34328"}],"curies":[{"name":"wp","href":"https:\/\/api.w.org\/{rel}","templated":true}]}}