{"id":34364,"date":"2025-08-31T12:00:51","date_gmt":"2025-08-31T11:00:51","guid":{"rendered":"https:\/\/discover.ulysse.com\/?p=34364"},"modified":"2025-08-31T09:18:34","modified_gmt":"2025-08-31T08:18:34","slug":"lete-sauve-par-les-etrangers-ne-cache-pas-le-desamour-des-francais-pour-la-cote-dazur","status":"publish","type":"post","link":"https:\/\/ulysse.com\/news\/lete-sauve-par-les-etrangers-ne-cache-pas-le-desamour-des-francais-pour-la-cote-dazur","title":{"rendered":"L\u2019\u00e9t\u00e9 sauv\u00e9 par les \u00e9trangers ne cache pas le d\u00e9samour des Fran\u00e7ais pour la C\u00f4te d\u2019Azur"},"content":{"rendered":"<p data-start=\"289\" data-end=\"973\">Le premier bilan touristique de l\u2019\u00e9t\u00e9 2025 sur la C\u00f4te d\u2019Azur r\u00e9v\u00e8le un paradoxe : une saison jug\u00e9e correcte du c\u00f4t\u00e9 des h\u00e9bergements, mais d\u00e9cevante pour les restaurateurs. Les chiffres d\u2019occupation h\u00f4teli\u00e8re progressent l\u00e9g\u00e8rement par rapport \u00e0 2024, atteignant jusqu\u2019\u00e0 98 % en pointe mi-ao\u00fbt. Pourtant, les professionnels de la restauration observent une chute de fr\u00e9quentation allant jusqu\u2019\u00e0 25 %. Si la client\u00e8le fran\u00e7aise semble plus \u00e9conome, les Am\u00e9ricains sauvent la mise par leur pr\u00e9sence et leur niveau de d\u00e9pense. Derri\u00e8re les bons taux d\u2019occupation, c\u2019est un mod\u00e8le \u00e9conomique d\u00e9s\u00e9quilibr\u00e9 qui se dessine, au d\u00e9triment des acteurs les plus expos\u00e9s.<\/p>\n<h2 data-start=\"975\" data-end=\"1043\">Une fr\u00e9quentation touristique stable, mais sans v\u00e9ritable reprise<\/h2>\n<p data-start=\"1045\" data-end=\"1812\">Les h\u00e9bergements de la <a href=\"https:\/\/discover.ulysse.com\/lile-flottante-qui-faisait-sensation-sur-la-cote-dazur-prend-le-large-vers-malte\">C\u00f4te d\u2019Azur<\/a> affichent une r\u00e9silience notable, avec un taux moyen d\u2019occupation en hausse de 1 \u00e0 3 points selon les cat\u00e9gories. H\u00f4tels, campings, r\u00e9sidences de tourisme et logements entre particuliers ont tous b\u00e9n\u00e9fici\u00e9 d\u2019un l\u00e9ger regain, en particulier lors du long week-end du 15 ao\u00fbt, o\u00f9 l\u2019occupation a culmin\u00e9 \u00e0 98 %. La zone littorale reste la locomotive de la saison, bien devant l\u2019arri\u00e8re-pays, o\u00f9 la fr\u00e9quentation stagne autour des 50 \u00e0 62 % selon les p\u00e9riodes. Ces chiffres positifs cachent toutefois une absence de dynamique forte. Les \u00e9v\u00e9nements culturels et sportifs (Nice Jazz Festival, Patrouille de France \u00e0 Menton\u2026) ont permis de soutenir la saison, mais aucun effet d\u2019entra\u00eenement massif n\u2019a \u00e9t\u00e9 constat\u00e9.<\/p>\n<p data-start=\"1814\" data-end=\"2215\">La stabilit\u00e9 de la fr\u00e9quentation tient davantage \u00e0 la fid\u00e9lit\u00e9 de certains march\u00e9s \u00e9trangers qu\u2019\u00e0 une reprise de la demande int\u00e9rieure. Les professionnels interrog\u00e9s constatent une forme d\u2019essoufflement de la demande domestique, combin\u00e9e \u00e0 un renforcement de la s\u00e9lection budg\u00e9taire des vacanciers. La reprise se fait donc au ralenti, avec une visibilit\u00e9 encore floue pour la suite de l\u2019ann\u00e9e.<\/p>\n<h2 data-start=\"2217\" data-end=\"2298\">Une restauration en crise silencieuse, \u00e9trangl\u00e9e par la baisse de la client\u00e8le<\/h2>\n<p data-start=\"2300\" data-end=\"3017\">Alors que l\u2019h\u00e9bergement r\u00e9siste, la restauration d\u00e9visse. Les restaurateurs azur\u00e9ens enregistrent des baisses de fr\u00e9quentation de 15 \u00e0 25 % selon les segments. Cette tendance touche en priorit\u00e9 la gastronomie traditionnelle, mais n\u2019\u00e9pargne pas les \u00e9tablissements plus g\u00e9n\u00e9ralistes. En cause, une r\u00e9duction de la d\u00e9pense moyenne, une pr\u00e9f\u00e9rence accrue pour les solutions de type livraison ou plats \u00e0 emporter, et une pression concurrentielle renforc\u00e9e par les locations saisonni\u00e8res qui offrent des cuisines \u00e9quip\u00e9es. Certains professionnels parlent d\u2019un \u00e9t\u00e9 en trompe-l\u2019\u0153il, o\u00f9 les terrasses pleines le soir masquent des journ\u00e9es enti\u00e8res creuses, en particulier dans les zones moins touristiques.<\/p>\n<p data-start=\"3019\" data-end=\"3602\">Cette situation soul\u00e8ve des questions de fond sur le mod\u00e8le touristique local, qui repose sur un \u00e9quilibre entre h\u00e9bergement, restauration et activit\u00e9s. Quand un maillon c\u00e8de, c\u2019est toute la cha\u00eene qui se fragilise. Le paradoxe est d\u2019autant plus marquant que les chiffres d\u2019occupation h\u00f4teli\u00e8re pourraient laisser croire \u00e0 une excellente saison. Or, si les touristes dorment, ils ne consomment plus comme avant. Pour beaucoup de restaurateurs, cette \u00e9volution n\u2019est plus conjoncturelle, mais structurelle : l\u2019\u00e9conomie du repas de vacances est en train de se reconfigurer.<\/p>\n<blockquote class=\"tiktok-embed\" style=\"max-width: 605px; min-width: 325px;\" cite=\"https:\/\/www.tiktok.com\/@camcassss\/video\/7512895758874479895\" data-video-id=\"7512895758874479895\">\n<section><a title=\"@camcassss\" href=\"https:\/\/www.tiktok.com\/@camcassss?refer=embed\" target=\"_blank\" rel=\"noopener\">@camcassss<\/a> my favorite beach club <a title=\"cotedazur\" href=\"https:\/\/www.tiktok.com\/tag\/cotedazur?refer=embed\" target=\"_blank\" rel=\"noopener\">#cotedazur<\/a> <a title=\"frenchriviera\" href=\"https:\/\/www.tiktok.com\/tag\/frenchriviera?refer=embed\" target=\"_blank\" rel=\"noopener\">#frenchriviera<\/a> <a title=\"vacances\" href=\"https:\/\/www.tiktok.com\/tag\/vacances?refer=embed\" target=\"_blank\" rel=\"noopener\">#vacances<\/a> <a title=\"\u266c tg Prokuror_767 subs please - 767\" href=\"https:\/\/www.tiktok.com\/music\/tg-Prokuror767-subs-please-7425311228756609808?refer=embed\" target=\"_blank\" rel=\"noopener\">\u266c tg Prokuror_767 subs please &#8211; 767<\/a><\/section>\n<\/blockquote>\n<p><script async src=\"https:\/\/www.tiktok.com\/embed.js\"><\/script><\/p>\n<h2 data-start=\"3604\" data-end=\"3675\">Une client\u00e8le \u00e9trang\u00e8re toujours plus d\u00e9cisive\u2026 mais d\u00e9s\u00e9quilibrante<\/h2>\n<p data-start=\"3677\" data-end=\"4397\">Les touristes \u00e9trangers, notamment am\u00e9ricains, ont repr\u00e9sent\u00e9 <strong>57 % de la client\u00e8le estivale<\/strong> sur la C\u00f4te d\u2019Azur en juillet et ao\u00fbt. Leur contribution est d\u00e9terminante : ils d\u00e9pensent en moyenne 170 euros par jour et par personne, contre 75 euros pour les Fran\u00e7ais. Cette surrepr\u00e9sentation a sauv\u00e9 la saison, en particulier \u00e0 Nice et dans ses alentours, o\u00f9 les liaisons a\u00e9riennes transatlantiques sont strat\u00e9giquement d\u00e9velopp\u00e9es. Mais cette d\u00e9pendance croissante \u00e0 une client\u00e8le lointaine pose question. Elle expose la r\u00e9gion \u00e0 de fortes vuln\u00e9rabilit\u00e9s g\u00e9opolitiques, sanitaires ou \u00e9conomiques. La diversification est faible, les Asiatiques restent absents, et les client\u00e8les europ\u00e9ennes stagnent.<\/p>\n<p data-start=\"4399\" data-end=\"4943\">Les effets d\u2019une telle orientation se font d\u00e9j\u00e0 sentir : mont\u00e9e des prix dans les zones pris\u00e9es, d\u00e9connexion croissante entre offre et client\u00e8le locale, et creusement des in\u00e9galit\u00e9s entre les territoires. Tandis que le littoral b\u00e9n\u00e9ficie de cette manne \u00e9trang\u00e8re, l\u2019arri\u00e8re-pays et les commerces de proximit\u00e9 peinent \u00e0 suivre. Cette polarisation interroge la soutenabilit\u00e9 du mod\u00e8le touristique azur\u00e9en, de plus en plus centr\u00e9 sur les classes ais\u00e9es internationales, au d\u00e9triment d\u2019un tourisme \u00e9quilibr\u00e9 et territorialement r\u00e9parti.<\/p>\n","protected":false},"excerpt":{"rendered":"<p>Le premier bilan touristique de l\u2019\u00e9t\u00e9 2025 sur la C\u00f4te d\u2019Azur r\u00e9v\u00e8le un paradoxe : une saison jug\u00e9e correcte du [&hellip;]<\/p>\n","protected":false},"author":4,"featured_media":28225,"comment_status":"open","ping_status":"closed","sticky":false,"template":"","format":"standard","meta":{"_acf_changed":false,"_sitemap_exclude":false,"_sitemap_priority":"","_sitemap_frequency":"","footnotes":"","rank_math_title":"","rank_math_description":"","rank_math_canonical_url":"","rank_math_focus_keyword":"cote d'azur"},"categories":[3],"tags":[],"class_list":["post-34364","post","type-post","status-publish","format-standard","has-post-thumbnail","hentry","category-voyage"],"acf":[],"_links":{"self":[{"href":"https:\/\/ulysse.com\/news\/wp-json\/wp\/v2\/posts\/34364","targetHints":{"allow":["GET"]}}],"collection":[{"href":"https:\/\/ulysse.com\/news\/wp-json\/wp\/v2\/posts"}],"about":[{"href":"https:\/\/ulysse.com\/news\/wp-json\/wp\/v2\/types\/post"}],"author":[{"embeddable":true,"href":"https:\/\/ulysse.com\/news\/wp-json\/wp\/v2\/users\/4"}],"replies":[{"embeddable":true,"href":"https:\/\/ulysse.com\/news\/wp-json\/wp\/v2\/comments?post=34364"}],"version-history":[{"count":4,"href":"https:\/\/ulysse.com\/news\/wp-json\/wp\/v2\/posts\/34364\/revisions"}],"predecessor-version":[{"id":34403,"href":"https:\/\/ulysse.com\/news\/wp-json\/wp\/v2\/posts\/34364\/revisions\/34403"}],"wp:featuredmedia":[{"embeddable":true,"href":"https:\/\/ulysse.com\/news\/wp-json\/wp\/v2\/media\/28225"}],"wp:attachment":[{"href":"https:\/\/ulysse.com\/news\/wp-json\/wp\/v2\/media?parent=34364"}],"wp:term":[{"taxonomy":"category","embeddable":true,"href":"https:\/\/ulysse.com\/news\/wp-json\/wp\/v2\/categories?post=34364"},{"taxonomy":"post_tag","embeddable":true,"href":"https:\/\/ulysse.com\/news\/wp-json\/wp\/v2\/tags?post=34364"}],"curies":[{"name":"wp","href":"https:\/\/api.w.org\/{rel}","templated":true}]}}