{"id":34367,"date":"2025-09-01T19:00:05","date_gmt":"2025-09-01T18:00:05","guid":{"rendered":"https:\/\/discover.ulysse.com\/?p=34367"},"modified":"2025-09-01T09:17:37","modified_gmt":"2025-09-01T08:17:37","slug":"ce-village-varois-aux-40-fontaines-et-ruelles-historiques-est-lescapade-parfaite","status":"publish","type":"post","link":"https:\/\/ulysse.com\/news\/ce-village-varois-aux-40-fontaines-et-ruelles-historiques-est-lescapade-parfaite","title":{"rendered":"Ce village varois aux 40 fontaines et ruelles historiques est l&#8217;escapade parfaite"},"content":{"rendered":"<p data-start=\"326\" data-end=\"991\">Nich\u00e9e entre les paysages embl\u00e9matiques du Verdon et de la Sainte-Victoire, Barjols invite \u00e0 une \u00e9chapp\u00e9e douce, rafra\u00eechissante et hors du temps. Surnomm\u00e9e la \u00ab Tivoli de Provence \u00bb, cette petite cit\u00e9 varoise s\u00e9duit par son labyrinthe de ruelles, ses quarante fontaines et son ambiance paisible, loin du tumulte de la c\u00f4te. Patrimoine, nature, balades \u00e0 l\u2019ombre de l\u2019eau, et traditions festives : toutes les raisons sont r\u00e9unies pour une pause inoubliable, en couple, en famille ou entre amis. Id\u00e9ale pour un week-end d\u00e9paysant ou une \u00e9tape bucolique, Barjols fait rimer authenticit\u00e9 et fra\u00eecheur en plein c\u0153ur de la Provence verte.<\/p>\n<h2 data-start=\"993\" data-end=\"1048\">Fl\u00e2neries au fil de l\u2019eau : l\u2019art de vivre barjolais<\/h2>\n<p data-start=\"1050\" data-end=\"1629\">\u00c0 Barjols, l\u2019eau est partout. Elle chante, coule, ruisselle, \u00e9clabousse\u2026 et donne le ton de la visite. Avec pr\u00e8s de <strong>40 fontaines et lavoirs<\/strong>, le village propose une promenade sensorielle unique, entre ombre, fra\u00eecheur et patrimoine. Chaque coin de rue d\u00e9voile une vasque ancienne, un petit bassin ou une fontaine sculpt\u00e9e, reflets d\u2019un art de vivre proven\u00e7al tourn\u00e9 vers la nature. Le quartier des chutes du R\u00e9al est un incontournable : ses cascades, vestiges de tanneries, moulins et sentiers moussus offrent un cadre id\u00e9al pour une balade po\u00e9tique et photographique.<\/p>\n<p data-start=\"1631\" data-end=\"2143\">Le circuit des fontaines est balis\u00e9 et facile d\u2019acc\u00e8s, parfait pour une promenade matinale ou une sortie en famille. L\u2019ambiance est calme et apaisante, rythm\u00e9e par le bruit de l\u2019eau et les chants des oiseaux. Un luxe rare en \u00e9t\u00e9, dans une r\u00e9gion souvent marqu\u00e9e par la chaleur. C\u2019est aussi l\u2019occasion de d\u00e9couvrir <a href=\"https:\/\/discover.ulysse.com\/ce-village-medieval-du-perigord-noir-est-lendroit-ideal-pour-une-retraite-tranquille\">l\u2019histoire du village<\/a> \u00e0 travers ses fontaines, qui ont aliment\u00e9 autrefois artisans et habitants. Ici, le patrimoine n\u2019est pas fig\u00e9 : il se respire, s\u2019\u00e9coute et se touche \u00e0 chaque d\u00e9tour.<\/p>\n<blockquote class=\"tiktok-embed\" style=\"max-width: 605px; min-width: 325px;\" cite=\"https:\/\/www.tiktok.com\/@myriambrell\/video\/7467435593556004098\" data-video-id=\"7467435593556004098\">\n<section><a title=\"@myriambrell\" href=\"https:\/\/www.tiktok.com\/@myriambrell?refer=embed\" target=\"_blank\" rel=\"noopener\">@myriambrell<\/a> Bonjour, Je vous emm\u00e8ne aujourd&#8217;hui \u00e0 Barjols, un magnifique village varois, situ\u00e9 \u00e0 15 km de l&#8217;entr\u00e9e du parc naturel r\u00e9gional du Verdon. Ce village \u00e0 la particularit\u00e9 d&#8217;\u00eatre tr\u00e8s riche en eau car il poss\u00e8de plusieurs cours d&#8217;eau comme la rivi\u00e8re du Fauvery, le Ruisseau des \u00e9crevisses et la rivi\u00e8re l&#8217;Eau Sal\u00e9e. Cette eau abondante a permis le peuplement du site d\u00e8s l&#8217;Antiquit\u00e9 .. Depuis plusieurs si\u00e8cles, Barjols \u00e9tait dot\u00e9 d&#8217;une canalisation en poterie. Celle-ci a \u00e9t\u00e9 remplac\u00e9e en 1894 par une tuyauterie en fonte. L&#8217;abondance de cette eau a \u00e9galement favoris\u00e9 l&#8217;industrialisation du village, gr\u00e2ce \u00e0 l&#8217;implantation de tanneries. La premi\u00e8re a ouvert ses portes en 1606, les derniers ateliers ont ferm\u00e9 en 1981. Le cuir de Barjols \u00e9tait tr\u00e8s r\u00e9put\u00e9. Une foire du cuir se tient toujours dans le village chaque ann\u00e9e au d\u00e9but du mois d&#8217;ao\u00fbt. La maison r\u00e9gionale de l&#8217;eau, situ\u00e9e \u00e0 Barjols, contribue au d\u00e9veloppement de la connaissance des \u00e9cosyst\u00e8mes aquatiques. La pr\u00e9sence d&#8217;eau et de relief a cr\u00e9\u00e9 de nombreuses cascades dans le village. Outre ses chutes d&#8217;eau, on compte dans la commune 28 fontaines et 15 lavoirs. certains lavoirs \u00e9tant accol\u00e9s \u00e0 leurs fontaines. En 1906, on d\u00e9nombrait 32 fontaines ..certaines n&#8217;existent plus, d&#8217;autres sont dans des propri\u00e9t\u00e9s priv\u00e9es. En vous rendant \u00e0 l&#8217;Office du Tourisme du village, il vous sera remis une carte qui vous permettra d&#8217;effectuer le parcours des fontaines. Tr\u00e8s belle journ\u00e9e \u00e0 tous \ud83d\udca7\ud83d\udca6\ud83d\ude4f <a title=\"Provence\" href=\"https:\/\/www.tiktok.com\/tag\/Provence?refer=embed\" target=\"_blank\" rel=\"noopener\">#Provence<\/a> <a title=\"Var\" href=\"https:\/\/www.tiktok.com\/tag\/Var?refer=embed\" target=\"_blank\" rel=\"noopener\">#Var<\/a> <a title=\"paca\" href=\"https:\/\/www.tiktok.com\/tag\/paca?refer=embed\" target=\"_blank\" rel=\"noopener\">#paca<\/a> <a title=\"barjols\" href=\"https:\/\/www.tiktok.com\/tag\/barjols?refer=embed\" target=\"_blank\" rel=\"noopener\">#barjols<\/a> <a title=\"France\" href=\"https:\/\/www.tiktok.com\/tag\/France?refer=embed\" target=\"_blank\" rel=\"noopener\">#France<\/a> <a title=\"eau\" href=\"https:\/\/www.tiktok.com\/tag\/eau?refer=embed\" target=\"_blank\" rel=\"noopener\">#eau<\/a> <a title=\"cascade\" href=\"https:\/\/www.tiktok.com\/tag\/cascade?refer=embed\" target=\"_blank\" rel=\"noopener\">#cascade<\/a> <a title=\"riviere\" href=\"https:\/\/www.tiktok.com\/tag\/riviere?refer=embed\" target=\"_blank\" rel=\"noopener\">#riviere<\/a> <a title=\"ruisseau\" href=\"https:\/\/www.tiktok.com\/tag\/ruisseau?refer=embed\" target=\"_blank\" rel=\"noopener\">#ruisseau<\/a> <a title=\"villageproven\u00e7al\" href=\"https:\/\/www.tiktok.com\/tag\/villageproven%C3%A7al?refer=embed\" target=\"_blank\" rel=\"noopener\">#villageproven\u00e7al<\/a> <a title=\"\u266c Nino Ferrer Le sud - inspiration_paroles\" href=\"https:\/\/www.tiktok.com\/music\/Nino-Ferrer-Le-sud-7375881429223328544?refer=embed\" target=\"_blank\" rel=\"noopener\">\u266c Nino Ferrer Le sud &#8211; inspiration_paroles<\/a><\/section>\n<\/blockquote>\n<p><script async src=\"https:\/\/www.tiktok.com\/embed.js\"><\/script><\/p>\n<h2 data-start=\"2145\" data-end=\"2205\">Tr\u00e9sors historiques et savoir-faire en pleine renaissance<\/h2>\n<p data-start=\"2207\" data-end=\"2729\">Barjols, c\u2019est aussi une histoire riche et captivante, que l\u2019on d\u00e9couvre au fil des rues pav\u00e9es et des \u00e9difices anciens. Ancienne cit\u00e9 papale, \u00e9tape des Comtes de Provence et th\u00e9\u00e2tre des grandes heures de la tannerie, le village conserve une empreinte m\u00e9di\u00e9vale forte. La Coll\u00e9giale Saint-Marcel, du XIe si\u00e8cle, impressionne par son architecture sobre et sa superbe acoustique. \u00c0 l\u2019int\u00e9rieur, les stalles de bois sculpt\u00e9es et les pierres fra\u00eeches rappellent le passage du temps et la solidit\u00e9 de la foi locale.<\/p>\n<p data-start=\"2731\" data-end=\"3331\">Mais Barjols ne regarde pas seulement vers le pass\u00e9 : ses anciennes tanneries, aujourd\u2019hui en cours de reconversion, abritent ateliers d\u2019artistes, expositions, et projets culturels innovants. Une renaissance discr\u00e8te mais prometteuse, qui fait de Barjols un lieu de cr\u00e9ation autant que de contemplation. Entre patrimoine et avenir, le village trouve une belle harmonie. Pour les visiteurs curieux, ces espaces sont ouverts \u00e0 la d\u00e9couverte, notamment lors d\u2019\u00e9v\u00e9nements ponctuels ou de visites organis\u00e9es. C\u2019est une Provence vivante, ancr\u00e9e dans son histoire mais tourn\u00e9e vers l\u2019avenir.<\/p>\n<blockquote class=\"tiktok-embed\" style=\"max-width: 605px; min-width: 325px;\" cite=\"https:\/\/www.tiktok.com\/@rahma_nourr\/video\/7529600741917445398\" data-video-id=\"7529600741917445398\">\n<section><a title=\"@rahma_nourr\" href=\"https:\/\/www.tiktok.com\/@rahma_nourr?refer=embed\" target=\"_blank\" rel=\"noopener\">@rahma_nourr<\/a> Les cascades et grottes de Barjols \ud83d\udccd\ud83e\ude75 <a title=\"pourtoi\" href=\"https:\/\/www.tiktok.com\/tag\/pourtoi?refer=embed\" target=\"_blank\" rel=\"noopener\">#pourtoi<\/a> <a title=\"fyp\" href=\"https:\/\/www.tiktok.com\/tag\/fyp?refer=embed\" target=\"_blank\" rel=\"noopener\">#fyp<\/a> <a title=\"marseille\" href=\"https:\/\/www.tiktok.com\/tag\/marseille?refer=embed\" target=\"_blank\" rel=\"noopener\">#marseille<\/a> <a title=\"cascade\" href=\"https:\/\/www.tiktok.com\/tag\/cascade?refer=embed\" target=\"_blank\" rel=\"noopener\">#cascade<\/a> <a title=\"sud\" href=\"https:\/\/www.tiktok.com\/tag\/sud?refer=embed\" target=\"_blank\" rel=\"noopener\">#sud<\/a> <a title=\"activitessud\" href=\"https:\/\/www.tiktok.com\/tag\/activitessud?refer=embed\" target=\"_blank\" rel=\"noopener\">#activitessud<\/a> <a title=\"paca\" href=\"https:\/\/www.tiktok.com\/tag\/paca?refer=embed\" target=\"_blank\" rel=\"noopener\">#paca<\/a> <a title=\"var\" href=\"https:\/\/www.tiktok.com\/tag\/var?refer=embed\" target=\"_blank\" rel=\"noopener\">#var<\/a> <a title=\"suddelafrance\" href=\"https:\/\/www.tiktok.com\/tag\/suddelafrance?refer=embed\" target=\"_blank\" rel=\"noopener\">#suddelafrance<\/a> <a title=\"summer\" href=\"https:\/\/www.tiktok.com\/tag\/summer?refer=embed\" target=\"_blank\" rel=\"noopener\">#summer<\/a> <a title=\"cascadesdefrance\" href=\"https:\/\/www.tiktok.com\/tag\/cascadesdefrance?refer=embed\" target=\"_blank\" rel=\"noopener\">#cascadesdefrance<\/a> <a title=\"\u266c son original - rahma_ \u2661 \ufe0e\" href=\"https:\/\/www.tiktok.com\/music\/son-original-7529600740065282818?refer=embed\" target=\"_blank\" rel=\"noopener\">\u266c son original &#8211; rahma_ \u2661 \ufe0e<\/a><\/section>\n<\/blockquote>\n<p><script async src=\"https:\/\/www.tiktok.com\/embed.js\"><\/script><\/p>\n<h2 data-start=\"3333\" data-end=\"3398\">Nature spectaculaire et f\u00eates populaires : le plein d\u2019\u00e9motions<\/h2>\n<p data-start=\"3400\" data-end=\"3922\">Impossible de passer par Barjols sans explorer le <strong>vallon des Carmes<\/strong>. V\u00e9ritable bijou naturel, ce site enchante par ses cascades, ses falaises de tuf, ses ruissellements cristallins et sa v\u00e9g\u00e9tation luxuriante. Le sentier, accessible \u00e0 tous, m\u00e8ne \u00e0 une succession de points de vue spectaculaires, propices \u00e0 la d\u00e9tente, \u00e0 la m\u00e9ditation\u2026 ou au pique-nique improvis\u00e9. Les familles comme les photographes y trouvent leur bonheur. En \u00e9t\u00e9, c\u2019est une parenth\u00e8se de fra\u00eecheur in\u00e9gal\u00e9e, loin des plages bond\u00e9es.<\/p>\n<p data-start=\"3924\" data-end=\"4546\">Tout au long de l\u2019ann\u00e9e, Barjols vibre aussi au rythme de ses festivit\u00e9s locales. Entre la f\u00eate du Miel en septembre, la f\u00eate foraine sur la place de la Rougui\u00e8re et surtout la F\u00eate des Tripettes en janvier, les occasions ne manquent pas pour d\u00e9couvrir la chaleur de l\u2019accueil barjolais. Ces \u00e9v\u00e9nements rassemblent habitants et visiteurs autour de traditions conviviales, de produits locaux et de moments de partage. C\u2019est ce m\u00e9lange unique de nature, culture et art de vivre qui donne \u00e0 Barjols ce charme irr\u00e9sistible. Une destination \u00e0 part, encore pr\u00e9serv\u00e9e, mais qui m\u00e9rite largement le d\u00e9tour.<\/p>\n","protected":false},"excerpt":{"rendered":"<p>Nich\u00e9e entre les paysages embl\u00e9matiques du Verdon et de la Sainte-Victoire, Barjols invite \u00e0 une \u00e9chapp\u00e9e douce, rafra\u00eechissante et hors [&hellip;]<\/p>\n","protected":false},"author":4,"featured_media":34439,"comment_status":"open","ping_status":"closed","sticky":false,"template":"","format":"standard","meta":{"_acf_changed":false,"_sitemap_exclude":false,"_sitemap_priority":"","_sitemap_frequency":"","footnotes":"","rank_math_title":"","rank_math_description":"","rank_math_canonical_url":"","rank_math_focus_keyword":"village varois"},"categories":[3],"tags":[],"class_list":["post-34367","post","type-post","status-publish","format-standard","has-post-thumbnail","hentry","category-voyage"],"acf":[],"_links":{"self":[{"href":"https:\/\/ulysse.com\/news\/wp-json\/wp\/v2\/posts\/34367","targetHints":{"allow":["GET"]}}],"collection":[{"href":"https:\/\/ulysse.com\/news\/wp-json\/wp\/v2\/posts"}],"about":[{"href":"https:\/\/ulysse.com\/news\/wp-json\/wp\/v2\/types\/post"}],"author":[{"embeddable":true,"href":"https:\/\/ulysse.com\/news\/wp-json\/wp\/v2\/users\/4"}],"replies":[{"embeddable":true,"href":"https:\/\/ulysse.com\/news\/wp-json\/wp\/v2\/comments?post=34367"}],"version-history":[{"count":3,"href":"https:\/\/ulysse.com\/news\/wp-json\/wp\/v2\/posts\/34367\/revisions"}],"predecessor-version":[{"id":34441,"href":"https:\/\/ulysse.com\/news\/wp-json\/wp\/v2\/posts\/34367\/revisions\/34441"}],"wp:featuredmedia":[{"embeddable":true,"href":"https:\/\/ulysse.com\/news\/wp-json\/wp\/v2\/media\/34439"}],"wp:attachment":[{"href":"https:\/\/ulysse.com\/news\/wp-json\/wp\/v2\/media?parent=34367"}],"wp:term":[{"taxonomy":"category","embeddable":true,"href":"https:\/\/ulysse.com\/news\/wp-json\/wp\/v2\/categories?post=34367"},{"taxonomy":"post_tag","embeddable":true,"href":"https:\/\/ulysse.com\/news\/wp-json\/wp\/v2\/tags?post=34367"}],"curies":[{"name":"wp","href":"https:\/\/api.w.org\/{rel}","templated":true}]}}