{"id":34369,"date":"2025-09-02T19:00:21","date_gmt":"2025-09-02T18:00:21","guid":{"rendered":"https:\/\/discover.ulysse.com\/?p=34369"},"modified":"2025-10-09T13:49:27","modified_gmt":"2025-10-09T12:49:27","slug":"ce-village-breton-avec-ses-rues-pittoresques-et-son-charme-irresistible-va-faire-fondre-votre-coeur","status":"publish","type":"post","link":"https:\/\/ulysse.com\/news\/ce-village-breton-avec-ses-rues-pittoresques-et-son-charme-irresistible-va-faire-fondre-votre-coeur","title":{"rendered":"Ce village breton, avec ses rues pittoresques et son charme irr\u00e9sistible, va faire fondre votre c\u0153ur"},"content":{"rendered":"<p data-start=\"306\" data-end=\"1019\">Sur les rives paisibles de la Rance, Saint-Suliac semble tout droit sorti d\u2019un roman de bord de mer. Ce village, class\u00e9 parmi les Plus Beaux Villages de France depuis 1999, s\u00e9duit par son atmosph\u00e8re hors du temps. Entre ses maisons de granit, ses volets color\u00e9s, ses hortensias d\u00e9bordants et ses ruelles pav\u00e9es appel\u00e9es localement \u00ab ruettes \u00bb, la balade devient un vrai voyage sensoriel.<\/p>\n<p data-start=\"306\" data-end=\"1019\">Chaque ann\u00e9e, environ 200 000 visiteurs viennent go\u00fbter \u00e0 cette authenticit\u00e9 pr\u00e9serv\u00e9e, loin de l\u2019agitation urbaine. Loin de n\u2019\u00eatre qu\u2019un d\u00e9cor, Saint-Suliac vit pleinement, port\u00e9 par ses habitants et son patrimoine maritime encore bien pr\u00e9sent. Le tout dans un \u00e9crin naturel d\u2019exception, entre terre et estuaire.<\/p>\n<h2 data-start=\"1021\" data-end=\"1081\">Une architecture vivante au c\u0153ur d\u2019un patrimoine maritime<\/h2>\n<p data-start=\"1083\" data-end=\"2195\">Saint-Suliac s\u2019est construit autour de la mer, et cela se ressent \u00e0 chaque coin de rue. Ce petit port de p\u00eache, fond\u00e9 au VIe si\u00e8cle par un moine gallois, fut longtemps un point de d\u00e9part pour les p\u00eacheurs de morue qui partaient jusqu\u2019\u00e0 Terre-Neuve. Aujourd\u2019hui encore, des filets accroch\u00e9s aux fa\u00e7ades t\u00e9moignent de cette histoire. Les maisons de granit aux formes robustes, les ancres rouill\u00e9es en guise de d\u00e9coration et les lavoirs traditionnels donnent au village une identit\u00e9 visuelle forte et imm\u00e9diatement reconnaissable.<\/p>\n<blockquote class=\"tiktok-embed\" style=\"max-width: 605px; min-width: 325px;\" cite=\"https:\/\/www.tiktok.com\/@unebretonnequivadrouille\/video\/7462815525429677334\" data-video-id=\"7462815525429677334\">\n<section><a title=\"@unebretonnequivadrouille\" href=\"https:\/\/www.tiktok.com\/@unebretonnequivadrouille?refer=embed\" target=\"_blank\" rel=\"noopener\">@unebretonnequivadrouille<\/a> Petites photos de ce merveilleux endroit : Saint-Suliac Saint-Suliac est un endroit vraiment pittoresque. Ce village, situ\u00e9 en Bretagne, dans le d\u00e9partement d&#8217;Ille-et-Vilaine, est connu pour ses ruelles \u00e9troites, ses maisons en pierre et sa vue imprenable sur la Rance. C\u2019est un lieu id\u00e9al pour une promenade tranquille. Que souhaitez-vous d\u00e9couvrir \u00e0 Saint-Suliac ? <a title=\"bretagne\" href=\"https:\/\/www.tiktok.com\/tag\/bretagne?refer=embed\" target=\"_blank\" rel=\"noopener\">#bretagne<\/a> <a title=\"ileetvilaine\" href=\"https:\/\/www.tiktok.com\/tag\/ileetvilaine?refer=embed\" target=\"_blank\" rel=\"noopener\">#ileetvilaine<\/a> <a title=\"ileetvilainetourisme\" href=\"https:\/\/www.tiktok.com\/tag\/ileetvilainetourisme?refer=embed\" target=\"_blank\" rel=\"noopener\">#ileetvilainetourisme<\/a> <a title=\"bretagnetourisme\" href=\"https:\/\/www.tiktok.com\/tag\/bretagnetourisme?refer=embed\" target=\"_blank\" rel=\"noopener\">#bretagnetourisme<\/a> <a title=\"bretagne_focus_on\" href=\"https:\/\/www.tiktok.com\/tag\/bretagne_focus_on?refer=embed\" target=\"_blank\" rel=\"noopener\">#bretagne_focus_on<\/a> <a title=\"bretagne_paysage\" href=\"https:\/\/www.tiktok.com\/tag\/bretagne_paysage?refer=embed\" target=\"_blank\" rel=\"noopener\">#bretagne_paysage<\/a> <a title=\"saintsuliac\" href=\"https:\/\/www.tiktok.com\/tag\/saintsuliac?refer=embed\" target=\"_blank\" rel=\"noopener\">#saintsuliac<\/a> <a title=\"village\" href=\"https:\/\/www.tiktok.com\/tag\/village?refer=embed\" target=\"_blank\" rel=\"noopener\">#village<\/a> <a title=\"villagedefrance\" href=\"https:\/\/www.tiktok.com\/tag\/villagedefrance?refer=embed\" target=\"_blank\" rel=\"noopener\">#villagedefrance<\/a> <a title=\"photography\" href=\"https:\/\/www.tiktok.com\/tag\/photography?refer=embed\" target=\"_blank\" rel=\"noopener\">#photography<\/a> <a title=\"photo\" href=\"https:\/\/www.tiktok.com\/tag\/photo?refer=embed\" target=\"_blank\" rel=\"noopener\">#photo<\/a> <a title=\"amazing\" href=\"https:\/\/www.tiktok.com\/tag\/amazing?refer=embed\" target=\"_blank\" rel=\"noopener\">#amazing<\/a> <a title=\"rance\" href=\"https:\/\/www.tiktok.com\/tag\/rance?refer=embed\" target=\"_blank\" rel=\"noopener\">#rance<\/a> <a title=\"saintmalo\" href=\"https:\/\/www.tiktok.com\/tag\/saintmalo?refer=embed\" target=\"_blank\" rel=\"noopener\">#saintmalo<\/a> <a title=\"reels\" href=\"https:\/\/www.tiktok.com\/tag\/reels?refer=embed\" target=\"_blank\" rel=\"noopener\">#reels<\/a> <a title=\"visite\" href=\"https:\/\/www.tiktok.com\/tag\/visite?refer=embed\" target=\"_blank\" rel=\"noopener\">#visite<\/a> <a title=\"balade\" href=\"https:\/\/www.tiktok.com\/tag\/balade?refer=embed\" target=\"_blank\" rel=\"noopener\">#balade<\/a> <a title=\"decouverte\" href=\"https:\/\/www.tiktok.com\/tag\/decouverte?refer=embed\" target=\"_blank\" rel=\"noopener\">#decouverte<\/a> <a title=\"\u266c Feel Good - Charlotte Cardin\" href=\"https:\/\/www.tiktok.com\/music\/Feel-Good-7273430574785759233?refer=embed\" target=\"_blank\" rel=\"noopener\">\u266c Feel Good &#8211; Charlotte Cardin<\/a><\/section>\n<\/blockquote>\n<p><script async src=\"https:\/\/www.tiktok.com\/embed.js\"><\/script><\/p>\n<p data-start=\"1083\" data-end=\"2195\">Rien n\u2019y semble fig\u00e9 : les habitants y vivent toute l\u2019ann\u00e9e, les volets claquent au vent, les enfants courent sur les pav\u00e9s, et les petits jardins d\u00e9bordent de fleurs. Ce patrimoine est d\u2019autant plus marquant qu\u2019il s\u2019inscrit dans un quotidien bien r\u00e9el. L\u2019\u00e9glise fortifi\u00e9e, dont les fondations remontent aux XIe et XIIIe si\u00e8cles, domine le c\u0153ur du bourg et participe \u00e0 cette impression d\u2019unit\u00e9 entre pass\u00e9 et pr\u00e9sent. Ce m\u00e9lange entre authenticit\u00e9, vie locale et traces historiques en fait une destination o\u00f9 la visite devient une immersion, bien plus qu\u2019une simple \u00e9tape touristique.<\/p>\n<h2 data-start=\"2197\" data-end=\"2254\">Entre ruelles secr\u00e8tes et paysages \u00e0 couper le souffle<\/h2>\n<p data-start=\"2256\" data-end=\"3496\">Ce qui fait le charme imm\u00e9diat de Saint-Suliac, c\u2019est aussi son enchev\u00eatrement de ruelles \u00e9troites et sinueuses, appel\u00e9es ici les ruettes. Ces chemins pav\u00e9s, parfois minuscules, serpentent entre les maisons, d\u00e9voilant des sc\u00e8nes de village dignes d\u2019un film : linge \u00e9tendu au soleil, volets entrouverts, massifs d\u2019hortensias d\u00e9bordant sur la pierre, portes color\u00e9es et chats paresseux. Cette architecture intime cr\u00e9e une sensation de cocon et invite \u00e0 une d\u00e9ambulation lente. Au sommet du Mont-Garrot, qui culmine \u00e0 73 m\u00e8tres, un panorama spectaculaire s\u2019ouvre sur l\u2019estuaire de la Rance. L\u00e0, les mar\u00e9es \u2014 parmi les plus importantes d\u2019Europe \u2014 transforment le paysage en permanence.<\/p>\n<p data-start=\"2256\" data-end=\"3496\">Les teintes de l\u2019eau, la disposition des bateaux, les reflets sur la vase ou le sable varient au fil des heures. Les <a href=\"https:\/\/discover.ulysse.com\/ce-gr-meconnu-en-bretagne-offre-475-km-de-paysages-sublimes-sans-la-foule\">sentiers c\u00f4tiers, notamment le GR34<\/a> qui longe l\u2019ancien chemin des douaniers, offrent d\u2019autres points de vue magnifiques, entre criques cach\u00e9es, moulins \u00e0 mar\u00e9e et prairies c\u00f4ti\u00e8res. Ce cadre naturel unique, en constante mutation, ajoute une dimension sensorielle \u00e0 la visite : lumi\u00e8re changeante, odeurs d\u2019algues, silence troubl\u00e9 par les oiseaux de mer. C\u2019est une exp\u00e9rience compl\u00e8te, nourrissante, qui ancre durablement le souvenir du lieu.<\/p>\n<h2 data-start=\"3498\" data-end=\"3561\">Une destination \u00e0 taille humaine et accessible toute l\u2019ann\u00e9e<\/h2>\n<p data-start=\"3563\" data-end=\"4796\" data-is-last-node=\"\" data-is-only-node=\"\">Saint-Suliac se distingue aussi par sa capacit\u00e9 \u00e0 accueillir sans se transformer. Malgr\u00e9 son succ\u00e8s grandissant, le village a su conserver son esprit. Pas d\u2019infrastructure massive, pas de centre commercial touristique, mais des chambres d\u2019h\u00f4tes, des artisans locaux, quelques cr\u00eaperies et restaurants familiaux.<\/p>\n<p data-start=\"3563\" data-end=\"4796\" data-is-last-node=\"\" data-is-only-node=\"\">En haute saison, notamment entre juillet et ao\u00fbt, les visiteurs sont nombreux, mais l\u2019ambiance reste sereine. Pour une exp\u00e9rience plus calme, le printemps (mai-juin) et l\u2019automne (septembre-octobre) sont des p\u00e9riodes id\u00e9ales : la lumi\u00e8re y est particuli\u00e8rement belle, la nature est g\u00e9n\u00e9reuse, et les ruelles retrouvent leur tranquillit\u00e9.<\/p>\n<p data-start=\"3563\" data-end=\"4796\" data-is-last-node=\"\" data-is-only-node=\"\">Un s\u00e9jour de deux nuits permet de prendre le temps de fl\u00e2ner, d\u2019explorer les sentiers c\u00f4tiers, de visiter l\u2019\u00e9glise et les oratoires, et d\u2019\u00e9changer avec les habitants. En termes de budget, il faut compter entre 60 et 110 euros par nuit pour un h\u00e9bergement local, une quinzaine d\u2019euros pour un repas complet en cr\u00eaperie, et les activit\u00e9s principales \u2014 balades, panoramas, patrimoine \u2014 sont gratuites. \u00c0 taille humaine, Saint-Suliac offre un mod\u00e8le de tourisme doux et durable. C\u2019est une destination id\u00e9ale pour se ressourcer, loin de la foule, mais riche en d\u00e9couvertes et en \u00e9motions.<\/p>\n","protected":false},"excerpt":{"rendered":"<p>Sur les rives paisibles de la Rance, Saint-Suliac semble tout droit sorti d\u2019un roman de bord de mer. Ce village, [&hellip;]<\/p>\n","protected":false},"author":4,"featured_media":34481,"comment_status":"open","ping_status":"closed","sticky":false,"template":"","format":"standard","meta":{"_acf_changed":false,"_sitemap_exclude":false,"_sitemap_priority":"","_sitemap_frequency":"","footnotes":"","rank_math_title":"","rank_math_description":"","rank_math_canonical_url":"","rank_math_focus_keyword":"village breton"},"categories":[3],"tags":[],"class_list":["post-34369","post","type-post","status-publish","format-standard","has-post-thumbnail","hentry","category-voyage"],"acf":[],"_links":{"self":[{"href":"https:\/\/ulysse.com\/news\/wp-json\/wp\/v2\/posts\/34369","targetHints":{"allow":["GET"]}}],"collection":[{"href":"https:\/\/ulysse.com\/news\/wp-json\/wp\/v2\/posts"}],"about":[{"href":"https:\/\/ulysse.com\/news\/wp-json\/wp\/v2\/types\/post"}],"author":[{"embeddable":true,"href":"https:\/\/ulysse.com\/news\/wp-json\/wp\/v2\/users\/4"}],"replies":[{"embeddable":true,"href":"https:\/\/ulysse.com\/news\/wp-json\/wp\/v2\/comments?post=34369"}],"version-history":[{"count":2,"href":"https:\/\/ulysse.com\/news\/wp-json\/wp\/v2\/posts\/34369\/revisions"}],"predecessor-version":[{"id":34482,"href":"https:\/\/ulysse.com\/news\/wp-json\/wp\/v2\/posts\/34369\/revisions\/34482"}],"wp:featuredmedia":[{"embeddable":true,"href":"https:\/\/ulysse.com\/news\/wp-json\/wp\/v2\/media\/34481"}],"wp:attachment":[{"href":"https:\/\/ulysse.com\/news\/wp-json\/wp\/v2\/media?parent=34369"}],"wp:term":[{"taxonomy":"category","embeddable":true,"href":"https:\/\/ulysse.com\/news\/wp-json\/wp\/v2\/categories?post=34369"},{"taxonomy":"post_tag","embeddable":true,"href":"https:\/\/ulysse.com\/news\/wp-json\/wp\/v2\/tags?post=34369"}],"curies":[{"name":"wp","href":"https:\/\/api.w.org\/{rel}","templated":true}]}}