{"id":34373,"date":"2025-08-31T18:00:10","date_gmt":"2025-08-31T17:00:10","guid":{"rendered":"https:\/\/discover.ulysse.com\/?p=34373"},"modified":"2025-08-31T09:15:37","modified_gmt":"2025-08-31T08:15:37","slug":"dans-le-var-ce-village-discret-devient-un-repaire-de-jeunes-retraites","status":"publish","type":"post","link":"https:\/\/ulysse.com\/news\/dans-le-var-ce-village-discret-devient-un-repaire-de-jeunes-retraites","title":{"rendered":"Dans le Var, ce village discret devient un repaire de jeunes retrait\u00e9s"},"content":{"rendered":"<p><span style=\"font-weight: 400;\">Au d\u00e9tour du<strong> massif des Maures<\/strong>, il existe un village qui ne fait pas grand bruit mais qui attire doucement tous ceux en qu\u00eate de douceur de vivre. Entre son soleil g\u00e9n\u00e9reux, ses fa\u00e7ades color\u00e9es couvertes de bougainvilliers et ses places ombrag\u00e9es o\u00f9 le temps semble s\u2019arr\u00eater, cette p\u00e9pite varoise a ce petit truc irr\u00e9sistible qui s\u00e9duit particuli\u00e8rement les retrait\u00e9s. Pas de strass, pas de tumulte, mais un charme tranquille qui enveloppe et qui chuchote : ici, on vit mieux, plus lentement, presque hors du temps. Mais chut\u2026 gardons encore un peu de myst\u00e8re, car ce <strong>bijou proven\u00e7al<\/strong> m\u00e9rite de se d\u00e9voiler en douceur.<\/span><\/p>\n<h2><b>Des ruelles fleuries qui racontent mille histoires<\/b><\/h2>\n<p><span style=\"font-weight: 400;\">Se promener dans ce village, c\u2019est un peu comme tourner les pages d\u2019un livre de vacances \u00e9ternelles. Les pav\u00e9s guident les pas vers de petites maisons aux volets pastel, o\u00f9 les g\u00e9raniums et les lavandes d\u00e9bordent des balcons comme un feu d\u2019artifice de couleurs. L\u2019\u00e9glise Saint-Pons, fi\u00e8re sur son promontoire, garde un \u0153il sur cette ambiance de carte postale, tandis qu\u2019au d\u00e9tour d\u2019une placette, une fontaine fredonne sa chanson d\u2019eau fra\u00eeche. Chaque recoin respire<strong> la Provence d\u2019antan,<\/strong> celle des conversations sous les platanes et des rires qui r\u00e9sonnent doucement au march\u00e9 hebdomadaire.<\/span><\/p>\n<p><span style=\"font-weight: 400;\">Mais <strong>Collobri\u00e8res<\/strong>, car oui, on parle bien de ce magnifique village, ne se limite pas \u00e0 son d\u00e9cor pittoresque : autour, le<a href=\"https:\/\/discover.ulysse.com\/gassin-var-qui-regarde-la-mediterranee\"> massif des Maures<\/a> d\u00e9roule ses for\u00eats de ch\u00eanes-li\u00e8ges et de ch\u00e2taigniers. Les sentiers ombrag\u00e9s invitent \u00e0 des balades qui sentent bon le thym et le romarin. Et \u00e0 quelques kilom\u00e8tres, la majestueuse <strong>Chartreuse de la Verne<\/strong> s\u2019impose dans ce cadre naturel comme un joyau spirituel, id\u00e9al pour une parenth\u00e8se hors du temps. Loin des stations baln\u00e9aires bond\u00e9es, ce village est une respiration. Ici, on se laisse happer par la beaut\u00e9 simple, celle qui fait du bien \u00e0 l\u2019\u00e2me.<\/span><\/p>\n<blockquote class=\"instagram-media\" style=\"background: #FFF; border: 0; border-radius: 3px; margin: 1px; max-width: 540px; min-width: 326px; padding: 0; width: calc(100% - 2px);\" data-instgrm-captioned=\"\" data-instgrm-permalink=\"https:\/\/www.instagram.com\/p\/DF0Y8MRK1PC\/?utm_source=ig_embed&amp;utm_campaign=loading\" data-instgrm-version=\"14\">\n<div style=\"padding: 16px;\">\n<p>&nbsp;<\/p>\n<div style=\"flex-direction: row; align-items: center;\">\n<div style=\"background-color: #f4f4f4; border-radius: 50%; flex-grow: 0; height: 40px; margin-right: 14px; width: 40px;\"><\/div>\n<div style=\"flex-direction: column; flex-grow: 1; justify-content: center;\">\n<div style=\"background-color: #f4f4f4; border-radius: 4px; flex-grow: 0; height: 14px; margin-bottom: 6px; width: 100px;\"><\/div>\n<div style=\"background-color: #f4f4f4; border-radius: 4px; flex-grow: 0; height: 14px; width: 60px;\"><\/div>\n<\/div>\n<\/div>\n<div style=\"padding: 19% 0;\"><\/div>\n<div style=\"height: 50px; margin: 0 auto 12px; width: 50px;\"><\/div>\n<div style=\"padding-top: 8px;\">\n<div style=\"color: #3897f0; font-family: Arial,sans-serif; font-size: 14px; font-style: normal; font-weight: 550; line-height: 18px;\">Voir cette publication sur Instagram<\/div>\n<\/div>\n<div style=\"padding: 12.5% 0;\"><\/div>\n<div style=\"flex-direction: row; margin-bottom: 14px; align-items: center;\">\n<div>\n<div style=\"background-color: #f4f4f4; border-radius: 50%; height: 12.5px; width: 12.5px;\"><\/div>\n<div style=\"background-color: #f4f4f4; height: 12.5px; width: 12.5px; flex-grow: 0; margin-right: 14px; margin-left: 2px;\"><\/div>\n<div style=\"background-color: #f4f4f4; border-radius: 50%; height: 12.5px; width: 12.5px;\"><\/div>\n<\/div>\n<div style=\"margin-left: 8px;\">\n<div style=\"background-color: #f4f4f4; border-radius: 50%; flex-grow: 0; height: 20px; width: 20px;\"><\/div>\n<div style=\"width: 0; height: 0; border-top: 2px solid transparent; border-left: 6px solid #f4f4f4; border-bottom: 2px solid transparent;\"><\/div>\n<\/div>\n<div style=\"margin-left: auto;\">\n<div style=\"width: 0px; border-top: 8px solid #F4F4F4; border-right: 8px solid transparent;\"><\/div>\n<div style=\"background-color: #f4f4f4; flex-grow: 0; height: 12px; width: 16px;\"><\/div>\n<div style=\"width: 0; height: 0; border-top: 8px solid #F4F4F4; border-left: 8px solid transparent;\"><\/div>\n<\/div>\n<\/div>\n<div style=\"flex-direction: column; flex-grow: 1; justify-content: center; margin-bottom: 24px;\">\n<div style=\"background-color: #f4f4f4; border-radius: 4px; flex-grow: 0; height: 14px; margin-bottom: 6px; width: 224px;\"><\/div>\n<div style=\"background-color: #f4f4f4; border-radius: 4px; flex-grow: 0; height: 14px; width: 144px;\"><\/div>\n<\/div>\n<p>&nbsp;<\/p>\n<p style=\"color: #c9c8cd; font-family: Arial,sans-serif; font-size: 14px; line-height: 17px; margin-bottom: 0; margin-top: 8px; overflow: hidden; padding: 8px 0 7px; text-align: center;\"><a style=\"color: #c9c8cd; font-family: Arial,sans-serif; font-size: 14px; font-style: normal; font-weight: normal; line-height: 17px; text-decoration: none;\" href=\"https:\/\/www.instagram.com\/p\/DF0Y8MRK1PC\/?utm_source=ig_embed&amp;utm_campaign=loading\" target=\"_blank\" rel=\"noopener\">Une publication partag\u00e9e par MPM Tourisme (@lalondelesmaurestourisme)<\/a><\/p>\n<\/div>\n<\/blockquote>\n<h2><b>Douceur de vivre et plaisirs gourmands \u00e0 chaque saison<\/b><\/h2>\n<p><span style=\"font-weight: 400;\">La vraie magie de Collobri\u00e8res, c\u2019est sa capacit\u00e9 \u00e0 combiner calme et vitalit\u00e9. D\u2019octobre, la <strong>F\u00eate de la Ch\u00e2taigne<\/strong> anime les ruelles d\u2019un parfum irr\u00e9sistible de marrons grill\u00e9s, entre musique, artisanat et d\u00e9gustations qui mettent en lumi\u00e8re le terroir local. En \u00e9t\u00e9, les terrasses se remplissent de conversations anim\u00e9es, les vins du coin se d\u00e9gustent dans une ambiance joyeuse et conviviale, et chaque coucher de soleil sur les collines dor\u00e9es devient un spectacle \u00e0 lui seul.<\/span><\/p>\n<p><span style=\"font-weight: 400;\">La gastronomie locale n\u2019est jamais loin : les p\u00e2tisseries \u00e0 base de marrons glac\u00e9s, les plats mijot\u00e9s aux saveurs proven\u00e7ales ou encore les vins ros\u00e9s l\u00e9gers font partie de l\u2019exp\u00e9rience. C\u00f4t\u00e9 vie quotidienne, Collobri\u00e8res offre un rythme paisible. Le co\u00fbt de la vie y reste plus doux que sur la c\u00f4te, avec des march\u00e9s color\u00e9s o\u00f9 producteurs locaux et retrait\u00e9s se croisent dans la bonne humeur. Et puis, \u00e0 quelques encablures, la <strong>mer M\u00e9diterran\u00e9e<\/strong> attend avec ses criques turquoise, ses balades en bateau et ses escapades vers<strong> Porquerolles<\/strong>.<\/span><\/p>\n<p><span style=\"font-weight: 400;\">On s\u2019y sent rapidement comme dans un cocon : ici, chaque saison a sa petite musique, et chaque jour a sa promesse de soleil et de s\u00e9r\u00e9nit\u00e9. C\u2019est ce m\u00e9lange unique de tranquillit\u00e9 et de plaisirs simples qui attire tant les nouveaux arrivants venus go\u00fbter une retraite ensoleill\u00e9e.<\/span><\/p>\n<blockquote class=\"instagram-media\" style=\"background: #FFF; border: 0; border-radius: 3px; margin: 1px; max-width: 540px; min-width: 326px; padding: 0; width: calc(100% - 2px);\" data-instgrm-captioned=\"\" data-instgrm-permalink=\"https:\/\/www.instagram.com\/p\/CEWfNxxAQi1\/?utm_source=ig_embed&amp;utm_campaign=loading\" data-instgrm-version=\"14\">\n<div style=\"padding: 16px;\">\n<p>&nbsp;<\/p>\n<div style=\"flex-direction: row; align-items: center;\">\n<div style=\"background-color: #f4f4f4; border-radius: 50%; flex-grow: 0; height: 40px; margin-right: 14px; width: 40px;\"><\/div>\n<div style=\"flex-direction: column; flex-grow: 1; justify-content: center;\">\n<div style=\"background-color: #f4f4f4; border-radius: 4px; flex-grow: 0; height: 14px; margin-bottom: 6px; width: 100px;\"><\/div>\n<div style=\"background-color: #f4f4f4; border-radius: 4px; flex-grow: 0; height: 14px; width: 60px;\"><\/div>\n<\/div>\n<\/div>\n<div style=\"padding: 19% 0;\"><\/div>\n<div style=\"height: 50px; margin: 0 auto 12px; width: 50px;\"><\/div>\n<div style=\"padding-top: 8px;\">\n<div style=\"color: #3897f0; font-family: Arial,sans-serif; font-size: 14px; font-style: normal; font-weight: 550; line-height: 18px;\">Voir cette publication sur Instagram<\/div>\n<\/div>\n<div style=\"padding: 12.5% 0;\"><\/div>\n<div style=\"flex-direction: row; margin-bottom: 14px; align-items: center;\">\n<div>\n<div style=\"background-color: #f4f4f4; border-radius: 50%; height: 12.5px; width: 12.5px;\"><\/div>\n<div style=\"background-color: #f4f4f4; height: 12.5px; width: 12.5px; flex-grow: 0; margin-right: 14px; margin-left: 2px;\"><\/div>\n<div style=\"background-color: #f4f4f4; border-radius: 50%; height: 12.5px; width: 12.5px;\"><\/div>\n<\/div>\n<div style=\"margin-left: 8px;\">\n<div style=\"background-color: #f4f4f4; border-radius: 50%; flex-grow: 0; height: 20px; width: 20px;\"><\/div>\n<div style=\"width: 0; height: 0; border-top: 2px solid transparent; border-left: 6px solid #f4f4f4; border-bottom: 2px solid transparent;\"><\/div>\n<\/div>\n<div style=\"margin-left: auto;\">\n<div style=\"width: 0px; border-top: 8px solid #F4F4F4; border-right: 8px solid transparent;\"><\/div>\n<div style=\"background-color: #f4f4f4; flex-grow: 0; height: 12px; width: 16px;\"><\/div>\n<div style=\"width: 0; height: 0; border-top: 8px solid #F4F4F4; border-left: 8px solid transparent;\"><\/div>\n<\/div>\n<\/div>\n<div style=\"flex-direction: column; flex-grow: 1; justify-content: center; margin-bottom: 24px;\">\n<div style=\"background-color: #f4f4f4; border-radius: 4px; flex-grow: 0; height: 14px; margin-bottom: 6px; width: 224px;\"><\/div>\n<div style=\"background-color: #f4f4f4; border-radius: 4px; flex-grow: 0; height: 14px; width: 144px;\"><\/div>\n<\/div>\n<p>&nbsp;<\/p>\n<p style=\"color: #c9c8cd; font-family: Arial,sans-serif; font-size: 14px; line-height: 17px; margin-bottom: 0; margin-top: 8px; overflow: hidden; padding: 8px 0 7px; text-align: center;\"><a style=\"color: #c9c8cd; font-family: Arial,sans-serif; font-size: 14px; font-style: normal; font-weight: normal; line-height: 17px; text-decoration: none;\" href=\"https:\/\/www.instagram.com\/p\/CEWfNxxAQi1\/?utm_source=ig_embed&amp;utm_campaign=loading\" target=\"_blank\" rel=\"noopener\">Une publication partag\u00e9e par Nadine Mariakakis (@nadine_schneider_lein)<\/a><\/p>\n<\/div>\n<\/blockquote>\n<h2><b>Vivre sa retraite \u00e0 Collobri\u00e8res, entre douceur et praticit\u00e9<\/b><\/h2>\n<p><span style=\"font-weight: 400;\">Collobri\u00e8res n\u2019est pas seulement un d\u00e9cor de carte postale, c\u2019est aussi un village o\u00f9 l\u2019on peut envisager une retraite paisible sans renoncer au confort moderne. C\u00f4t\u00e9 sant\u00e9, les habitants disposent d\u2019un centre m\u00e9dical, d\u2019une pharmacie et de m\u00e9decins g\u00e9n\u00e9ralistes sur place. Pour les soins plus sp\u00e9cialis\u00e9s, <strong>Hy\u00e8res et Toulon<\/strong> \u2014 accessibles en moins d\u2019une heure \u2014 offrent h\u00f4pitaux et cliniques de qualit\u00e9, un \u00e9quilibre rassurant entre proximit\u00e9 et tranquillit\u00e9. Au quotidien, la vie s\u2019organise simplement autour des petits commerces : boulangeries parfum\u00e9es, \u00e9piceries de village et march\u00e9 proven\u00e7al deux fois par semaine, o\u00f9 l\u2019on retrouve l\u00e9gumes du terroir, fromages locaux et surtout l\u2019ambiance chaleureuse qui fait tout le charme des<strong> villages du Sud<\/strong>.<\/span><\/p>\n<p><span style=\"font-weight: 400;\">Sur le plan immobilier, Collobri\u00e8res reste une alternative s\u00e9duisante face aux stations baln\u00e9aires voisines, aux prix parfois inaccessibles. Ici, le m\u00e8tre carr\u00e9 oscille autour de 2 500 \u00e0 3 000 \u20ac pour une maison de caract\u00e8re, avec des options encore plus abordables pour des appartements lumineux. C\u2019est l\u2019occasion de s\u2019offrir un cadre authentique sans se ruiner, tout en profitant d\u2019un co\u00fbt de la vie plus doux que sur le littoral varois.<\/span><\/p>\n<p><span style=\"font-weight: 400;\">Et pour l\u2019\u00e9panouissement personnel, le tissu associatif local regorge d\u2019activit\u00e9s : randonn\u00e9e, peinture, p\u00e9tanque, chorale ou f\u00eates de quartier, tout invite \u00e0 se cr\u00e9er rapidement des liens. Vivre sa retraite \u00e0 Collobri\u00e8res, c\u2019est choisir un rythme ensoleill\u00e9, convivial et accessible, dans un village qui conjugue charme proven\u00e7al et vraie qualit\u00e9 de vie.<\/span><\/p>\n<blockquote class=\"instagram-media\" style=\"background: #FFF; border: 0; border-radius: 3px; margin: 1px; max-width: 540px; min-width: 326px; padding: 0; width: calc(100% - 2px);\" data-instgrm-captioned=\"\" data-instgrm-permalink=\"https:\/\/www.instagram.com\/p\/Cfvy20_sgTu\/?utm_source=ig_embed&amp;utm_campaign=loading\" data-instgrm-version=\"14\">\n<div style=\"padding: 16px;\">\n<p>&nbsp;<\/p>\n<div style=\"flex-direction: row; align-items: center;\">\n<div style=\"background-color: #f4f4f4; border-radius: 50%; flex-grow: 0; height: 40px; margin-right: 14px; width: 40px;\"><\/div>\n<div style=\"flex-direction: column; flex-grow: 1; justify-content: center;\">\n<div style=\"background-color: #f4f4f4; border-radius: 4px; flex-grow: 0; height: 14px; margin-bottom: 6px; width: 100px;\"><\/div>\n<div style=\"background-color: #f4f4f4; border-radius: 4px; flex-grow: 0; height: 14px; width: 60px;\"><\/div>\n<\/div>\n<\/div>\n<div style=\"padding: 19% 0;\"><\/div>\n<div style=\"height: 50px; margin: 0 auto 12px; width: 50px;\"><\/div>\n<div style=\"padding-top: 8px;\">\n<div style=\"color: #3897f0; font-family: Arial,sans-serif; font-size: 14px; font-style: normal; font-weight: 550; line-height: 18px;\">Voir cette publication sur Instagram<\/div>\n<\/div>\n<div style=\"padding: 12.5% 0;\"><\/div>\n<div style=\"flex-direction: row; margin-bottom: 14px; align-items: center;\">\n<div>\n<div style=\"background-color: #f4f4f4; border-radius: 50%; height: 12.5px; width: 12.5px;\"><\/div>\n<div style=\"background-color: #f4f4f4; height: 12.5px; width: 12.5px; flex-grow: 0; margin-right: 14px; margin-left: 2px;\"><\/div>\n<div style=\"background-color: #f4f4f4; border-radius: 50%; height: 12.5px; width: 12.5px;\"><\/div>\n<\/div>\n<div style=\"margin-left: 8px;\">\n<div style=\"background-color: #f4f4f4; border-radius: 50%; flex-grow: 0; height: 20px; width: 20px;\"><\/div>\n<div style=\"width: 0; height: 0; border-top: 2px solid transparent; border-left: 6px solid #f4f4f4; border-bottom: 2px solid transparent;\"><\/div>\n<\/div>\n<div style=\"margin-left: auto;\">\n<div style=\"width: 0px; border-top: 8px solid #F4F4F4; border-right: 8px solid transparent;\"><\/div>\n<div style=\"background-color: #f4f4f4; flex-grow: 0; height: 12px; width: 16px;\"><\/div>\n<div style=\"width: 0; height: 0; border-top: 8px solid #F4F4F4; border-left: 8px solid transparent;\"><\/div>\n<\/div>\n<\/div>\n<div style=\"flex-direction: column; flex-grow: 1; justify-content: center; margin-bottom: 24px;\">\n<div style=\"background-color: #f4f4f4; border-radius: 4px; flex-grow: 0; height: 14px; margin-bottom: 6px; width: 224px;\"><\/div>\n<div style=\"background-color: #f4f4f4; border-radius: 4px; flex-grow: 0; height: 14px; width: 144px;\"><\/div>\n<\/div>\n<p>&nbsp;<\/p>\n<p style=\"color: #c9c8cd; font-family: Arial,sans-serif; font-size: 14px; line-height: 17px; margin-bottom: 0; margin-top: 8px; overflow: hidden; padding: 8px 0 7px; text-align: center;\"><a style=\"color: #c9c8cd; font-family: Arial,sans-serif; font-size: 14px; font-style: normal; font-weight: normal; line-height: 17px; text-decoration: none;\" href=\"https:\/\/www.instagram.com\/p\/Cfvy20_sgTu\/?utm_source=ig_embed&amp;utm_campaign=loading\" target=\"_blank\" rel=\"noopener\">Une publication partag\u00e9e par Collobri\u00e8res (@hello_collobrieres)<\/a><\/p>\n<\/div>\n<\/blockquote>\n<h2><b>En train vers la dolce vita proven\u00e7ale<\/b><\/h2>\n<p><span style=\"font-weight: 400;\">Bonne nouvelle : rallier ce coin de paradis est un jeu d\u2019enfant, surtout si l\u2019on choisit le train. Depuis Paris, un TGV vous d\u00e9pose \u00e0 Toulon en un peu plus de quatre heures, parfois pour moins de 30 \u20ac si l\u2019on r\u00e9serve malin. De l\u00e0, un petit trajet r\u00e9gional permet de rejoindre les collines parfum\u00e9es du massif des Maures avant de retrouver les ruelles fleuries de Collobri\u00e8res. Depuis Lyon, le voyage est encore plus rapide : \u00e0 peine une heure et demie de TGV jusqu\u2019\u00e0 Toulon, puis la correspondance locale.<\/span><\/p>\n<p><span style=\"font-weight: 400;\">M\u00eame depuis Strasbourg, le trajet reste agr\u00e9able : direction Paris en TGV, puis on file vers le Sud, avec ce sentiment d\u00e9licieux de descendre vers le soleil, paysage apr\u00e8s paysage. Une fois sur place, plus besoin de voiture : les balades se font \u00e0 pied, au rythme des ruelles ou des sentiers bois\u00e9s.<\/span><\/p>\n<blockquote class=\"instagram-media\" style=\"background: #FFF; border: 0; border-radius: 3px; margin: 1px; max-width: 540px; min-width: 326px; padding: 0; width: calc(100% - 2px);\" data-instgrm-captioned=\"\" data-instgrm-permalink=\"https:\/\/www.instagram.com\/p\/CLcl_Nust3U\/?utm_source=ig_embed&amp;utm_campaign=loading\" data-instgrm-version=\"14\">\n<div style=\"padding: 16px;\">\n<p>&nbsp;<\/p>\n<div style=\"flex-direction: row; align-items: center;\">\n<div style=\"background-color: #f4f4f4; border-radius: 50%; flex-grow: 0; height: 40px; margin-right: 14px; width: 40px;\"><\/div>\n<div style=\"flex-direction: column; flex-grow: 1; justify-content: center;\">\n<div style=\"background-color: #f4f4f4; border-radius: 4px; flex-grow: 0; height: 14px; margin-bottom: 6px; width: 100px;\"><\/div>\n<div style=\"background-color: #f4f4f4; border-radius: 4px; flex-grow: 0; height: 14px; width: 60px;\"><\/div>\n<\/div>\n<\/div>\n<div style=\"padding: 19% 0;\"><\/div>\n<div style=\"height: 50px; margin: 0 auto 12px; width: 50px;\"><\/div>\n<div style=\"padding-top: 8px;\">\n<div style=\"color: #3897f0; font-family: Arial,sans-serif; font-size: 14px; font-style: normal; font-weight: 550; line-height: 18px;\">Voir cette publication sur Instagram<\/div>\n<\/div>\n<div style=\"padding: 12.5% 0;\"><\/div>\n<div style=\"flex-direction: row; margin-bottom: 14px; align-items: center;\">\n<div>\n<div style=\"background-color: #f4f4f4; border-radius: 50%; height: 12.5px; width: 12.5px;\"><\/div>\n<div style=\"background-color: #f4f4f4; height: 12.5px; width: 12.5px; flex-grow: 0; margin-right: 14px; margin-left: 2px;\"><\/div>\n<div style=\"background-color: #f4f4f4; border-radius: 50%; height: 12.5px; width: 12.5px;\"><\/div>\n<\/div>\n<div style=\"margin-left: 8px;\">\n<div style=\"background-color: #f4f4f4; border-radius: 50%; flex-grow: 0; height: 20px; width: 20px;\"><\/div>\n<div style=\"width: 0; height: 0; border-top: 2px solid transparent; border-left: 6px solid #f4f4f4; border-bottom: 2px solid transparent;\"><\/div>\n<\/div>\n<div style=\"margin-left: auto;\">\n<div style=\"width: 0px; border-top: 8px solid #F4F4F4; border-right: 8px solid transparent;\"><\/div>\n<div style=\"background-color: #f4f4f4; flex-grow: 0; height: 12px; width: 16px;\"><\/div>\n<div style=\"width: 0; height: 0; border-top: 8px solid #F4F4F4; border-left: 8px solid transparent;\"><\/div>\n<\/div>\n<\/div>\n<div style=\"flex-direction: column; flex-grow: 1; justify-content: center; margin-bottom: 24px;\">\n<div style=\"background-color: #f4f4f4; border-radius: 4px; flex-grow: 0; height: 14px; margin-bottom: 6px; width: 224px;\"><\/div>\n<div style=\"background-color: #f4f4f4; border-radius: 4px; flex-grow: 0; height: 14px; width: 144px;\"><\/div>\n<\/div>\n<p>&nbsp;<\/p>\n<p style=\"color: #c9c8cd; font-family: Arial,sans-serif; font-size: 14px; line-height: 17px; margin-bottom: 0; margin-top: 8px; overflow: hidden; padding: 8px 0 7px; text-align: center;\"><a style=\"color: #c9c8cd; font-family: Arial,sans-serif; font-size: 14px; font-style: normal; font-weight: normal; line-height: 17px; text-decoration: none;\" href=\"https:\/\/www.instagram.com\/p\/CLcl_Nust3U\/?utm_source=ig_embed&amp;utm_campaign=loading\" target=\"_blank\" rel=\"noopener\">Une publication partag\u00e9e par St\u00e9phanie T. (@waigny)<\/a><\/p>\n<\/div>\n<\/blockquote>\n<p><span style=\"font-weight: 400;\">Et si l\u2019envie de grand large se fait sentir, la mer n\u2019est qu\u2019\u00e0 quelques virages, pr\u00eate \u00e0 offrir baignades, sorties en bateau ou farniente sur les plages dor\u00e9es de la c\u00f4te varoise. Le voyage n\u2019est pas seulement un moyen d\u2019y arriver, il fait d\u00e9j\u00e0 partie de l\u2019exp\u00e9rience : voir d\u00e9filer les paysages jusqu\u2019\u00e0 ce petit \u00e9crin de <a href=\"https:\/\/discover.ulysse.com\/lautomne-en-provence-vous-reserve-des-fetes-du-coing-et-des-marches-aux-truffes-secrets\">Provence<\/a>, c\u2019est comme ouvrir lentement un cadeau qu\u2019on r\u00eavait d\u2019offrir \u00e0 sa retraite.<\/span><\/p>\n","protected":false},"excerpt":{"rendered":"<p>Au d\u00e9tour du massif des Maures, il existe un village qui ne fait pas grand bruit mais qui attire doucement [&hellip;]<\/p>\n","protected":false},"author":3,"featured_media":34374,"comment_status":"open","ping_status":"closed","sticky":false,"template":"","format":"standard","meta":{"_acf_changed":false,"_sitemap_exclude":false,"_sitemap_priority":"","_sitemap_frequency":"","footnotes":"","rank_math_title":"","rank_math_description":"Sous le soleil du Var, entre calme et ruelles fleuries, Collobri\u00e8res promet une retraite douce et joyeuse\u2026 mais ce n\u2019est qu\u2019un d\u00e9but !\n","rank_math_canonical_url":"","rank_math_focus_keyword":"var,retraite"},"categories":[3],"tags":[],"class_list":["post-34373","post","type-post","status-publish","format-standard","has-post-thumbnail","hentry","category-voyage"],"acf":[],"_links":{"self":[{"href":"https:\/\/ulysse.com\/news\/wp-json\/wp\/v2\/posts\/34373","targetHints":{"allow":["GET"]}}],"collection":[{"href":"https:\/\/ulysse.com\/news\/wp-json\/wp\/v2\/posts"}],"about":[{"href":"https:\/\/ulysse.com\/news\/wp-json\/wp\/v2\/types\/post"}],"author":[{"embeddable":true,"href":"https:\/\/ulysse.com\/news\/wp-json\/wp\/v2\/users\/3"}],"replies":[{"embeddable":true,"href":"https:\/\/ulysse.com\/news\/wp-json\/wp\/v2\/comments?post=34373"}],"version-history":[{"count":2,"href":"https:\/\/ulysse.com\/news\/wp-json\/wp\/v2\/posts\/34373\/revisions"}],"predecessor-version":[{"id":34401,"href":"https:\/\/ulysse.com\/news\/wp-json\/wp\/v2\/posts\/34373\/revisions\/34401"}],"wp:featuredmedia":[{"embeddable":true,"href":"https:\/\/ulysse.com\/news\/wp-json\/wp\/v2\/media\/34374"}],"wp:attachment":[{"href":"https:\/\/ulysse.com\/news\/wp-json\/wp\/v2\/media?parent=34373"}],"wp:term":[{"taxonomy":"category","embeddable":true,"href":"https:\/\/ulysse.com\/news\/wp-json\/wp\/v2\/categories?post=34373"},{"taxonomy":"post_tag","embeddable":true,"href":"https:\/\/ulysse.com\/news\/wp-json\/wp\/v2\/tags?post=34373"}],"curies":[{"name":"wp","href":"https:\/\/api.w.org\/{rel}","templated":true}]}}