{"id":34379,"date":"2025-08-31T09:00:23","date_gmt":"2025-08-31T08:00:23","guid":{"rendered":"https:\/\/discover.ulysse.com\/?p=34379"},"modified":"2025-08-31T08:08:29","modified_gmt":"2025-08-31T07:08:29","slug":"le-18-septembre-sannonce-chaotique-pour-les-transports-en-ile-de-france","status":"publish","type":"post","link":"https:\/\/ulysse.com\/news\/le-18-septembre-sannonce-chaotique-pour-les-transports-en-ile-de-france","title":{"rendered":"Le 18 septembre s\u2019annonce chaotique pour les transports en \u00cele-de-France"},"content":{"rendered":"<p><span style=\"font-weight: 400;\"><strong>Le 18 septembre<\/strong>, \u00e7a va tanguer dans les transports franciliens. <strong>La RATP<\/strong> a lanc\u00e9 un appel \u00e0 la gr\u00e8ve qui s\u2019annonce massif. M\u00e9tros, RER, bus et tramways risquent de tourner au ralenti, pour ne pas dire s\u2019arr\u00eater net. Une journ\u00e9e de gal\u00e8re en perspective pour les usagers, mais aussi un signal fort envoy\u00e9 au gouvernement. Cette mobilisation ne tombe pas du ciel : elle s\u2019inscrit dans une contestation plus large du budget 2026, accus\u00e9 de rogner sur des acquis sociaux historiques. R\u00e9sultat : une rentr\u00e9e sociale plac\u00e9e sous haute tension, o\u00f9 la circulation sera loin d\u2019\u00eatre fluide, et o\u00f9 la patience des voyageurs sera mise \u00e0 rude \u00e9preuve.<\/span><\/p>\n<h2><b>Pourquoi la RATP monte au cr\u00e9neau<\/b><\/h2>\n<p><span style=\"font-weight: 400;\">Vendredi 29 ao\u00fbt, les quatre syndicats majoritaires de la RATP \u2013 CGT, FO, Unsa Mobilit\u00e9 et CFE-CGC \u2013 ont sorti la grosse artillerie. Dans un<a href=\"https:\/\/www.cgt-ratp.fr\/comunique-des-organisations-syndicales-representatives-de-la-ratp\/\" target=\"_blank\" rel=\"noopener\"> communiqu\u00e9 commun<\/a>, ils affirment repr\u00e9senter <\/span><b>90 % des agents<\/b><span style=\"font-weight: 400;\"> et annoncent clairement la couleur : <\/span><b>gr\u00e8ve et manifestation massive<\/b><span style=\"font-weight: 400;\"> le 18 septembre.<\/span><\/p>\n<p><span style=\"font-weight: 400;\">En ligne de mire, le <\/span><b>projet de budget 2026<\/b><span style=\"font-weight: 400;\">. Selon eux, ce texte est une v\u00e9ritable bombe sociale :<\/span><\/p>\n<ul>\n<li style=\"font-weight: 400;\"><span style=\"font-weight: 400;\">suppression de jours f\u00e9ri\u00e9s (adieu le 8 mai ou le lundi de P\u00e2ques),<\/span><\/li>\n<li style=\"font-weight: 400;\"><span style=\"font-weight: 400;\">r\u00e9duction de la prise en charge des frais m\u00e9dicaux,<\/span><\/li>\n<li style=\"font-weight: 400;\"><span style=\"font-weight: 400;\">ouverture \u00e0 la concurrence du r\u00e9seau de bus francilien.<\/span><\/li>\n<\/ul>\n<p><span style=\"font-weight: 400;\">Bref, pour les syndicats, c\u2019est une attaque frontale contre leurs conditions de travail. Et ils n\u2019ont pas l\u2019intention de laisser passer \u00e7a.<\/span><\/p>\n<h2><b>Une mobilisation qui d\u00e9passe la RATP<\/b><\/h2>\n<p><span style=\"font-weight: 400;\">La gr\u00e8ve du 18 septembre ne s\u2019arr\u00eatera pas aux portillons du m\u00e9tro. Ce m\u00eame jour, une <\/span><b>mobilisation nationale<\/b><span style=\"font-weight: 400;\"> est pr\u00e9vue. R\u00e9unis fin ao\u00fbt au si\u00e8ge de la CFDT, plusieurs syndicats \u2013 de la CFDT \u00e0 la CGT en passant par FO, la CFE-CGC, la CFTC, l\u2019Unsa, la FSU et Solidaires \u2013 ont appel\u00e9 \u00e0 une journ\u00e9e d\u2019action sur tout le territoire.<\/span><\/p>\n<p><span style=\"font-weight: 400;\">Concr\u00e8tement, \u00e7a veut dire quoi ?<\/span><\/p>\n<ul>\n<li style=\"font-weight: 400;\"><b>\u00c0 la SNCF<\/b><span style=\"font-weight: 400;\">, la CFDT Cheminot (quatri\u00e8me syndicat de la bo\u00eete) se joint au mouvement.<\/span><\/li>\n<li style=\"font-weight: 400;\"><b>Chez les contr\u00f4leurs a\u00e9riens<\/b><span style=\"font-weight: 400;\">, le tr\u00e8s puissant <\/span><b>SNCTA<\/b><span style=\"font-weight: 400;\"> a d\u00e9j\u00e0 d\u00e9pos\u00e9 son pr\u00e9avis. R\u00e9sultat : les avions risquent d\u2019accumuler les retards et les annulations.<\/span><\/li>\n<li style=\"font-weight: 400;\"><b>C\u00f4t\u00e9 RER<\/b><span style=\"font-weight: 400;\">, le syndicat <\/span><b>La Base<\/b><span style=\"font-weight: 400;\"> a pour l\u2019instant lanc\u00e9 un appel pour le 10 septembre, mais reste flou sur le 18. Suspense\u2026<\/span><\/li>\n<\/ul>\n<p><span style=\"font-weight: 400;\">Le ministre des Transports, Philippe Tabarot, n\u2019a pas tard\u00e9 \u00e0 r\u00e9agir, d\u00e9non\u00e7ant un pr\u00e9avis qui \u00ab fait peser la menace de nouvelles perturbations \u00bb. Ambiance.<\/span><\/p>\n<blockquote class=\"twitter-tweet\">\n<p dir=\"ltr\" lang=\"fr\">Budget 2026 : les syndicats de la RATP appellent \u00e0 &#8220;une journ\u00e9e de gr\u00e8ve massive&#8221; le 18 septembre <a href=\"https:\/\/t.co\/B5Jx3t8Q4q\">https:\/\/t.co\/B5Jx3t8Q4q<\/a><\/p>\n<p>\u2014 RTL France (@RTLFrance) <a href=\"https:\/\/twitter.com\/RTLFrance\/status\/1961625924685771055?ref_src=twsrc%5Etfw\" target=\"_blank\" rel=\"noopener\">August 30, 2025<\/a><\/p><\/blockquote>\n<h2><b>Ce que \u00e7a veut dire pour vous, voyageurs du quotidien<\/b><\/h2>\n<p><span style=\"font-weight: 400;\">Soyons clairs : la<a href=\"https:\/\/discover.ulysse.com\/greve-nationale-des-controleurs-aeriens-le-18-septembre-menaces-sur-le-trafic-en-france-et-en-europe\"> journ\u00e9e du 18 septembre<\/a> s\u2019annonce sportive pour les Franciliens. M\u00e9tros bond\u00e9s ou inexistants, bus \u00e0 l\u2019arr\u00eat, RER au compte-gouttes\u2026 Un vrai casse-t\u00eate pour aller bosser, d\u00e9poser les enfants \u00e0 l\u2019\u00e9cole ou rejoindre un rendez-vous important.<\/span><\/p>\n<p><span style=\"font-weight: 400;\">Et si vous avez pr\u00e9vu de voyager en train ou en avion, accrochez-vous. Les gr\u00e8ves \u00e0 la <a href=\"https:\/\/discover.ulysse.com\/seniors-billet-sncf-offre-tarifs-trajets-courts\">SNCF<\/a> pourraient toucher les liaisons r\u00e9gionales et nationales, tandis que le trafic a\u00e9rien pourrait virer au cauchemar. Souvenez-vous : en juillet dernier, une gr\u00e8ve des contr\u00f4leurs avait d\u00e9j\u00e0 conduit \u00e0 <\/span><b>1 000 vols annul\u00e9s<\/b><span style=\"font-weight: 400;\"> et perturb\u00e9 plus de <\/span><b>120 000 passagers<\/b><span style=\"font-weight: 400;\">.<\/span><\/p>\n<p><span style=\"font-weight: 400;\">Notre conseil ?<\/span><\/p>\n<ul>\n<li style=\"font-weight: 400;\"><span style=\"font-weight: 400;\">Anticipez, pr\u00e9voyez des marges de man\u0153uvre.<\/span><\/li>\n<li style=\"font-weight: 400;\"><span style=\"font-weight: 400;\">V\u00e9rifiez vos trajets 48 heures avant la gr\u00e8ve, quand les pr\u00e9visions de trafic seront publi\u00e9es.<\/span><\/li>\n<li style=\"font-weight: 400;\"><span style=\"font-weight: 400;\">Et si vous le pouvez, misez sur le t\u00e9l\u00e9travail ou les activit\u00e9s de proximit\u00e9.<\/span><\/li>\n<\/ul>\n<h2><b>Une journ\u00e9e symbole d\u2019un climat tendu<\/b><\/h2>\n<p><span style=\"font-weight: 400;\">Au fond, cette gr\u00e8ve d\u00e9passe les simples perturbations de transport. Elle illustre un malaise plus profond : le rejet d\u2019un <\/span><b>budget 2026<\/b><span style=\"font-weight: 400;\"> per\u00e7u comme synonyme d\u2019aust\u00e9rit\u00e9 et de recul social. Les syndicats y voient une remise en cause directe de droits acquis de longue date.<\/span><\/p>\n<p><span style=\"font-weight: 400;\">Le 18 septembre, ce n\u2019est donc pas seulement une journ\u00e9e de gal\u00e8re pour les voyageurs. C\u2019est aussi le reflet d\u2019une soci\u00e9t\u00e9 en tension, o\u00f9 la rue entend peser face aux choix du gouvernement.<\/span><\/p>\n","protected":false},"excerpt":{"rendered":"<p>Le 18 septembre, \u00e7a va tanguer dans les transports franciliens. La RATP a lanc\u00e9 un appel \u00e0 la gr\u00e8ve qui [&hellip;]<\/p>\n","protected":false},"author":3,"featured_media":34380,"comment_status":"open","ping_status":"closed","sticky":false,"template":"","format":"standard","meta":{"_acf_changed":false,"_sitemap_exclude":false,"_sitemap_priority":"","_sitemap_frequency":"","footnotes":"","rank_math_title":"","rank_math_description":"Le 18 septembre, la RATP appelle \u00e0 une gr\u00e8ve massive. M\u00e9tros, RER, bus, avions : les transports franciliens virent \u00e0 la gal\u00e8re.\n","rank_math_canonical_url":"","rank_math_focus_keyword":"transport,greve"},"categories":[3],"tags":[],"class_list":["post-34379","post","type-post","status-publish","format-standard","has-post-thumbnail","hentry","category-voyage"],"acf":[],"_links":{"self":[{"href":"https:\/\/ulysse.com\/news\/wp-json\/wp\/v2\/posts\/34379","targetHints":{"allow":["GET"]}}],"collection":[{"href":"https:\/\/ulysse.com\/news\/wp-json\/wp\/v2\/posts"}],"about":[{"href":"https:\/\/ulysse.com\/news\/wp-json\/wp\/v2\/types\/post"}],"author":[{"embeddable":true,"href":"https:\/\/ulysse.com\/news\/wp-json\/wp\/v2\/users\/3"}],"replies":[{"embeddable":true,"href":"https:\/\/ulysse.com\/news\/wp-json\/wp\/v2\/comments?post=34379"}],"version-history":[{"count":2,"href":"https:\/\/ulysse.com\/news\/wp-json\/wp\/v2\/posts\/34379\/revisions"}],"predecessor-version":[{"id":34390,"href":"https:\/\/ulysse.com\/news\/wp-json\/wp\/v2\/posts\/34379\/revisions\/34390"}],"wp:featuredmedia":[{"embeddable":true,"href":"https:\/\/ulysse.com\/news\/wp-json\/wp\/v2\/media\/34380"}],"wp:attachment":[{"href":"https:\/\/ulysse.com\/news\/wp-json\/wp\/v2\/media?parent=34379"}],"wp:term":[{"taxonomy":"category","embeddable":true,"href":"https:\/\/ulysse.com\/news\/wp-json\/wp\/v2\/categories?post=34379"},{"taxonomy":"post_tag","embeddable":true,"href":"https:\/\/ulysse.com\/news\/wp-json\/wp\/v2\/tags?post=34379"}],"curies":[{"name":"wp","href":"https:\/\/api.w.org\/{rel}","templated":true}]}}