{"id":34410,"date":"2025-09-11T19:00:32","date_gmt":"2025-09-11T18:00:32","guid":{"rendered":"https:\/\/discover.ulysse.com\/?p=34410"},"modified":"2025-09-11T14:38:20","modified_gmt":"2025-09-11T13:38:20","slug":"ce-village-basque-de-moins-de-5-000-habitants-est-le-refuge-ideal-des-retraites","status":"publish","type":"post","link":"https:\/\/ulysse.com\/news\/ce-village-basque-de-moins-de-5-000-habitants-est-le-refuge-ideal-des-retraites","title":{"rendered":"Ce village basque de moins de 5 000 habitants est le refuge id\u00e9al des retrait\u00e9s"},"content":{"rendered":"<p data-start=\"194\" data-end=\"800\">Il est des lieux o\u00f9 le temps semble s\u2019\u00e9tirer diff\u00e9remment. L\u00e0, au pied d\u2019une montagne que l\u2019on dit myst\u00e9rieuse, les maisons \u00e0 colombages rouges se refl\u00e8tent dans une rivi\u00e8re tranquille. Les habitants se retrouvent encore sur la place du fronton, et l\u2019air sent \u00e0 la fois l\u2019oc\u00e9an et la montagne. Entre traditions basques vivaces, paysages grandioses et douceur de vivre, ce coin discret du Sud-Ouest s\u00e9duit depuis longtemps ceux qui cherchent \u00e0 ralentir le rythme. Certains y viennent pour une journ\u00e9e, d\u2019autres pour une vie enti\u00e8re. Mais pour beaucoup, c\u2019est l\u2019endroit parfait pour savourer leur retraite.<\/p>\n<h2 data-start=\"1548\" data-end=\"1605\">Une commune o\u00f9 les retrait\u00e9s sont d\u00e9j\u00e0 tr\u00e8s pr\u00e9sents<\/h2>\n<p data-start=\"869\" data-end=\"1546\">Ascain s\u2019adosse \u00e0 la <strong data-start=\"890\" data-end=\"899\">Rhune<\/strong>, sommet mythique des Pyr\u00e9n\u00e9es, et se laisse traverser par la <strong data-start=\"961\" data-end=\"972\">Nivelle<\/strong>, donnant au village une atmosph\u00e8re de carte postale. Les fa\u00e7ades blanches \u00e0 pans de bois rouges ou verts incarnent l\u2019architecture basque dans sa plus pure expression. Mais au-del\u00e0 de l\u2019esth\u00e9tique, c\u2019est l\u2019art de vivre qui retient : balades sur les sentiers environnants, excursions \u00e0 Saint-Jean-de-Luz \u00e0 10 minutes, vir\u00e9es en Espagne \u00e0 deux pas. Loin des villes bruyantes, Ascain respire une s\u00e9r\u00e9nit\u00e9 rare. Le village figure d\u2019ailleurs r\u00e9guli\u00e8rement dans les <strong data-start=\"1432\" data-end=\"1481\">classements des communes o\u00f9 il fait bon vivre<\/strong>, ce qui confirme son attractivit\u00e9 bien au-del\u00e0 du Pays basque.<\/p>\n<p data-start=\"1606\" data-end=\"2259\">Ascain compte environ <strong data-start=\"1628\" data-end=\"1647\">4 500 habitants<\/strong>, avec un <strong data-start=\"1657\" data-end=\"1689\">\u00e2ge moyen sup\u00e9rieur \u00e0 45 ans<\/strong> et pr\u00e8s d\u2019un tiers de la population d\u00e9j\u00e0 <a href=\"https:\/\/discover.ulysse.com\/vol-jet2-mene-deux-retraitees-loin-destination\">retrait\u00e9e<\/a>. Ce profil d\u00e9mographique donne au village une atmosph\u00e8re paisible, rythm\u00e9e par les march\u00e9s, les f\u00eates locales et les activit\u00e9s associatives. La municipalit\u00e9 a mis en place un panel de <strong data-start=\"1925\" data-end=\"1956\">services d\u00e9di\u00e9s aux seniors<\/strong> : portage de repas, aide \u00e0 domicile, t\u00e9l\u00e9assistance, navettes. Le lien social y est fort et favorise une int\u00e9gration facile pour les nouveaux arrivants. Cette densit\u00e9 de retrait\u00e9s cr\u00e9e un cadre rassurant, o\u00f9 chacun trouve sa place, que l\u2019on pr\u00e9f\u00e8re les activit\u00e9s collectives ou une vie plus discr\u00e8te.<\/p>\n<blockquote class=\"tiktok-embed\" style=\"max-width: 605px; min-width: 325px;\" cite=\"https:\/\/www.tiktok.com\/@pbbab\/video\/7489346781503966486\" data-video-id=\"7489346781503966486\">\n<section><a title=\"@pbbab\" href=\"https:\/\/www.tiktok.com\/@pbbab?refer=embed\" target=\"_blank\" rel=\"noopener\">@pbbab<\/a>ASCAIN PAYS BASQUE.<\/p>\n<p><a title=\"\u266c Euskal Herria - Moisty\" href=\"https:\/\/www.tiktok.com\/music\/Euskal-Herria-7473842641371383825?refer=embed\" target=\"_blank\" rel=\"noopener\">\u266c Euskal Herria &#8211; Moisty<\/a><\/p>\n<\/section>\n<\/blockquote>\n<p><script async src=\"https:\/\/www.tiktok.com\/embed.js\"><\/script><\/p>\n<h2 data-start=\"2960\" data-end=\"3018\">Entre authenticit\u00e9 basque et vie quotidienne pratique<\/h2>\n<p data-start=\"2317\" data-end=\"2958\">L\u2019un des atouts d\u2019Ascain est d\u2019offrir des infrastructures tourn\u00e9es vers le grand \u00e2ge : un <strong data-start=\"2407\" data-end=\"2424\">EHPAD (Adina)<\/strong> de 46 places accueille les personnes \u00e2g\u00e9es d\u00e9pendantes, avec des tarifs allant de <strong data-start=\"2507\" data-end=\"2539\">1 600 \u00e0 2 200 euros par mois<\/strong> selon la chambre et les besoins, hors aides (APA, APL, ASH). Pour les soins m\u00e9dicaux courants, la commune dispose de professionnels de sant\u00e9 de proximit\u00e9, tandis que <strong data-start=\"2706\" data-end=\"2717\">Bayonne<\/strong> et <strong data-start=\"2721\" data-end=\"2742\">Saint-Jean-de-Luz<\/strong> assurent l\u2019acc\u00e8s rapide \u00e0 des h\u00f4pitaux modernes. Cet \u00e9quilibre entre structures locales et grands centres hospitaliers \u00e0 moins de 30 minutes s\u00e9duit de nombreux retrait\u00e9s en qu\u00eate de s\u00e9curit\u00e9 et de confort m\u00e9dical.<\/p>\n<p data-start=\"3019\" data-end=\"3658\">Si Ascain pla\u00eet autant, c\u2019est qu\u2019il combine la <strong data-start=\"3066\" data-end=\"3096\">force de l\u2019identit\u00e9 basque<\/strong> avec la praticit\u00e9 du quotidien. On y trouve l\u2019essentiel : boulangeries, boucherie, sup\u00e9rette, pharmacie, coiffeurs, cavistes. Les march\u00e9s rythment la vie hebdomadaire, m\u00ealant produits locaux et convivialit\u00e9. La proximit\u00e9 de l\u2019Espagne ajoute une touche d\u2019exotisme facile d\u2019acc\u00e8s, avec San Sebasti\u00e1n ou Irun en moins d\u2019une heure de route. Ascain r\u00e9ussit ce m\u00e9lange rare : \u00eatre un village authentique, o\u00f9 l\u2019on entend encore parler basque au march\u00e9, tout en restant reli\u00e9 au monde gr\u00e2ce \u00e0 sa proximit\u00e9 avec l\u2019autoroute, la c\u00f4te atlantique et les gares r\u00e9gionales.<\/p>\n","protected":false},"excerpt":{"rendered":"<p>Il est des lieux o\u00f9 le temps semble s\u2019\u00e9tirer diff\u00e9remment. L\u00e0, au pied d\u2019une montagne que l\u2019on dit myst\u00e9rieuse, les [&hellip;]<\/p>\n","protected":false},"author":4,"featured_media":34900,"comment_status":"open","ping_status":"closed","sticky":false,"template":"","format":"standard","meta":{"_acf_changed":false,"_sitemap_exclude":false,"_sitemap_priority":"","_sitemap_frequency":"","footnotes":"","rank_math_title":"","rank_math_description":"","rank_math_canonical_url":"","rank_math_focus_keyword":"retrait\u00e9"},"categories":[3],"tags":[],"class_list":["post-34410","post","type-post","status-publish","format-standard","has-post-thumbnail","hentry","category-voyage"],"acf":[],"_links":{"self":[{"href":"https:\/\/ulysse.com\/news\/wp-json\/wp\/v2\/posts\/34410","targetHints":{"allow":["GET"]}}],"collection":[{"href":"https:\/\/ulysse.com\/news\/wp-json\/wp\/v2\/posts"}],"about":[{"href":"https:\/\/ulysse.com\/news\/wp-json\/wp\/v2\/types\/post"}],"author":[{"embeddable":true,"href":"https:\/\/ulysse.com\/news\/wp-json\/wp\/v2\/users\/4"}],"replies":[{"embeddable":true,"href":"https:\/\/ulysse.com\/news\/wp-json\/wp\/v2\/comments?post=34410"}],"version-history":[{"count":3,"href":"https:\/\/ulysse.com\/news\/wp-json\/wp\/v2\/posts\/34410\/revisions"}],"predecessor-version":[{"id":34902,"href":"https:\/\/ulysse.com\/news\/wp-json\/wp\/v2\/posts\/34410\/revisions\/34902"}],"wp:featuredmedia":[{"embeddable":true,"href":"https:\/\/ulysse.com\/news\/wp-json\/wp\/v2\/media\/34900"}],"wp:attachment":[{"href":"https:\/\/ulysse.com\/news\/wp-json\/wp\/v2\/media?parent=34410"}],"wp:term":[{"taxonomy":"category","embeddable":true,"href":"https:\/\/ulysse.com\/news\/wp-json\/wp\/v2\/categories?post=34410"},{"taxonomy":"post_tag","embeddable":true,"href":"https:\/\/ulysse.com\/news\/wp-json\/wp\/v2\/tags?post=34410"}],"curies":[{"name":"wp","href":"https:\/\/api.w.org\/{rel}","templated":true}]}}