{"id":34414,"date":"2025-09-01T08:00:50","date_gmt":"2025-09-01T07:00:50","guid":{"rendered":"https:\/\/discover.ulysse.com\/?p=34414"},"modified":"2025-08-31T21:39:17","modified_gmt":"2025-08-31T20:39:17","slug":"lac-calvados-a-connu-un-ete-exceptionnellement-sec-la-frequentation-touristique-seffondre-de-95","status":"publish","type":"post","link":"https:\/\/ulysse.com\/news\/lac-calvados-a-connu-un-ete-exceptionnellement-sec-la-frequentation-touristique-seffondre-de-95","title":{"rendered":"Ce lac du Calvados a connu un \u00e9t\u00e9 exceptionnellement sec la fr\u00e9quentation touristique s&#8217;effondre de 95 %"},"content":{"rendered":"<p data-start=\"95\" data-end=\"738\">La saison touristique 2025 a tourn\u00e9 court au lac de Pont-l\u2019\u00c9v\u00eaque, dans le Calvados. En cause : une prolif\u00e9ration de cyanobact\u00e9ries, d\u00e9tect\u00e9e mi-juillet, qui a entra\u00een\u00e9 l\u2019interdiction imm\u00e9diate de la baignade. R\u00e9sultat, la fr\u00e9quentation s\u2019est effondr\u00e9e de 90 \u00e0 95 %, passant de 1 500 visiteurs \u00e0 une cinquantaine par jour. Cette situation illustre un ph\u00e9nom\u00e8ne en forte recrudescence dans toute la Normandie, o\u00f9 d\u2019autres plans d\u2019eau ont subi des fermetures similaires. L\u2019enjeu d\u00e9passe le simple cadre local : il met en lumi\u00e8re une vuln\u00e9rabilit\u00e9 structurelle des bases de loisirs face aux effets du r\u00e9chauffement climatique.<\/p>\n<h2 data-start=\"740\" data-end=\"800\">Une interdiction brutale aux effets \u00e9conomiques imm\u00e9diats<\/h2>\n<p data-start=\"802\" data-end=\"1838\">Le 18 juillet, l\u2019Agence r\u00e9gionale de sant\u00e9 (ARS) de Normandie annonce l\u2019interdiction de baignade au lac de Pont-l\u2019\u00c9v\u00eaque. Les analyses d\u2019eau ont r\u00e9v\u00e9l\u00e9 une concentration pr\u00e9occupante de cyanobact\u00e9ries, micro-organismes pouvant produire des toxines dangereuses pour l\u2019homme et les animaux. La mesure, imm\u00e9diate, a frapp\u00e9 de plein fouet l\u2019\u00e9conomie touristique locale. En l\u2019espace de quelques jours, la fr\u00e9quentation du site s\u2019est quasiment \u00e9vapor\u00e9e, selon Romain Hamon, pr\u00e9sident de Mab<\/p>\n<p data-start=\"802\" data-end=\"1838\">Exp\u00e9rience, l\u2019exploitant de la base de loisirs. Les activit\u00e9s nautiques ont \u00e9t\u00e9 suspendues : paddle, bou\u00e9es tract\u00e9es, structures gonflables\u2026 rien n\u2019a pu compenser la perte de la baignade. Le camping de 240 places a limit\u00e9 la casse, mais les vacanciers ne sont pas rest\u00e9s. Le site, situ\u00e9 \u00e0 moins de 20 kilom\u00e8tres de la c\u00f4te, a perdu son attrait principal. Ce constat s\u2019inscrit dans une tendance lourde : les bassins touristiques en milieu rural peinent \u00e0 se r\u00e9inventer quand leur produit-phare \u2013 ici, la baignade \u2013 devient inaccessible.<\/p>\n<blockquote class=\"tiktok-embed\" style=\"max-width: 605px; min-width: 325px;\" cite=\"https:\/\/www.tiktok.com\/@alexandra.natamb\/video\/7536272745919778070\" data-video-id=\"7536272745919778070\">\n<section><a title=\"@alexandra.natamb\" href=\"https:\/\/www.tiktok.com\/@alexandra.natamb?refer=embed\" target=\"_blank\" rel=\"noopener\">@alexandra.natamb<\/a> mon petit lac de l \u00e9t\u00e9 dans ma petite Normandie <a title=\"pourtoi\" href=\"https:\/\/www.tiktok.com\/tag\/pourtoi?refer=embed\" target=\"_blank\" rel=\"noopener\">#pourtoi<\/a> <a title=\"normandie\" href=\"https:\/\/www.tiktok.com\/tag\/normandie?refer=embed\" target=\"_blank\" rel=\"noopener\">#normandie<\/a> <a title=\"lac\" href=\"https:\/\/www.tiktok.com\/tag\/lac?refer=embed\" target=\"_blank\" rel=\"noopener\">#lac<\/a> <a title=\"onadore\" href=\"https:\/\/www.tiktok.com\/tag\/onadore?refer=embed\" target=\"_blank\" rel=\"noopener\">#onadore<\/a> <a title=\"\u266c son original - annees198090\" href=\"https:\/\/www.tiktok.com\/music\/son-original-7112461065073560326?refer=embed\" target=\"_blank\" rel=\"noopener\">\u266c son original &#8211; annees198090<\/a><\/section>\n<\/blockquote>\n<p><script async src=\"https:\/\/www.tiktok.com\/embed.js\"><\/script><\/p>\n<h2 data-start=\"1840\" data-end=\"1900\">Une prolif\u00e9ration aggrav\u00e9e par les conditions climatiques<\/h2>\n<p data-start=\"1902\" data-end=\"3029\">La multiplication des \u00e9pisodes de cyanobact\u00e9ries s\u2019explique par des conditions environnementales favorables : chaleur, ensoleillement, stagnation des eaux et nutriments pr\u00e9sents dans les bassins. Autant de facteurs amplifi\u00e9s par le r\u00e9chauffement climatique. Pont-l\u2019\u00c9v\u00eaque n\u2019est pas un cas isol\u00e9. En ao\u00fbt, plusieurs sites normands ont connu le m\u00eame sort : lac de Brionne dans l\u2019Eure, lac de Caniel en Seine-Maritime, Dath\u00e9e dans le <a href=\"https:\/\/discover.ulysse.com\/pour-moins-de-1-300-e-le-calvados-devient-la-destination-revee-des-familles-francaises\">Calvados<\/a>, ou encore la Fert\u00e9-Mac\u00e9 dans l\u2019Orne. Dans certains cas, les interdictions se sont ajout\u00e9es \u00e0 d\u2019autres ph\u00e9nom\u00e8nes, comme un pH trop \u00e9lev\u00e9. Ce d\u00e9veloppement rapide des cyanobact\u00e9ries, bien connu des experts depuis une dizaine d\u2019ann\u00e9es, semble d\u00e9sormais s\u2019inscrire dans une p\u00e9riodicit\u00e9 r\u00e9guli\u00e8re, sans solution g\u00e9n\u00e9ralis\u00e9e.<\/p>\n<p data-start=\"1902\" data-end=\"3029\">Les produits capables de r\u00e9duire leur pr\u00e9sence existent, mais sont limit\u00e9s \u00e0 de tr\u00e8s petits volumes. \u00c0 l\u2019\u00e9chelle de plans d\u2019eau de plusieurs hectares, leur utilisation est impraticable. Les gestionnaires se retrouvent donc dans une impasse technique, contraints d\u2019attendre la fin naturelle du ph\u00e9nom\u00e8ne, tout en subissant les pertes \u00e9conomiques.<\/p>\n<h2 data-start=\"3031\" data-end=\"3097\">R\u00e9actions locales : improvisation et tentatives de reconversion<\/h2>\n<p data-start=\"3099\" data-end=\"4168\">Face \u00e0 l\u2019absence de r\u00e9ponse institutionnelle \u00e0 grande \u00e9chelle, les exploitants de bases de loisirs cherchent \u00e0 diversifier leur offre. \u00c0 Pont-l\u2019\u00c9v\u00eaque, certaines activit\u00e9s terrestres comme le mini-golf, la promenade ou le cano\u00eb sans immersion ont \u00e9t\u00e9 maintenues. Mais ces solutions ne compensent pas l\u2019attractivit\u00e9 de la baignade, jug\u00e9e centrale dans l\u2019exp\u00e9rience estivale des visiteurs. Romain Hamon \u00e9voque la n\u00e9cessit\u00e9 d\u2019\u00ab attirer les gens autrement \u00bb, tout en soulignant les difficult\u00e9s d\u2019investissement dans un contexte aussi incertain. En l\u2019absence de visibilit\u00e9 sanitaire, les gestionnaires h\u00e9sitent \u00e0 s\u2019engager dans des transformations co\u00fbteuses.<\/p>\n<p data-start=\"3099\" data-end=\"4168\">Pourtant, sans adaptation, ces sites risquent de perdre durablement leur r\u00f4le touristique dans les ann\u00e9es \u00e0 venir. Le mod\u00e8le des bases de loisirs con\u00e7u autour de la baignade semble de plus en plus fragile face aux perturbations environnementales. Ce qui pose une question de fond : comment continuer \u00e0 faire vivre ces espaces quand leur principale activit\u00e9 est r\u00e9guli\u00e8rement compromise ?<\/p>\n<h2 data-start=\"4170\" data-end=\"4221\">Une probl\u00e9matique nationale encore peu anticip\u00e9e<\/h2>\n<p data-start=\"4223\" data-end=\"5310\" data-is-last-node=\"\" data-is-only-node=\"\">Si le ph\u00e9nom\u00e8ne est localement tr\u00e8s visible, sa prise en charge reste fragment\u00e9e \u00e0 l\u2019\u00e9chelle nationale. Il n\u2019existe aucun plan coordonn\u00e9 pour faire face \u00e0 la prolif\u00e9ration des cyanobact\u00e9ries dans les lacs fran\u00e7ais, alors m\u00eame que leur pr\u00e9sence tend \u00e0 s\u2019intensifier chaque \u00e9t\u00e9. \u00c0 mesure que le climat se r\u00e9chauffe, les p\u00e9riodes propices \u00e0 leur d\u00e9veloppement s\u2019allongent, rendant les interdictions plus fr\u00e9quentes et plus longues.<\/p>\n<p data-start=\"4223\" data-end=\"5310\" data-is-last-node=\"\" data-is-only-node=\"\">Or, les lacs sont de plus en plus utilis\u00e9s comme alternatives au littoral, notamment dans les territoires \u00e9loign\u00e9s de la mer. L\u2019absence de strat\u00e9gie publique en mati\u00e8re de surveillance, de traitement ou d\u2019am\u00e9nagements alternatifs fragilise des fili\u00e8res enti\u00e8res du tourisme local. En l\u2019\u00e9tat, ce sont les gestionnaires de terrain, collectivit\u00e9s ou structures semi-publiques, qui doivent g\u00e9rer seuls les cons\u00e9quences, sans appui technique ni financier structur\u00e9. La situation du lac de Pont-l\u2019\u00c9v\u00eaque r\u00e9v\u00e8le ainsi une faille de gouvernance, qui pourrait s\u2019\u00e9largir si aucune r\u00e9ponse structurante n\u2019est apport\u00e9e dans les prochaines ann\u00e9es.<\/p>\n","protected":false},"excerpt":{"rendered":"<p>La saison touristique 2025 a tourn\u00e9 court au lac de Pont-l\u2019\u00c9v\u00eaque, dans le Calvados. En cause : une prolif\u00e9ration de [&hellip;]<\/p>\n","protected":false},"author":4,"featured_media":34419,"comment_status":"open","ping_status":"closed","sticky":false,"template":"","format":"standard","meta":{"_acf_changed":false,"_sitemap_exclude":false,"_sitemap_priority":"","_sitemap_frequency":"","footnotes":"","rank_math_title":"","rank_math_description":"","rank_math_canonical_url":"","rank_math_focus_keyword":"calvados"},"categories":[3],"tags":[],"class_list":["post-34414","post","type-post","status-publish","format-standard","has-post-thumbnail","hentry","category-voyage"],"acf":[],"_links":{"self":[{"href":"https:\/\/ulysse.com\/news\/wp-json\/wp\/v2\/posts\/34414","targetHints":{"allow":["GET"]}}],"collection":[{"href":"https:\/\/ulysse.com\/news\/wp-json\/wp\/v2\/posts"}],"about":[{"href":"https:\/\/ulysse.com\/news\/wp-json\/wp\/v2\/types\/post"}],"author":[{"embeddable":true,"href":"https:\/\/ulysse.com\/news\/wp-json\/wp\/v2\/users\/4"}],"replies":[{"embeddable":true,"href":"https:\/\/ulysse.com\/news\/wp-json\/wp\/v2\/comments?post=34414"}],"version-history":[{"count":2,"href":"https:\/\/ulysse.com\/news\/wp-json\/wp\/v2\/posts\/34414\/revisions"}],"predecessor-version":[{"id":34420,"href":"https:\/\/ulysse.com\/news\/wp-json\/wp\/v2\/posts\/34414\/revisions\/34420"}],"wp:featuredmedia":[{"embeddable":true,"href":"https:\/\/ulysse.com\/news\/wp-json\/wp\/v2\/media\/34419"}],"wp:attachment":[{"href":"https:\/\/ulysse.com\/news\/wp-json\/wp\/v2\/media?parent=34414"}],"wp:term":[{"taxonomy":"category","embeddable":true,"href":"https:\/\/ulysse.com\/news\/wp-json\/wp\/v2\/categories?post=34414"},{"taxonomy":"post_tag","embeddable":true,"href":"https:\/\/ulysse.com\/news\/wp-json\/wp\/v2\/tags?post=34414"}],"curies":[{"name":"wp","href":"https:\/\/api.w.org\/{rel}","templated":true}]}}