{"id":34453,"date":"2025-09-02T16:00:11","date_gmt":"2025-09-02T15:00:11","guid":{"rendered":"https:\/\/discover.ulysse.com\/?p=34453"},"modified":"2025-09-02T09:32:01","modified_gmt":"2025-09-02T08:32:01","slug":"pourquoi-ce-village-provencal-des-alpes-maritimes-devient-la-nouvelle-perle-des-retraites","status":"publish","type":"post","link":"https:\/\/ulysse.com\/news\/pourquoi-ce-village-provencal-des-alpes-maritimes-devient-la-nouvelle-perle-des-retraites","title":{"rendered":"Pourquoi ce village proven\u00e7al des Alpes-Maritimes devient la nouvelle perle des retrait\u00e9s ?"},"content":{"rendered":"<p><span style=\"font-weight: 400;\">Les vacances, c\u2019est bien, mais la retraite, c\u2019est encore mieux ! Et quoi de mieux que de poser ses valises dans un endroit o\u00f9 le soleil brille presque toute l&#8217;ann\u00e9e, o\u00f9 la mer est \u00e0 deux pas, et o\u00f9 l\u2019on se sent imm\u00e9diatement chez soi ? Si vous \u00eates \u00e0 la recherche d\u2019un lieu o\u00f9 savourer vos nouveaux moments de libert\u00e9, ne cherchez plus. Ce village pro<strong>ven\u00e7al, nich\u00e9 au c\u0153ur des Alpes-Maritimes, est un v\u00e9ritable havre de paix pour les<\/strong> jeunes retrait\u00e9s en qu\u00eate de douceur de vivre. Sans trop en d\u00e9voiler, laissez-nous vous emmener d\u00e9couvrir cette perle du Sud qui a tout pour s\u00e9duire ceux qui ont envie de prendre un nouveau d\u00e9part.<\/span><\/p>\n<h2><b>Un village \u00e0 la douceur de vivre incomparable<\/b><\/h2>\n<p><span style=\"font-weight: 400;\"><strong>Biot<\/strong>, c\u2019est le genre d\u2019endroit o\u00f9 l\u2019on se sent imm\u00e9diatement bien. Ce n\u2019est pas juste un village, c\u2019est une invitation \u00e0 la tranquillit\u00e9. Entre ses rues pav\u00e9es, ses petites boutiques pleines de charme et ses maisons en pierres qui racontent l\u2019histoire d\u2019un pass\u00e9 authentique, il n\u2019est pas \u00e9tonnant que de plus en plus de retrait\u00e9s choisissent de s\u2019y installer. Imaginez-vous fl\u00e2ner sous le soleil, un caf\u00e9 \u00e0 la main, en observant les magnifiques panoramas qui s\u2019\u00e9tendent sur les collines verdoyantes et la<strong> mer M\u00e9diterran\u00e9e<\/strong> toute proche. L\u2019air y est doux, le rythme de vie tranquille, et la convivialit\u00e9 est au rendez-vous \u00e0 chaque coin de rue. Bref, Biot incarne l\u2019art de vivre \u00e0 la proven\u00e7ale, o\u00f9 le temps semble s\u2019\u00e9tirer, permettant \u00e0 chacun de profiter de chaque instant.<\/span><\/p>\n<p><span style=\"font-weight: 400;\">Ce village est id\u00e9alement situ\u00e9, \u00e0 quelques minutes des plages de <strong>Nice et d\u2019Antibes<\/strong>, mais loin de la foule touristique. Vous pourrez ainsi profiter du meilleur de la c\u00f4te d\u2019Azur tout en savourant la s\u00e9r\u00e9nit\u00e9 d\u2019un village \u00e0 taille humaine. Et avec plus de 300 jours de soleil par an, vous aurez le loisir de profiter de chaque rayon de soleil pour d\u00e9couvrir les tr\u00e9sors que ce coin de paradis a \u00e0 offrir.<\/span><\/p>\n<blockquote class=\"instagram-media\" style=\"background: #FFF; border: 0; border-radius: 3px; margin: 1px; max-width: 540px; min-width: 326px; padding: 0; width: calc(100% - 2px);\" data-instgrm-captioned=\"\" data-instgrm-permalink=\"https:\/\/www.instagram.com\/p\/CzDbulmAcFH\/?utm_source=ig_embed&amp;utm_campaign=loading\" data-instgrm-version=\"14\">\n<div style=\"padding: 16px;\">\n<p>&nbsp;<\/p>\n<div style=\"flex-direction: row; align-items: center;\">\n<div style=\"background-color: #f4f4f4; border-radius: 50%; flex-grow: 0; height: 40px; margin-right: 14px; width: 40px;\"><\/div>\n<div style=\"flex-direction: column; flex-grow: 1; justify-content: center;\">\n<div style=\"background-color: #f4f4f4; border-radius: 4px; flex-grow: 0; height: 14px; margin-bottom: 6px; width: 100px;\"><\/div>\n<div style=\"background-color: #f4f4f4; border-radius: 4px; flex-grow: 0; height: 14px; width: 60px;\"><\/div>\n<\/div>\n<\/div>\n<div style=\"padding: 19% 0;\"><\/div>\n<div style=\"height: 50px; margin: 0 auto 12px; width: 50px;\"><\/div>\n<div style=\"padding-top: 8px;\">\n<div style=\"color: #3897f0; font-family: Arial,sans-serif; font-size: 14px; font-style: normal; font-weight: 550; line-height: 18px;\">Voir cette publication sur Instagram<\/div>\n<\/div>\n<div style=\"padding: 12.5% 0;\"><\/div>\n<div style=\"flex-direction: row; margin-bottom: 14px; align-items: center;\">\n<div>\n<div style=\"background-color: #f4f4f4; border-radius: 50%; height: 12.5px; width: 12.5px;\"><\/div>\n<div style=\"background-color: #f4f4f4; height: 12.5px; width: 12.5px; flex-grow: 0; margin-right: 14px; margin-left: 2px;\"><\/div>\n<div style=\"background-color: #f4f4f4; border-radius: 50%; height: 12.5px; width: 12.5px;\"><\/div>\n<\/div>\n<div style=\"margin-left: 8px;\">\n<div style=\"background-color: #f4f4f4; border-radius: 50%; flex-grow: 0; height: 20px; width: 20px;\"><\/div>\n<div style=\"width: 0; height: 0; border-top: 2px solid transparent; border-left: 6px solid #f4f4f4; border-bottom: 2px solid transparent;\"><\/div>\n<\/div>\n<div style=\"margin-left: auto;\">\n<div style=\"width: 0px; border-top: 8px solid #F4F4F4; border-right: 8px solid transparent;\"><\/div>\n<div style=\"background-color: #f4f4f4; flex-grow: 0; height: 12px; width: 16px;\"><\/div>\n<div style=\"width: 0; height: 0; border-top: 8px solid #F4F4F4; border-left: 8px solid transparent;\"><\/div>\n<\/div>\n<\/div>\n<div style=\"flex-direction: column; flex-grow: 1; justify-content: center; margin-bottom: 24px;\">\n<div style=\"background-color: #f4f4f4; border-radius: 4px; flex-grow: 0; height: 14px; margin-bottom: 6px; width: 224px;\"><\/div>\n<div style=\"background-color: #f4f4f4; border-radius: 4px; flex-grow: 0; height: 14px; width: 144px;\"><\/div>\n<\/div>\n<p>&nbsp;<\/p>\n<p style=\"color: #c9c8cd; font-family: Arial,sans-serif; font-size: 14px; line-height: 17px; margin-bottom: 0; margin-top: 8px; overflow: hidden; padding: 8px 0 7px; text-align: center;\"><a style=\"color: #c9c8cd; font-family: Arial,sans-serif; font-size: 14px; font-style: normal; font-weight: normal; line-height: 17px; text-decoration: none;\" href=\"https:\/\/www.instagram.com\/p\/CzDbulmAcFH\/?utm_source=ig_embed&amp;utm_campaign=loading\" target=\"_blank\" rel=\"noopener\">Une publication partag\u00e9e par mevzun \ud83e\uddff\ud83c\udf40\ud83c\udf00\ud83d\udc9a (@mevzun)<\/a><\/p>\n<\/div>\n<\/blockquote>\n<h2><b>Quand culture rime avec d\u00e9tente : Biot, le mus\u00e9e vivant<\/b><\/h2>\n<p><span style=\"font-weight: 400;\">Ce qui distingue Biot des autres villages de la r\u00e9gion, c\u2019est son incroyable richesse culturelle. Vous pensez que la retraite est synonyme de farniente uniquement ? D\u00e9trompez-vous ! Biot est un v\u00e9ritable centre culturel o\u00f9 histoire, art et artisanat se m\u00ealent \u00e0 merveille. Le village est notamment c\u00e9l\u00e8bre pour son mus\u00e9e national<strong> Fernand L\u00e9ger<\/strong>, o\u00f9 les visiteurs peuvent d\u00e9couvrir les \u0153uvres de ce peintre avant-gardiste, mais aussi une s\u00e9rie d\u2019expositions temporaires qui dynamisent la vie locale. Si l\u2019art moderne n\u2019est pas votre tasse de th\u00e9, pas de panique ! La tradition verri\u00e8re de Biot est un v\u00e9ritable atout, avec des souffleurs de verre qui perp\u00e9tuent un savoir-faire ancestral dans leurs ateliers. Un petit tour dans ces ateliers est une exp\u00e9rience unique, o\u00f9 chaque pi\u00e8ce r\u00e9alis\u00e9e est un t\u00e9moignage de l\u2019excellence artisanale de la r\u00e9gion.<\/span><\/p>\n<p><span style=\"font-weight: 400;\">Bien s\u00fbr, le c\u00f4t\u00e9 culturel de Biot ne se limite pas aux mus\u00e9es. Fl\u00e2ner dans les ruelles \u00e9troites et d\u00e9couvrir les petites galeries d\u2019art locales ou m\u00eame les sculptures en plein air, c\u2019est un peu comme faire une balade dans un mus\u00e9e \u00e0 ciel ouvert. Le patrimoine de Biot, avec ses remparts m\u00e9di\u00e9vaux et ses vieilles portes en bois, raconte une histoire fascinante qu\u2019on a envie de conna\u00eetre de bout en bout. Et pour les nouveaux retrait\u00e9s \u00e0 la recherche d\u2019activit\u00e9s cr\u00e9atives, des ateliers de poterie, de peinture ou m\u00eame de cuisine proven\u00e7ale sont r\u00e9guli\u00e8rement propos\u00e9s pour ajouter une touche d\u2019originalit\u00e9 \u00e0 votre quotidien.<\/span><\/p>\n<blockquote class=\"instagram-media\" style=\"background: #FFF; border: 0; border-radius: 3px; margin: 1px; max-width: 540px; min-width: 326px; padding: 0; width: calc(100% - 2px);\" data-instgrm-captioned=\"\" data-instgrm-permalink=\"https:\/\/www.instagram.com\/p\/CercTnYMMNA\/?utm_source=ig_embed&amp;utm_campaign=loading\" data-instgrm-version=\"14\">\n<div style=\"padding: 16px;\">\n<p>&nbsp;<\/p>\n<div style=\"flex-direction: row; align-items: center;\">\n<div style=\"background-color: #f4f4f4; border-radius: 50%; flex-grow: 0; height: 40px; margin-right: 14px; width: 40px;\"><\/div>\n<div style=\"flex-direction: column; flex-grow: 1; justify-content: center;\">\n<div style=\"background-color: #f4f4f4; border-radius: 4px; flex-grow: 0; height: 14px; margin-bottom: 6px; width: 100px;\"><\/div>\n<div style=\"background-color: #f4f4f4; border-radius: 4px; flex-grow: 0; height: 14px; width: 60px;\"><\/div>\n<\/div>\n<\/div>\n<div style=\"padding: 19% 0;\"><\/div>\n<div style=\"height: 50px; margin: 0 auto 12px; width: 50px;\"><\/div>\n<div style=\"padding-top: 8px;\">\n<div style=\"color: #3897f0; font-family: Arial,sans-serif; font-size: 14px; font-style: normal; font-weight: 550; line-height: 18px;\">Voir cette publication sur Instagram<\/div>\n<\/div>\n<div style=\"padding: 12.5% 0;\"><\/div>\n<div style=\"flex-direction: row; margin-bottom: 14px; align-items: center;\">\n<div>\n<div style=\"background-color: #f4f4f4; border-radius: 50%; height: 12.5px; width: 12.5px;\"><\/div>\n<div style=\"background-color: #f4f4f4; height: 12.5px; width: 12.5px; flex-grow: 0; margin-right: 14px; margin-left: 2px;\"><\/div>\n<div style=\"background-color: #f4f4f4; border-radius: 50%; height: 12.5px; width: 12.5px;\"><\/div>\n<\/div>\n<div style=\"margin-left: 8px;\">\n<div style=\"background-color: #f4f4f4; border-radius: 50%; flex-grow: 0; height: 20px; width: 20px;\"><\/div>\n<div style=\"width: 0; height: 0; border-top: 2px solid transparent; border-left: 6px solid #f4f4f4; border-bottom: 2px solid transparent;\"><\/div>\n<\/div>\n<div style=\"margin-left: auto;\">\n<div style=\"width: 0px; border-top: 8px solid #F4F4F4; border-right: 8px solid transparent;\"><\/div>\n<div style=\"background-color: #f4f4f4; flex-grow: 0; height: 12px; width: 16px;\"><\/div>\n<div style=\"width: 0; height: 0; border-top: 8px solid #F4F4F4; border-left: 8px solid transparent;\"><\/div>\n<\/div>\n<\/div>\n<div style=\"flex-direction: column; flex-grow: 1; justify-content: center; margin-bottom: 24px;\">\n<div style=\"background-color: #f4f4f4; border-radius: 4px; flex-grow: 0; height: 14px; margin-bottom: 6px; width: 224px;\"><\/div>\n<div style=\"background-color: #f4f4f4; border-radius: 4px; flex-grow: 0; height: 14px; width: 144px;\"><\/div>\n<\/div>\n<p>&nbsp;<\/p>\n<p style=\"color: #c9c8cd; font-family: Arial,sans-serif; font-size: 14px; line-height: 17px; margin-bottom: 0; margin-top: 8px; overflow: hidden; padding: 8px 0 7px; text-align: center;\"><a style=\"color: #c9c8cd; font-family: Arial,sans-serif; font-size: 14px; font-style: normal; font-weight: normal; line-height: 17px; text-decoration: none;\" href=\"https:\/\/www.instagram.com\/p\/CercTnYMMNA\/?utm_source=ig_embed&amp;utm_campaign=loading\" target=\"_blank\" rel=\"noopener\">Une publication partag\u00e9e par Annick Tschaegl\u00e9 &#8211; Ponty (@annick_ponty_tschaegle)<\/a><\/p>\n<\/div>\n<\/blockquote>\n<h2><b>Un petit coin de nature pour s\u2019\u00e9vader \u00e0 chaque instant<\/b><\/h2>\n<p><span style=\"font-weight: 400;\">Qui a dit que retraite rimait avec inactivit\u00e9 ? \u00c0 Biot, l\u2019activit\u00e9 physique est au programme, et ce, sous toutes ses formes. Gr\u00e2ce \u00e0 son emplacement au c\u0153ur de la nature, ce village est un terrain de jeu id\u00e9al pour les amoureux de randonn\u00e9e. Que vous soyez un randonneur chevronn\u00e9 ou que vous souhaitiez simplement profiter d\u2019une belle balade en pleine nature, les sentiers autour de Biot vous offriront des vues imprenables sur<strong> les montagnes et la mer<\/strong>. Un vrai d\u00e9paysement \u00e0 port\u00e9e de main ! En quelques minutes, vous serez plong\u00e9 dans une nature sauvage et pr\u00e9serv\u00e9e, un vrai antidote au stress de la vie quotidienne.<\/span><\/p>\n<p><span style=\"font-weight: 400;\">Si la mer vous appelle, vous ne serez pas d\u00e9\u00e7u. En moins de 15 minutes, vous pouvez \u00eatre les pieds dans l\u2019eau, \u00e0<a href=\"https:\/\/discover.ulysse.com\/retraites-quittent-cote-dazur-pour-cette-ville\"> Antibes<\/a> ou Nice, et profiter des joies des sports nautiques. Et entre deux activit\u00e9s, vous pouvez toujours savourer un moment de d\u00e9tente sur l\u2019une des plages de sable fin ou tout simplement fl\u00e2ner sur le port. Bref, \u00e0 Biot, pas de place pour l\u2019ennui. L\u2019important, c\u2019est d\u2019en profiter, que ce soit en randonnant, en pratiquant un sport ou tout simplement en prenant un bon bain de soleil.<\/span><\/p>\n<blockquote class=\"instagram-media\" style=\"background: #FFF; border: 0; border-radius: 3px; margin: 1px; max-width: 540px; min-width: 326px; padding: 0; width: calc(100% - 2px);\" data-instgrm-captioned=\"\" data-instgrm-permalink=\"https:\/\/www.instagram.com\/p\/CwaHTZ4McGg\/?utm_source=ig_embed&amp;utm_campaign=loading\" data-instgrm-version=\"14\">\n<div style=\"padding: 16px;\">\n<p>&nbsp;<\/p>\n<div style=\"flex-direction: row; align-items: center;\">\n<div style=\"background-color: #f4f4f4; border-radius: 50%; flex-grow: 0; height: 40px; margin-right: 14px; width: 40px;\"><\/div>\n<div style=\"flex-direction: column; flex-grow: 1; justify-content: center;\">\n<div style=\"background-color: #f4f4f4; border-radius: 4px; flex-grow: 0; height: 14px; margin-bottom: 6px; width: 100px;\"><\/div>\n<div style=\"background-color: #f4f4f4; border-radius: 4px; flex-grow: 0; height: 14px; width: 60px;\"><\/div>\n<\/div>\n<\/div>\n<div style=\"padding: 19% 0;\"><\/div>\n<div style=\"height: 50px; margin: 0 auto 12px; width: 50px;\"><\/div>\n<div style=\"padding-top: 8px;\">\n<div style=\"color: #3897f0; font-family: Arial,sans-serif; font-size: 14px; font-style: normal; font-weight: 550; line-height: 18px;\">Voir cette publication sur Instagram<\/div>\n<\/div>\n<div style=\"padding: 12.5% 0;\"><\/div>\n<div style=\"flex-direction: row; margin-bottom: 14px; align-items: center;\">\n<div>\n<div style=\"background-color: #f4f4f4; border-radius: 50%; height: 12.5px; width: 12.5px;\"><\/div>\n<div style=\"background-color: #f4f4f4; height: 12.5px; width: 12.5px; flex-grow: 0; margin-right: 14px; margin-left: 2px;\"><\/div>\n<div style=\"background-color: #f4f4f4; border-radius: 50%; height: 12.5px; width: 12.5px;\"><\/div>\n<\/div>\n<div style=\"margin-left: 8px;\">\n<div style=\"background-color: #f4f4f4; border-radius: 50%; flex-grow: 0; height: 20px; width: 20px;\"><\/div>\n<div style=\"width: 0; height: 0; border-top: 2px solid transparent; border-left: 6px solid #f4f4f4; border-bottom: 2px solid transparent;\"><\/div>\n<\/div>\n<div style=\"margin-left: auto;\">\n<div style=\"width: 0px; border-top: 8px solid #F4F4F4; border-right: 8px solid transparent;\"><\/div>\n<div style=\"background-color: #f4f4f4; flex-grow: 0; height: 12px; width: 16px;\"><\/div>\n<div style=\"width: 0; height: 0; border-top: 8px solid #F4F4F4; border-left: 8px solid transparent;\"><\/div>\n<\/div>\n<\/div>\n<div style=\"flex-direction: column; flex-grow: 1; justify-content: center; margin-bottom: 24px;\">\n<div style=\"background-color: #f4f4f4; border-radius: 4px; flex-grow: 0; height: 14px; margin-bottom: 6px; width: 224px;\"><\/div>\n<div style=\"background-color: #f4f4f4; border-radius: 4px; flex-grow: 0; height: 14px; width: 144px;\"><\/div>\n<\/div>\n<p>&nbsp;<\/p>\n<p style=\"color: #c9c8cd; font-family: Arial,sans-serif; font-size: 14px; line-height: 17px; margin-bottom: 0; margin-top: 8px; overflow: hidden; padding: 8px 0 7px; text-align: center;\"><a style=\"color: #c9c8cd; font-family: Arial,sans-serif; font-size: 14px; font-style: normal; font-weight: normal; line-height: 17px; text-decoration: none;\" href=\"https:\/\/www.instagram.com\/p\/CwaHTZ4McGg\/?utm_source=ig_embed&amp;utm_campaign=loading\" target=\"_blank\" rel=\"noopener\">Une publication partag\u00e9e par \ud83c\udf88 C I L O U \ud83c\udf88 (@les_balades_de_cilou)<\/a><\/p>\n<\/div>\n<\/blockquote>\n<h2><b>Comment s\u2019y rendre : le train, votre meilleur ami<\/b><\/h2>\n<p><span style=\"font-weight: 400;\">Pour ceux qui aiment voyager sans stress, Biot est parfaitement accessible en train. Depuis Paris, vous pouvez rejoindre la<strong> station de Biot<\/strong> en environ 5 heures, avec une correspondance \u00e0 <a href=\"https:\/\/discover.ulysse.com\/easyjet-annonce-une-nouvelle-destination-depuis-nice-un-vol-direct-vers-une-ville-anglaise-aux-accents-industriels-et-artistiques\">Nice<\/a> ou Antibes. C\u2019est l\u2019occasion de profiter du confort du train, de lire un bon livre ou simplement d\u2019admirer les paysages qui d\u00e9filent \u00e0 travers la fen\u00eatre. Le prix du billet varie en fonction de l\u2019anticipation de la r\u00e9servation, mais \u00e0 partir de 30 \u20ac pour un trajet en seconde classe, vous pouvez rejoindre ce petit coin de paradis sans trop faire sauter votre budget. Les grandes villes comme Lyon, Strasbourg ou Marseille sont \u00e9galement bien desservies, ce qui permet \u00e0 tout le monde, o\u00f9 que vous soyez, de rejoindre Biot facilement.<\/span><\/p>\n<p><span style=\"font-weight: 400;\">Si vous pr\u00e9f\u00e9rez l\u2019avion, l\u2019a\u00e9roport de Nice, situ\u00e9 \u00e0 15 km de Biot, est une option rapide et pratique pour les voyageurs venant de plus loin. Une fois arriv\u00e9 \u00e0 l\u2019a\u00e9roport, il vous suffira de prendre un train ou un taxi pour rejoindre votre destination.<\/span><\/p>\n<blockquote class=\"instagram-media\" style=\"background: #FFF; border: 0; border-radius: 3px; margin: 1px; max-width: 540px; min-width: 326px; padding: 0; width: calc(100% - 2px);\" data-instgrm-captioned=\"\" data-instgrm-permalink=\"https:\/\/www.instagram.com\/p\/C9nc0fgt5D9\/?utm_source=ig_embed&amp;utm_campaign=loading\" data-instgrm-version=\"14\">\n<div style=\"padding: 16px;\">\n<p>&nbsp;<\/p>\n<div style=\"flex-direction: row; align-items: center;\">\n<div style=\"background-color: #f4f4f4; border-radius: 50%; flex-grow: 0; height: 40px; margin-right: 14px; width: 40px;\"><\/div>\n<div style=\"flex-direction: column; flex-grow: 1; justify-content: center;\">\n<div style=\"background-color: #f4f4f4; border-radius: 4px; flex-grow: 0; height: 14px; margin-bottom: 6px; width: 100px;\"><\/div>\n<div style=\"background-color: #f4f4f4; border-radius: 4px; flex-grow: 0; height: 14px; width: 60px;\"><\/div>\n<\/div>\n<\/div>\n<div style=\"padding: 19% 0;\"><\/div>\n<div style=\"height: 50px; margin: 0 auto 12px; width: 50px;\"><\/div>\n<div style=\"padding-top: 8px;\">\n<div style=\"color: #3897f0; font-family: Arial,sans-serif; font-size: 14px; font-style: normal; font-weight: 550; line-height: 18px;\">Voir cette publication sur Instagram<\/div>\n<\/div>\n<div style=\"padding: 12.5% 0;\"><\/div>\n<div style=\"flex-direction: row; margin-bottom: 14px; align-items: center;\">\n<div>\n<div style=\"background-color: #f4f4f4; border-radius: 50%; height: 12.5px; width: 12.5px;\"><\/div>\n<div style=\"background-color: #f4f4f4; height: 12.5px; width: 12.5px; flex-grow: 0; margin-right: 14px; margin-left: 2px;\"><\/div>\n<div style=\"background-color: #f4f4f4; border-radius: 50%; height: 12.5px; width: 12.5px;\"><\/div>\n<\/div>\n<div style=\"margin-left: 8px;\">\n<div style=\"background-color: #f4f4f4; border-radius: 50%; flex-grow: 0; height: 20px; width: 20px;\"><\/div>\n<div style=\"width: 0; height: 0; border-top: 2px solid transparent; border-left: 6px solid #f4f4f4; border-bottom: 2px solid transparent;\"><\/div>\n<\/div>\n<div style=\"margin-left: auto;\">\n<div style=\"width: 0px; border-top: 8px solid #F4F4F4; border-right: 8px solid transparent;\"><\/div>\n<div style=\"background-color: #f4f4f4; flex-grow: 0; height: 12px; width: 16px;\"><\/div>\n<div style=\"width: 0; height: 0; border-top: 8px solid #F4F4F4; border-left: 8px solid transparent;\"><\/div>\n<\/div>\n<\/div>\n<div style=\"flex-direction: column; flex-grow: 1; justify-content: center; margin-bottom: 24px;\">\n<div style=\"background-color: #f4f4f4; border-radius: 4px; flex-grow: 0; height: 14px; margin-bottom: 6px; width: 224px;\"><\/div>\n<div style=\"background-color: #f4f4f4; border-radius: 4px; flex-grow: 0; height: 14px; width: 144px;\"><\/div>\n<\/div>\n<p>&nbsp;<\/p>\n<p style=\"color: #c9c8cd; font-family: Arial,sans-serif; font-size: 14px; line-height: 17px; margin-bottom: 0; margin-top: 8px; overflow: hidden; padding: 8px 0 7px; text-align: center;\"><a style=\"color: #c9c8cd; font-family: Arial,sans-serif; font-size: 14px; font-style: normal; font-weight: normal; line-height: 17px; text-decoration: none;\" href=\"https:\/\/www.instagram.com\/p\/C9nc0fgt5D9\/?utm_source=ig_embed&amp;utm_campaign=loading\" target=\"_blank\" rel=\"noopener\">Une publication partag\u00e9e par Jennifer Roper (@jlaroper)<\/a><\/p>\n<\/div>\n<\/blockquote>\n<h2><b>Biot, la retraite r\u00eav\u00e9e ?<\/b><\/h2>\n<p><span style=\"font-weight: 400;\">Biot n\u2019est pas juste un village, c\u2019est un mode de vie. C\u2019est l\u2019endroit id\u00e9al pour les nouveaux retrait\u00e9s en qu\u00eate de calme, de beaut\u00e9 et d\u2019authenticit\u00e9. Entre ses paysages \u00e0 couper le souffle, son climat ensoleill\u00e9, son patrimoine culturel et ses multiples activit\u00e9s, ce petit coin des Alpes-Maritimes est un v\u00e9ritable cadeau pour ceux qui veulent profiter d\u2019une retraite active et \u00e9panouie. Alors, pourquoi ne pas faire de Biot le lieu de vos futures aventures ? Qui a dit que la retraite \u00e9tait synonyme de pause ? \u00c0 Biot, c\u2019est tout un nouveau chapitre qui commence.<\/span><\/p>\n","protected":false},"excerpt":{"rendered":"<p>Les vacances, c\u2019est bien, mais la retraite, c\u2019est encore mieux ! Et quoi de mieux que de poser ses valises [&hellip;]<\/p>\n","protected":false},"author":3,"featured_media":34454,"comment_status":"open","ping_status":"closed","sticky":false,"template":"","format":"standard","meta":{"_acf_changed":false,"_sitemap_exclude":false,"_sitemap_priority":"","_sitemap_frequency":"","footnotes":"","rank_math_title":"","rank_math_description":"\u00c0 Biot, chaque jour est une aventure ensoleill\u00e9e. D\u00e9couvrez ce village proven\u00e7al o\u00f9 la retraite devient un v\u00e9ritable art de vivre !\n","rank_math_canonical_url":"","rank_math_focus_keyword":"village,retraite"},"categories":[3],"tags":[],"class_list":["post-34453","post","type-post","status-publish","format-standard","has-post-thumbnail","hentry","category-voyage"],"acf":[],"_links":{"self":[{"href":"https:\/\/ulysse.com\/news\/wp-json\/wp\/v2\/posts\/34453","targetHints":{"allow":["GET"]}}],"collection":[{"href":"https:\/\/ulysse.com\/news\/wp-json\/wp\/v2\/posts"}],"about":[{"href":"https:\/\/ulysse.com\/news\/wp-json\/wp\/v2\/types\/post"}],"author":[{"embeddable":true,"href":"https:\/\/ulysse.com\/news\/wp-json\/wp\/v2\/users\/3"}],"replies":[{"embeddable":true,"href":"https:\/\/ulysse.com\/news\/wp-json\/wp\/v2\/comments?post=34453"}],"version-history":[{"count":2,"href":"https:\/\/ulysse.com\/news\/wp-json\/wp\/v2\/posts\/34453\/revisions"}],"predecessor-version":[{"id":34476,"href":"https:\/\/ulysse.com\/news\/wp-json\/wp\/v2\/posts\/34453\/revisions\/34476"}],"wp:featuredmedia":[{"embeddable":true,"href":"https:\/\/ulysse.com\/news\/wp-json\/wp\/v2\/media\/34454"}],"wp:attachment":[{"href":"https:\/\/ulysse.com\/news\/wp-json\/wp\/v2\/media?parent=34453"}],"wp:term":[{"taxonomy":"category","embeddable":true,"href":"https:\/\/ulysse.com\/news\/wp-json\/wp\/v2\/categories?post=34453"},{"taxonomy":"post_tag","embeddable":true,"href":"https:\/\/ulysse.com\/news\/wp-json\/wp\/v2\/tags?post=34453"}],"curies":[{"name":"wp","href":"https:\/\/api.w.org\/{rel}","templated":true}]}}