{"id":34486,"date":"2025-09-07T13:00:38","date_gmt":"2025-09-07T12:00:38","guid":{"rendered":"https:\/\/discover.ulysse.com\/?p=34486"},"modified":"2025-09-07T09:08:20","modified_gmt":"2025-09-07T08:08:20","slug":"740-000-habitants-des-bouches-du-rhone-vont-circuler-gratuitement","status":"publish","type":"post","link":"https:\/\/ulysse.com\/news\/740-000-habitants-des-bouches-du-rhone-vont-circuler-gratuitement","title":{"rendered":"740 000 habitants des Bouches-du-Rh\u00f4ne vont circuler gratuitement : \u00eates-vous concern\u00e9 ?"},"content":{"rendered":"<p data-start=\"139\" data-end=\"733\">Dans un contexte \u00e9conomique o\u00f9 le pouvoir d&#8217;achat des Fran\u00e7ais est une pr\u00e9occupation constante, une d\u00e9cision majeure vient de bouleverser la fa\u00e7on dont les habitants des Bouches-du-Rh\u00f4ne se d\u00e9placent. \u00c0 partir du 1er septembre 2025, une mesure radicale fait passer la gratuit\u00e9 des transports en commun pour 740 000 personnes. Une annonce \u00e0 la fois surprenante et porteuse de grands changements, visant \u00e0 all\u00e9ger le quotidien des plus jeunes et des s\u00e9niors. Mais concr\u00e8tement, que signifie cette mesure ? Comment y acc\u00e9der, et surtout, quel impact cela aura-t-il sur la ville et ses habitants ?<\/p>\n<h2 data-start=\"735\" data-end=\"813\">Une mesure de soutien social qui touche une grande partie de la population<\/h2>\n<p data-start=\"815\" data-end=\"1151\">Lanc\u00e9e en janvier, la mesure qui rend gratuits tous les transports en commun dans les 92 communes de la M\u00e9tropole Aix-Marseille pour les moins de 11 ans et les plus de 65 ans est d\u00e9sormais en place. Cette r\u00e9forme, qui concerne un large public de 740 000 personnes, marque un tournant dans la gestion des transports publics de la r\u00e9gion.<\/p>\n<p data-start=\"1153\" data-end=\"1508\">Le but ? Apporter un soutien concret \u00e0 la fois aux familles et aux s\u00e9niors, en leur offrant une plus grande libert\u00e9 de mobilit\u00e9, tout en contribuant \u00e0 am\u00e9liorer leur quotidien. Cette initiative co\u00fbte environ 10 millions d&#8217;euros \u00e0 la M\u00e9tropole, mais la pr\u00e9sidente Martine Vassal y voit avant tout un geste en faveur du pouvoir d&#8217;achat des plus vuln\u00e9rables.<\/p>\n<h2 data-start=\"1510\" data-end=\"1589\">Comment b\u00e9n\u00e9ficier de cette gratuit\u00e9 ? Le r\u00f4le crucial de la carte mobilit\u00e9<\/h2>\n<p data-start=\"1591\" data-end=\"2032\">Pour profiter de cette gratuit\u00e9, il est n\u00e9cessaire de d\u00e9tenir une <strong>carte mobilit\u00e9 gratuite<\/strong>. Ce s\u00e9same permettra d\u2019acc\u00e9der \u00e0 l\u2019ensemble du r\u00e9seau de transports en commun, comprenant bus, m\u00e9tro, tram, et m\u00eame certaines navettes maritimes. Les personnes concern\u00e9es peuvent r\u00e9cup\u00e9rer cette carte soit en ligne sur le <a href=\"https:\/\/www.lametropolemobilite.fr\/gratuite\/\" target=\"_blank\" rel=\"noopener\">site officiel de la M\u00e9tropole<\/a>, soit en se rendant dans l\u2019une des boutiques &#8220;La M\u00e9tropole Mobilit\u00e9&#8221; disponibles sur le territoire.<\/p>\n<p data-start=\"2034\" data-end=\"2407\">Les d\u00e9marches sont simples : il suffit de fournir un justificatif de domicile, une pi\u00e8ce d&#8217;identit\u00e9 et une photo d&#8217;identit\u00e9 pour faire la demande. Une fois la carte obtenue, les b\u00e9n\u00e9ficiaires devront l&#8217;activer sur les diff\u00e9rents points de validation du r\u00e9seau, qu\u2019il s\u2019agisse des distributeurs automatiques dans les stations de m\u00e9tro ou des valideurs \u00e0 l\u2019entr\u00e9e du tramway.<\/p>\n<blockquote class=\"tiktok-embed\" style=\"max-width: 605px; min-width: 325px;\" cite=\"https:\/\/www.tiktok.com\/@infosmarseille\/video\/7520586656467160343\" data-video-id=\"7520586656467160343\">\n<section><a title=\"@infosmarseille\" href=\"https:\/\/www.tiktok.com\/@infosmarseille?refer=embed\" target=\"_blank\" rel=\"noopener\">@infosmarseille<\/a> <a title=\"infosmarseille\" href=\"https:\/\/www.tiktok.com\/tag\/infosmarseille?refer=embed\" target=\"_blank\" rel=\"noopener\">#infosmarseille<\/a> <a title=\"marseille\" href=\"https:\/\/www.tiktok.com\/tag\/marseille?refer=embed\" target=\"_blank\" rel=\"noopener\">#MARSEILLE<\/a> <a title=\"rtm\" href=\"https:\/\/www.tiktok.com\/tag\/rtm?refer=embed\" target=\"_blank\" rel=\"noopener\">#RTM<\/a> transport gratuit <a title=\"pourtoi\" href=\"https:\/\/www.tiktok.com\/tag\/pourtoi?refer=embed\" target=\"_blank\" rel=\"noopener\">#pourtoi<\/a> <a title=\"foryou\" href=\"https:\/\/www.tiktok.com\/tag\/foryou?refer=embed\" target=\"_blank\" rel=\"noopener\">#foryou<\/a> <a title=\"fyp\" href=\"https:\/\/www.tiktok.com\/tag\/fyp?refer=embed\" target=\"_blank\" rel=\"noopener\">#fyp<\/a> <a title=\"vieuxport\" href=\"https:\/\/www.tiktok.com\/tag\/vieuxport?refer=embed\" target=\"_blank\" rel=\"noopener\">#vieuxport<\/a> <a title=\"\u266c son original - infos Marseille\" href=\"https:\/\/www.tiktok.com\/music\/son-original-7520586658090896150?refer=embed\" target=\"_blank\" rel=\"noopener\">\u266c son original &#8211; infos Marseille<\/a><\/section>\n<\/blockquote>\n<p><script async src=\"https:\/\/www.tiktok.com\/embed.js\"><\/script><\/p>\n<h2 data-start=\"2409\" data-end=\"2461\">Une mobilit\u00e9 facilit\u00e9e, mais pas sans conditions<\/h2>\n<p data-start=\"2463\" data-end=\"3082\">Si la <strong>gratuit\u00e9 des transports<\/strong> est un changement majeur pour de nombreuses familles et retrait\u00e9s, certains d\u00e9tails sont \u00e0 prendre en compte pour \u00e9viter toute confusion. L\u2019activation de la carte mobilit\u00e9 est essentielle, mais il est tout aussi important de rappeler qu\u2019il demeure obligatoire de valider son ticket de transport, m\u00eame si celui-ci est gratuit. En effet, en cas d&#8217;oubli ou de fraude, une amende de 5 euros sera appliqu\u00e9e. Cette mesure vise \u00e0 permettre \u00e0 la RTM (R\u00e9gie des Transports de Marseille) d\u2019avoir une id\u00e9e pr\u00e9cise de l\u2019afflux de passagers, ce qui l&#8217;aidera \u00e0 ajuster son offre en fonction des besoins.<\/p>\n<h2 data-start=\"3084\" data-end=\"3137\">Quels transports sont concern\u00e9s par la gratuit\u00e9 ?<\/h2>\n<p data-start=\"3139\" data-end=\"3555\">La gratuit\u00e9 des transports s\u2019applique \u00e0 l\u2019ensemble du r\u00e9seau m\u00e9tropolitain, couvrant non seulement les lignes de bus, mais aussi les tramways, le m\u00e9tro, les cars interurbains et certaines navettes maritimes. Parmi les services inclus, la navette entre le Vieux-Port et les Goudes est un ajout remarquable pour ceux qui souhaitent d\u00e9couvrir les paysages de la c\u00f4te marseillaise sans se soucier des frais de transport.<\/p>\n<p data-start=\"3557\" data-end=\"3935\">Cependant, certaines exceptions existent. Les navettes vers les \u00eeles du Frioul, \u00e0 l\u2019exception des r\u00e9sidents des \u00eeles, et les services de location de v\u00e9los ne sont pas concern\u00e9s par la mesure. N\u00e9anmoins, la quasi-totalit\u00e9 des autres transports disponibles dans la M\u00e9tropole est incluse, rendant cette initiative particuli\u00e8rement b\u00e9n\u00e9fique pour une large portion de la population.<\/p>\n<h2 data-start=\"3937\" data-end=\"4012\">Une d\u00e9marche qui r\u00e9pond aux enjeux actuels de mobilit\u00e9 et d\u2019inclusivit\u00e9<\/h2>\n<p data-start=\"4014\" data-end=\"4507\">Cette initiative ne repr\u00e9sente pas simplement une mesure d\u2019\u00e9conomie pour les b\u00e9n\u00e9ficiaires. Elle incarne un r\u00e9el tournant dans la politique de transport de la M\u00e9tropole Aix-Marseille, qui cherche \u00e0 renforcer l\u2019inclusivit\u00e9 et la solidarit\u00e9. En facilitant l&#8217;acc\u00e8s aux transports en commun, la M\u00e9tropole esp\u00e8re non seulement soutenir les plus jeunes et les s\u00e9niors, mais aussi encourager la r\u00e9duction de l\u2019utilisation de la voiture individuelle, en offrant une alternative pratique et accessible.<\/p>\n<p data-start=\"4509\" data-end=\"4874\">Dans un contexte o\u00f9 les enjeux environnementaux sont de plus en plus pressants, cette mesure pourrait \u00e9galement participer \u00e0 la r\u00e9duction de l\u2019empreinte carbone de la r\u00e9gion. Le choix de rendre les transports en commun accessibles \u00e0 une grande partie de la population va dans le sens d\u2019une mobilit\u00e9 durable, o\u00f9 l\u2019int\u00e9r\u00eat collectif prime sur les habitudes anciennes.<\/p>\n","protected":false},"excerpt":{"rendered":"<p>Dans un contexte \u00e9conomique o\u00f9 le pouvoir d&#8217;achat des Fran\u00e7ais est une pr\u00e9occupation constante, une d\u00e9cision majeure vient de bouleverser [&hellip;]<\/p>\n","protected":false},"author":4,"featured_media":34708,"comment_status":"open","ping_status":"closed","sticky":false,"template":"","format":"standard","meta":{"_acf_changed":false,"_sitemap_exclude":false,"_sitemap_priority":"","_sitemap_frequency":"","footnotes":"","rank_math_title":"","rank_math_description":"","rank_math_canonical_url":"","rank_math_focus_keyword":"Bouches-du-Rh\u00f4ne"},"categories":[3],"tags":[],"class_list":["post-34486","post","type-post","status-publish","format-standard","has-post-thumbnail","hentry","category-voyage"],"acf":[],"_links":{"self":[{"href":"https:\/\/ulysse.com\/news\/wp-json\/wp\/v2\/posts\/34486","targetHints":{"allow":["GET"]}}],"collection":[{"href":"https:\/\/ulysse.com\/news\/wp-json\/wp\/v2\/posts"}],"about":[{"href":"https:\/\/ulysse.com\/news\/wp-json\/wp\/v2\/types\/post"}],"author":[{"embeddable":true,"href":"https:\/\/ulysse.com\/news\/wp-json\/wp\/v2\/users\/4"}],"replies":[{"embeddable":true,"href":"https:\/\/ulysse.com\/news\/wp-json\/wp\/v2\/comments?post=34486"}],"version-history":[{"count":5,"href":"https:\/\/ulysse.com\/news\/wp-json\/wp\/v2\/posts\/34486\/revisions"}],"predecessor-version":[{"id":34710,"href":"https:\/\/ulysse.com\/news\/wp-json\/wp\/v2\/posts\/34486\/revisions\/34710"}],"wp:featuredmedia":[{"embeddable":true,"href":"https:\/\/ulysse.com\/news\/wp-json\/wp\/v2\/media\/34708"}],"wp:attachment":[{"href":"https:\/\/ulysse.com\/news\/wp-json\/wp\/v2\/media?parent=34486"}],"wp:term":[{"taxonomy":"category","embeddable":true,"href":"https:\/\/ulysse.com\/news\/wp-json\/wp\/v2\/categories?post=34486"},{"taxonomy":"post_tag","embeddable":true,"href":"https:\/\/ulysse.com\/news\/wp-json\/wp\/v2\/tags?post=34486"}],"curies":[{"name":"wp","href":"https:\/\/api.w.org\/{rel}","templated":true}]}}