{"id":34491,"date":"2025-09-03T08:00:18","date_gmt":"2025-09-03T07:00:18","guid":{"rendered":"https:\/\/discover.ulysse.com\/?p=34491"},"modified":"2025-09-02T21:49:14","modified_gmt":"2025-09-02T20:49:14","slug":"greve-des-10-et-18-septembre-tout-ce-que-vous-devez-savoir-sur-les-perturbations-a-venir","status":"publish","type":"post","link":"https:\/\/ulysse.com\/news\/greve-des-10-et-18-septembre-tout-ce-que-vous-devez-savoir-sur-les-perturbations-a-venir","title":{"rendered":"Gr\u00e8ve des 10 et 18 septembre : tout ce que vous devez savoir sur les perturbations \u00e0 venir"},"content":{"rendered":"<p data-start=\"114\" data-end=\"712\">La rentr\u00e9e s\u2019annonce agit\u00e9e, avec deux journ\u00e9es de gr\u00e8ve pr\u00e9vues dans le secteur des transports, les 10 et 18 septembre 2025. Ces mouvements sociaux s\u2019inscrivent dans un contexte de tensions li\u00e9es aux mesures d\u2019aust\u00e9rit\u00e9 annonc\u00e9es par le gouvernement. Face \u00e0 ces mesures \u00e9conomiques, plusieurs syndicats, notamment ceux du secteur a\u00e9rien et ferroviaire, ont d\u00e9cid\u00e9 de se mobiliser pour d\u00e9fendre les droits des travailleurs et protester contre les r\u00e9ductions budg\u00e9taires. Mais que faut-il attendre pr\u00e9cis\u00e9ment de ces journ\u00e9es de gr\u00e8ve ? Qui sera impact\u00e9, et quel est le plan d\u2019action des syndicats ?<\/p>\n<h2 data-start=\"714\" data-end=\"795\">Une mobilisation pour d\u00e9noncer l\u2019aust\u00e9rit\u00e9 : qui fait gr\u00e8ve le 10 septembre ?<\/h2>\n<p data-start=\"797\" data-end=\"1272\">La premi\u00e8re journ\u00e9e de gr\u00e8ve, pr\u00e9vue pour le 10 septembre, sera marqu\u00e9e par des actions dans plusieurs secteurs du transport. Dans le secteur a\u00e9rien, deux syndicats, Sud A\u00e9rien et la CGT <a href=\"https:\/\/discover.ulysse.com\/air-france-klm-un-scandale-de-securite-des-donnees-qui-risque-de-vous-concerner\">Air France<\/a>, ont d\u2019ores et d\u00e9j\u00e0 appel\u00e9 \u00e0 un blocage des a\u00e9roports. L\u2019objectif est de protester contre les mesures d\u2019aust\u00e9rit\u00e9 et d&#8217;exiger une revalorisation des salaires. Ces syndicats pr\u00e9voient \u00e9galement des perturbations dans les vols au d\u00e9part de Paris et des grandes villes fran\u00e7aises.<\/p>\n<p data-start=\"1274\" data-end=\"1793\">Dans le secteur ferroviaire, la CGT-Cheminot, premier syndicat de la SNCF, appelle \u00e9galement \u00e0 une mobilisation massive. Le syndicat, qui repr\u00e9sente de nombreux cheminots, demande des garanties sur les conditions de travail et le maintien de l\u2019emploi dans le secteur. Aux c\u00f4t\u00e9s de la CGT, le syndicat Sud-Rail, qui a d\u00e9j\u00e0 entam\u00e9 une gr\u00e8ve depuis le 21 ao\u00fbt, poursuivra son action le 10 septembre. En \u00cele-de-France, La Base, syndicat majoritaire des conducteurs de RER, participera aussi \u00e0 cette journ\u00e9e de mobilisation.<\/p>\n<p data-start=\"1795\" data-end=\"1982\">Le 10 septembre, les voyageurs devront donc s\u2019attendre \u00e0 des perturbations majeures dans les transports a\u00e9riens et ferroviaires, notamment dans les gares et a\u00e9roports les plus fr\u00e9quent\u00e9s.<\/p>\n<h2 data-start=\"1984\" data-end=\"2070\">Une nouvelle journ\u00e9e de gr\u00e8ve avec des revendications salariales<\/h2>\n<p data-start=\"2072\" data-end=\"2705\">La seconde journ\u00e9e de gr\u00e8ve, le 18 septembre, sera \u00e9galement marqu\u00e9e par des actions dans plusieurs secteurs du transport. Dans le secteur a\u00e9rien, le SNCTA, syndicat majoritaire des contr\u00f4leurs a\u00e9riens, a annonc\u00e9 sa participation \u00e0 la gr\u00e8ve, demandant un \u00ab rattrapage int\u00e9gral de l&#8217;inflation \u00bb sur les salaires pour l\u2019ann\u00e9e 2024. Alors que la CFDT Air France n\u2019a pas pr\u00e9vu de participer au blocage du 10 septembre, un appel \u00e0 la gr\u00e8ve pour le 18 semble probable. De son c\u00f4t\u00e9, la CGT Air France refait appel \u00e0 la gr\u00e8ve le 18 septembre pour revendiquer des am\u00e9liorations sur les conditions de travail et les salaires dans l\u2019entreprise.<\/p>\n<p data-start=\"2707\" data-end=\"3317\">Le secteur ferroviaire sera \u00e9galement fortement impact\u00e9 le 18 septembre. L\u2019Unsa, un autre syndicat important de la SNCF, a annonc\u00e9 sa participation \u00e0 la gr\u00e8ve. Bien que la CFDT Cheminots n&#8217;ait pas appel\u00e9 explicitement \u00e0 la gr\u00e8ve, elle s\u2019inscrit dans l\u2019appel \u00e0 la mobilisation pour cette journ\u00e9e. La RATP, quant \u00e0 elle, sera \u00e9galement concern\u00e9e par ce mouvement. Les quatre syndicats majoritaires de la RATP \u2013 CGT, FO, Unsa Mobilit\u00e9 et la CFE-CGC \u2013 ont tous annonc\u00e9 leur participation \u00e0 la gr\u00e8ve, ce qui signifie de possibles perturbations dans les transports parisiens, notamment les lignes de m\u00e9tro et de bus.<\/p>\n<h2 data-start=\"3319\" data-end=\"3370\">Des syndicats en r\u00e9flexion pour le 18 septembre<\/h2>\n<p data-start=\"3372\" data-end=\"3839\">Il reste n\u00e9anmoins quelques zones d\u2019ombre concernant le 18 septembre. Certains syndicats, comme l\u2019Unsa ferroviaire, n\u2019ont pas encore pris de d\u00e9cision officielle sur leur participation, et pr\u00e9voient une r\u00e9union de leur bureau f\u00e9d\u00e9ral le 2 septembre pour trancher. Le Syndicat national des pilotes de ligne (SNPL) a \u00e9galement indiqu\u00e9 ne pas avoir encore de position sur ces deux journ\u00e9es de gr\u00e8ve, pr\u00e9cisant qu\u2019une consultation interne aura lieu dans les jours \u00e0 venir.<\/p>\n","protected":false},"excerpt":{"rendered":"<p>La rentr\u00e9e s\u2019annonce agit\u00e9e, avec deux journ\u00e9es de gr\u00e8ve pr\u00e9vues dans le secteur des transports, les 10 et 18 septembre [&hellip;]<\/p>\n","protected":false},"author":4,"featured_media":22833,"comment_status":"open","ping_status":"closed","sticky":false,"template":"","format":"standard","meta":{"_acf_changed":false,"_sitemap_exclude":false,"_sitemap_priority":"","_sitemap_frequency":"","footnotes":"","rank_math_title":"","rank_math_description":"","rank_math_canonical_url":"","rank_math_focus_keyword":"greve"},"categories":[3],"tags":[],"class_list":["post-34491","post","type-post","status-publish","format-standard","has-post-thumbnail","hentry","category-voyage"],"acf":[],"_links":{"self":[{"href":"https:\/\/ulysse.com\/news\/wp-json\/wp\/v2\/posts\/34491","targetHints":{"allow":["GET"]}}],"collection":[{"href":"https:\/\/ulysse.com\/news\/wp-json\/wp\/v2\/posts"}],"about":[{"href":"https:\/\/ulysse.com\/news\/wp-json\/wp\/v2\/types\/post"}],"author":[{"embeddable":true,"href":"https:\/\/ulysse.com\/news\/wp-json\/wp\/v2\/users\/4"}],"replies":[{"embeddable":true,"href":"https:\/\/ulysse.com\/news\/wp-json\/wp\/v2\/comments?post=34491"}],"version-history":[{"count":3,"href":"https:\/\/ulysse.com\/news\/wp-json\/wp\/v2\/posts\/34491\/revisions"}],"predecessor-version":[{"id":34526,"href":"https:\/\/ulysse.com\/news\/wp-json\/wp\/v2\/posts\/34491\/revisions\/34526"}],"wp:featuredmedia":[{"embeddable":true,"href":"https:\/\/ulysse.com\/news\/wp-json\/wp\/v2\/media\/22833"}],"wp:attachment":[{"href":"https:\/\/ulysse.com\/news\/wp-json\/wp\/v2\/media?parent=34491"}],"wp:term":[{"taxonomy":"category","embeddable":true,"href":"https:\/\/ulysse.com\/news\/wp-json\/wp\/v2\/categories?post=34491"},{"taxonomy":"post_tag","embeddable":true,"href":"https:\/\/ulysse.com\/news\/wp-json\/wp\/v2\/tags?post=34491"}],"curies":[{"name":"wp","href":"https:\/\/api.w.org\/{rel}","templated":true}]}}