{"id":34498,"date":"2025-09-03T18:00:34","date_gmt":"2025-09-03T17:00:34","guid":{"rendered":"https:\/\/discover.ulysse.com\/?p=34498"},"modified":"2025-09-02T22:00:14","modified_gmt":"2025-09-02T21:00:14","slug":"cette-epave-oubliee-au-fond-du-lac-dannecy-pourrait-bien-etre-le-plus-grand-secret-de-la-plongee-sous-marine","status":"publish","type":"post","link":"https:\/\/ulysse.com\/news\/cette-epave-oubliee-au-fond-du-lac-dannecy-pourrait-bien-etre-le-plus-grand-secret-de-la-plongee-sous-marine","title":{"rendered":"Cette \u00e9pave oubli\u00e9e au fond du lac d&#8217;Annecy pourrait bien \u00eatre le plus grand secret de la plong\u00e9e sous-marine"},"content":{"rendered":"<p><span style=\"font-weight: 400;\">Si vous avez toujours r\u00eav\u00e9 de d\u00e9couvrir des secrets enfouis sous l\u2019eau, pr\u00e9parez-vous \u00e0 \u00eatre \u00e9bloui. <strong>Le lac d\u2019Annecy<\/strong>, avec ses eaux limpides et ses montagnes majestueuses, cache un tr\u00e9sor peu connu : <strong>l\u2019\u00e9pave du <\/strong><\/span><strong><i>France<\/i><\/strong><span style=\"font-weight: 400;\">. Ce navire \u00e0 vapeur, une vraie l\u00e9gende des ann\u00e9es 1900, repose au fond du lac depuis 1971, offrant un voyage dans le temps aussi fascinant qu\u2019\u00e9tonnant. Et ce n\u2019est pas tout, car cette \u00e9pave n\u2019est pas juste un vestige historique, elle est accessible aux plongeurs en qu\u00eate d\u2019aventure. Alors, \u00eates-vous pr\u00eat \u00e0 plonger dans l\u2019histoire et \u00e0 explorer ce joyau subaquatique ?<\/span><\/p>\n<h2><b>Plong\u00e9e au c\u0153ur de l\u2019histoire : L\u2019\u00e9pave du <\/b><b><i>France<\/i><\/b><b>, un site d\u2019exception<\/b><\/h2>\n<p><span style=\"font-weight: 400;\">Sous ses airs de lac paisible, <a href=\"https:\/\/discover.ulysse.com\/il-ne-reste-plus-beaucoup-de-temps-avant-que-le-lac-dannecy-ne-disparaisse-a-jamais\">Annecy<\/a> cache une histoire fascinante qui n\u2019attend qu\u2019\u00e0 \u00eatre explor\u00e9e. <strong>L\u2019\u00e9pave du <\/strong><\/span><strong><i>France<\/i><\/strong><span style=\"font-weight: 400;\">, navire de luxe du d\u00e9but du XXe si\u00e8cle, raconte une page d\u2019histoire unique. Ce bateau \u00e0 vapeur \u00e0 roues \u00e0 aubes, lanc\u00e9 en 1909, a longtemps navigu\u00e9 sur les eaux du lac, transportant des passagers en qu\u00eate de d\u00e9tente et de paysages alpins. Mais, la nuit du 12 mars 1971, Le <\/span><i><span style=\"font-weight: 400;\">France<\/span><\/i><span style=\"font-weight: 400;\"> sombre dans <strong>la baie d\u2019Albigny<\/strong>, apr\u00e8s un dernier voyage. Le destin tragique de ce magnifique vaisseau s\u2019est ainsi jou\u00e9 sous les eaux du lac.<\/span><\/p>\n<p><span style=\"font-weight: 400;\">Aujourd\u2019hui, l\u2019\u00e9pave repose \u00e0 42 m\u00e8tres de profondeur, et les plongeurs t\u00e9m\u00e9raires peuvent d\u00e9couvrir cet immense tr\u00e9sor englouti. Mais attention, cette exploration n\u2019est pas pour les amateurs ! L\u2019\u00e9pave du <\/span><i><span style=\"font-weight: 400;\">France<\/span><\/i><span style=\"font-weight: 400;\"> est un v\u00e9ritable terrain de jeu pour les plongeurs confirm\u00e9s, une aventure \u00e0 la fois technique et historique. La structure du bateau est bien conserv\u00e9e, permettant une plong\u00e9e dans les entrailles de ce g\u00e9ant du pass\u00e9. De la timonerie aux salles des machines, sans oublier le c\u00e9l\u00e8bre salon de billard, tout est encore l\u00e0, pr\u00eat \u00e0 \u00eatre explor\u00e9. Vous n&#8217;\u00eates qu&#8217;\u00e0 quelques m\u00e8tres du pass\u00e9, suspendus entre le temps et l&#8217;eau. Un v\u00e9ritable saut dans l\u2019histoire !<\/span><\/p>\n<h2><b>Annecy : L\u2019aventure commence ici, mais comment y aller ?<\/b><\/h2>\n<p><span style=\"font-weight: 400;\">Annecy, c\u2019est un peu le Parisien des Alpes. \u00c0 la fois chic, accessible et pleine de charme. Et bonne nouvelle : s\u2019il vous vient l\u2019envie de partir \u00e0 l\u2019aventure sans perdre des heures dans les transports, Annecy est bien desservie en train ! Si vous partez de Paris, comptez environ 3h30 de TGV pour atteindre la gare d&#8217;Annecy, un trajet rapide qui vous permet de commencer vos vacances sans stress et en toute tranquillit\u00e9. Depuis Lyon, le trajet est encore plus court, environ 2 heures, et en venant de <a href=\"https:\/\/discover.ulysse.com\/cet-ete-decouvrez-geneve-sous-un-angle-inedit-sport-nature-et-parfums-du-terroir\">Gen\u00e8ve<\/a>, comptez seulement 1h30 de train pour rejoindre cette belle ville des Alpes.<\/span><\/p>\n<p><span style=\"font-weight: 400;\">Une fois arriv\u00e9 \u00e0 la gare d\u2019Annecy, il ne vous reste plus qu\u2019\u00e0 rejoindre le centre-ville, o\u00f9 vous trouverez de quoi vous d\u00e9tendre avant votre plong\u00e9e. En fl\u00e2nant dans les ruelles du vieux Annecy, vous pourrez admirer la beaut\u00e9 des b\u00e2timents m\u00e9di\u00e9vaux et vous impr\u00e9gner de l\u2019atmosph\u00e8re locale. Quant \u00e0 l\u2019\u00e9pave, elle se trouve au large de l<strong>a plage des Marquisats<\/strong>, un endroit parfait pour d\u00e9marrer l\u2019aventure. Rien de tel que le train pour se rendre \u00e0 cette destination mythique, tout en \u00e9tant d\u00e9j\u00e0 plong\u00e9 dans l\u2019ambiance des montagnes et des lacs.<\/span><\/p>\n<blockquote class=\"instagram-media\" style=\"background: #FFF; border: 0; border-radius: 3px; margin: 1px; max-width: 540px; min-width: 326px; padding: 0; width: calc(100% - 2px);\" data-instgrm-captioned=\"\" data-instgrm-permalink=\"https:\/\/www.instagram.com\/p\/DNXW6Ssssuh\/?utm_source=ig_embed&amp;utm_campaign=loading\" data-instgrm-version=\"14\">\n<div style=\"padding: 16px;\">\n<p>&nbsp;<\/p>\n<div style=\"flex-direction: row; align-items: center;\">\n<div style=\"background-color: #f4f4f4; border-radius: 50%; flex-grow: 0; height: 40px; margin-right: 14px; width: 40px;\"><\/div>\n<div style=\"flex-direction: column; flex-grow: 1; justify-content: center;\">\n<div style=\"background-color: #f4f4f4; border-radius: 4px; flex-grow: 0; height: 14px; margin-bottom: 6px; width: 100px;\"><\/div>\n<div style=\"background-color: #f4f4f4; border-radius: 4px; flex-grow: 0; height: 14px; width: 60px;\"><\/div>\n<\/div>\n<\/div>\n<div style=\"padding: 19% 0;\"><\/div>\n<div style=\"height: 50px; margin: 0 auto 12px; width: 50px;\"><\/div>\n<div style=\"padding-top: 8px;\">\n<div style=\"color: #3897f0; font-family: Arial,sans-serif; font-size: 14px; font-style: normal; font-weight: 550; line-height: 18px;\">Voir cette publication sur Instagram<\/div>\n<\/div>\n<div style=\"padding: 12.5% 0;\"><\/div>\n<div style=\"flex-direction: row; margin-bottom: 14px; align-items: center;\">\n<div>\n<div style=\"background-color: #f4f4f4; border-radius: 50%; height: 12.5px; width: 12.5px;\"><\/div>\n<div style=\"background-color: #f4f4f4; height: 12.5px; width: 12.5px; flex-grow: 0; margin-right: 14px; margin-left: 2px;\"><\/div>\n<div style=\"background-color: #f4f4f4; border-radius: 50%; height: 12.5px; width: 12.5px;\"><\/div>\n<\/div>\n<div style=\"margin-left: 8px;\">\n<div style=\"background-color: #f4f4f4; border-radius: 50%; flex-grow: 0; height: 20px; width: 20px;\"><\/div>\n<div style=\"width: 0; height: 0; border-top: 2px solid transparent; border-left: 6px solid #f4f4f4; border-bottom: 2px solid transparent;\"><\/div>\n<\/div>\n<div style=\"margin-left: auto;\">\n<div style=\"width: 0px; border-top: 8px solid #F4F4F4; border-right: 8px solid transparent;\"><\/div>\n<div style=\"background-color: #f4f4f4; flex-grow: 0; height: 12px; width: 16px;\"><\/div>\n<div style=\"width: 0; height: 0; border-top: 8px solid #F4F4F4; border-left: 8px solid transparent;\"><\/div>\n<\/div>\n<\/div>\n<div style=\"flex-direction: column; flex-grow: 1; justify-content: center; margin-bottom: 24px;\">\n<div style=\"background-color: #f4f4f4; border-radius: 4px; flex-grow: 0; height: 14px; margin-bottom: 6px; width: 224px;\"><\/div>\n<div style=\"background-color: #f4f4f4; border-radius: 4px; flex-grow: 0; height: 14px; width: 144px;\"><\/div>\n<\/div>\n<p>&nbsp;<\/p>\n<p style=\"color: #c9c8cd; font-family: Arial,sans-serif; font-size: 14px; line-height: 17px; margin-bottom: 0; margin-top: 8px; overflow: hidden; padding: 8px 0 7px; text-align: center;\"><a style=\"color: #c9c8cd; font-family: Arial,sans-serif; font-size: 14px; font-style: normal; font-weight: normal; line-height: 17px; text-decoration: none;\" href=\"https:\/\/www.instagram.com\/p\/DNXW6Ssssuh\/?utm_source=ig_embed&amp;utm_campaign=loading\" target=\"_blank\" rel=\"noopener\">Une publication partag\u00e9e par Lac Annecy Tourisme (@lac_annecy_tourisme)<\/a><\/p>\n<\/div>\n<\/blockquote>\n<h2><b>L\u2019exp\u00e9rience plong\u00e9e : une aventure unique \u00e0 ne pas manquer<\/b><\/h2>\n<p><span style=\"font-weight: 400;\">Se rendre au lac d\u2019Annecy, c\u2019est bien, mais s\u2019immerger dans ses eaux pour explorer l\u2019\u00e9pave du <\/span><i><span style=\"font-weight: 400;\">France<\/span><\/i><span style=\"font-weight: 400;\">, c\u2019est mieux ! L\u2019exp\u00e9rience plong\u00e9e dans ce lac cristallin est totalement unique, et l&#8217;\u00e9pave du <\/span><i><span style=\"font-weight: 400;\">France<\/span><\/i><span style=\"font-weight: 400;\"> n\u2019est que la cerise sur le g\u00e2teau. La visibilit\u00e9 peut \u00eatre r\u00e9duite, la temp\u00e9rature de l\u2019eau ne d\u00e9passe pas les 8\u00b0C, mais cette plong\u00e9e est bien plus qu\u2019une simple exploration sous-marine. C\u2019est un v\u00e9ritable voyage au c\u0153ur de l\u2019histoire.<\/span><\/p>\n<p><span style=\"font-weight: 400;\">Chaque plong\u00e9e vous permettra d\u2019explorer un lieu empreint de myst\u00e8re. Le navire englouti est encore tr\u00e8s bien conserv\u00e9 et ses dimensions impressionnantes ne manquent pas de fasciner. Si vous aimez les sensations fortes, vous appr\u00e9cierez le c\u00f4t\u00e9 un peu frissonnant de la plong\u00e9e \u00e0 cette profondeur. Mais ne vous y trompez pas : l\u2019\u00e9pave n\u2019est pas seulement un site pour les plongeurs aguerris. C\u2019est aussi un lieu de contemplation o\u00f9 la beaut\u00e9 du site, l\u2019adr\u00e9naline de l\u2019exploration et le silence sous-marin se rencontrent pour cr\u00e9er une ambiance \u00e0 part.<\/span><\/p>\n<p><span style=\"font-weight: 400;\">Les clubs de plong\u00e9e autour du lac d\u2019Annecy organisent des sorties pour d\u00e9couvrir cette l\u00e9gende subaquatique. Des professionnels vous guideront tout au long de votre aventure, en veillant \u00e0 ce que vous profitiez pleinement de l\u2019exp\u00e9rience tout en respectant les conditions de s\u00e9curit\u00e9 n\u00e9cessaires. Alors, si vous \u00eates pr\u00eat \u00e0 vivre l\u2019aventure d\u2019une vie, n\u2019attendez plus pour plonger au c\u0153ur de l\u2019\u00e9pave du <\/span><i><span style=\"font-weight: 400;\">France<\/span><\/i><span style=\"font-weight: 400;\">.<\/span><\/p>\n<blockquote class=\"instagram-media\" style=\"background: #FFF; border: 0; border-radius: 3px; margin: 1px; max-width: 540px; min-width: 326px; padding: 0; width: calc(100% - 2px);\" data-instgrm-captioned=\"\" data-instgrm-permalink=\"https:\/\/www.instagram.com\/reel\/C6OakXfN8Fa\/?utm_source=ig_embed&amp;utm_campaign=loading\" data-instgrm-version=\"14\">\n<div style=\"padding: 16px;\">\n<p>&nbsp;<\/p>\n<div style=\"flex-direction: row; align-items: center;\">\n<div style=\"background-color: #f4f4f4; border-radius: 50%; flex-grow: 0; height: 40px; margin-right: 14px; width: 40px;\"><\/div>\n<div style=\"flex-direction: column; flex-grow: 1; justify-content: center;\">\n<div style=\"background-color: #f4f4f4; border-radius: 4px; flex-grow: 0; height: 14px; margin-bottom: 6px; width: 100px;\"><\/div>\n<div style=\"background-color: #f4f4f4; border-radius: 4px; flex-grow: 0; height: 14px; width: 60px;\"><\/div>\n<\/div>\n<\/div>\n<div style=\"padding: 19% 0;\"><\/div>\n<div style=\"height: 50px; margin: 0 auto 12px; width: 50px;\"><\/div>\n<div style=\"padding-top: 8px;\">\n<div style=\"color: #3897f0; font-family: Arial,sans-serif; font-size: 14px; font-style: normal; font-weight: 550; line-height: 18px;\">Voir cette publication sur Instagram<\/div>\n<\/div>\n<div style=\"padding: 12.5% 0;\"><\/div>\n<div style=\"flex-direction: row; margin-bottom: 14px; align-items: center;\">\n<div>\n<div style=\"background-color: #f4f4f4; border-radius: 50%; height: 12.5px; width: 12.5px;\"><\/div>\n<div style=\"background-color: #f4f4f4; height: 12.5px; width: 12.5px; flex-grow: 0; margin-right: 14px; margin-left: 2px;\"><\/div>\n<div style=\"background-color: #f4f4f4; border-radius: 50%; height: 12.5px; width: 12.5px;\"><\/div>\n<\/div>\n<div style=\"margin-left: 8px;\">\n<div style=\"background-color: #f4f4f4; border-radius: 50%; flex-grow: 0; height: 20px; width: 20px;\"><\/div>\n<div style=\"width: 0; height: 0; border-top: 2px solid transparent; border-left: 6px solid #f4f4f4; border-bottom: 2px solid transparent;\"><\/div>\n<\/div>\n<div style=\"margin-left: auto;\">\n<div style=\"width: 0px; border-top: 8px solid #F4F4F4; border-right: 8px solid transparent;\"><\/div>\n<div style=\"background-color: #f4f4f4; flex-grow: 0; height: 12px; width: 16px;\"><\/div>\n<div style=\"width: 0; height: 0; border-top: 8px solid #F4F4F4; border-left: 8px solid transparent;\"><\/div>\n<\/div>\n<\/div>\n<div style=\"flex-direction: column; flex-grow: 1; justify-content: center; margin-bottom: 24px;\">\n<div style=\"background-color: #f4f4f4; border-radius: 4px; flex-grow: 0; height: 14px; margin-bottom: 6px; width: 224px;\"><\/div>\n<div style=\"background-color: #f4f4f4; border-radius: 4px; flex-grow: 0; height: 14px; width: 144px;\"><\/div>\n<\/div>\n<p>&nbsp;<\/p>\n<p style=\"color: #c9c8cd; font-family: Arial,sans-serif; font-size: 14px; line-height: 17px; margin-bottom: 0; margin-top: 8px; overflow: hidden; padding: 8px 0 7px; text-align: center;\"><a style=\"color: #c9c8cd; font-family: Arial,sans-serif; font-size: 14px; font-style: normal; font-weight: normal; line-height: 17px; text-decoration: none;\" href=\"https:\/\/www.instagram.com\/reel\/C6OakXfN8Fa\/?utm_source=ig_embed&amp;utm_campaign=loading\" target=\"_blank\" rel=\"noopener\">Une publication partag\u00e9e par Matthieu Gautier (@matthieu__gautier)<\/a><\/p>\n<\/div>\n<\/blockquote>\n<h2><b>Envie d\u2019aventure ? Le lac d\u2019Annecy vous attend<\/b><\/h2>\n<p><span style=\"font-weight: 400;\">Annecy, c\u2019est le lieu o\u00f9 les montagnes rencontrent l\u2019eau, o\u00f9 la nature d\u00e9voile ses secrets et o\u00f9 l\u2019histoire se cache au fond des lacs. Que vous soyez passionn\u00e9 de plong\u00e9e, amateur d\u2019histoire ou tout simplement en qu\u00eate d\u2019une escapade hors du temps, Annecy est l\u2019endroit r\u00eav\u00e9. Entre la d\u00e9couverte de son patrimoine, ses paysages \u00e9poustouflants et la plong\u00e9e dans l\u2019\u00e9pave du <\/span><i><span style=\"font-weight: 400;\">France<\/span><\/i><span style=\"font-weight: 400;\">, vous serez combl\u00e9 par tout ce que cette r\u00e9gion a \u00e0 offrir.<\/span><\/p>\n<blockquote class=\"instagram-media\" style=\"background: #FFF; border: 0; border-radius: 3px; margin: 1px; max-width: 540px; min-width: 326px; padding: 0; width: calc(100% - 2px);\" data-instgrm-captioned=\"\" data-instgrm-permalink=\"https:\/\/www.instagram.com\/p\/DA8pCQNtoNh\/?utm_source=ig_embed&amp;utm_campaign=loading\" data-instgrm-version=\"14\">\n<div style=\"padding: 16px;\">\n<p>&nbsp;<\/p>\n<div style=\"flex-direction: row; align-items: center;\">\n<div style=\"background-color: #f4f4f4; border-radius: 50%; flex-grow: 0; height: 40px; margin-right: 14px; width: 40px;\"><\/div>\n<div style=\"flex-direction: column; flex-grow: 1; justify-content: center;\">\n<div style=\"background-color: #f4f4f4; border-radius: 4px; flex-grow: 0; height: 14px; margin-bottom: 6px; width: 100px;\"><\/div>\n<div style=\"background-color: #f4f4f4; border-radius: 4px; flex-grow: 0; height: 14px; width: 60px;\"><\/div>\n<\/div>\n<\/div>\n<div style=\"padding: 19% 0;\"><\/div>\n<div style=\"height: 50px; margin: 0 auto 12px; width: 50px;\"><\/div>\n<div style=\"padding-top: 8px;\">\n<div style=\"color: #3897f0; font-family: Arial,sans-serif; font-size: 14px; font-style: normal; font-weight: 550; line-height: 18px;\">Voir cette publication sur Instagram<\/div>\n<\/div>\n<div style=\"padding: 12.5% 0;\"><\/div>\n<div style=\"flex-direction: row; margin-bottom: 14px; align-items: center;\">\n<div>\n<div style=\"background-color: #f4f4f4; border-radius: 50%; height: 12.5px; width: 12.5px;\"><\/div>\n<div style=\"background-color: #f4f4f4; height: 12.5px; width: 12.5px; flex-grow: 0; margin-right: 14px; margin-left: 2px;\"><\/div>\n<div style=\"background-color: #f4f4f4; border-radius: 50%; height: 12.5px; width: 12.5px;\"><\/div>\n<\/div>\n<div style=\"margin-left: 8px;\">\n<div style=\"background-color: #f4f4f4; border-radius: 50%; flex-grow: 0; height: 20px; width: 20px;\"><\/div>\n<div style=\"width: 0; height: 0; border-top: 2px solid transparent; border-left: 6px solid #f4f4f4; border-bottom: 2px solid transparent;\"><\/div>\n<\/div>\n<div style=\"margin-left: auto;\">\n<div style=\"width: 0px; border-top: 8px solid #F4F4F4; border-right: 8px solid transparent;\"><\/div>\n<div style=\"background-color: #f4f4f4; flex-grow: 0; height: 12px; width: 16px;\"><\/div>\n<div style=\"width: 0; height: 0; border-top: 8px solid #F4F4F4; border-left: 8px solid transparent;\"><\/div>\n<\/div>\n<\/div>\n<div style=\"flex-direction: column; flex-grow: 1; justify-content: center; margin-bottom: 24px;\">\n<div style=\"background-color: #f4f4f4; border-radius: 4px; flex-grow: 0; height: 14px; margin-bottom: 6px; width: 224px;\"><\/div>\n<div style=\"background-color: #f4f4f4; border-radius: 4px; flex-grow: 0; height: 14px; width: 144px;\"><\/div>\n<\/div>\n<p>&nbsp;<\/p>\n<p style=\"color: #c9c8cd; font-family: Arial,sans-serif; font-size: 14px; line-height: 17px; margin-bottom: 0; margin-top: 8px; overflow: hidden; padding: 8px 0 7px; text-align: center;\"><a style=\"color: #c9c8cd; font-family: Arial,sans-serif; font-size: 14px; font-style: normal; font-weight: normal; line-height: 17px; text-decoration: none;\" href=\"https:\/\/www.instagram.com\/p\/DA8pCQNtoNh\/?utm_source=ig_embed&amp;utm_campaign=loading\" target=\"_blank\" rel=\"noopener\">Une publication partag\u00e9e par Lac Annecy Tourisme (@lac_annecy_tourisme)<\/a><\/p>\n<\/div>\n<\/blockquote>\n<p><span style=\"font-weight: 400;\">L\u2019\u00e9pave du <\/span><i><span style=\"font-weight: 400;\">France<\/span><\/i><span style=\"font-weight: 400;\"> n\u2019est pas qu\u2019une simple exploration, c\u2019est une aventure. Une immersion dans l\u2019histoire d\u2019un navire l\u00e9gendaire, un saut dans le pass\u00e9 et une plong\u00e9e dans un autre monde. Alors, pr\u00e9parez vos palmes, votre masque et votre tuba et laissez-vous emporter par l\u2019appel des eaux d&#8217;Annecy ! L\u2019aventure sous-marine vous attend : \u00eates-vous pr\u00eat \u00e0 d\u00e9couvrir le tr\u00e9sor cach\u00e9 du lac d\u2019Annecy ?<\/span><\/p>\n","protected":false},"excerpt":{"rendered":"<p>Si vous avez toujours r\u00eav\u00e9 de d\u00e9couvrir des secrets enfouis sous l\u2019eau, pr\u00e9parez-vous \u00e0 \u00eatre \u00e9bloui. Le lac d\u2019Annecy, avec [&hellip;]<\/p>\n","protected":false},"author":3,"featured_media":34499,"comment_status":"open","ping_status":"closed","sticky":false,"template":"","format":"standard","meta":{"_acf_changed":false,"_sitemap_exclude":false,"_sitemap_priority":"","_sitemap_frequency":"","footnotes":"","rank_math_title":"","rank_math_description":"Plongez dans l\u2019histoire et explorez l\u2019\u00e9pave du France, un tr\u00e9sor subaquatique cach\u00e9 au fond du lac d\u2019Annecy. L\u2019aventure vous attend !\n","rank_math_canonical_url":"","rank_math_focus_keyword":"\u00e9pave"},"categories":[3],"tags":[],"class_list":["post-34498","post","type-post","status-publish","format-standard","has-post-thumbnail","hentry","category-voyage"],"acf":[],"_links":{"self":[{"href":"https:\/\/ulysse.com\/news\/wp-json\/wp\/v2\/posts\/34498","targetHints":{"allow":["GET"]}}],"collection":[{"href":"https:\/\/ulysse.com\/news\/wp-json\/wp\/v2\/posts"}],"about":[{"href":"https:\/\/ulysse.com\/news\/wp-json\/wp\/v2\/types\/post"}],"author":[{"embeddable":true,"href":"https:\/\/ulysse.com\/news\/wp-json\/wp\/v2\/users\/3"}],"replies":[{"embeddable":true,"href":"https:\/\/ulysse.com\/news\/wp-json\/wp\/v2\/comments?post=34498"}],"version-history":[{"count":3,"href":"https:\/\/ulysse.com\/news\/wp-json\/wp\/v2\/posts\/34498\/revisions"}],"predecessor-version":[{"id":34538,"href":"https:\/\/ulysse.com\/news\/wp-json\/wp\/v2\/posts\/34498\/revisions\/34538"}],"wp:featuredmedia":[{"embeddable":true,"href":"https:\/\/ulysse.com\/news\/wp-json\/wp\/v2\/media\/34499"}],"wp:attachment":[{"href":"https:\/\/ulysse.com\/news\/wp-json\/wp\/v2\/media?parent=34498"}],"wp:term":[{"taxonomy":"category","embeddable":true,"href":"https:\/\/ulysse.com\/news\/wp-json\/wp\/v2\/categories?post=34498"},{"taxonomy":"post_tag","embeddable":true,"href":"https:\/\/ulysse.com\/news\/wp-json\/wp\/v2\/tags?post=34498"}],"curies":[{"name":"wp","href":"https:\/\/api.w.org\/{rel}","templated":true}]}}