{"id":34510,"date":"2025-09-03T16:00:39","date_gmt":"2025-09-03T15:00:39","guid":{"rendered":"https:\/\/discover.ulysse.com\/?p=34510"},"modified":"2025-09-02T21:55:34","modified_gmt":"2025-09-02T20:55:34","slug":"village-secret-de-corse-ou-les-retraites-trouvent-leur-havre-de-paix-entre-plages-et-maquis","status":"publish","type":"post","link":"https:\/\/ulysse.com\/news\/village-secret-de-corse-ou-les-retraites-trouvent-leur-havre-de-paix-entre-plages-et-maquis","title":{"rendered":"Ce village secret de Corse o\u00f9 les retrait\u00e9s trouvent leur havre de paix entre plages et maquis"},"content":{"rendered":"<p><span style=\"font-weight: 400;\">Entre plages dor\u00e9es et maquis verdoyant, <strong>Porto-Vecchio<\/strong> se fait discret, mais ne cesse d&#8217;attirer un nouveau genre de visiteurs : les <strong>retrait\u00e9s<\/strong> en qu\u00eate de tranquillit\u00e9, de soleil et d&#8217;un cadre de vie sans pareille. Ce village corse, encore un peu secret, est en train de devenir un v\u00e9ritable refuge, loin de l\u2019agitation des grandes villes. D\u00e9tente, douceur de vivre et nature \u00e0 couper le souffle, voil\u00e0 ce qui s\u00e9duit chaque ann\u00e9e de plus en plus de Fran\u00e7ais. Mais qu\u2019est-ce qui fait de Porto-Vecchio le lieu id\u00e9al pour passer ses ann\u00e9es dor\u00e9es ? Accrochez-vous, ce village a bien plus \u00e0 offrir que vous ne l\u2019imaginez ! Si vous r\u00eavez de journ\u00e9es o\u00f9 le soleil brille presque toute l\u2019ann\u00e9e, o\u00f9 les plages sont encore pr\u00e9serv\u00e9es et o\u00f9 la nature sauvage c\u00f4toie un mode de vie paisible, alors vous \u00eates au bon endroit.\u00a0<\/span><\/p>\n<h2><b>Porto-Vecchio : La perle secr\u00e8te de la Corse-du-Sud<\/b><\/h2>\n<p><span style=\"font-weight: 400;\">On pourrait presque dire que <strong>Porto-Vecchio <\/strong>est l\u2019un des secrets les mieux gard\u00e9s de <strong>la Corse<\/strong>. Situ\u00e9 entre les c\u00e9l\u00e8bres <strong>plages de Palombaggia et Santa Giulia<\/strong>, ce village reste relativement discret tout en \u00e9tant un v\u00e9ritable bijou pour ceux qui ont l\u2019\u0153il aff\u00fbt\u00e9. Et oui, le village est devenu un v\u00e9ritable refuge pour les retrait\u00e9s, mais pas uniquement pour ceux qui recherchent le calme. Porto-Vecchio sait aussi offrir une bonne dose de dynamisme avec ses activit\u00e9s locales et ses \u00e9v\u00e9nements culturels. Et qui a dit que les retrait\u00e9s ne pouvaient pas profiter de tout cela ?<\/span><\/p>\n<p><span style=\"font-weight: 400;\">Les paysages alentours sont d\u2019une beaut\u00e9 \u00e0 couper le souffle : la mer et ses eaux cristallines, les collines verdoyantes parsem\u00e9es de maquis, et les montagnes corses qui se dressent fi\u00e8rement \u00e0 l\u2019horizon. Et, pour couronner le tout, les temp\u00e9ratures y sont souvent id\u00e9ales. C\u2019est un endroit o\u00f9 vous pouvez commencer la journ\u00e9e en vous baladant le long des plages ou en randonn\u00e9e, et la finir autour d\u2019un verre de vin local, tout en admirant le coucher de soleil. Mais Porto-Vecchio n\u2019est pas seulement un paradis pour les yeux, c\u2019est aussi un lieu o\u00f9 la vie est douce et o\u00f9 il fait bon vivre.<\/span><\/p>\n<blockquote class=\"instagram-media\" style=\"background: #FFF; border: 0; border-radius: 3px; margin: 1px; max-width: 540px; min-width: 326px; padding: 0; width: calc(100% - 2px);\" data-instgrm-captioned=\"\" data-instgrm-permalink=\"https:\/\/www.instagram.com\/p\/DN1PIpPWkzl\/?utm_source=ig_embed&amp;utm_campaign=loading\" data-instgrm-version=\"14\">\n<div style=\"padding: 16px;\">\n<p>&nbsp;<\/p>\n<div style=\"flex-direction: row; align-items: center;\">\n<div style=\"background-color: #f4f4f4; border-radius: 50%; flex-grow: 0; height: 40px; margin-right: 14px; width: 40px;\"><\/div>\n<div style=\"flex-direction: column; flex-grow: 1; justify-content: center;\">\n<div style=\"background-color: #f4f4f4; border-radius: 4px; flex-grow: 0; height: 14px; margin-bottom: 6px; width: 100px;\"><\/div>\n<div style=\"background-color: #f4f4f4; border-radius: 4px; flex-grow: 0; height: 14px; width: 60px;\"><\/div>\n<\/div>\n<\/div>\n<div style=\"padding: 19% 0;\"><\/div>\n<div style=\"height: 50px; margin: 0 auto 12px; width: 50px;\"><\/div>\n<div style=\"padding-top: 8px;\">\n<div style=\"color: #3897f0; font-family: Arial,sans-serif; font-size: 14px; font-style: normal; font-weight: 550; line-height: 18px;\">Voir cette publication sur Instagram<\/div>\n<\/div>\n<div style=\"padding: 12.5% 0;\"><\/div>\n<div style=\"flex-direction: row; margin-bottom: 14px; align-items: center;\">\n<div>\n<div style=\"background-color: #f4f4f4; border-radius: 50%; height: 12.5px; width: 12.5px;\"><\/div>\n<div style=\"background-color: #f4f4f4; height: 12.5px; width: 12.5px; flex-grow: 0; margin-right: 14px; margin-left: 2px;\"><\/div>\n<div style=\"background-color: #f4f4f4; border-radius: 50%; height: 12.5px; width: 12.5px;\"><\/div>\n<\/div>\n<div style=\"margin-left: 8px;\">\n<div style=\"background-color: #f4f4f4; border-radius: 50%; flex-grow: 0; height: 20px; width: 20px;\"><\/div>\n<div style=\"width: 0; height: 0; border-top: 2px solid transparent; border-left: 6px solid #f4f4f4; border-bottom: 2px solid transparent;\"><\/div>\n<\/div>\n<div style=\"margin-left: auto;\">\n<div style=\"width: 0px; border-top: 8px solid #F4F4F4; border-right: 8px solid transparent;\"><\/div>\n<div style=\"background-color: #f4f4f4; flex-grow: 0; height: 12px; width: 16px;\"><\/div>\n<div style=\"width: 0; height: 0; border-top: 8px solid #F4F4F4; border-left: 8px solid transparent;\"><\/div>\n<\/div>\n<\/div>\n<div style=\"flex-direction: column; flex-grow: 1; justify-content: center; margin-bottom: 24px;\">\n<div style=\"background-color: #f4f4f4; border-radius: 4px; flex-grow: 0; height: 14px; margin-bottom: 6px; width: 224px;\"><\/div>\n<div style=\"background-color: #f4f4f4; border-radius: 4px; flex-grow: 0; height: 14px; width: 144px;\"><\/div>\n<\/div>\n<p>&nbsp;<\/p>\n<p style=\"color: #c9c8cd; font-family: Arial,sans-serif; font-size: 14px; line-height: 17px; margin-bottom: 0; margin-top: 8px; overflow: hidden; padding: 8px 0 7px; text-align: center;\"><a style=\"color: #c9c8cd; font-family: Arial,sans-serif; font-size: 14px; font-style: normal; font-weight: normal; line-height: 17px; text-decoration: none;\" href=\"https:\/\/www.instagram.com\/p\/DN1PIpPWkzl\/?utm_source=ig_embed&amp;utm_campaign=loading\" target=\"_blank\" rel=\"noopener\">Une publication partag\u00e9e par Topexpos (@topexpos)<\/a><\/p>\n<\/div>\n<\/blockquote>\n<h2><b>Comment rejoindre ce petit paradis ?<\/b><\/h2>\n<p><span style=\"font-weight: 400;\">Si vous souhaitez d\u00e9couvrir Porto-Vecchio, plusieurs options de transport s\u2019offrent \u00e0 vous. Depuis Paris, il est possible de prendre le train jusqu\u2019\u00e0 <a href=\"https:\/\/discover.ulysse.com\/entre-marseille-et-cassis-une-crique-oubliee-attire-les-regards-depuis-la-mer\">Marseille<\/a> ou Nice (environ 5-6 heures de trajet), puis de rejoindre l\u2019\u00eele en ferry. Le trajet en ferry dure entre 4 et 6 heures, selon le port de d\u00e9part, et vous permet de commencer votre aventure d\u00e8s la travers\u00e9e. Le prix du billet d\u00e9pend de la saison, mais vous pouvez vous attendre \u00e0 environ 50-60 euros pour un aller simple.<\/span><\/p>\n<p><span style=\"font-weight: 400;\">Pour les plus press\u00e9s, l\u2019avion reste une solution plus rapide. Un vol direct depuis Paris \u00e0 l\u2019a\u00e9roport de Figari, \u00e0 seulement 30 minutes de Porto-Vecchio, ne prend que 1h50. Les prix des billets varient en fonction de la p\u00e9riode, mais ils sont g\u00e9n\u00e9ralement autour de 100-150 euros. Une fois sur place, vous serez imm\u00e9diatement plong\u00e9 dans l\u2019ambiance accueillante de Porto-Vecchio, pr\u00eat \u00e0 d\u00e9couvrir ses plages idylliques et ses panoramas exceptionnels.<\/span><\/p>\n<blockquote class=\"instagram-media\" style=\"background: #FFF; border: 0; border-radius: 3px; margin: 1px; max-width: 540px; min-width: 326px; padding: 0; width: calc(100% - 2px);\" data-instgrm-captioned=\"\" data-instgrm-permalink=\"https:\/\/www.instagram.com\/p\/DOEE2BljAmC\/?utm_source=ig_embed&amp;utm_campaign=loading\" data-instgrm-version=\"14\">\n<div style=\"padding: 16px;\">\n<p>&nbsp;<\/p>\n<div style=\"flex-direction: row; align-items: center;\">\n<div style=\"background-color: #f4f4f4; border-radius: 50%; flex-grow: 0; height: 40px; margin-right: 14px; width: 40px;\"><\/div>\n<div style=\"flex-direction: column; flex-grow: 1; justify-content: center;\">\n<div style=\"background-color: #f4f4f4; border-radius: 4px; flex-grow: 0; height: 14px; margin-bottom: 6px; width: 100px;\"><\/div>\n<div style=\"background-color: #f4f4f4; border-radius: 4px; flex-grow: 0; height: 14px; width: 60px;\"><\/div>\n<\/div>\n<\/div>\n<div style=\"padding: 19% 0;\"><\/div>\n<div style=\"height: 50px; margin: 0 auto 12px; width: 50px;\"><\/div>\n<div style=\"padding-top: 8px;\">\n<div style=\"color: #3897f0; font-family: Arial,sans-serif; font-size: 14px; font-style: normal; font-weight: 550; line-height: 18px;\">Voir cette publication sur Instagram<\/div>\n<\/div>\n<div style=\"padding: 12.5% 0;\"><\/div>\n<div style=\"flex-direction: row; margin-bottom: 14px; align-items: center;\">\n<div>\n<div style=\"background-color: #f4f4f4; border-radius: 50%; height: 12.5px; width: 12.5px;\"><\/div>\n<div style=\"background-color: #f4f4f4; height: 12.5px; width: 12.5px; flex-grow: 0; margin-right: 14px; margin-left: 2px;\"><\/div>\n<div style=\"background-color: #f4f4f4; border-radius: 50%; height: 12.5px; width: 12.5px;\"><\/div>\n<\/div>\n<div style=\"margin-left: 8px;\">\n<div style=\"background-color: #f4f4f4; border-radius: 50%; flex-grow: 0; height: 20px; width: 20px;\"><\/div>\n<div style=\"width: 0; height: 0; border-top: 2px solid transparent; border-left: 6px solid #f4f4f4; border-bottom: 2px solid transparent;\"><\/div>\n<\/div>\n<div style=\"margin-left: auto;\">\n<div style=\"width: 0px; border-top: 8px solid #F4F4F4; border-right: 8px solid transparent;\"><\/div>\n<div style=\"background-color: #f4f4f4; flex-grow: 0; height: 12px; width: 16px;\"><\/div>\n<div style=\"width: 0; height: 0; border-top: 8px solid #F4F4F4; border-left: 8px solid transparent;\"><\/div>\n<\/div>\n<\/div>\n<div style=\"flex-direction: column; flex-grow: 1; justify-content: center; margin-bottom: 24px;\">\n<div style=\"background-color: #f4f4f4; border-radius: 4px; flex-grow: 0; height: 14px; margin-bottom: 6px; width: 224px;\"><\/div>\n<div style=\"background-color: #f4f4f4; border-radius: 4px; flex-grow: 0; height: 14px; width: 144px;\"><\/div>\n<\/div>\n<p>&nbsp;<\/p>\n<p style=\"color: #c9c8cd; font-family: Arial,sans-serif; font-size: 14px; line-height: 17px; margin-bottom: 0; margin-top: 8px; overflow: hidden; padding: 8px 0 7px; text-align: center;\"><a style=\"color: #c9c8cd; font-family: Arial,sans-serif; font-size: 14px; font-style: normal; font-weight: normal; line-height: 17px; text-decoration: none;\" href=\"https:\/\/www.instagram.com\/p\/DOEE2BljAmC\/?utm_source=ig_embed&amp;utm_campaign=loading\" target=\"_blank\" rel=\"noopener\">Une publication partag\u00e9e par Stephanie Bo\u0308hm (@stephanie.boehm11)<\/a><\/p>\n<\/div>\n<\/blockquote>\n<h2><b>La plage, un vrai luxe \u00e0 Porto-Vecchio<\/b><\/h2>\n<p><span style=\"font-weight: 400;\">Ce n\u2019est un secret pour personne, Porto-Vecchio poss\u00e8de certaines des<strong> plages les plus belles de la Corse<\/strong>. <a href=\"https:\/\/discover.ulysse.com\/corse-5-campings-trembler-stations-balneaires\">Palombaggia<\/a>, avec son sable dor\u00e9 et ses eaux turquoise, est l\u2019endroit r\u00eav\u00e9 pour se d\u00e9tendre au soleil ou se baigner dans une mer cristalline. Un v\u00e9ritable d\u00e9cor de carte postale ! Et si vous pr\u00e9f\u00e9rez une plage un peu plus calme, <strong>la plage de Santa Giulia<\/strong> vous s\u00e9duira avec ses eaux peu profondes, parfaites pour une baignade en toute s\u00e9r\u00e9nit\u00e9. Vous pourrez m\u00eame vous laisser tenter par une sortie en bateau pour d\u00e9couvrir les criques cach\u00e9es autour de la ville.<\/span><\/p>\n<p><span style=\"font-weight: 400;\">Mais Porto-Vecchio, ce n\u2019est pas que des plages ! Les montagnes corses qui entourent le village offrent de magnifiques opportunit\u00e9s de randonn\u00e9es. <strong>Le GR20<\/strong>, l\u2019un des sentiers les plus c\u00e9l\u00e8bres d\u2019Europe, traverse cette r\u00e9gion et vous invite \u00e0 explorer des paysages \u00e0 couper le souffle. \u00c0 chaque virage, une vue imprenable sur la mer ou la montagne s\u2019offre \u00e0 vous. \u00c0 Porto-Vecchio, vous ne faites pas que regarder la nature, vous y plongez, vous l\u2019embrassez. Un vrai bonheur pour ceux qui aiment allier d\u00e9tente et activit\u00e9 en plein air.<\/span><\/p>\n<blockquote class=\"instagram-media\" style=\"background: #FFF; border: 0; border-radius: 3px; margin: 1px; max-width: 540px; min-width: 326px; padding: 0; width: calc(100% - 2px);\" data-instgrm-captioned=\"\" data-instgrm-permalink=\"https:\/\/www.instagram.com\/p\/DODQvYkioOV\/?utm_source=ig_embed&amp;utm_campaign=loading\" data-instgrm-version=\"14\">\n<div style=\"padding: 16px;\">\n<p>&nbsp;<\/p>\n<div style=\"flex-direction: row; align-items: center;\">\n<div style=\"background-color: #f4f4f4; border-radius: 50%; flex-grow: 0; height: 40px; margin-right: 14px; width: 40px;\"><\/div>\n<div style=\"flex-direction: column; flex-grow: 1; justify-content: center;\">\n<div style=\"background-color: #f4f4f4; border-radius: 4px; flex-grow: 0; height: 14px; margin-bottom: 6px; width: 100px;\"><\/div>\n<div style=\"background-color: #f4f4f4; border-radius: 4px; flex-grow: 0; height: 14px; width: 60px;\"><\/div>\n<\/div>\n<\/div>\n<div style=\"padding: 19% 0;\"><\/div>\n<div style=\"height: 50px; margin: 0 auto 12px; width: 50px;\"><\/div>\n<div style=\"padding-top: 8px;\">\n<div style=\"color: #3897f0; font-family: Arial,sans-serif; font-size: 14px; font-style: normal; font-weight: 550; line-height: 18px;\">Voir cette publication sur Instagram<\/div>\n<\/div>\n<div style=\"padding: 12.5% 0;\"><\/div>\n<div style=\"flex-direction: row; margin-bottom: 14px; align-items: center;\">\n<div>\n<div style=\"background-color: #f4f4f4; border-radius: 50%; height: 12.5px; width: 12.5px;\"><\/div>\n<div style=\"background-color: #f4f4f4; height: 12.5px; width: 12.5px; flex-grow: 0; margin-right: 14px; margin-left: 2px;\"><\/div>\n<div style=\"background-color: #f4f4f4; border-radius: 50%; height: 12.5px; width: 12.5px;\"><\/div>\n<\/div>\n<div style=\"margin-left: 8px;\">\n<div style=\"background-color: #f4f4f4; border-radius: 50%; flex-grow: 0; height: 20px; width: 20px;\"><\/div>\n<div style=\"width: 0; height: 0; border-top: 2px solid transparent; border-left: 6px solid #f4f4f4; border-bottom: 2px solid transparent;\"><\/div>\n<\/div>\n<div style=\"margin-left: auto;\">\n<div style=\"width: 0px; border-top: 8px solid #F4F4F4; border-right: 8px solid transparent;\"><\/div>\n<div style=\"background-color: #f4f4f4; flex-grow: 0; height: 12px; width: 16px;\"><\/div>\n<div style=\"width: 0; height: 0; border-top: 8px solid #F4F4F4; border-left: 8px solid transparent;\"><\/div>\n<\/div>\n<\/div>\n<div style=\"flex-direction: column; flex-grow: 1; justify-content: center; margin-bottom: 24px;\">\n<div style=\"background-color: #f4f4f4; border-radius: 4px; flex-grow: 0; height: 14px; margin-bottom: 6px; width: 224px;\"><\/div>\n<div style=\"background-color: #f4f4f4; border-radius: 4px; flex-grow: 0; height: 14px; width: 144px;\"><\/div>\n<\/div>\n<p>&nbsp;<\/p>\n<p style=\"color: #c9c8cd; font-family: Arial,sans-serif; font-size: 14px; line-height: 17px; margin-bottom: 0; margin-top: 8px; overflow: hidden; padding: 8px 0 7px; text-align: center;\"><a style=\"color: #c9c8cd; font-family: Arial,sans-serif; font-size: 14px; font-style: normal; font-weight: normal; line-height: 17px; text-decoration: none;\" href=\"https:\/\/www.instagram.com\/p\/DODQvYkioOV\/?utm_source=ig_embed&amp;utm_campaign=loading\" target=\"_blank\" rel=\"noopener\">Une publication partag\u00e9e par Karim Chabibi (@chabibiz)<\/a><\/p>\n<\/div>\n<\/blockquote>\n<h2><b>Une qualit\u00e9 de vie qui s\u00e9duit de plus en plus<\/b><\/h2>\n<p><span style=\"font-weight: 400;\">Ce qui fait de Porto-Vecchio un lieu id\u00e9al pour les retrait\u00e9s, c\u2019est la qualit\u00e9 de vie qu\u2019elle offre. Avec un climat m\u00e9diterran\u00e9en agr\u00e9able toute l\u2019ann\u00e9e et des paysages magnifiques \u00e0 perte de vue, il y a de quoi se sentir en vacances chaque jour. Mais l\u2019attractivit\u00e9 de ce village va bien au-del\u00e0 de ses paysages. En effet, Porto-Vecchio dispose de toutes les infrastructures modernes tout en restant un endroit calme, loin du bruit des grandes villes.<\/span><\/p>\n<p><span style=\"font-weight: 400;\">Les prix de l\u2019immobilier, bien qu\u2019un peu plus \u00e9lev\u00e9s que dans d\u2019autres r\u00e9gions de l\u2019\u00eele, restent relativement abordables pour les retrait\u00e9s compar\u00e9 \u00e0 des stations baln\u00e9aires plus fr\u00e9quent\u00e9es. De plus, le village dispose de nombreux commerces, de restaurants typiques et de march\u00e9s o\u00f9 l\u2019on trouve des produits locaux de qualit\u00e9. Que vous soyez amateur de charcuterie corse, de fromages de ch\u00e8vre ou de miel, Porto-Vecchio est un v\u00e9ritable terrain de jeu pour les gourmands !<\/span><\/p>\n<p><span style=\"font-weight: 400;\">Et pour ceux qui appr\u00e9cient un style de vie plus d\u00e9tendu, le village propose aussi des activit\u00e9s culturelles et sociales. Entre les clubs de p\u00e9tanque, les soir\u00e9es musicales et les festivals traditionnels, il y a toujours quelque chose \u00e0 faire. Mais surtout, ce village offre cette impression de s\u00e9r\u00e9nit\u00e9 qui manque dans nos vies parfois trop agit\u00e9es. Il est facile de se faire de nouveaux amis et de s\u2019int\u00e9grer dans cette communaut\u00e9 accueillante.<\/span><\/p>\n<blockquote class=\"instagram-media\" style=\"background: #FFF; border: 0; border-radius: 3px; margin: 1px; max-width: 540px; min-width: 326px; padding: 0; width: calc(100% - 2px);\" data-instgrm-captioned=\"\" data-instgrm-permalink=\"https:\/\/www.instagram.com\/p\/DOEP8AfCI8e\/?utm_source=ig_embed&amp;utm_campaign=loading\" data-instgrm-version=\"14\">\n<div style=\"padding: 16px;\">\n<p>&nbsp;<\/p>\n<div style=\"flex-direction: row; align-items: center;\">\n<div style=\"background-color: #f4f4f4; border-radius: 50%; flex-grow: 0; height: 40px; margin-right: 14px; width: 40px;\"><\/div>\n<div style=\"flex-direction: column; flex-grow: 1; justify-content: center;\">\n<div style=\"background-color: #f4f4f4; border-radius: 4px; flex-grow: 0; height: 14px; margin-bottom: 6px; width: 100px;\"><\/div>\n<div style=\"background-color: #f4f4f4; border-radius: 4px; flex-grow: 0; height: 14px; width: 60px;\"><\/div>\n<\/div>\n<\/div>\n<div style=\"padding: 19% 0;\"><\/div>\n<div style=\"height: 50px; margin: 0 auto 12px; width: 50px;\"><\/div>\n<div style=\"padding-top: 8px;\">\n<div style=\"color: #3897f0; font-family: Arial,sans-serif; font-size: 14px; font-style: normal; font-weight: 550; line-height: 18px;\">Voir cette publication sur Instagram<\/div>\n<\/div>\n<div style=\"padding: 12.5% 0;\"><\/div>\n<div style=\"flex-direction: row; margin-bottom: 14px; align-items: center;\">\n<div>\n<div style=\"background-color: #f4f4f4; border-radius: 50%; height: 12.5px; width: 12.5px;\"><\/div>\n<div style=\"background-color: #f4f4f4; height: 12.5px; width: 12.5px; flex-grow: 0; margin-right: 14px; margin-left: 2px;\"><\/div>\n<div style=\"background-color: #f4f4f4; border-radius: 50%; height: 12.5px; width: 12.5px;\"><\/div>\n<\/div>\n<div style=\"margin-left: 8px;\">\n<div style=\"background-color: #f4f4f4; border-radius: 50%; flex-grow: 0; height: 20px; width: 20px;\"><\/div>\n<div style=\"width: 0; height: 0; border-top: 2px solid transparent; border-left: 6px solid #f4f4f4; border-bottom: 2px solid transparent;\"><\/div>\n<\/div>\n<div style=\"margin-left: auto;\">\n<div style=\"width: 0px; border-top: 8px solid #F4F4F4; border-right: 8px solid transparent;\"><\/div>\n<div style=\"background-color: #f4f4f4; flex-grow: 0; height: 12px; width: 16px;\"><\/div>\n<div style=\"width: 0; height: 0; border-top: 8px solid #F4F4F4; border-left: 8px solid transparent;\"><\/div>\n<\/div>\n<\/div>\n<div style=\"flex-direction: column; flex-grow: 1; justify-content: center; margin-bottom: 24px;\">\n<div style=\"background-color: #f4f4f4; border-radius: 4px; flex-grow: 0; height: 14px; margin-bottom: 6px; width: 224px;\"><\/div>\n<div style=\"background-color: #f4f4f4; border-radius: 4px; flex-grow: 0; height: 14px; width: 144px;\"><\/div>\n<\/div>\n<p>&nbsp;<\/p>\n<p style=\"color: #c9c8cd; font-family: Arial,sans-serif; font-size: 14px; line-height: 17px; margin-bottom: 0; margin-top: 8px; overflow: hidden; padding: 8px 0 7px; text-align: center;\"><a style=\"color: #c9c8cd; font-family: Arial,sans-serif; font-size: 14px; font-style: normal; font-weight: normal; line-height: 17px; text-decoration: none;\" href=\"https:\/\/www.instagram.com\/p\/DOEP8AfCI8e\/?utm_source=ig_embed&amp;utm_campaign=loading\" target=\"_blank\" rel=\"noopener\">Une publication partag\u00e9e par Guillaume (@guis86)<\/a><\/p>\n<\/div>\n<\/blockquote>\n<h2><b>Porto-Vecchio, le secret encore pr\u00e9serv\u00e9 de la Corse-du-Sud<\/b><\/h2>\n<p><span style=\"font-weight: 400;\">Porto-Vecchio est une perle rare. Entre ses plages dor\u00e9es, ses montagnes majestueuses et son ambiance paisible, ce village de Corse-du-Sud est devenu le havre de paix de nombreux retrait\u00e9s, mais il n\u2019est pas seulement r\u00e9serv\u00e9 \u00e0 cette tranche d\u2019\u00e2ge. Ce lieu est une invitation \u00e0 vivre pleinement, \u00e0 profiter des petites choses de la vie, et surtout, \u00e0 respirer le grand air. Porto-Vecchio est bien plus qu\u2019un simple lieu de vacances, c\u2019est un mode de vie, une parenth\u00e8se enchant\u00e9e o\u00f9 l\u2019on trouve l\u2019\u00e9quilibre parfait entre relaxation et activit\u00e9s.<\/span><\/p>\n","protected":false},"excerpt":{"rendered":"<p>Entre plages dor\u00e9es et maquis verdoyant, Porto-Vecchio se fait discret, mais ne cesse d&#8217;attirer un nouveau genre de visiteurs : [&hellip;]<\/p>\n","protected":false},"author":3,"featured_media":34511,"comment_status":"open","ping_status":"closed","sticky":false,"template":"","format":"standard","meta":{"_acf_changed":false,"_sitemap_exclude":false,"_sitemap_priority":"","_sitemap_frequency":"","footnotes":"","rank_math_title":"","rank_math_description":"Porto-Vecchio, entre plages dor\u00e9es et maquis verdoyant, devient le havre secret des retrait\u00e9s en qu\u00eate de calme et de soleil.\n","rank_math_canonical_url":"","rank_math_focus_keyword":"retraite,corse"},"categories":[3],"tags":[],"class_list":["post-34510","post","type-post","status-publish","format-standard","has-post-thumbnail","hentry","category-voyage"],"acf":[],"_links":{"self":[{"href":"https:\/\/ulysse.com\/news\/wp-json\/wp\/v2\/posts\/34510","targetHints":{"allow":["GET"]}}],"collection":[{"href":"https:\/\/ulysse.com\/news\/wp-json\/wp\/v2\/posts"}],"about":[{"href":"https:\/\/ulysse.com\/news\/wp-json\/wp\/v2\/types\/post"}],"author":[{"embeddable":true,"href":"https:\/\/ulysse.com\/news\/wp-json\/wp\/v2\/users\/3"}],"replies":[{"embeddable":true,"href":"https:\/\/ulysse.com\/news\/wp-json\/wp\/v2\/comments?post=34510"}],"version-history":[{"count":3,"href":"https:\/\/ulysse.com\/news\/wp-json\/wp\/v2\/posts\/34510\/revisions"}],"predecessor-version":[{"id":34534,"href":"https:\/\/ulysse.com\/news\/wp-json\/wp\/v2\/posts\/34510\/revisions\/34534"}],"wp:featuredmedia":[{"embeddable":true,"href":"https:\/\/ulysse.com\/news\/wp-json\/wp\/v2\/media\/34511"}],"wp:attachment":[{"href":"https:\/\/ulysse.com\/news\/wp-json\/wp\/v2\/media?parent=34510"}],"wp:term":[{"taxonomy":"category","embeddable":true,"href":"https:\/\/ulysse.com\/news\/wp-json\/wp\/v2\/categories?post=34510"},{"taxonomy":"post_tag","embeddable":true,"href":"https:\/\/ulysse.com\/news\/wp-json\/wp\/v2\/tags?post=34510"}],"curies":[{"name":"wp","href":"https:\/\/api.w.org\/{rel}","templated":true}]}}