{"id":34520,"date":"2025-09-03T13:00:57","date_gmt":"2025-09-03T12:00:57","guid":{"rendered":"https:\/\/discover.ulysse.com\/?p=34520"},"modified":"2025-09-02T21:51:37","modified_gmt":"2025-09-02T20:51:37","slug":"ce-village-perche-dans-les-pyrenees-est-un-veritable-paradis-ou-ciel-et-montagnes-se-rencontrent","status":"publish","type":"post","link":"https:\/\/ulysse.com\/news\/ce-village-perche-dans-les-pyrenees-est-un-veritable-paradis-ou-ciel-et-montagnes-se-rencontrent","title":{"rendered":"Ce village perch\u00e9 dans les Pyr\u00e9n\u00e9es est un v\u00e9ritable paradis o\u00f9 ciel et montagnes se rencontrent"},"content":{"rendered":"<p><span style=\"font-weight: 400;\">Parfois, il faut savoir s\u2019\u00e9vader loin du brouhaha quotidien, se couper du monde et se retrouver face \u00e0 la nature dans toute sa splendeur. <strong>Le Plateau de Beille,<\/strong> ce petit coin de paradis nich\u00e9 au c\u0153ur des <strong>Pyr\u00e9n\u00e9es<\/strong>, est l\u2019endroit r\u00eav\u00e9 pour cela. Ici, la montagne se m\u00eale \u00e0 la magie des \u00e9toiles, cr\u00e9ant une exp\u00e9rience hors du temps, entre sport, d\u00e9tente et \u00e9merveillement. Si vous avez envie de vivre une aventure unique, loin des foules, \u00e0 1800 m\u00e8tres d\u2019altitude, c\u2019est l\u00e0-bas que \u00e7a se passe. Au sommet du monde, \u00e0 un endroit o\u00f9 le ciel semble aussi vaste que la terre, il est grand temps de d\u00e9couvrir ce lieu suspendu.<\/span><\/p>\n<h2><b>Quand les Pyr\u00e9n\u00e9es deviennent votre terrain de jeu<\/b><\/h2>\n<p><span style=\"font-weight: 400;\">Imaginez un endroit o\u00f9 la nature vous donne des frissons, o\u00f9 chaque paysage semble sorti d\u2019une carte postale, et o\u00f9 vous pouvez faire du ski tout en admirant les panoramas grandioses des montagnes. Bienvenue sur le <strong>Plateau de Beille,<\/strong> un v\u00e9ritable terrain de jeu pour les passionn\u00e9s de sport, mais aussi pour ceux qui cherchent \u00e0 respirer le grand air. En hiver, c\u2019est un paradis pour les amateurs de ski nordique, avec 39 kilom\u00e8tres de pistes, des parcours en raquettes, du biathlon et m\u00eame des balades en chiens de tra\u00eeneau. Il n\u2019y a rien de tel que de d\u00e9valer ces pentes enneig\u00e9es, avec pour toile de fond les cimes majestueuses des <a href=\"https:\/\/discover.ulysse.com\/a-lombre-des-pyrenees-ce-petit-bourg-devient-le-paradis-des-retraites\">Pyr\u00e9n\u00e9es<\/a>.<\/span><\/p>\n<p><span style=\"font-weight: 400;\">Mais Beille ne se contente pas d\u2019\u00eatre un havre pour les amateurs de glisse. En \u00e9t\u00e9, c\u2019est un v\u00e9ritable jardin d\u2019\u00c9den pour les randonneurs et les v\u00e9t\u00e9tistes. Vous y trouverez des sentiers qui serpentent \u00e0 travers des paysages verdoyants, des for\u00eats denses et des panoramas \u00e0 couper le souffle. Et si vous cherchez une activit\u00e9 un peu plus originale, pourquoi ne pas tenter le cani-rando ? Une mani\u00e8re fun de partir en balade, tir\u00e9 par des chiens de tra\u00eeneau, avec, en prime, la sensation d\u2019\u00eatre dans un film d\u2019aventure. Le Plateau de Beille, c\u2019est aussi un endroit o\u00f9 la nature vous invite \u00e0 vous d\u00e9passer et \u00e0 vous reconnecter \u00e0 l\u2019essentiel.<\/span><\/p>\n<blockquote class=\"instagram-media\" style=\"background: #FFF; border: 0; border-radius: 3px; margin: 1px; max-width: 540px; min-width: 326px; padding: 0; width: calc(100% - 2px);\" data-instgrm-captioned=\"\" data-instgrm-permalink=\"https:\/\/www.instagram.com\/p\/CeZHEnwobBt\/?utm_source=ig_embed&amp;utm_campaign=loading\" data-instgrm-version=\"14\">\n<div style=\"padding: 16px;\">\n<p>&nbsp;<\/p>\n<div style=\"flex-direction: row; align-items: center;\">\n<div style=\"background-color: #f4f4f4; border-radius: 50%; flex-grow: 0; height: 40px; margin-right: 14px; width: 40px;\"><\/div>\n<div style=\"flex-direction: column; flex-grow: 1; justify-content: center;\">\n<div style=\"background-color: #f4f4f4; border-radius: 4px; flex-grow: 0; height: 14px; margin-bottom: 6px; width: 100px;\"><\/div>\n<div style=\"background-color: #f4f4f4; border-radius: 4px; flex-grow: 0; height: 14px; width: 60px;\"><\/div>\n<\/div>\n<\/div>\n<div style=\"padding: 19% 0;\"><\/div>\n<div style=\"height: 50px; margin: 0 auto 12px; width: 50px;\"><\/div>\n<div style=\"padding-top: 8px;\">\n<div style=\"color: #3897f0; font-family: Arial,sans-serif; font-size: 14px; font-style: normal; font-weight: 550; line-height: 18px;\">Voir cette publication sur Instagram<\/div>\n<\/div>\n<div style=\"padding: 12.5% 0;\"><\/div>\n<div style=\"flex-direction: row; margin-bottom: 14px; align-items: center;\">\n<div>\n<div style=\"background-color: #f4f4f4; border-radius: 50%; height: 12.5px; width: 12.5px;\"><\/div>\n<div style=\"background-color: #f4f4f4; height: 12.5px; width: 12.5px; flex-grow: 0; margin-right: 14px; margin-left: 2px;\"><\/div>\n<div style=\"background-color: #f4f4f4; border-radius: 50%; height: 12.5px; width: 12.5px;\"><\/div>\n<\/div>\n<div style=\"margin-left: 8px;\">\n<div style=\"background-color: #f4f4f4; border-radius: 50%; flex-grow: 0; height: 20px; width: 20px;\"><\/div>\n<div style=\"width: 0; height: 0; border-top: 2px solid transparent; border-left: 6px solid #f4f4f4; border-bottom: 2px solid transparent;\"><\/div>\n<\/div>\n<div style=\"margin-left: auto;\">\n<div style=\"width: 0px; border-top: 8px solid #F4F4F4; border-right: 8px solid transparent;\"><\/div>\n<div style=\"background-color: #f4f4f4; flex-grow: 0; height: 12px; width: 16px;\"><\/div>\n<div style=\"width: 0; height: 0; border-top: 8px solid #F4F4F4; border-left: 8px solid transparent;\"><\/div>\n<\/div>\n<\/div>\n<div style=\"flex-direction: column; flex-grow: 1; justify-content: center; margin-bottom: 24px;\">\n<div style=\"background-color: #f4f4f4; border-radius: 4px; flex-grow: 0; height: 14px; margin-bottom: 6px; width: 224px;\"><\/div>\n<div style=\"background-color: #f4f4f4; border-radius: 4px; flex-grow: 0; height: 14px; width: 144px;\"><\/div>\n<\/div>\n<p>&nbsp;<\/p>\n<p style=\"color: #c9c8cd; font-family: Arial,sans-serif; font-size: 14px; line-height: 17px; margin-bottom: 0; margin-top: 8px; overflow: hidden; padding: 8px 0 7px; text-align: center;\"><a style=\"color: #c9c8cd; font-family: Arial,sans-serif; font-size: 14px; font-style: normal; font-weight: normal; line-height: 17px; text-decoration: none;\" href=\"https:\/\/www.instagram.com\/p\/CeZHEnwobBt\/?utm_source=ig_embed&amp;utm_campaign=loading\" target=\"_blank\" rel=\"noopener\">Une publication partag\u00e9e par Les G\u00eetes de Beille (@lesgitesdebeille)<\/a><\/p>\n<\/div>\n<\/blockquote>\n<h2><b>Quand le ciel devient un spectacle \u00e0 part enti\u00e8re<\/b><\/h2>\n<p><span style=\"font-weight: 400;\">Ce qui rend Beille encore plus exceptionnel, c\u2019est sa position g\u00e9ographique. Situ\u00e9 \u00e0 une altitude id\u00e9ale de 1800 m\u00e8tres, loin de la pollution lumineuse des grandes villes, ce plateau devient un v\u00e9ritable observatoire du ciel. Ici, le ciel se d\u00e9voile dans toute sa splendeur, et la beaut\u00e9 des \u00e9toiles est \u00e0 couper le souffle. La nuit, vous avez la possibilit\u00e9 de participer \u00e0 des<strong> soir\u00e9es d\u2019astronomie<\/strong>, o\u00f9 des experts vous guideront \u00e0 travers les constellations et les secrets de l\u2019univers. Le Plateau de Beille est tout simplement un lieu magique pour observer la voie lact\u00e9e, et pour qui a de la chance, apercevoir une <a href=\"https:\/\/discover.ulysse.com\/100-etoiles-filantes-par-heure-quelle-est-cette-nuit-du-mois-daout-a-ne-pas-rater-en-france\">\u00e9toile filante<\/a>.<\/span><\/p>\n<p><span style=\"font-weight: 400;\">Mais les \u00e9toiles ne sont pas seulement \u00e0 regarder : elles vous enveloppent, elles vous transportent. Passer la nuit sur ce plateau, sous une tente ou en bivouac, c\u2019est une exp\u00e9rience unique. Vous vous endormez avec la vo\u00fbte c\u00e9leste pour plafond et vous vous r\u00e9veillez au milieu d\u2019un silence apaisant, o\u00f9 seul le chant des oiseaux vient troubler la qui\u00e9tude du matin. Ce cadre idyllique vous invite \u00e0 prendre un moment pour vous, \u00e0 vous laisser bercer par la beaut\u00e9 du monde et \u00e0 vous ressourcer totalement. Quand les montagnes se fondent dans le ciel \u00e9toil\u00e9, le temps semble suspendu.<\/span><\/p>\n<blockquote class=\"instagram-media\" style=\"background: #FFF; border: 0; border-radius: 3px; margin: 1px; max-width: 540px; min-width: 326px; padding: 0; width: calc(100% - 2px);\" data-instgrm-captioned=\"\" data-instgrm-permalink=\"https:\/\/www.instagram.com\/reel\/Cum1ZpsI9E1\/?utm_source=ig_embed&amp;utm_campaign=loading\" data-instgrm-version=\"14\">\n<div style=\"padding: 16px;\">\n<p>&nbsp;<\/p>\n<div style=\"flex-direction: row; align-items: center;\">\n<div style=\"background-color: #f4f4f4; border-radius: 50%; flex-grow: 0; height: 40px; margin-right: 14px; width: 40px;\"><\/div>\n<div style=\"flex-direction: column; flex-grow: 1; justify-content: center;\">\n<div style=\"background-color: #f4f4f4; border-radius: 4px; flex-grow: 0; height: 14px; margin-bottom: 6px; width: 100px;\"><\/div>\n<div style=\"background-color: #f4f4f4; border-radius: 4px; flex-grow: 0; height: 14px; width: 60px;\"><\/div>\n<\/div>\n<\/div>\n<div style=\"padding: 19% 0;\"><\/div>\n<div style=\"height: 50px; margin: 0 auto 12px; width: 50px;\"><\/div>\n<div style=\"padding-top: 8px;\">\n<div style=\"color: #3897f0; font-family: Arial,sans-serif; font-size: 14px; font-style: normal; font-weight: 550; line-height: 18px;\">Voir cette publication sur Instagram<\/div>\n<\/div>\n<div style=\"padding: 12.5% 0;\"><\/div>\n<div style=\"flex-direction: row; margin-bottom: 14px; align-items: center;\">\n<div>\n<div style=\"background-color: #f4f4f4; border-radius: 50%; height: 12.5px; width: 12.5px;\"><\/div>\n<div style=\"background-color: #f4f4f4; height: 12.5px; width: 12.5px; flex-grow: 0; margin-right: 14px; margin-left: 2px;\"><\/div>\n<div style=\"background-color: #f4f4f4; border-radius: 50%; height: 12.5px; width: 12.5px;\"><\/div>\n<\/div>\n<div style=\"margin-left: 8px;\">\n<div style=\"background-color: #f4f4f4; border-radius: 50%; flex-grow: 0; height: 20px; width: 20px;\"><\/div>\n<div style=\"width: 0; height: 0; border-top: 2px solid transparent; border-left: 6px solid #f4f4f4; border-bottom: 2px solid transparent;\"><\/div>\n<\/div>\n<div style=\"margin-left: auto;\">\n<div style=\"width: 0px; border-top: 8px solid #F4F4F4; border-right: 8px solid transparent;\"><\/div>\n<div style=\"background-color: #f4f4f4; flex-grow: 0; height: 12px; width: 16px;\"><\/div>\n<div style=\"width: 0; height: 0; border-top: 8px solid #F4F4F4; border-left: 8px solid transparent;\"><\/div>\n<\/div>\n<\/div>\n<div style=\"flex-direction: column; flex-grow: 1; justify-content: center; margin-bottom: 24px;\">\n<div style=\"background-color: #f4f4f4; border-radius: 4px; flex-grow: 0; height: 14px; margin-bottom: 6px; width: 224px;\"><\/div>\n<div style=\"background-color: #f4f4f4; border-radius: 4px; flex-grow: 0; height: 14px; width: 144px;\"><\/div>\n<\/div>\n<p>&nbsp;<\/p>\n<p style=\"color: #c9c8cd; font-family: Arial,sans-serif; font-size: 14px; line-height: 17px; margin-bottom: 0; margin-top: 8px; overflow: hidden; padding: 8px 0 7px; text-align: center;\"><a style=\"color: #c9c8cd; font-family: Arial,sans-serif; font-size: 14px; font-style: normal; font-weight: normal; line-height: 17px; text-decoration: none;\" href=\"https:\/\/www.instagram.com\/reel\/Cum1ZpsI9E1\/?utm_source=ig_embed&amp;utm_campaign=loading\" target=\"_blank\" rel=\"noopener\">Une publication partag\u00e9e par Les G\u00eetes de Beille (@lesgitesdebeille)<\/a><\/p>\n<\/div>\n<\/blockquote>\n<h2><b>Comment arriver dans ce paradis suspendu ?<\/b><\/h2>\n<p><span style=\"font-weight: 400;\">Alors, pr\u00eat \u00e0 faire vos valises et \u00e0 prendre le train pour ce lieu suspendu ? Pas besoin de faire des kilom\u00e8tres en voiture ou d\u2019attendre une \u00e9ternit\u00e9 pour rejoindre Beille. Si vous partez de Paris, en train, vous pourrez rejoindre Toulouse en un peu moins de 4 heures. \u00c0 partir de l\u00e0, il ne vous restera plus qu\u2019\u00e0 prendre un bus ou une navette pour atteindre le plateau. Facile, non ? Comptez entre 60 et 100 euros pour un aller-retour Paris-Toulouse, selon la p\u00e9riode, et vous \u00eates partis pour l\u2019aventure. Depuis Lyon, comptez aussi environ 4 heures de trajet, et si vous partez de Strasbourg, la dur\u00e9e sera un peu plus longue (environ 5 heures). Bref, quel que soit votre point de d\u00e9part, Beille est \u00e0 port\u00e9e de train. Le voyage est confortable, rapide et surtout, une fois arriv\u00e9s, vous serez pr\u00eats \u00e0 profiter d\u2019un cadre unique.<\/span><\/p>\n<blockquote class=\"instagram-media\" style=\"background: #FFF; border: 0; border-radius: 3px; margin: 1px; max-width: 540px; min-width: 326px; padding: 0; width: calc(100% - 2px);\" data-instgrm-captioned=\"\" data-instgrm-permalink=\"https:\/\/www.instagram.com\/reel\/C7jXNPtIHNO\/?utm_source=ig_embed&amp;utm_campaign=loading\" data-instgrm-version=\"14\">\n<div style=\"padding: 16px;\">\n<p>&nbsp;<\/p>\n<div style=\"flex-direction: row; align-items: center;\">\n<div style=\"background-color: #f4f4f4; border-radius: 50%; flex-grow: 0; height: 40px; margin-right: 14px; width: 40px;\"><\/div>\n<div style=\"flex-direction: column; flex-grow: 1; justify-content: center;\">\n<div style=\"background-color: #f4f4f4; border-radius: 4px; flex-grow: 0; height: 14px; margin-bottom: 6px; width: 100px;\"><\/div>\n<div style=\"background-color: #f4f4f4; border-radius: 4px; flex-grow: 0; height: 14px; width: 60px;\"><\/div>\n<\/div>\n<\/div>\n<div style=\"padding: 19% 0;\"><\/div>\n<div style=\"height: 50px; margin: 0 auto 12px; width: 50px;\"><\/div>\n<div style=\"padding-top: 8px;\">\n<div style=\"color: #3897f0; font-family: Arial,sans-serif; font-size: 14px; font-style: normal; font-weight: 550; line-height: 18px;\">Voir cette publication sur Instagram<\/div>\n<\/div>\n<div style=\"padding: 12.5% 0;\"><\/div>\n<div style=\"flex-direction: row; margin-bottom: 14px; align-items: center;\">\n<div>\n<div style=\"background-color: #f4f4f4; border-radius: 50%; height: 12.5px; width: 12.5px;\"><\/div>\n<div style=\"background-color: #f4f4f4; height: 12.5px; width: 12.5px; flex-grow: 0; margin-right: 14px; margin-left: 2px;\"><\/div>\n<div style=\"background-color: #f4f4f4; border-radius: 50%; height: 12.5px; width: 12.5px;\"><\/div>\n<\/div>\n<div style=\"margin-left: 8px;\">\n<div style=\"background-color: #f4f4f4; border-radius: 50%; flex-grow: 0; height: 20px; width: 20px;\"><\/div>\n<div style=\"width: 0; height: 0; border-top: 2px solid transparent; border-left: 6px solid #f4f4f4; border-bottom: 2px solid transparent;\"><\/div>\n<\/div>\n<div style=\"margin-left: auto;\">\n<div style=\"width: 0px; border-top: 8px solid #F4F4F4; border-right: 8px solid transparent;\"><\/div>\n<div style=\"background-color: #f4f4f4; flex-grow: 0; height: 12px; width: 16px;\"><\/div>\n<div style=\"width: 0; height: 0; border-top: 8px solid #F4F4F4; border-left: 8px solid transparent;\"><\/div>\n<\/div>\n<\/div>\n<div style=\"flex-direction: column; flex-grow: 1; justify-content: center; margin-bottom: 24px;\">\n<div style=\"background-color: #f4f4f4; border-radius: 4px; flex-grow: 0; height: 14px; margin-bottom: 6px; width: 224px;\"><\/div>\n<div style=\"background-color: #f4f4f4; border-radius: 4px; flex-grow: 0; height: 14px; width: 144px;\"><\/div>\n<\/div>\n<p>&nbsp;<\/p>\n<p style=\"color: #c9c8cd; font-family: Arial,sans-serif; font-size: 14px; line-height: 17px; margin-bottom: 0; margin-top: 8px; overflow: hidden; padding: 8px 0 7px; text-align: center;\"><a style=\"color: #c9c8cd; font-family: Arial,sans-serif; font-size: 14px; font-style: normal; font-weight: normal; line-height: 17px; text-decoration: none;\" href=\"https:\/\/www.instagram.com\/reel\/C7jXNPtIHNO\/?utm_source=ig_embed&amp;utm_campaign=loading\" target=\"_blank\" rel=\"noopener\">Une publication partag\u00e9e par Les G\u00eetes de Beille (@lesgitesdebeille)<\/a><\/p>\n<\/div>\n<\/blockquote>\n<h2><b>Un endroit magique, m\u00eame hors saison<\/b><\/h2>\n<p><span style=\"font-weight: 400;\">Beille n\u2019est pas seulement un endroit de r\u00eave en hiver ou pendant les vacances. C\u2019est une destination o\u00f9 il fait bon vivre toute l\u2019ann\u00e9e. M\u00eame en dehors des <strong>p\u00e9riodes de sport<\/strong>, c\u2019est un lieu o\u00f9 l\u2019on se sent bien. Loin du stress de la vie quotidienne, on se ressource, on se pose et on profite simplement de la beaut\u00e9 de la nature. Les h\u00e9bergements sont chaleureux et accueillants, du <strong>chalet cosy au g\u00eete de montagne<\/strong>, vous trouverez forc\u00e9ment votre petit cocon pour une nuit ou un s\u00e9jour plus long. C\u2019est un lieu o\u00f9 l\u2019on peut se d\u00e9tendre, boire un bon chocolat chaud apr\u00e8s une balade, et savourer des produits locaux dans les restaurants \u00e0 proximit\u00e9.<\/span><\/p>\n<blockquote class=\"instagram-media\" style=\"background: #FFF; border: 0; border-radius: 3px; margin: 1px; max-width: 540px; min-width: 326px; padding: 0; width: calc(100% - 2px);\" data-instgrm-captioned=\"\" data-instgrm-permalink=\"https:\/\/www.instagram.com\/p\/CeEhDN2Im24\/?utm_source=ig_embed&amp;utm_campaign=loading\" data-instgrm-version=\"14\">\n<div style=\"padding: 16px;\">\n<p>&nbsp;<\/p>\n<div style=\"flex-direction: row; align-items: center;\">\n<div style=\"background-color: #f4f4f4; border-radius: 50%; flex-grow: 0; height: 40px; margin-right: 14px; width: 40px;\"><\/div>\n<div style=\"flex-direction: column; flex-grow: 1; justify-content: center;\">\n<div style=\"background-color: #f4f4f4; border-radius: 4px; flex-grow: 0; height: 14px; margin-bottom: 6px; width: 100px;\"><\/div>\n<div style=\"background-color: #f4f4f4; border-radius: 4px; flex-grow: 0; height: 14px; width: 60px;\"><\/div>\n<\/div>\n<\/div>\n<div style=\"padding: 19% 0;\"><\/div>\n<div style=\"height: 50px; margin: 0 auto 12px; width: 50px;\"><\/div>\n<div style=\"padding-top: 8px;\">\n<div style=\"color: #3897f0; font-family: Arial,sans-serif; font-size: 14px; font-style: normal; font-weight: 550; line-height: 18px;\">Voir cette publication sur Instagram<\/div>\n<\/div>\n<div style=\"padding: 12.5% 0;\"><\/div>\n<div style=\"flex-direction: row; margin-bottom: 14px; align-items: center;\">\n<div>\n<div style=\"background-color: #f4f4f4; border-radius: 50%; height: 12.5px; width: 12.5px;\"><\/div>\n<div style=\"background-color: #f4f4f4; height: 12.5px; width: 12.5px; flex-grow: 0; margin-right: 14px; margin-left: 2px;\"><\/div>\n<div style=\"background-color: #f4f4f4; border-radius: 50%; height: 12.5px; width: 12.5px;\"><\/div>\n<\/div>\n<div style=\"margin-left: 8px;\">\n<div style=\"background-color: #f4f4f4; border-radius: 50%; flex-grow: 0; height: 20px; width: 20px;\"><\/div>\n<div style=\"width: 0; height: 0; border-top: 2px solid transparent; border-left: 6px solid #f4f4f4; border-bottom: 2px solid transparent;\"><\/div>\n<\/div>\n<div style=\"margin-left: auto;\">\n<div style=\"width: 0px; border-top: 8px solid #F4F4F4; border-right: 8px solid transparent;\"><\/div>\n<div style=\"background-color: #f4f4f4; flex-grow: 0; height: 12px; width: 16px;\"><\/div>\n<div style=\"width: 0; height: 0; border-top: 8px solid #F4F4F4; border-left: 8px solid transparent;\"><\/div>\n<\/div>\n<\/div>\n<div style=\"flex-direction: column; flex-grow: 1; justify-content: center; margin-bottom: 24px;\">\n<div style=\"background-color: #f4f4f4; border-radius: 4px; flex-grow: 0; height: 14px; margin-bottom: 6px; width: 224px;\"><\/div>\n<div style=\"background-color: #f4f4f4; border-radius: 4px; flex-grow: 0; height: 14px; width: 144px;\"><\/div>\n<\/div>\n<p>&nbsp;<\/p>\n<p style=\"color: #c9c8cd; font-family: Arial,sans-serif; font-size: 14px; line-height: 17px; margin-bottom: 0; margin-top: 8px; overflow: hidden; padding: 8px 0 7px; text-align: center;\"><a style=\"color: #c9c8cd; font-family: Arial,sans-serif; font-size: 14px; font-style: normal; font-weight: normal; line-height: 17px; text-decoration: none;\" href=\"https:\/\/www.instagram.com\/p\/CeEhDN2Im24\/?utm_source=ig_embed&amp;utm_campaign=loading\" target=\"_blank\" rel=\"noopener\">Une publication partag\u00e9e par Les G\u00eetes de Beille (@lesgitesdebeille)<\/a><\/p>\n<\/div>\n<\/blockquote>\n<p><span style=\"font-weight: 400;\">Le Plateau de Beille est une v\u00e9ritable bouff\u00e9e d\u2019air frais, que vous soyez \u00e0 la recherche d\u2019aventure ou de tranquillit\u00e9. C\u2019est un endroit o\u00f9 l\u2019on se sent libre, o\u00f9 l\u2019on se retrouve face \u00e0 soi-m\u00eame, avec pour seuls compagnons les montagnes et les \u00e9toiles. Peu importe la saison, Beille a cette capacit\u00e9 \u00e0 surprendre, \u00e0 \u00e9merveiller et \u00e0 vous faire vivre des moments hors du temps. Il est un lieu d\u2019\u00e9vasion, de sport, mais aussi de contemplation, id\u00e9al pour ceux qui cherchent \u00e0 se reconnecter \u00e0 la nature et \u00e0 vivre une exp\u00e9rience authentique, loin de l\u2019agitation des grandes stations touristiques. Pr\u00eat \u00e0 prendre un billet pour l&#8217;infini ? Le Plateau de Beille vous attend, suspendu entre ciel et sommets.<\/span><\/p>\n<p>&nbsp;<\/p>\n","protected":false},"excerpt":{"rendered":"<p>Parfois, il faut savoir s\u2019\u00e9vader loin du brouhaha quotidien, se couper du monde et se retrouver face \u00e0 la nature [&hellip;]<\/p>\n","protected":false},"author":3,"featured_media":34521,"comment_status":"open","ping_status":"closed","sticky":false,"template":"","format":"standard","meta":{"_acf_changed":false,"_sitemap_exclude":false,"_sitemap_priority":"","_sitemap_frequency":"","footnotes":"","rank_math_title":"","rank_math_description":"Au sommet des Pyr\u00e9n\u00e9es, le Plateau de Beille vous invite \u00e0 vivre une aventure entre \u00e9toiles et montagnes. Pr\u00eat \u00e0 vous envoler au bout du monde ?\n","rank_math_canonical_url":"","rank_math_focus_keyword":"Pyr\u00e9n\u00e9es"},"categories":[3],"tags":[],"class_list":["post-34520","post","type-post","status-publish","format-standard","has-post-thumbnail","hentry","category-voyage"],"acf":[],"_links":{"self":[{"href":"https:\/\/ulysse.com\/news\/wp-json\/wp\/v2\/posts\/34520","targetHints":{"allow":["GET"]}}],"collection":[{"href":"https:\/\/ulysse.com\/news\/wp-json\/wp\/v2\/posts"}],"about":[{"href":"https:\/\/ulysse.com\/news\/wp-json\/wp\/v2\/types\/post"}],"author":[{"embeddable":true,"href":"https:\/\/ulysse.com\/news\/wp-json\/wp\/v2\/users\/3"}],"replies":[{"embeddable":true,"href":"https:\/\/ulysse.com\/news\/wp-json\/wp\/v2\/comments?post=34520"}],"version-history":[{"count":2,"href":"https:\/\/ulysse.com\/news\/wp-json\/wp\/v2\/posts\/34520\/revisions"}],"predecessor-version":[{"id":34529,"href":"https:\/\/ulysse.com\/news\/wp-json\/wp\/v2\/posts\/34520\/revisions\/34529"}],"wp:featuredmedia":[{"embeddable":true,"href":"https:\/\/ulysse.com\/news\/wp-json\/wp\/v2\/media\/34521"}],"wp:attachment":[{"href":"https:\/\/ulysse.com\/news\/wp-json\/wp\/v2\/media?parent=34520"}],"wp:term":[{"taxonomy":"category","embeddable":true,"href":"https:\/\/ulysse.com\/news\/wp-json\/wp\/v2\/categories?post=34520"},{"taxonomy":"post_tag","embeddable":true,"href":"https:\/\/ulysse.com\/news\/wp-json\/wp\/v2\/tags?post=34520"}],"curies":[{"name":"wp","href":"https:\/\/api.w.org\/{rel}","templated":true}]}}