{"id":34608,"date":"2025-09-04T12:12:17","date_gmt":"2025-09-04T11:12:17","guid":{"rendered":"https:\/\/discover.ulysse.com\/?p=34608"},"modified":"2025-09-04T12:12:17","modified_gmt":"2025-09-04T11:12:17","slug":"lisbonne-une-ville-en-deuil-17-morts-apres-le-deraillement-dun-funiculaire-touristique","status":"publish","type":"post","link":"https:\/\/ulysse.com\/news\/lisbonne-une-ville-en-deuil-17-morts-apres-le-deraillement-dun-funiculaire-touristique","title":{"rendered":"Lisbonne, une ville en deuil : 17 morts apr\u00e8s le d\u00e9raillement d\u2019un funiculaire touristique"},"content":{"rendered":"<p data-start=\"84\" data-end=\"806\">Le 3 septembre 2025, Lisbonne a \u00e9t\u00e9 frapp\u00e9e par un drame inimaginable. L\u2019Ascenseur da Gl\u00f3ria, funiculaire embl\u00e9matique de la ville, a d\u00e9raill\u00e9 en pleine mont\u00e9e, s\u2019\u00e9crasant contre un b\u00e2timent au c\u0153ur de la capitale portugaise. Le bilan est lourd : 17 morts et 21 bless\u00e9s, dont plusieurs sont dans un \u00e9tat critique. Ce drame, survenu en plein centre touristique de Lisbonne, a choqu\u00e9 la ville et le pays tout entier. Le gouvernement portugais a d\u00e9cr\u00e9t\u00e9 un jour de deuil national en hommage aux victimes, tandis que la trag\u00e9die a fait la une des grands m\u00e9dias internationaux, relay\u00e9e notamment par <a href=\"https:\/\/www.lefigaro.fr\/international\/portugal-le-funiculaire-emblematique-de-lisbonne-deraille-plusieurs-victimes-20250903\" target=\"_blank\" rel=\"noopener\"><em data-start=\"679\" data-end=\"690\">Le Figaro<\/em> en France.<\/a> La ville, habituellement calme et accueillante, se retrouve marqu\u00e9e par une douleur collective profonde.<\/p>\n<h2 data-start=\"808\" data-end=\"865\"><strong data-start=\"808\" data-end=\"865\">Le funiculaire historique devenu th\u00e9\u00e2tre de l&#8217;horreur<\/strong><\/h2>\n<p data-start=\"867\" data-end=\"1655\">L\u2019Ascenseur da Gl\u00f3ria, inaugur\u00e9 en 1885, est l\u2019un des symboles de Lisbonne. Reliant la place des Restauradores au quartier historique du Bairro Alto, il attire chaque ann\u00e9e des milliers de touristes en qu\u00eate de panoramas exceptionnels sur la ville. Le 3 septembre, au moment de l\u2019accident, le funiculaire, en pleine mont\u00e9e, a perdu le contr\u00f4le avant de percuter un b\u00e2timent. Les images de la sc\u00e8ne, diffus\u00e9es dans le monde entier, ont choqu\u00e9 les t\u00e9l\u00e9spectateurs. Le nombre de victimes, dont de nombreuses personnes en visite \u00e0 Lisbonne, a rapidement d\u00e9pass\u00e9 les 15, avec des bless\u00e9s graves recens\u00e9s dans les minutes qui ont suivi. La trag\u00e9die a imm\u00e9diatement fait r\u00e9agir les autorit\u00e9s locales, qui ont suspendu les autres funiculaires de la ville en attendant des inspections de s\u00e9curit\u00e9.<\/p>\n<blockquote class=\"tiktok-embed\" style=\"max-width: 605px; min-width: 325px;\" cite=\"https:\/\/www.tiktok.com\/@brutofficiel\/video\/7545964133443751190\" data-video-id=\"7545964133443751190\">\n<section><a title=\"@brutofficiel\" href=\"https:\/\/www.tiktok.com\/@brutofficiel?refer=embed\" target=\"_blank\" rel=\"noopener\">@brutofficiel<\/a>Le bilan de l\u2019accident du funiculaire \u00e0 Lisbonne est d\u00e9sormais d\u2019au moins 15 morts et 18 bless\u00e9s.<\/p>\n<p><a title=\"\u266c drowning (edit) - Antent &amp; vowl.\" href=\"https:\/\/www.tiktok.com\/music\/drowning-edit-7244550744096311298?refer=embed\" target=\"_blank\" rel=\"noopener\">\u266c drowning (edit) &#8211; Antent &amp; vowl.<\/a><\/p>\n<\/section>\n<\/blockquote>\n<p><script async src=\"https:\/\/www.tiktok.com\/embed.js\"><\/script><\/p>\n<h2 data-start=\"1657\" data-end=\"1718\"><strong data-start=\"1657\" data-end=\"1718\">Solidarit\u00e9 nationale et \u00e9motion collective apr\u00e8s le drame<\/strong><\/h2>\n<p data-start=\"1720\" data-end=\"2500\">Le gouvernement portugais a d\u00e9cr\u00e9t\u00e9 un jour de deuil national, et des c\u00e9r\u00e9monies de recueillement ont \u00e9t\u00e9 organis\u00e9es \u00e0 Lisbonne pour rendre hommage aux victimes. Une \u00e9motion intense a envahi la capitale et l\u2019ensemble du pays, o\u00f9 l\u2019accident a suscit\u00e9 une onde de choc profonde. Ce drame n\u2019a pas seulement affect\u00e9 le Portugal, mais a aussi eu un fort retentissement international. Le Figaro, par exemple, a relay\u00e9 l\u2019\u00e9v\u00e9nement dans ses colonnes, soulignant la dimension touristique de l\u2019incident et l\u2019importance de cet accident dans une ville aussi pris\u00e9e des voyageurs. Le contraste est frappant : d\u2019un lieu embl\u00e9matique de d\u00e9couverte et de beaut\u00e9, Lisbonne se retrouve plong\u00e9e dans une douleur collective, avec des autorit\u00e9s engag\u00e9es dans la recherche des causes de cette trag\u00e9die.<\/p>\n<h2 data-start=\"2502\" data-end=\"2563\"><strong data-start=\"2502\" data-end=\"2563\">Une enqu\u00eate sous haute tension pour comprendre les causes<\/strong><\/h2>\n<p data-start=\"2565\" data-end=\"3420\" data-is-last-node=\"\" data-is-only-node=\"\">D\u00e8s les premi\u00e8res heures apr\u00e8s l\u2019accident, les autorit\u00e9s ont ouvert une enqu\u00eate pour d\u00e9terminer les causes du d\u00e9raillement du funiculaire. Les t\u00e9moins ont rapport\u00e9 que le v\u00e9hicule semblait hors de contr\u00f4le avant de se pr\u00e9cipiter contre l\u2019immeuble. Les inspecteurs se penchent sur plusieurs hypoth\u00e8ses, allant de la d\u00e9faillance technique \u00e0 une erreur humaine. La municipalit\u00e9 a \u00e9galement suspendu tous les autres funiculaires de la ville pour une s\u00e9rie de v\u00e9rifications de s\u00e9curit\u00e9. Cet accident tragique soul\u00e8ve des questions sur la s\u00e9curit\u00e9 des transports historiques dans les villes touristiques, o\u00f9 les infrastructures vieillissantes peuvent parfois s&#8217;av\u00e9rer vuln\u00e9rables. \u00c0 Lisbonne, cet \u00e9v\u00e9nement tragique pourrait provoquer une remise en question plus large sur la modernisation de ces moyens de transport tout en pr\u00e9servant leur valeur patrimoniale.<\/p>\n","protected":false},"excerpt":{"rendered":"<p>Le 3 septembre 2025, Lisbonne a \u00e9t\u00e9 frapp\u00e9e par un drame inimaginable. L\u2019Ascenseur da Gl\u00f3ria, funiculaire embl\u00e9matique de la ville, [&hellip;]<\/p>\n","protected":false},"author":4,"featured_media":34609,"comment_status":"open","ping_status":"closed","sticky":false,"template":"","format":"standard","meta":{"_acf_changed":false,"_sitemap_exclude":false,"_sitemap_priority":"","_sitemap_frequency":"","footnotes":"","rank_math_title":"","rank_math_description":"","rank_math_canonical_url":"","rank_math_focus_keyword":"lisbonne"},"categories":[3],"tags":[],"class_list":["post-34608","post","type-post","status-publish","format-standard","has-post-thumbnail","hentry","category-voyage"],"acf":[],"_links":{"self":[{"href":"https:\/\/ulysse.com\/news\/wp-json\/wp\/v2\/posts\/34608","targetHints":{"allow":["GET"]}}],"collection":[{"href":"https:\/\/ulysse.com\/news\/wp-json\/wp\/v2\/posts"}],"about":[{"href":"https:\/\/ulysse.com\/news\/wp-json\/wp\/v2\/types\/post"}],"author":[{"embeddable":true,"href":"https:\/\/ulysse.com\/news\/wp-json\/wp\/v2\/users\/4"}],"replies":[{"embeddable":true,"href":"https:\/\/ulysse.com\/news\/wp-json\/wp\/v2\/comments?post=34608"}],"version-history":[{"count":1,"href":"https:\/\/ulysse.com\/news\/wp-json\/wp\/v2\/posts\/34608\/revisions"}],"predecessor-version":[{"id":34610,"href":"https:\/\/ulysse.com\/news\/wp-json\/wp\/v2\/posts\/34608\/revisions\/34610"}],"wp:featuredmedia":[{"embeddable":true,"href":"https:\/\/ulysse.com\/news\/wp-json\/wp\/v2\/media\/34609"}],"wp:attachment":[{"href":"https:\/\/ulysse.com\/news\/wp-json\/wp\/v2\/media?parent=34608"}],"wp:term":[{"taxonomy":"category","embeddable":true,"href":"https:\/\/ulysse.com\/news\/wp-json\/wp\/v2\/categories?post=34608"},{"taxonomy":"post_tag","embeddable":true,"href":"https:\/\/ulysse.com\/news\/wp-json\/wp\/v2\/tags?post=34608"}],"curies":[{"name":"wp","href":"https:\/\/api.w.org\/{rel}","templated":true}]}}