{"id":34615,"date":"2025-09-05T08:00:55","date_gmt":"2025-09-05T07:00:55","guid":{"rendered":"https:\/\/discover.ulysse.com\/?p=34615"},"modified":"2025-09-04T16:24:07","modified_gmt":"2025-09-04T15:24:07","slug":"un-itineraire-cyclable-secret-en-costa-brava-que-personne-ne-veut-que-vous-decouvriez","status":"publish","type":"post","link":"https:\/\/ulysse.com\/news\/un-itineraire-cyclable-secret-en-costa-brava-que-personne-ne-veut-que-vous-decouvriez","title":{"rendered":"Un itin\u00e9raire cyclable secret en Costa Brava que personne ne veut que vous d\u00e9couvriez"},"content":{"rendered":"<p><span style=\"font-weight: 400;\">La <strong>Costa Brava<\/strong>, c\u2019est cette r\u00e9gion de r\u00eave o\u00f9 les montagnes s\u2019embrassent avec la mer M\u00e9diterran\u00e9e. Vous l\u2019imaginez ? Des falaises plongeant dans des eaux cristallines, des criques secr\u00e8tes que vous d\u00e9couvrez au d\u00e9tour d\u2019un virage, et un v\u00e9lo pour t\u00e9moin de ce voyage unique. C\u2019est exactement ce qui vous attend en empruntant<strong> l\u2019EuroVelo 8<\/strong> \u00e0 travers <strong>la Catalogne<\/strong>, un itin\u00e9raire cyclable qui n\u2019a rien de commun. Et si c\u2019\u00e9tait votre prochain grand projet ? Cet itin\u00e9raire, c\u2019est une vraie invitation \u00e0 l\u2019aventure, un m\u00e9lange parfait de sensations fortes, de paysages \u00e0 couper le souffle et de culture catalane. Enfourchez votre v\u00e9lo, et partez \u00e0 la d\u00e9couverte de cette c\u00f4te sauvage et pr\u00e9serv\u00e9e. Mais pas de panique, on vous emm\u00e8ne avec nous pour vous guider \u00e0 travers les tr\u00e9sors cach\u00e9s de cette r\u00e9gion. Alors, pr\u00eats \u00e0 faire vibrer les roues de votre v\u00e9lo sur les sentiers de la Costa Brava ? C\u2019est parti !<\/span><\/p>\n<h2><b>Une escapade inoubliable entre mer et montagnes<\/b><\/h2>\n<p><span style=\"font-weight: 400;\">La<a href=\"https:\/\/discover.ulysse.com\/plages-histoire-et-gastronomie-le-trio-gagnant-de-cette-destination-secrete-de-la-costa-brava\"> Costa Brava<\/a>, c\u2019est bien plus qu\u2019une simple plage de sable dor\u00e9 (m\u00eame si, entre nous, c\u2019est d\u00e9j\u00e0 pas mal). Imaginez-vous rouler sous un ciel bleu \u00e9clatant, les pieds presque dans l\u2019eau, avec en toile de fond les magnifiques montagnes des Pyr\u00e9n\u00e9es. <strong>La route de l\u2019EuroVelo 8<\/strong> vous offre un cocktail de paysages qui change \u00e0 chaque coup de p\u00e9dale. On passe des plages baign\u00e9es de soleil aux collines verdoyantes, en traversant des villages typiques o\u00f9 le temps semble s\u2019\u00eatre arr\u00eat\u00e9.<\/span><\/p>\n<p><span style=\"font-weight: 400;\">L\u2019un des moments forts du parcours ? La <\/span><b>V\u00eda Verde del Carrilet II<\/b><span style=\"font-weight: 400;\">. Un petit bijou de 40 km qui relie <strong>G\u00e9rone \u00e0 Sant Feliu de Gu\u00edxols<\/strong>. C\u2019est une ancienne voie ferr\u00e9e transform\u00e9e en route cyclable, id\u00e9ale pour une balade tranquille au c\u0153ur de la nature. Entre les for\u00eats de pins et les montagnes volcaniques de la Garrotxa, vous allez avoir l\u2019impression de p\u00e9daler dans un d\u00e9cor de carte postale. Et que dire des panoramas \u00e0 couper le souffle sur la mer M\u00e9diterran\u00e9e qui vous accompagneront tout au long de votre aventure ? C\u2019est le genre de voyage dont on se souvient longtemps.<\/span><\/p>\n<blockquote class=\"instagram-media\" style=\"background: #FFF; border: 0; border-radius: 3px; margin: 1px; max-width: 540px; min-width: 326px; padding: 0; width: calc(100% - 2px);\" data-instgrm-captioned=\"\" data-instgrm-permalink=\"https:\/\/www.instagram.com\/p\/CE4ZFp3l5nU\/?utm_source=ig_embed&amp;utm_campaign=loading\" data-instgrm-version=\"14\">\n<div style=\"padding: 16px;\">\n<p>&nbsp;<\/p>\n<div style=\"flex-direction: row; align-items: center;\">\n<div style=\"background-color: #f4f4f4; border-radius: 50%; flex-grow: 0; height: 40px; margin-right: 14px; width: 40px;\"><\/div>\n<div style=\"flex-direction: column; flex-grow: 1; justify-content: center;\">\n<div style=\"background-color: #f4f4f4; border-radius: 4px; flex-grow: 0; height: 14px; margin-bottom: 6px; width: 100px;\"><\/div>\n<div style=\"background-color: #f4f4f4; border-radius: 4px; flex-grow: 0; height: 14px; width: 60px;\"><\/div>\n<\/div>\n<\/div>\n<div style=\"padding: 19% 0;\"><\/div>\n<div style=\"height: 50px; margin: 0 auto 12px; width: 50px;\"><\/div>\n<div style=\"padding-top: 8px;\">\n<div style=\"color: #3897f0; font-family: Arial,sans-serif; font-size: 14px; font-style: normal; font-weight: 550; line-height: 18px;\">Voir cette publication sur Instagram<\/div>\n<\/div>\n<div style=\"padding: 12.5% 0;\"><\/div>\n<div style=\"flex-direction: row; margin-bottom: 14px; align-items: center;\">\n<div>\n<div style=\"background-color: #f4f4f4; border-radius: 50%; height: 12.5px; width: 12.5px;\"><\/div>\n<div style=\"background-color: #f4f4f4; height: 12.5px; width: 12.5px; flex-grow: 0; margin-right: 14px; margin-left: 2px;\"><\/div>\n<div style=\"background-color: #f4f4f4; border-radius: 50%; height: 12.5px; width: 12.5px;\"><\/div>\n<\/div>\n<div style=\"margin-left: 8px;\">\n<div style=\"background-color: #f4f4f4; border-radius: 50%; flex-grow: 0; height: 20px; width: 20px;\"><\/div>\n<div style=\"width: 0; height: 0; border-top: 2px solid transparent; border-left: 6px solid #f4f4f4; border-bottom: 2px solid transparent;\"><\/div>\n<\/div>\n<div style=\"margin-left: auto;\">\n<div style=\"width: 0px; border-top: 8px solid #F4F4F4; border-right: 8px solid transparent;\"><\/div>\n<div style=\"background-color: #f4f4f4; flex-grow: 0; height: 12px; width: 16px;\"><\/div>\n<div style=\"width: 0; height: 0; border-top: 8px solid #F4F4F4; border-left: 8px solid transparent;\"><\/div>\n<\/div>\n<\/div>\n<div style=\"flex-direction: column; flex-grow: 1; justify-content: center; margin-bottom: 24px;\">\n<div style=\"background-color: #f4f4f4; border-radius: 4px; flex-grow: 0; height: 14px; margin-bottom: 6px; width: 224px;\"><\/div>\n<div style=\"background-color: #f4f4f4; border-radius: 4px; flex-grow: 0; height: 14px; width: 144px;\"><\/div>\n<\/div>\n<p>&nbsp;<\/p>\n<p style=\"color: #c9c8cd; font-family: Arial,sans-serif; font-size: 14px; line-height: 17px; margin-bottom: 0; margin-top: 8px; overflow: hidden; padding: 8px 0 7px; text-align: center;\"><a style=\"color: #c9c8cd; font-family: Arial,sans-serif; font-size: 14px; font-style: normal; font-weight: normal; line-height: 17px; text-decoration: none;\" href=\"https:\/\/www.instagram.com\/p\/CE4ZFp3l5nU\/?utm_source=ig_embed&amp;utm_campaign=loading\" target=\"_blank\" rel=\"noopener\">Une publication partag\u00e9e par EuroVelo \ud83c\uddea\ud83c\uddfa (@ecfeurovelo)<\/a><\/p>\n<\/div>\n<\/blockquote>\n<h2><b>Des villages catalans plein de charme<\/b><\/h2>\n<p><span style=\"font-weight: 400;\">Mais au-del\u00e0 des paysages grandioses, ce qui rend la Costa Brava si unique, ce sont ses petits villages o\u00f9 l\u2019on trouve des tr\u00e9sors cach\u00e9s \u00e0 chaque coin de rue. Prenez G\u00e9rone par exemple. Laissez-vous s\u00e9duire par son quartier juif m\u00e9di\u00e9val, ses ruelles pav\u00e9es qui semblent chuchoter des histoires d\u2019antan et ses monuments impressionnants comme la cath\u00e9drale. <strong>G\u00e9rone,<\/strong> c\u2019est une petite ville vivante o\u00f9 la culture catalane se m\u00eale \u00e0 la modernit\u00e9. Vous pouvez m\u00eame vous arr\u00eater dans un caf\u00e9 pour go\u00fbter au fameux &#8220;pa amb tom\u00e0quet&#8221;, une sp\u00e9cialit\u00e9 locale qui vous mettra l&#8217;eau \u00e0 la bouche.<\/span><\/p>\n<p><span style=\"font-weight: 400;\">Si vous continuez votre aventure vers <\/span><b>Sant Feliu de Gu\u00edxols<\/b><span style=\"font-weight: 400;\">, pr\u00e9parez-vous \u00e0 d\u00e9couvrir un village tranquille, loin de l\u2019agitation des stations baln\u00e9aires. Ici, l\u2019ambiance est d\u00e9contract\u00e9e, parfaite pour une petite pause apr\u00e8s une journ\u00e9e de v\u00e9lo. Le port de p\u00eache, les plages intimistes et les petites ruelles typiques sont un v\u00e9ritable appel \u00e0 la fl\u00e2nerie. Et si vous avez un peu de temps, ne manquez pas le <\/span><b>sentier c\u00f4tier<\/b><span style=\"font-weight: 400;\"> qui relie plusieurs villages voisins. C\u2019est le genre de randonn\u00e9e o\u00f9 chaque arr\u00eat offre une vue imprenable sur la mer.<\/span><\/p>\n<blockquote class=\"instagram-media\" style=\"background: #FFF; border: 0; border-radius: 3px; margin: 1px; max-width: 540px; min-width: 326px; padding: 0; width: calc(100% - 2px);\" data-instgrm-captioned=\"\" data-instgrm-permalink=\"https:\/\/www.instagram.com\/p\/DDhrF9XCEKX\/?utm_source=ig_embed&amp;utm_campaign=loading\" data-instgrm-version=\"14\">\n<div style=\"padding: 16px;\">\n<p>&nbsp;<\/p>\n<div style=\"flex-direction: row; align-items: center;\">\n<div style=\"background-color: #f4f4f4; border-radius: 50%; flex-grow: 0; height: 40px; margin-right: 14px; width: 40px;\"><\/div>\n<div style=\"flex-direction: column; flex-grow: 1; justify-content: center;\">\n<div style=\"background-color: #f4f4f4; border-radius: 4px; flex-grow: 0; height: 14px; margin-bottom: 6px; width: 100px;\"><\/div>\n<div style=\"background-color: #f4f4f4; border-radius: 4px; flex-grow: 0; height: 14px; width: 60px;\"><\/div>\n<\/div>\n<\/div>\n<div style=\"padding: 19% 0;\"><\/div>\n<div style=\"height: 50px; margin: 0 auto 12px; width: 50px;\"><\/div>\n<div style=\"padding-top: 8px;\">\n<div style=\"color: #3897f0; font-family: Arial,sans-serif; font-size: 14px; font-style: normal; font-weight: 550; line-height: 18px;\">Voir cette publication sur Instagram<\/div>\n<\/div>\n<div style=\"padding: 12.5% 0;\"><\/div>\n<div style=\"flex-direction: row; margin-bottom: 14px; align-items: center;\">\n<div>\n<div style=\"background-color: #f4f4f4; border-radius: 50%; height: 12.5px; width: 12.5px;\"><\/div>\n<div style=\"background-color: #f4f4f4; height: 12.5px; width: 12.5px; flex-grow: 0; margin-right: 14px; margin-left: 2px;\"><\/div>\n<div style=\"background-color: #f4f4f4; border-radius: 50%; height: 12.5px; width: 12.5px;\"><\/div>\n<\/div>\n<div style=\"margin-left: 8px;\">\n<div style=\"background-color: #f4f4f4; border-radius: 50%; flex-grow: 0; height: 20px; width: 20px;\"><\/div>\n<div style=\"width: 0; height: 0; border-top: 2px solid transparent; border-left: 6px solid #f4f4f4; border-bottom: 2px solid transparent;\"><\/div>\n<\/div>\n<div style=\"margin-left: auto;\">\n<div style=\"width: 0px; border-top: 8px solid #F4F4F4; border-right: 8px solid transparent;\"><\/div>\n<div style=\"background-color: #f4f4f4; flex-grow: 0; height: 12px; width: 16px;\"><\/div>\n<div style=\"width: 0; height: 0; border-top: 8px solid #F4F4F4; border-left: 8px solid transparent;\"><\/div>\n<\/div>\n<\/div>\n<div style=\"flex-direction: column; flex-grow: 1; justify-content: center; margin-bottom: 24px;\">\n<div style=\"background-color: #f4f4f4; border-radius: 4px; flex-grow: 0; height: 14px; margin-bottom: 6px; width: 224px;\"><\/div>\n<div style=\"background-color: #f4f4f4; border-radius: 4px; flex-grow: 0; height: 14px; width: 144px;\"><\/div>\n<\/div>\n<p>&nbsp;<\/p>\n<p style=\"color: #c9c8cd; font-family: Arial,sans-serif; font-size: 14px; line-height: 17px; margin-bottom: 0; margin-top: 8px; overflow: hidden; padding: 8px 0 7px; text-align: center;\"><a style=\"color: #c9c8cd; font-family: Arial,sans-serif; font-size: 14px; font-style: normal; font-weight: normal; line-height: 17px; text-decoration: none;\" href=\"https:\/\/www.instagram.com\/p\/DDhrF9XCEKX\/?utm_source=ig_embed&amp;utm_campaign=loading\" target=\"_blank\" rel=\"noopener\">Une publication partag\u00e9e par La M\u00e9diterran\u00e9e \u00e0 v\u00e9lo (@lamediterraneeavelo)<\/a><\/p>\n<\/div>\n<\/blockquote>\n<h2><b>La culture catalane \u00e0 chaque virage<\/b><\/h2>\n<p><span style=\"font-weight: 400;\"><a href=\"https:\/\/discover.ulysse.com\/catalogne-parcours-plus-beaux-paysages-peninsule-iberique\">La Catalogne<\/a>, ce n\u2019est pas juste des paysages magnifiques, c\u2019est aussi une culture riche et vibrante qui vous envahit d\u00e8s que vous mettez les pieds ici. \u00c0 chaque village, chaque coin de rue, vous ressentirez la chaleur de l\u2019accueil catalan. L\u2019EuroVelo 8 vous offre l\u2019opportunit\u00e9 de plonger dans cette culture locale qui respire l\u2019authenticit\u00e9.<\/span><\/p>\n<p><span style=\"font-weight: 400;\">\u00c0 <\/span><b>Cadaqu\u00e9s<\/b><span style=\"font-weight: 400;\">, vous d\u00e9couvrirez un village de p\u00eacheurs aux maisons blanches, entour\u00e9 par les collines et la mer. C\u2019est un endroit absolument magique, et si vous \u00eates amateur d\u2019art, vous serez ravi d\u2019apprendre que c\u2019est ici que <\/span><b>Salvador Dal\u00ed<\/b><span style=\"font-weight: 400;\"> a trouv\u00e9 l\u2019inspiration pour certaines de ses \u0153uvres. Vous pouvez m\u00eame visiter sa maison-mus\u00e9e, un v\u00e9ritable voyage dans l\u2019univers surr\u00e9aliste du peintre.<\/span><\/p>\n<p><span style=\"font-weight: 400;\">Mais ce n\u2019est pas tout. En longeant la c\u00f4te, vous passerez aussi par <\/span><b>Tossa de Mar<\/b><span style=\"font-weight: 400;\">, un village embl\u00e9matique de la Costa Brava, o\u00f9 les remparts du ch\u00e2teau m\u00e9di\u00e9val vous plongent dans une \u00e9poque r\u00e9volue. Il est m\u00eame possible de se baigner sur la plage en face du ch\u00e2teau, une mani\u00e8re parfaite de combiner culture et d\u00e9tente.<\/span><\/p>\n<blockquote class=\"instagram-media\" style=\"background: #FFF; border: 0; border-radius: 3px; margin: 1px; max-width: 540px; min-width: 326px; padding: 0; width: calc(100% - 2px);\" data-instgrm-captioned=\"\" data-instgrm-permalink=\"https:\/\/www.instagram.com\/p\/DG-ND0Zh_nY\/?utm_source=ig_embed&amp;utm_campaign=loading\" data-instgrm-version=\"14\">\n<div style=\"padding: 16px;\">\n<p>&nbsp;<\/p>\n<div style=\"flex-direction: row; align-items: center;\">\n<div style=\"background-color: #f4f4f4; border-radius: 50%; flex-grow: 0; height: 40px; margin-right: 14px; width: 40px;\"><\/div>\n<div style=\"flex-direction: column; flex-grow: 1; justify-content: center;\">\n<div style=\"background-color: #f4f4f4; border-radius: 4px; flex-grow: 0; height: 14px; margin-bottom: 6px; width: 100px;\"><\/div>\n<div style=\"background-color: #f4f4f4; border-radius: 4px; flex-grow: 0; height: 14px; width: 60px;\"><\/div>\n<\/div>\n<\/div>\n<div style=\"padding: 19% 0;\"><\/div>\n<div style=\"height: 50px; margin: 0 auto 12px; width: 50px;\"><\/div>\n<div style=\"padding-top: 8px;\">\n<div style=\"color: #3897f0; font-family: Arial,sans-serif; font-size: 14px; font-style: normal; font-weight: 550; line-height: 18px;\">Voir cette publication sur Instagram<\/div>\n<\/div>\n<div style=\"padding: 12.5% 0;\"><\/div>\n<div style=\"flex-direction: row; margin-bottom: 14px; align-items: center;\">\n<div>\n<div style=\"background-color: #f4f4f4; border-radius: 50%; height: 12.5px; width: 12.5px;\"><\/div>\n<div style=\"background-color: #f4f4f4; height: 12.5px; width: 12.5px; flex-grow: 0; margin-right: 14px; margin-left: 2px;\"><\/div>\n<div style=\"background-color: #f4f4f4; border-radius: 50%; height: 12.5px; width: 12.5px;\"><\/div>\n<\/div>\n<div style=\"margin-left: 8px;\">\n<div style=\"background-color: #f4f4f4; border-radius: 50%; flex-grow: 0; height: 20px; width: 20px;\"><\/div>\n<div style=\"width: 0; height: 0; border-top: 2px solid transparent; border-left: 6px solid #f4f4f4; border-bottom: 2px solid transparent;\"><\/div>\n<\/div>\n<div style=\"margin-left: auto;\">\n<div style=\"width: 0px; border-top: 8px solid #F4F4F4; border-right: 8px solid transparent;\"><\/div>\n<div style=\"background-color: #f4f4f4; flex-grow: 0; height: 12px; width: 16px;\"><\/div>\n<div style=\"width: 0; height: 0; border-top: 8px solid #F4F4F4; border-left: 8px solid transparent;\"><\/div>\n<\/div>\n<\/div>\n<div style=\"flex-direction: column; flex-grow: 1; justify-content: center; margin-bottom: 24px;\">\n<div style=\"background-color: #f4f4f4; border-radius: 4px; flex-grow: 0; height: 14px; margin-bottom: 6px; width: 224px;\"><\/div>\n<div style=\"background-color: #f4f4f4; border-radius: 4px; flex-grow: 0; height: 14px; width: 144px;\"><\/div>\n<\/div>\n<p>&nbsp;<\/p>\n<p style=\"color: #c9c8cd; font-family: Arial,sans-serif; font-size: 14px; line-height: 17px; margin-bottom: 0; margin-top: 8px; overflow: hidden; padding: 8px 0 7px; text-align: center;\"><a style=\"color: #c9c8cd; font-family: Arial,sans-serif; font-size: 14px; font-style: normal; font-weight: normal; line-height: 17px; text-decoration: none;\" href=\"https:\/\/www.instagram.com\/p\/DG-ND0Zh_nY\/?utm_source=ig_embed&amp;utm_campaign=loading\" target=\"_blank\" rel=\"noopener\">Une publication partag\u00e9e par La M\u00e9diterran\u00e9e \u00e0 v\u00e9lo (@lamediterraneeavelo)<\/a><\/p>\n<\/div>\n<\/blockquote>\n<h2><b>En train jusqu&#8217;\u00e0 la Costa Brava : un trajet facile et rapide<\/b><\/h2>\n<p><span style=\"font-weight: 400;\">Se rendre en Catalogne depuis la France, c\u2019est un jeu d\u2019enfant. En partant de <\/span><b>Paris<\/b><span style=\"font-weight: 400;\">, le train \u00e0 grande vitesse (TGV) vous am\u00e8ne directement \u00e0 <\/span><b>Barcelone<\/b><span style=\"font-weight: 400;\"> en un peu plus de 6 heures. Les prix d\u00e9marrent autour de 50 \u20ac, mais pour un billet plus avantageux, pensez \u00e0 r\u00e9server t\u00f4t. Une fois arriv\u00e9 \u00e0 Barcelone, vous pourrez facilement rejoindre <\/span><b>G\u00e9rone<\/b><span style=\"font-weight: 400;\"> ou <\/span><b>Sant Feliu de Gu\u00edxols<\/b><span style=\"font-weight: 400;\"> en train, en moins d\u2019une heure. Le train est vraiment le moyen id\u00e9al pour rejoindre la Costa Brava en toute simplicit\u00e9, tout en admirant les paysages d\u00e9filer sous vos yeux. Le trajet est confortable et les vues sur les montagnes catalanes sont tout simplement incroyables.<\/span><\/p>\n<p><span style=\"font-weight: 400;\">Si vous partez de <\/span><b>Lyon<\/b><span style=\"font-weight: 400;\">, un trajet direct vous permet de rejoindre Barcelone en environ 5 heures. Les prix des billets commencent \u00e0 45 \u20ac, selon les p\u00e9riodes. Si vous \u00eates dans l\u2019est de la France, \u00e0 <\/span><b>Strasbourg<\/b><span style=\"font-weight: 400;\">, le train vous am\u00e8ne \u00e0 Barcelone avec une correspondance \u00e0 Paris ou Lyon, en un peu plus de 8 heures. C\u2019est un trajet un peu plus long, mais qui reste tout de m\u00eame confortable et agr\u00e9able.<\/span><\/p>\n<blockquote class=\"instagram-media\" style=\"background: #FFF; border: 0; border-radius: 3px; margin: 1px; max-width: 540px; min-width: 326px; padding: 0; width: calc(100% - 2px);\" data-instgrm-captioned=\"\" data-instgrm-permalink=\"https:\/\/www.instagram.com\/p\/DIwVlzOCY8A\/?utm_source=ig_embed&amp;utm_campaign=loading\" data-instgrm-version=\"14\">\n<div style=\"padding: 16px;\">\n<p>&nbsp;<\/p>\n<div style=\"flex-direction: row; align-items: center;\">\n<div style=\"background-color: #f4f4f4; border-radius: 50%; flex-grow: 0; height: 40px; margin-right: 14px; width: 40px;\"><\/div>\n<div style=\"flex-direction: column; flex-grow: 1; justify-content: center;\">\n<div style=\"background-color: #f4f4f4; border-radius: 4px; flex-grow: 0; height: 14px; margin-bottom: 6px; width: 100px;\"><\/div>\n<div style=\"background-color: #f4f4f4; border-radius: 4px; flex-grow: 0; height: 14px; width: 60px;\"><\/div>\n<\/div>\n<\/div>\n<div style=\"padding: 19% 0;\"><\/div>\n<div style=\"height: 50px; margin: 0 auto 12px; width: 50px;\"><\/div>\n<div style=\"padding-top: 8px;\">\n<div style=\"color: #3897f0; font-family: Arial,sans-serif; font-size: 14px; font-style: normal; font-weight: 550; line-height: 18px;\">Voir cette publication sur Instagram<\/div>\n<\/div>\n<div style=\"padding: 12.5% 0;\"><\/div>\n<div style=\"flex-direction: row; margin-bottom: 14px; align-items: center;\">\n<div>\n<div style=\"background-color: #f4f4f4; border-radius: 50%; height: 12.5px; width: 12.5px;\"><\/div>\n<div style=\"background-color: #f4f4f4; height: 12.5px; width: 12.5px; flex-grow: 0; margin-right: 14px; margin-left: 2px;\"><\/div>\n<div style=\"background-color: #f4f4f4; border-radius: 50%; height: 12.5px; width: 12.5px;\"><\/div>\n<\/div>\n<div style=\"margin-left: 8px;\">\n<div style=\"background-color: #f4f4f4; border-radius: 50%; flex-grow: 0; height: 20px; width: 20px;\"><\/div>\n<div style=\"width: 0; height: 0; border-top: 2px solid transparent; border-left: 6px solid #f4f4f4; border-bottom: 2px solid transparent;\"><\/div>\n<\/div>\n<div style=\"margin-left: auto;\">\n<div style=\"width: 0px; border-top: 8px solid #F4F4F4; border-right: 8px solid transparent;\"><\/div>\n<div style=\"background-color: #f4f4f4; flex-grow: 0; height: 12px; width: 16px;\"><\/div>\n<div style=\"width: 0; height: 0; border-top: 8px solid #F4F4F4; border-left: 8px solid transparent;\"><\/div>\n<\/div>\n<\/div>\n<div style=\"flex-direction: column; flex-grow: 1; justify-content: center; margin-bottom: 24px;\">\n<div style=\"background-color: #f4f4f4; border-radius: 4px; flex-grow: 0; height: 14px; margin-bottom: 6px; width: 224px;\"><\/div>\n<div style=\"background-color: #f4f4f4; border-radius: 4px; flex-grow: 0; height: 14px; width: 144px;\"><\/div>\n<\/div>\n<p>&nbsp;<\/p>\n<p style=\"color: #c9c8cd; font-family: Arial,sans-serif; font-size: 14px; line-height: 17px; margin-bottom: 0; margin-top: 8px; overflow: hidden; padding: 8px 0 7px; text-align: center;\"><a style=\"color: #c9c8cd; font-family: Arial,sans-serif; font-size: 14px; font-style: normal; font-weight: normal; line-height: 17px; text-decoration: none;\" href=\"https:\/\/www.instagram.com\/p\/DIwVlzOCY8A\/?utm_source=ig_embed&amp;utm_campaign=loading\" target=\"_blank\" rel=\"noopener\">Une publication partag\u00e9e par La Bougeotte Franc\u0327aise (@labougeottefrancaise)<\/a><\/p>\n<\/div>\n<\/blockquote>\n<h2><b>Vivre \u00e0 la catalane : prix et bonnes adresses<\/b><\/h2>\n<p><span style=\"font-weight: 400;\">Alors, combien \u00e7a co\u00fbte de p\u00e9daler au c\u0153ur de la Costa Brava ? En comparaison avec les grandes destinations touristiques europ\u00e9ennes, la vie en Catalogne est relativement abordable. Pour un h\u00e9bergement confortable, comptez environ 50 \u20ac la nuit dans une pension ou un h\u00f4tel modeste. Si vous souhaitez un peu plus de luxe, les prix des h\u00f4tels 3 ou 4 \u00e9toiles peuvent atteindre les 100-150 \u20ac par nuit en haute saison.<\/span><\/p>\n<p><span style=\"font-weight: 400;\">Les repas sont \u00e9galement abordables. Vous pourrez savourer un d\u00e9licieux menu avec tapas pour environ 15-20 \u20ac, ou un plat traditionnel catalan pour une trentaine d\u2019euros. Les produits locaux, comme les fruits frais ou le jambon ib\u00e9rique, sont \u00e9galement tr\u00e8s abordables dans les march\u00e9s. C\u2019est l\u2019occasion r\u00eav\u00e9e de go\u00fbter \u00e0 la cuisine locale tout en profitant de la beaut\u00e9 des paysages qui vous entourent.<\/span><\/p>\n<blockquote class=\"instagram-media\" style=\"background: #FFF; border: 0; border-radius: 3px; margin: 1px; max-width: 540px; min-width: 326px; padding: 0; width: calc(100% - 2px);\" data-instgrm-captioned=\"\" data-instgrm-permalink=\"https:\/\/www.instagram.com\/p\/CETpHApowWM\/?utm_source=ig_embed&amp;utm_campaign=loading\" data-instgrm-version=\"14\">\n<div style=\"padding: 16px;\">\n<p>&nbsp;<\/p>\n<div style=\"flex-direction: row; align-items: center;\">\n<div style=\"background-color: #f4f4f4; border-radius: 50%; flex-grow: 0; height: 40px; margin-right: 14px; width: 40px;\"><\/div>\n<div style=\"flex-direction: column; flex-grow: 1; justify-content: center;\">\n<div style=\"background-color: #f4f4f4; border-radius: 4px; flex-grow: 0; height: 14px; margin-bottom: 6px; width: 100px;\"><\/div>\n<div style=\"background-color: #f4f4f4; border-radius: 4px; flex-grow: 0; height: 14px; width: 60px;\"><\/div>\n<\/div>\n<\/div>\n<div style=\"padding: 19% 0;\"><\/div>\n<div style=\"height: 50px; margin: 0 auto 12px; width: 50px;\"><\/div>\n<div style=\"padding-top: 8px;\">\n<div style=\"color: #3897f0; font-family: Arial,sans-serif; font-size: 14px; font-style: normal; font-weight: 550; line-height: 18px;\">Voir cette publication sur Instagram<\/div>\n<\/div>\n<div style=\"padding: 12.5% 0;\"><\/div>\n<div style=\"flex-direction: row; margin-bottom: 14px; align-items: center;\">\n<div>\n<div style=\"background-color: #f4f4f4; border-radius: 50%; height: 12.5px; width: 12.5px;\"><\/div>\n<div style=\"background-color: #f4f4f4; height: 12.5px; width: 12.5px; flex-grow: 0; margin-right: 14px; margin-left: 2px;\"><\/div>\n<div style=\"background-color: #f4f4f4; border-radius: 50%; height: 12.5px; width: 12.5px;\"><\/div>\n<\/div>\n<div style=\"margin-left: 8px;\">\n<div style=\"background-color: #f4f4f4; border-radius: 50%; flex-grow: 0; height: 20px; width: 20px;\"><\/div>\n<div style=\"width: 0; height: 0; border-top: 2px solid transparent; border-left: 6px solid #f4f4f4; border-bottom: 2px solid transparent;\"><\/div>\n<\/div>\n<div style=\"margin-left: auto;\">\n<div style=\"width: 0px; border-top: 8px solid #F4F4F4; border-right: 8px solid transparent;\"><\/div>\n<div style=\"background-color: #f4f4f4; flex-grow: 0; height: 12px; width: 16px;\"><\/div>\n<div style=\"width: 0; height: 0; border-top: 8px solid #F4F4F4; border-left: 8px solid transparent;\"><\/div>\n<\/div>\n<\/div>\n<div style=\"flex-direction: column; flex-grow: 1; justify-content: center; margin-bottom: 24px;\">\n<div style=\"background-color: #f4f4f4; border-radius: 4px; flex-grow: 0; height: 14px; margin-bottom: 6px; width: 224px;\"><\/div>\n<div style=\"background-color: #f4f4f4; border-radius: 4px; flex-grow: 0; height: 14px; width: 144px;\"><\/div>\n<\/div>\n<p>&nbsp;<\/p>\n<p style=\"color: #c9c8cd; font-family: Arial,sans-serif; font-size: 14px; line-height: 17px; margin-bottom: 0; margin-top: 8px; overflow: hidden; padding: 8px 0 7px; text-align: center;\"><a style=\"color: #c9c8cd; font-family: Arial,sans-serif; font-size: 14px; font-style: normal; font-weight: normal; line-height: 17px; text-decoration: none;\" href=\"https:\/\/www.instagram.com\/p\/CETpHApowWM\/?utm_source=ig_embed&amp;utm_campaign=loading\" target=\"_blank\" rel=\"noopener\">Une publication partag\u00e9e par @les_peripeties_du_ptit_velo<\/a><\/p>\n<\/div>\n<\/blockquote>\n<p><span style=\"font-weight: 400;\">La Costa Brava \u00e0 v\u00e9lo, c\u2019est un peu comme une aventure \u00e9pique, avec la mer pour complice et les montagnes pour cadre. Un itin\u00e9raire qui m\u00eale sensations fortes, moments de calme et immersion totale dans la culture catalane. Alors, qu\u2019attendez-vous pour enfourcher votre v\u00e9lo et d\u00e9couvrir ce petit coin de paradis ?<\/span><\/p>\n","protected":false},"excerpt":{"rendered":"<p>La Costa Brava, c\u2019est cette r\u00e9gion de r\u00eave o\u00f9 les montagnes s\u2019embrassent avec la mer M\u00e9diterran\u00e9e. Vous l\u2019imaginez ? Des [&hellip;]<\/p>\n","protected":false},"author":3,"featured_media":34616,"comment_status":"open","ping_status":"closed","sticky":false,"template":"","format":"standard","meta":{"_acf_changed":false,"_sitemap_exclude":false,"_sitemap_priority":"","_sitemap_frequency":"","footnotes":"","rank_math_title":"","rank_math_description":"P\u00e9dalez entre mer et montagnes, d\u00e9couvrez la culture catalane et vivez une aventure inoubliable sur la Costa Brava, \u00e0 v\u00e9lo !\n","rank_math_canonical_url":"","rank_math_focus_keyword":"costa,brava"},"categories":[3],"tags":[],"class_list":["post-34615","post","type-post","status-publish","format-standard","has-post-thumbnail","hentry","category-voyage"],"acf":[],"_links":{"self":[{"href":"https:\/\/ulysse.com\/news\/wp-json\/wp\/v2\/posts\/34615","targetHints":{"allow":["GET"]}}],"collection":[{"href":"https:\/\/ulysse.com\/news\/wp-json\/wp\/v2\/posts"}],"about":[{"href":"https:\/\/ulysse.com\/news\/wp-json\/wp\/v2\/types\/post"}],"author":[{"embeddable":true,"href":"https:\/\/ulysse.com\/news\/wp-json\/wp\/v2\/users\/3"}],"replies":[{"embeddable":true,"href":"https:\/\/ulysse.com\/news\/wp-json\/wp\/v2\/comments?post=34615"}],"version-history":[{"count":2,"href":"https:\/\/ulysse.com\/news\/wp-json\/wp\/v2\/posts\/34615\/revisions"}],"predecessor-version":[{"id":34632,"href":"https:\/\/ulysse.com\/news\/wp-json\/wp\/v2\/posts\/34615\/revisions\/34632"}],"wp:featuredmedia":[{"embeddable":true,"href":"https:\/\/ulysse.com\/news\/wp-json\/wp\/v2\/media\/34616"}],"wp:attachment":[{"href":"https:\/\/ulysse.com\/news\/wp-json\/wp\/v2\/media?parent=34615"}],"wp:term":[{"taxonomy":"category","embeddable":true,"href":"https:\/\/ulysse.com\/news\/wp-json\/wp\/v2\/categories?post=34615"},{"taxonomy":"post_tag","embeddable":true,"href":"https:\/\/ulysse.com\/news\/wp-json\/wp\/v2\/tags?post=34615"}],"curies":[{"name":"wp","href":"https:\/\/api.w.org\/{rel}","templated":true}]}}