{"id":34618,"date":"2025-09-06T07:00:19","date_gmt":"2025-09-06T06:00:19","guid":{"rendered":"https:\/\/discover.ulysse.com\/?p=34618"},"modified":"2025-09-04T16:21:34","modified_gmt":"2025-09-04T15:21:34","slug":"retraite-havre-savoyard-nature-traditions","status":"publish","type":"post","link":"https:\/\/ulysse.com\/news\/retraite-havre-savoyard-nature-traditions","title":{"rendered":"En qu\u00eate d&#8217;une retraite paisible ? Ce havre savoyard est l\u2019\u00e9crin id\u00e9al pour les amoureux du calme, de la nature et des traditions"},"content":{"rendered":"<p><span style=\"font-weight: 400;\">Envie de poser vos valises dans un endroit o\u00f9 la nature est reine, loin du bruit des grandes villes et de l\u2019agitation quotidienne ? Et si vous trouviez votre petit coin de paradis en plein c\u0153ur des Alpes ? Bienvenue \u00e0<strong> Yenne<\/strong>, ce <strong>village savoyard<\/strong> qui n\u2019attend que vous pour une retraite paisible et dynamique, \u00e0 la fois ancr\u00e9e dans la tradition et pleine de modernit\u00e9. Une destination id\u00e9ale pour ceux qui cherchent \u00e0 savourer une vie tranquille, mais sans jamais s\u2019ennuyer. Ici, le calme, la nature et l\u2019histoire se rencontrent pour vous offrir une qualit\u00e9 de vie incomparable. Et croyez-nous, Yenne a tout ce qu\u2019il faut pour vous s\u00e9duire : des paysages \u00e0 couper le souffle, des activit\u00e9s qui vous tiennent en forme, et un accueil chaleureux digne de ce nom. Mais si on vous en disait trop, o\u00f9 serait le myst\u00e8re ? Suivez-nous, et laissez-vous emporter par la douceur de vivre \u00e0 Yenne.<\/span><\/p>\n<h2><b>Des paysages \u00e0 en r\u00eaver : Un petit coin de paradis en Savoie<\/b><\/h2>\n<p><span style=\"font-weight: 400;\">Yenne, c\u2019est ce village o\u00f9 la montagne se fond dans le ciel, o\u00f9 les for\u00eats se m\u00ealent aux vall\u00e9es et o\u00f9 l\u2019air pur est un v\u00e9ritable luxe. Perch\u00e9 entre les contreforts du <strong>Jura et les Alpes<\/strong>, ce havre de paix est un v\u00e9ritable \u00e9crin naturel, tout droit sorti d\u2019une carte postale. Les panoramas qui s\u2019offrent \u00e0 vous sont \u00e9poustouflants. Chaque balade, chaque randonn\u00e9e vous permet de d\u00e9couvrir un peu plus de ce tableau vivant qui change de couleurs au fil des saisons : des verts \u00e9clatants de l&#8217;\u00e9t\u00e9 au blanc immacul\u00e9 de l&#8217;hiver.<\/span><\/p>\n<p><span style=\"font-weight: 400;\">Mais <strong>Yenne,<\/strong> c\u2019est aussi un village o\u00f9 le temps semble ralentir. Fini le tumulte des grandes agglom\u00e9rations, ici, on prend le temps de respirer, de s\u2019arr\u00eater pour admirer le paysage ou pour \u00e9changer avec un voisin autour d\u2019un caf\u00e9. Les habitants, fiers de leur patrimoine, sont plus que pr\u00eats \u00e0 vous faire d\u00e9couvrir les tr\u00e9sors cach\u00e9s du village.<a href=\"https:\/\/discover.ulysse.com\/village-cache-vaucluse-pas-comme-les-autres\"> La vall\u00e9e du Rh\u00f4ne<\/a>, qui serpente tranquillement sous vos yeux, est le terrain de jeu id\u00e9al pour les amoureux de la nature et de la randonn\u00e9e. Que vous soyez en mode balades tranquilles ou en qu\u00eate de sensations fortes sur les sentiers alpins, vous y trouverez votre bonheur.<\/span><\/p>\n<blockquote class=\"instagram-media\" style=\"background: #FFF; border: 0; border-radius: 3px; margin: 1px; max-width: 540px; min-width: 326px; padding: 0; width: calc(100% - 2px);\" data-instgrm-captioned=\"\" data-instgrm-permalink=\"https:\/\/www.instagram.com\/p\/DNBkZipI-Ha\/?utm_source=ig_embed&amp;utm_campaign=loading\" data-instgrm-version=\"14\">\n<div style=\"padding: 16px;\">\n<p>&nbsp;<\/p>\n<div style=\"flex-direction: row; align-items: center;\">\n<div style=\"background-color: #f4f4f4; border-radius: 50%; flex-grow: 0; height: 40px; margin-right: 14px; width: 40px;\"><\/div>\n<div style=\"flex-direction: column; flex-grow: 1; justify-content: center;\">\n<div style=\"background-color: #f4f4f4; border-radius: 4px; flex-grow: 0; height: 14px; margin-bottom: 6px; width: 100px;\"><\/div>\n<div style=\"background-color: #f4f4f4; border-radius: 4px; flex-grow: 0; height: 14px; width: 60px;\"><\/div>\n<\/div>\n<\/div>\n<div style=\"padding: 19% 0;\"><\/div>\n<div style=\"height: 50px; margin: 0 auto 12px; width: 50px;\"><\/div>\n<div style=\"padding-top: 8px;\">\n<div style=\"color: #3897f0; font-family: Arial,sans-serif; font-size: 14px; font-style: normal; font-weight: 550; line-height: 18px;\">Voir cette publication sur Instagram<\/div>\n<\/div>\n<div style=\"padding: 12.5% 0;\"><\/div>\n<div style=\"flex-direction: row; margin-bottom: 14px; align-items: center;\">\n<div>\n<div style=\"background-color: #f4f4f4; border-radius: 50%; height: 12.5px; width: 12.5px;\"><\/div>\n<div style=\"background-color: #f4f4f4; height: 12.5px; width: 12.5px; flex-grow: 0; margin-right: 14px; margin-left: 2px;\"><\/div>\n<div style=\"background-color: #f4f4f4; border-radius: 50%; height: 12.5px; width: 12.5px;\"><\/div>\n<\/div>\n<div style=\"margin-left: 8px;\">\n<div style=\"background-color: #f4f4f4; border-radius: 50%; flex-grow: 0; height: 20px; width: 20px;\"><\/div>\n<div style=\"width: 0; height: 0; border-top: 2px solid transparent; border-left: 6px solid #f4f4f4; border-bottom: 2px solid transparent;\"><\/div>\n<\/div>\n<div style=\"margin-left: auto;\">\n<div style=\"width: 0px; border-top: 8px solid #F4F4F4; border-right: 8px solid transparent;\"><\/div>\n<div style=\"background-color: #f4f4f4; flex-grow: 0; height: 12px; width: 16px;\"><\/div>\n<div style=\"width: 0; height: 0; border-top: 8px solid #F4F4F4; border-left: 8px solid transparent;\"><\/div>\n<\/div>\n<\/div>\n<div style=\"flex-direction: column; flex-grow: 1; justify-content: center; margin-bottom: 24px;\">\n<div style=\"background-color: #f4f4f4; border-radius: 4px; flex-grow: 0; height: 14px; margin-bottom: 6px; width: 224px;\"><\/div>\n<div style=\"background-color: #f4f4f4; border-radius: 4px; flex-grow: 0; height: 14px; width: 144px;\"><\/div>\n<\/div>\n<p>&nbsp;<\/p>\n<p style=\"color: #c9c8cd; font-family: Arial,sans-serif; font-size: 14px; line-height: 17px; margin-bottom: 0; margin-top: 8px; overflow: hidden; padding: 8px 0 7px; text-align: center;\"><a style=\"color: #c9c8cd; font-family: Arial,sans-serif; font-size: 14px; font-style: normal; font-weight: normal; line-height: 17px; text-decoration: none;\" href=\"https:\/\/www.instagram.com\/p\/DNBkZipI-Ha\/?utm_source=ig_embed&amp;utm_campaign=loading\" target=\"_blank\" rel=\"noopener\">Une publication partag\u00e9e par Office de Tourisme de Yenne (@yenne.tourisme)<\/a><\/p>\n<\/div>\n<\/blockquote>\n<h2><b>Un village charg\u00e9 d\u2019histoire : O\u00f9 chaque pierre raconte une histoire<\/b><\/h2>\n<p><span style=\"font-weight: 400;\">Si Yenne est un lieu id\u00e9al pour les amoureux de la nature, c\u2019est aussi un village qui a su pr\u00e9server son histoire et ses traditions. Et croyez-nous, ici, chaque rue, chaque ruelle, chaque pierre vous murmure un secret du pass\u00e9. L\u2019\u00e9glise Notre-Dame, par exemple, est un parfait m\u00e9lange de styles roman et gothique qui vous plongera dans une \u00e9poque r\u00e9volue. Pas tr\u00e8s loin, les vestiges du<strong> ch\u00e2teau m\u00e9di\u00e9val<\/strong>, perch\u00e9 sur les hauteurs, vous offrent une vue imprenable sur la vall\u00e9e. Imaginez-vous l\u00e0, assis au sommet, le vent dans les cheveux, admirant le paysage tout en vous impr\u00e9gnant de l\u2019histoire de cet endroit\u2026 Voil\u00e0 un cadre parfait pour une retraite qui allie calme et culture !<\/span><\/p>\n<p><span style=\"font-weight: 400;\">Yenne, c\u2019est aussi un lieu o\u00f9 l\u2019authenticit\u00e9 se m\u00eale parfaitement \u00e0 la modernit\u00e9. Les maisons anciennes du village ont \u00e9t\u00e9 soigneusement r\u00e9nov\u00e9es pour offrir tout le confort moderne tout en respectant le style architectural d\u2019antan. Un m\u00e9lange parfait entre tradition et vie contemporaine. Ce petit village, charg\u00e9 d\u2019histoire, devient alors le lieu id\u00e9al pour ceux qui cherchent \u00e0 s\u2019ancrer dans un lieu o\u00f9 chaque \u00e9l\u00e9ment est une invitation \u00e0 ralentir et \u00e0 vivre pleinement.<\/span><\/p>\n<blockquote class=\"instagram-media\" style=\"background: #FFF; border: 0; border-radius: 3px; margin: 1px; max-width: 540px; min-width: 326px; padding: 0; width: calc(100% - 2px);\" data-instgrm-captioned=\"\" data-instgrm-permalink=\"https:\/\/www.instagram.com\/p\/DMiVJ2Tt_aV\/?utm_source=ig_embed&amp;utm_campaign=loading\" data-instgrm-version=\"14\">\n<div style=\"padding: 16px;\">\n<p>&nbsp;<\/p>\n<div style=\"flex-direction: row; align-items: center;\">\n<div style=\"background-color: #f4f4f4; border-radius: 50%; flex-grow: 0; height: 40px; margin-right: 14px; width: 40px;\"><\/div>\n<div style=\"flex-direction: column; flex-grow: 1; justify-content: center;\">\n<div style=\"background-color: #f4f4f4; border-radius: 4px; flex-grow: 0; height: 14px; margin-bottom: 6px; width: 100px;\"><\/div>\n<div style=\"background-color: #f4f4f4; border-radius: 4px; flex-grow: 0; height: 14px; width: 60px;\"><\/div>\n<\/div>\n<\/div>\n<div style=\"padding: 19% 0;\"><\/div>\n<div style=\"height: 50px; margin: 0 auto 12px; width: 50px;\"><\/div>\n<div style=\"padding-top: 8px;\">\n<div style=\"color: #3897f0; font-family: Arial,sans-serif; font-size: 14px; font-style: normal; font-weight: 550; line-height: 18px;\">Voir cette publication sur Instagram<\/div>\n<\/div>\n<div style=\"padding: 12.5% 0;\"><\/div>\n<div style=\"flex-direction: row; margin-bottom: 14px; align-items: center;\">\n<div>\n<div style=\"background-color: #f4f4f4; border-radius: 50%; height: 12.5px; width: 12.5px;\"><\/div>\n<div style=\"background-color: #f4f4f4; height: 12.5px; width: 12.5px; flex-grow: 0; margin-right: 14px; margin-left: 2px;\"><\/div>\n<div style=\"background-color: #f4f4f4; border-radius: 50%; height: 12.5px; width: 12.5px;\"><\/div>\n<\/div>\n<div style=\"margin-left: 8px;\">\n<div style=\"background-color: #f4f4f4; border-radius: 50%; flex-grow: 0; height: 20px; width: 20px;\"><\/div>\n<div style=\"width: 0; height: 0; border-top: 2px solid transparent; border-left: 6px solid #f4f4f4; border-bottom: 2px solid transparent;\"><\/div>\n<\/div>\n<div style=\"margin-left: auto;\">\n<div style=\"width: 0px; border-top: 8px solid #F4F4F4; border-right: 8px solid transparent;\"><\/div>\n<div style=\"background-color: #f4f4f4; flex-grow: 0; height: 12px; width: 16px;\"><\/div>\n<div style=\"width: 0; height: 0; border-top: 8px solid #F4F4F4; border-left: 8px solid transparent;\"><\/div>\n<\/div>\n<\/div>\n<div style=\"flex-direction: column; flex-grow: 1; justify-content: center; margin-bottom: 24px;\">\n<div style=\"background-color: #f4f4f4; border-radius: 4px; flex-grow: 0; height: 14px; margin-bottom: 6px; width: 224px;\"><\/div>\n<div style=\"background-color: #f4f4f4; border-radius: 4px; flex-grow: 0; height: 14px; width: 144px;\"><\/div>\n<\/div>\n<p>&nbsp;<\/p>\n<p style=\"color: #c9c8cd; font-family: Arial,sans-serif; font-size: 14px; line-height: 17px; margin-bottom: 0; margin-top: 8px; overflow: hidden; padding: 8px 0 7px; text-align: center;\"><a style=\"color: #c9c8cd; font-family: Arial,sans-serif; font-size: 14px; font-style: normal; font-weight: normal; line-height: 17px; text-decoration: none;\" href=\"https:\/\/www.instagram.com\/p\/DMiVJ2Tt_aV\/?utm_source=ig_embed&amp;utm_campaign=loading\" target=\"_blank\" rel=\"noopener\">Une publication partag\u00e9e par Office de Tourisme de Yenne (@yenne.tourisme)<\/a><\/p>\n<\/div>\n<\/blockquote>\n<h2><b>Des activit\u00e9s pour une retraite active et \u00e9panouissante<\/b><\/h2>\n<p><span style=\"font-weight: 400;\">Quand on parle de retraite, on pense souvent \u00e0 une vie tranquille, loin du stress, o\u00f9 le rythme est plus lent. Mais \u00e0 Yenne, la retraite, c\u2019est aussi l\u2019occasion de se remettre en forme, de d\u00e9couvrir de nouvelles passions et de s\u2019investir dans des activit\u00e9s enrichissantes. Ici, on n\u2019a jamais le temps de s\u2019ennuyer.<\/span><\/p>\n<p><span style=\"font-weight: 400;\">Les amoureux de la nature se r\u00e9galeront avec les nombreuses randonn\u00e9es propos\u00e9es autour du village. Que vous soyez un randonneur chevronn\u00e9 ou juste \u00e0 la recherche d\u2019une balade tranquille, Yenne dispose de plus de 15 circuits balis\u00e9s qui vous permettront de d\u00e9couvrir des paysages \u00e0 couper le souffle tout en prenant soin de votre corps. La p\u00eache, \u00e9galement tr\u00e8s populaire ici, vous invite \u00e0 vous d\u00e9tendre au bord de l\u2019eau, dans un cadre calme et reposant. Pour ceux qui pr\u00e9f\u00e8rent les activit\u00e9s plus cr\u00e9atives, des ateliers de peinture, des cours d\u2019artisanat local et des clubs de lecture sont organis\u00e9s tout au long de l\u2019ann\u00e9e. \u00c0 Yenne, on cultive l\u2019art du bien-\u00eatre, de la d\u00e9tente, mais aussi de l\u2019engagement culturel.<\/span><\/p>\n<p><span style=\"font-weight: 400;\">Les espaces verts communaux sont \u00e9galement parfaits pour ceux qui aiment jardinier et cultiver leur propre potager. Vous l\u2019aurez compris, \u00e0 Yenne, on ne manque pas d\u2019id\u00e9es pour rester actif, tout en prenant plaisir \u00e0 vivre dans un environnement naturel d\u2019exception.<\/span><\/p>\n<blockquote class=\"instagram-media\" style=\"background: #FFF; border: 0; border-radius: 3px; margin: 1px; max-width: 540px; min-width: 326px; padding: 0; width: calc(100% - 2px);\" data-instgrm-captioned=\"\" data-instgrm-permalink=\"https:\/\/www.instagram.com\/p\/DIyGTBQNLfU\/?utm_source=ig_embed&amp;utm_campaign=loading\" data-instgrm-version=\"14\">\n<div style=\"padding: 16px;\">\n<p>&nbsp;<\/p>\n<div style=\"flex-direction: row; align-items: center;\">\n<div style=\"background-color: #f4f4f4; border-radius: 50%; flex-grow: 0; height: 40px; margin-right: 14px; width: 40px;\"><\/div>\n<div style=\"flex-direction: column; flex-grow: 1; justify-content: center;\">\n<div style=\"background-color: #f4f4f4; border-radius: 4px; flex-grow: 0; height: 14px; margin-bottom: 6px; width: 100px;\"><\/div>\n<div style=\"background-color: #f4f4f4; border-radius: 4px; flex-grow: 0; height: 14px; width: 60px;\"><\/div>\n<\/div>\n<\/div>\n<div style=\"padding: 19% 0;\"><\/div>\n<div style=\"height: 50px; margin: 0 auto 12px; width: 50px;\"><\/div>\n<div style=\"padding-top: 8px;\">\n<div style=\"color: #3897f0; font-family: Arial,sans-serif; font-size: 14px; font-style: normal; font-weight: 550; line-height: 18px;\">Voir cette publication sur Instagram<\/div>\n<\/div>\n<div style=\"padding: 12.5% 0;\"><\/div>\n<div style=\"flex-direction: row; margin-bottom: 14px; align-items: center;\">\n<div>\n<div style=\"background-color: #f4f4f4; border-radius: 50%; height: 12.5px; width: 12.5px;\"><\/div>\n<div style=\"background-color: #f4f4f4; height: 12.5px; width: 12.5px; flex-grow: 0; margin-right: 14px; margin-left: 2px;\"><\/div>\n<div style=\"background-color: #f4f4f4; border-radius: 50%; height: 12.5px; width: 12.5px;\"><\/div>\n<\/div>\n<div style=\"margin-left: 8px;\">\n<div style=\"background-color: #f4f4f4; border-radius: 50%; flex-grow: 0; height: 20px; width: 20px;\"><\/div>\n<div style=\"width: 0; height: 0; border-top: 2px solid transparent; border-left: 6px solid #f4f4f4; border-bottom: 2px solid transparent;\"><\/div>\n<\/div>\n<div style=\"margin-left: auto;\">\n<div style=\"width: 0px; border-top: 8px solid #F4F4F4; border-right: 8px solid transparent;\"><\/div>\n<div style=\"background-color: #f4f4f4; flex-grow: 0; height: 12px; width: 16px;\"><\/div>\n<div style=\"width: 0; height: 0; border-top: 8px solid #F4F4F4; border-left: 8px solid transparent;\"><\/div>\n<\/div>\n<\/div>\n<div style=\"flex-direction: column; flex-grow: 1; justify-content: center; margin-bottom: 24px;\">\n<div style=\"background-color: #f4f4f4; border-radius: 4px; flex-grow: 0; height: 14px; margin-bottom: 6px; width: 224px;\"><\/div>\n<div style=\"background-color: #f4f4f4; border-radius: 4px; flex-grow: 0; height: 14px; width: 144px;\"><\/div>\n<\/div>\n<p>&nbsp;<\/p>\n<p style=\"color: #c9c8cd; font-family: Arial,sans-serif; font-size: 14px; line-height: 17px; margin-bottom: 0; margin-top: 8px; overflow: hidden; padding: 8px 0 7px; text-align: center;\"><a style=\"color: #c9c8cd; font-family: Arial,sans-serif; font-size: 14px; font-style: normal; font-weight: normal; line-height: 17px; text-decoration: none;\" href=\"https:\/\/www.instagram.com\/p\/DIyGTBQNLfU\/?utm_source=ig_embed&amp;utm_campaign=loading\" target=\"_blank\" rel=\"noopener\">Une publication partag\u00e9e par Office de Tourisme de Yenne (@yenne.tourisme)<\/a><\/p>\n<\/div>\n<\/blockquote>\n<h2><b>Comment rejoindre ce petit coin de paradis ?<\/b><\/h2>\n<p><span style=\"font-weight: 400;\">Bien s\u00fbr, vous vous demandez s\u00fbrement comment rejoindre ce havre de paix. Pas de panique ! L\u2019acc\u00e8s \u00e0 Yenne est plut\u00f4t simple. Si vous partez de Lyon, vous n\u2019aurez que 1h15 de trajet en train pour rejoindre la <strong>gare de Chamb\u00e9ry<\/strong>. De l\u00e0, vous pourrez facilement prendre un bus ou un taxi pour les derniers kilom\u00e8tres. Depuis <a href=\"https:\/\/discover.ulysse.com\/ce-quartier-parisien-chic-calme-et-abordable-fait-de-lombre-a-la-capitale-en-2025\">Paris<\/a>, il vous faudra environ 3 heures pour arriver \u00e0 Chamb\u00e9ry en train, puis poursuivre votre chemin vers Yenne.<\/span><\/p>\n<p><span style=\"font-weight: 400;\">Et la cerise sur le g\u00e2teau ? Le prix des transports est raisonnable. Comptez environ 30\u20ac pour un trajet en train Paris-Chamb\u00e9ry. Vous pourrez ainsi profiter de tout ce que Yenne a \u00e0 offrir sans casser votre budget transport. Une fois sur place, le co\u00fbt de la vie reste tr\u00e8s abordable, surtout si l\u2019on compare avec d\u2019autres r\u00e9gions alpines.<\/span><\/p>\n<blockquote class=\"instagram-media\" style=\"background: #FFF; border: 0; border-radius: 3px; margin: 1px; max-width: 540px; min-width: 326px; padding: 0; width: calc(100% - 2px);\" data-instgrm-captioned=\"\" data-instgrm-permalink=\"https:\/\/www.instagram.com\/p\/DH_NkuWt_rw\/?utm_source=ig_embed&amp;utm_campaign=loading\" data-instgrm-version=\"14\">\n<div style=\"padding: 16px;\">\n<p>&nbsp;<\/p>\n<div style=\"flex-direction: row; align-items: center;\">\n<div style=\"background-color: #f4f4f4; border-radius: 50%; flex-grow: 0; height: 40px; margin-right: 14px; width: 40px;\"><\/div>\n<div style=\"flex-direction: column; flex-grow: 1; justify-content: center;\">\n<div style=\"background-color: #f4f4f4; border-radius: 4px; flex-grow: 0; height: 14px; margin-bottom: 6px; width: 100px;\"><\/div>\n<div style=\"background-color: #f4f4f4; border-radius: 4px; flex-grow: 0; height: 14px; width: 60px;\"><\/div>\n<\/div>\n<\/div>\n<div style=\"padding: 19% 0;\"><\/div>\n<div style=\"height: 50px; margin: 0 auto 12px; width: 50px;\"><\/div>\n<div style=\"padding-top: 8px;\">\n<div style=\"color: #3897f0; font-family: Arial,sans-serif; font-size: 14px; font-style: normal; font-weight: 550; line-height: 18px;\">Voir cette publication sur Instagram<\/div>\n<\/div>\n<div style=\"padding: 12.5% 0;\"><\/div>\n<div style=\"flex-direction: row; margin-bottom: 14px; align-items: center;\">\n<div>\n<div style=\"background-color: #f4f4f4; border-radius: 50%; height: 12.5px; width: 12.5px;\"><\/div>\n<div style=\"background-color: #f4f4f4; height: 12.5px; width: 12.5px; flex-grow: 0; margin-right: 14px; margin-left: 2px;\"><\/div>\n<div style=\"background-color: #f4f4f4; border-radius: 50%; height: 12.5px; width: 12.5px;\"><\/div>\n<\/div>\n<div style=\"margin-left: 8px;\">\n<div style=\"background-color: #f4f4f4; border-radius: 50%; flex-grow: 0; height: 20px; width: 20px;\"><\/div>\n<div style=\"width: 0; height: 0; border-top: 2px solid transparent; border-left: 6px solid #f4f4f4; border-bottom: 2px solid transparent;\"><\/div>\n<\/div>\n<div style=\"margin-left: auto;\">\n<div style=\"width: 0px; border-top: 8px solid #F4F4F4; border-right: 8px solid transparent;\"><\/div>\n<div style=\"background-color: #f4f4f4; flex-grow: 0; height: 12px; width: 16px;\"><\/div>\n<div style=\"width: 0; height: 0; border-top: 8px solid #F4F4F4; border-left: 8px solid transparent;\"><\/div>\n<\/div>\n<\/div>\n<div style=\"flex-direction: column; flex-grow: 1; justify-content: center; margin-bottom: 24px;\">\n<div style=\"background-color: #f4f4f4; border-radius: 4px; flex-grow: 0; height: 14px; margin-bottom: 6px; width: 224px;\"><\/div>\n<div style=\"background-color: #f4f4f4; border-radius: 4px; flex-grow: 0; height: 14px; width: 144px;\"><\/div>\n<\/div>\n<p>&nbsp;<\/p>\n<p style=\"color: #c9c8cd; font-family: Arial,sans-serif; font-size: 14px; line-height: 17px; margin-bottom: 0; margin-top: 8px; overflow: hidden; padding: 8px 0 7px; text-align: center;\"><a style=\"color: #c9c8cd; font-family: Arial,sans-serif; font-size: 14px; font-style: normal; font-weight: normal; line-height: 17px; text-decoration: none;\" href=\"https:\/\/www.instagram.com\/p\/DH_NkuWt_rw\/?utm_source=ig_embed&amp;utm_campaign=loading\" target=\"_blank\" rel=\"noopener\">Une publication partag\u00e9e par Office de Tourisme de Yenne (@yenne.tourisme)<\/a><\/p>\n<\/div>\n<\/blockquote>\n<h2><b>Alors, pourquoi Yenne ? Parce que vous le valez bien !<\/b><\/h2>\n<p><span style=\"font-weight: 400;\">Yenne est un village o\u00f9 l\u2019on peut savourer la tranquillit\u00e9, tout en restant actif et \u00e9panoui. Un lieu o\u00f9 la nature, l\u2019histoire et les traditions se rencontrent pour offrir un cadre de vie exceptionnel. Un village o\u00f9 il fait bon vivre, qu\u2019on soit retrait\u00e9 ou en qu\u00eate d\u2019un lieu pour se ressourcer. Alors, pourquoi ne pas faire de Yenne votre nouvelle adresse pour une retraite paisible, mais pas trop monotone ?<\/span><\/p>\n","protected":false},"excerpt":{"rendered":"<p>Envie de poser vos valises dans un endroit o\u00f9 la nature est reine, loin du bruit des grandes villes et [&hellip;]<\/p>\n","protected":false},"author":3,"featured_media":34619,"comment_status":"open","ping_status":"closed","sticky":false,"template":"","format":"standard","meta":{"_acf_changed":false,"_sitemap_exclude":false,"_sitemap_priority":"","_sitemap_frequency":"","footnotes":"","rank_math_title":"","rank_math_description":"Yenne, entre montagnes et traditions, est l\u2019endroit id\u00e9al pour une retraite paisible, active et pleine de d\u00e9couvertes.\n","rank_math_canonical_url":"","rank_math_focus_keyword":"retraite,savoyard,paisible"},"categories":[3],"tags":[],"class_list":["post-34618","post","type-post","status-publish","format-standard","has-post-thumbnail","hentry","category-voyage"],"acf":[],"_links":{"self":[{"href":"https:\/\/ulysse.com\/news\/wp-json\/wp\/v2\/posts\/34618","targetHints":{"allow":["GET"]}}],"collection":[{"href":"https:\/\/ulysse.com\/news\/wp-json\/wp\/v2\/posts"}],"about":[{"href":"https:\/\/ulysse.com\/news\/wp-json\/wp\/v2\/types\/post"}],"author":[{"embeddable":true,"href":"https:\/\/ulysse.com\/news\/wp-json\/wp\/v2\/users\/3"}],"replies":[{"embeddable":true,"href":"https:\/\/ulysse.com\/news\/wp-json\/wp\/v2\/comments?post=34618"}],"version-history":[{"count":2,"href":"https:\/\/ulysse.com\/news\/wp-json\/wp\/v2\/posts\/34618\/revisions"}],"predecessor-version":[{"id":34630,"href":"https:\/\/ulysse.com\/news\/wp-json\/wp\/v2\/posts\/34618\/revisions\/34630"}],"wp:featuredmedia":[{"embeddable":true,"href":"https:\/\/ulysse.com\/news\/wp-json\/wp\/v2\/media\/34619"}],"wp:attachment":[{"href":"https:\/\/ulysse.com\/news\/wp-json\/wp\/v2\/media?parent=34618"}],"wp:term":[{"taxonomy":"category","embeddable":true,"href":"https:\/\/ulysse.com\/news\/wp-json\/wp\/v2\/categories?post=34618"},{"taxonomy":"post_tag","embeddable":true,"href":"https:\/\/ulysse.com\/news\/wp-json\/wp\/v2\/tags?post=34618"}],"curies":[{"name":"wp","href":"https:\/\/api.w.org\/{rel}","templated":true}]}}