{"id":34660,"date":"2025-09-07T08:15:36","date_gmt":"2025-09-07T07:15:36","guid":{"rendered":"https:\/\/discover.ulysse.com\/?p=34660"},"modified":"2025-09-07T08:15:36","modified_gmt":"2025-09-07T07:15:36","slug":"on-connait-la-date-douverture-de-lextension-reine-des-neiges-au-disneyland-paris","status":"publish","type":"post","link":"https:\/\/ulysse.com\/news\/on-connait-la-date-douverture-de-lextension-reine-des-neiges-au-disneyland-paris","title":{"rendered":"On connait la date d&#8217;ouverture de l&#8217;extension Reine des Neiges au Disneyland Paris"},"content":{"rendered":"<p data-start=\"101\" data-end=\"645\">L&#8217;attente touche \u00e0 sa fin ! Disneyland Paris a confirm\u00e9 l\u2019ouverture de son extension tant attendue, d\u00e9di\u00e9e \u00e0 <em data-start=\"210\" data-end=\"231\">La Reine des Neiges<\/em>, pour le printemps 2026. Apr\u00e8s plusieurs ann\u00e9es de travaux titanesques, les Walt Disney Studios se parent enfin d\u2019une toute nouvelle ambiance, et les visiteurs pourront bient\u00f4t d\u00e9couvrir un royaume f\u00e9erique inspir\u00e9 du monde magique d\u2019Arendelle. Cette extension marque un tournant majeur dans l\u2019histoire du parc, qui continue de se r\u00e9inventer pour offrir \u00e0 ses visiteurs des exp\u00e9riences de plus en plus immersives.<\/p>\n<h2 data-start=\"647\" data-end=\"699\">Une immersion totale dans le royaume d&#8217;Arendelle<\/h2>\n<p data-start=\"701\" data-end=\"1142\">L&#8217;extension <em data-start=\"713\" data-end=\"730\">World of Frozen<\/em> ne se contente pas d&#8217;ajouter une simple attraction. Les visiteurs auront l\u2019occasion de plonger dans l\u2019univers de <em data-start=\"844\" data-end=\"865\">La Reine des Neiges<\/em> gr\u00e2ce \u00e0 une exp\u00e9rience immersive sans pr\u00e9c\u00e9dent. L\u2019attraction principale, <em data-start=\"940\" data-end=\"959\">Frozen Ever After<\/em>, promet un voyage inoubliable, avec des animatroniques de derni\u00e8re g\u00e9n\u00e9ration et des effets sp\u00e9ciaux aquatiques qui transporteront les visiteurs au c\u0153ur des aventures d\u2019Elsa et Anna.<\/p>\n<p data-start=\"1144\" data-end=\"1543\">Autour de cette attraction, une multitude d&#8217;autres exp\u00e9riences viendront enrichir la visite : des boutiques \u00e0 l\u2019ambiance scandinave, un restaurant inspir\u00e9 de la Norv\u00e8ge, ainsi que des points de rencontre avec les personnages mythiques de la saga. Cette nouvelle zone promet d&#8217;offrir bien plus qu\u2019une simple attraction, en cr\u00e9ant un v\u00e9ritable univers o\u00f9 l&#8217;imaginaire des visiteurs pourra prendre vie.<\/p>\n<h2 data-start=\"1545\" data-end=\"1624\">2 milliards d\u2019euros pour m\u00e9tamorphoser le parc<\/h2>\n<p data-start=\"1626\" data-end=\"2026\">L&#8217;extension <em data-start=\"1638\" data-end=\"1655\">World of Frozen<\/em> fait partie d\u2019une ambitieuse transformation des Walt Disney Studios, un projet d\u2019une ampleur in\u00e9dite pour <a href=\"https:\/\/discover.ulysse.com\/disneyland-paris-la-foret-secrete-jean-imbert\">Disneyland Paris<\/a>, avec un investissement total de 2 milliards d\u2019euros. Ce montant impressionnant englobe plusieurs chantiers qui, au-del\u00e0 de l\u2019extension de la zone <em data-start=\"1926\" data-end=\"1934\">Frozen<\/em>, comprennent de nouvelles attractions, des h\u00f4tels et une refonte du parc dans son ensemble.<\/p>\n<p data-start=\"2028\" data-end=\"2361\">Le changement ne se limitera pas \u00e0 l\u2019ajout de nouvelles zones th\u00e9matiques. Les Walt Disney Studios verront leur nom changer pour <em data-start=\"2157\" data-end=\"2181\">Disney Adventure World<\/em> apr\u00e8s l\u2019ouverture de l\u2019extension, marquant ainsi la fin de l\u2019\u00e9poque des &#8220;coulisses du cin\u00e9ma&#8221; pour faire place \u00e0 un univers totalement ax\u00e9 sur les films et les personnages Disney.<\/p>\n<h2 data-start=\"2363\" data-end=\"2428\">Une nouvelle organisation du parc pour une exp\u00e9rience in\u00e9dite<\/h2>\n<p data-start=\"2430\" data-end=\"2829\">L&#8217;arriv\u00e9e de la zone <em data-start=\"2451\" data-end=\"2468\">World of Frozen<\/em> modifie en profondeur la g\u00e9ographie du parc. Pour y acc\u00e9der, les visiteurs devront traverser un immense lac, <em data-start=\"2578\" data-end=\"2593\">Adventure Bay<\/em>, qui sera le th\u00e9\u00e2tre de spectacles nocturnes et de grands \u00e9v\u00e9nements. Ce lac et la promenade <em data-start=\"2687\" data-end=\"2702\">Adventure Way<\/em>, bord\u00e9e de jardins inspir\u00e9s des chefs-d\u2019\u0153uvre des studios Disney, guideront les visiteurs \u00e0 travers cette nouvelle exp\u00e9rience.<\/p>\n<p data-start=\"2831\" data-end=\"3146\">Cette transformation est pens\u00e9e pour offrir un parcours fluide et captivant, avec de nouvelles attractions et des espaces qui renforcent l\u2019immersion dans l\u2019univers Disney. Disneyland Paris esp\u00e8re ainsi fid\u00e9liser ses visiteurs tout en en attirant de nouveaux, s\u00e9duits par cette exp\u00e9rience renouvel\u00e9e et plus moderne.<\/p>\n<h2 data-start=\"3148\" data-end=\"3223\">Pourquoi cette ouverture est-elle un moment cl\u00e9 pour Disneyland Paris ?<\/h2>\n<p data-start=\"3225\" data-end=\"3662\">L\u2019extension d\u00e9di\u00e9e \u00e0 <em data-start=\"3246\" data-end=\"3267\">La Reine des Neiges<\/em> s&#8217;inscrit dans une volont\u00e9 de renouveler en profondeur l&#8217;offre du parc et de le positionner comme une destination incontournable en Europe. Cette transformation marque un tournant strat\u00e9gique pour Disneyland Paris, qui entend ainsi capitaliser sur la popularit\u00e9 croissante de ses franchises, comme <em data-start=\"3566\" data-end=\"3574\">Frozen<\/em>, et sur la demande de plus en plus forte pour des exp\u00e9riences immersives et innovantes.<\/p>\n<p data-start=\"3664\" data-end=\"3903\">En 2026, <em data-start=\"3673\" data-end=\"3690\">World of Frozen<\/em> ne sera pas seulement une extension, mais une v\u00e9ritable r\u00e9volution dans l&#8217;exp\u00e9rience de parc \u00e0 th\u00e8me, et promet d\u2019attirer une foule de visiteurs d\u00e9sireux de vivre la magie Disney de fa\u00e7on plus intense que jamais.<\/p>\n","protected":false},"excerpt":{"rendered":"<p>L&#8217;attente touche \u00e0 sa fin ! Disneyland Paris a confirm\u00e9 l\u2019ouverture de son extension tant attendue, d\u00e9di\u00e9e \u00e0 La Reine [&hellip;]<\/p>\n","protected":false},"author":4,"featured_media":34701,"comment_status":"open","ping_status":"closed","sticky":false,"template":"","format":"standard","meta":{"_acf_changed":false,"_sitemap_exclude":false,"_sitemap_priority":"","_sitemap_frequency":"","footnotes":"","rank_math_title":"","rank_math_description":"","rank_math_canonical_url":"","rank_math_focus_keyword":"disneyland paris"},"categories":[3],"tags":[],"class_list":["post-34660","post","type-post","status-publish","format-standard","has-post-thumbnail","hentry","category-voyage"],"acf":[],"_links":{"self":[{"href":"https:\/\/ulysse.com\/news\/wp-json\/wp\/v2\/posts\/34660","targetHints":{"allow":["GET"]}}],"collection":[{"href":"https:\/\/ulysse.com\/news\/wp-json\/wp\/v2\/posts"}],"about":[{"href":"https:\/\/ulysse.com\/news\/wp-json\/wp\/v2\/types\/post"}],"author":[{"embeddable":true,"href":"https:\/\/ulysse.com\/news\/wp-json\/wp\/v2\/users\/4"}],"replies":[{"embeddable":true,"href":"https:\/\/ulysse.com\/news\/wp-json\/wp\/v2\/comments?post=34660"}],"version-history":[{"count":2,"href":"https:\/\/ulysse.com\/news\/wp-json\/wp\/v2\/posts\/34660\/revisions"}],"predecessor-version":[{"id":34702,"href":"https:\/\/ulysse.com\/news\/wp-json\/wp\/v2\/posts\/34660\/revisions\/34702"}],"wp:featuredmedia":[{"embeddable":true,"href":"https:\/\/ulysse.com\/news\/wp-json\/wp\/v2\/media\/34701"}],"wp:attachment":[{"href":"https:\/\/ulysse.com\/news\/wp-json\/wp\/v2\/media?parent=34660"}],"wp:term":[{"taxonomy":"category","embeddable":true,"href":"https:\/\/ulysse.com\/news\/wp-json\/wp\/v2\/categories?post=34660"},{"taxonomy":"post_tag","embeddable":true,"href":"https:\/\/ulysse.com\/news\/wp-json\/wp\/v2\/tags?post=34660"}],"curies":[{"name":"wp","href":"https:\/\/api.w.org\/{rel}","templated":true}]}}