{"id":34675,"date":"2025-09-06T14:00:28","date_gmt":"2025-09-06T13:00:28","guid":{"rendered":"https:\/\/discover.ulysse.com\/?p=34675"},"modified":"2025-09-06T08:42:18","modified_gmt":"2025-09-06T07:42:18","slug":"le-secret-bien-garde-du-pays-basque-pour-une-retraite-entre-mer-et-montagne","status":"publish","type":"post","link":"https:\/\/ulysse.com\/news\/le-secret-bien-garde-du-pays-basque-pour-une-retraite-entre-mer-et-montagne","title":{"rendered":"Le secret bien gard\u00e9 du Pays basque pour une retraite entre mer et montagne"},"content":{"rendered":"<p><span style=\"font-weight: 400;\">Au c\u0153ur du <strong>Pays basque<\/strong>, l\u00e0 o\u00f9 les vagues s\u2019\u00e9crasent sur les plages dor\u00e9es et o\u00f9 les montagnes verdoyantes dominent l\u2019horizon, se cache un petit coin de paradis pour ceux qui cherchent \u00e0 troquer le tumulte des grandes villes contre la douceur d\u2019une retraite tranquille : <strong>Ascain.<\/strong> Ce village pittoresque, perch\u00e9 entre mer et montagne, devient peu \u00e0 peu le refuge r\u00eav\u00e9 des retrait\u00e9s en qu\u00eate de s\u00e9r\u00e9nit\u00e9, d\u2019authenticit\u00e9 et de paysages \u00e0 couper le souffle. Ici, pas de stress, pas de bruit \u2013 juste la nature, un air pur, et une qualit\u00e9 de vie qui vous fera oublier la fr\u00e9n\u00e9sie du quotidien. Vous \u00eates pr\u00eats \u00e0 d\u00e9couvrir le secret bien gard\u00e9 du Pays basque ? Accrochez-vous, cette escapade est tout simplement irr\u00e9sistible !<\/span><\/p>\n<h2><b>Ascain : la nature \u00e0 perte de vue, un v\u00e9ritable terrain de jeu pour les retrait\u00e9s<\/b><\/h2>\n<p><span style=\"font-weight: 400;\">Imaginez un village o\u00f9 chaque matin vous r\u00e9veillez en \u00e9coutant les oiseaux chanter et le doux murmure des ruisseaux. Un endroit o\u00f9 les <strong>montagnes de la Rhune<\/strong>, majestueuses et imposantes, veillent sur vous et o\u00f9 les for\u00eats luxuriantes vous invitent \u00e0 de longues promenades. Bienvenue \u00e0 <strong>Ascain<\/strong> ! Ce petit village basque offre un cadre naturel d\u2019une beaut\u00e9 rare, et surtout, un environnement ultra apaisant pour ceux qui r\u00eavent d\u2019une retraite plac\u00e9e sous le signe de la tranquillit\u00e9.<\/span><\/p>\n<p><span style=\"font-weight: 400;\">\u00c0 Ascain, les activit\u00e9s de plein air sont tout simplement incontournables. Les randonn\u00e9es, en particulier sur <a href=\"https:\/\/discover.ulysse.com\/village-perle-cachee-pays-basque\">la Rhune<\/a>, vous permettront de partir \u00e0 la d\u00e9couverte de paysages \u00e9poustouflants, avec en toile de fond l\u2019oc\u00e9an Atlantique et la vall\u00e9e du Labourd. Que vous soyez un randonneur aguerri ou un amateur de balades tranquilles, les sentiers sont accessibles \u00e0 tous, et chaque pas vous rapproche un peu plus de la nature sauvage et pr\u00e9serv\u00e9e du <strong>Pays basque<\/strong>. Et pour ceux qui pr\u00e9f\u00e8rent une ascension plus douce, un petit train historique vous emm\u00e8ne directement au sommet de la Rhune, o\u00f9 la vue est \u00e0 couper le souffle !<\/span><\/p>\n<p><span style=\"font-weight: 400;\">Ascain n\u2019est pas seulement un lieu pour les amateurs de nature : c\u2019est aussi un v\u00e9ritable terrain de jeu pour ceux qui aiment l\u2019authenticit\u00e9 et la simplicit\u00e9. Vous pourrez fl\u00e2ner dans les rues du village, d\u00e9couvrir des maisons basques typiques, ou encore profiter des petits march\u00e9s locaux pour d\u00e9guster des produits frais, locaux, et savoureux. C\u2019est le genre de village o\u00f9 vous avez envie de poser vos valises pour de bon, loin du tumulte des grandes villes.<\/span><\/p>\n<blockquote class=\"instagram-media\" style=\"background: #FFF; border: 0; border-radius: 3px; margin: 1px; max-width: 540px; min-width: 326px; padding: 0; width: calc(100% - 2px);\" data-instgrm-captioned=\"\" data-instgrm-permalink=\"https:\/\/www.instagram.com\/p\/C7cD2_HKH-d\/?utm_source=ig_embed&amp;utm_campaign=loading\" data-instgrm-version=\"14\">\n<div style=\"padding: 16px;\">\n<p>&nbsp;<\/p>\n<div style=\"flex-direction: row; align-items: center;\">\n<div style=\"background-color: #f4f4f4; border-radius: 50%; flex-grow: 0; height: 40px; margin-right: 14px; width: 40px;\"><\/div>\n<div style=\"flex-direction: column; flex-grow: 1; justify-content: center;\">\n<div style=\"background-color: #f4f4f4; border-radius: 4px; flex-grow: 0; height: 14px; margin-bottom: 6px; width: 100px;\"><\/div>\n<div style=\"background-color: #f4f4f4; border-radius: 4px; flex-grow: 0; height: 14px; width: 60px;\"><\/div>\n<\/div>\n<\/div>\n<div style=\"padding: 19% 0;\"><\/div>\n<div style=\"height: 50px; margin: 0 auto 12px; width: 50px;\"><\/div>\n<div style=\"padding-top: 8px;\">\n<div style=\"color: #3897f0; font-family: Arial,sans-serif; font-size: 14px; font-style: normal; font-weight: 550; line-height: 18px;\">Voir cette publication sur Instagram<\/div>\n<\/div>\n<div style=\"padding: 12.5% 0;\"><\/div>\n<div style=\"flex-direction: row; margin-bottom: 14px; align-items: center;\">\n<div>\n<div style=\"background-color: #f4f4f4; border-radius: 50%; height: 12.5px; width: 12.5px;\"><\/div>\n<div style=\"background-color: #f4f4f4; height: 12.5px; width: 12.5px; flex-grow: 0; margin-right: 14px; margin-left: 2px;\"><\/div>\n<div style=\"background-color: #f4f4f4; border-radius: 50%; height: 12.5px; width: 12.5px;\"><\/div>\n<\/div>\n<div style=\"margin-left: 8px;\">\n<div style=\"background-color: #f4f4f4; border-radius: 50%; flex-grow: 0; height: 20px; width: 20px;\"><\/div>\n<div style=\"width: 0; height: 0; border-top: 2px solid transparent; border-left: 6px solid #f4f4f4; border-bottom: 2px solid transparent;\"><\/div>\n<\/div>\n<div style=\"margin-left: auto;\">\n<div style=\"width: 0px; border-top: 8px solid #F4F4F4; border-right: 8px solid transparent;\"><\/div>\n<div style=\"background-color: #f4f4f4; flex-grow: 0; height: 12px; width: 16px;\"><\/div>\n<div style=\"width: 0; height: 0; border-top: 8px solid #F4F4F4; border-left: 8px solid transparent;\"><\/div>\n<\/div>\n<\/div>\n<div style=\"flex-direction: column; flex-grow: 1; justify-content: center; margin-bottom: 24px;\">\n<div style=\"background-color: #f4f4f4; border-radius: 4px; flex-grow: 0; height: 14px; margin-bottom: 6px; width: 224px;\"><\/div>\n<div style=\"background-color: #f4f4f4; border-radius: 4px; flex-grow: 0; height: 14px; width: 144px;\"><\/div>\n<\/div>\n<p>&nbsp;<\/p>\n<p style=\"color: #c9c8cd; font-family: Arial,sans-serif; font-size: 14px; line-height: 17px; margin-bottom: 0; margin-top: 8px; overflow: hidden; padding: 8px 0 7px; text-align: center;\"><a style=\"color: #c9c8cd; font-family: Arial,sans-serif; font-size: 14px; font-style: normal; font-weight: normal; line-height: 17px; text-decoration: none;\" href=\"https:\/\/www.instagram.com\/p\/C7cD2_HKH-d\/?utm_source=ig_embed&amp;utm_campaign=loading\" target=\"_blank\" rel=\"noopener\">Une publication partag\u00e9e par Quefaireaupaysbasque (@quefaireaupaysbasque)<\/a><\/p>\n<\/div>\n<\/blockquote>\n<h2><b>Vivre en harmonie avec la culture basque<\/b><\/h2>\n<p><span style=\"font-weight: 400;\">Ascain, c\u2019est aussi un lieu o\u00f9 l\u2019on respire la culture basque \u00e0 chaque coin de rue. Vous pourrez assister \u00e0 des f\u00eates traditionnelles, participer \u00e0 des concours de pelote basque, ou m\u00eame visiter des frontons o\u00f9 les passionn\u00e9s s\u2019adonnent \u00e0 ce sport embl\u00e9matique du Pays basque. Mais l&#8217;authenticit\u00e9 d\u2019Ascain ne se limite pas \u00e0 ses traditions : elle se retrouve aussi dans l&#8217;architecture typique du village, avec ses maisons blanches aux fen\u00eatres rouges, ses ruelles pav\u00e9es et son ambiance chaleureuse.<\/span><\/p>\n<p><span style=\"font-weight: 400;\">Si vous \u00eates un \u00e9picurien dans l\u2019\u00e2me, Ascain saura combler vos papilles. Les sp\u00e9cialit\u00e9s basques, comme le g\u00e2teau basque, l\u2019axoa ou encore les fameux pintxos, sont \u00e0 l&#8217;honneur dans les restaurants et auberges du coin. Pas de place pour la monotonie dans votre assiette ! Chaque repas devient une f\u00eate des saveurs, un vrai voyage gustatif au c\u0153ur de la cuisine basque.<\/span><\/p>\n<blockquote class=\"instagram-media\" style=\"background: #FFF; border: 0; border-radius: 3px; margin: 1px; max-width: 540px; min-width: 326px; padding: 0; width: calc(100% - 2px);\" data-instgrm-captioned=\"\" data-instgrm-permalink=\"https:\/\/www.instagram.com\/p\/DIbkmoDshLE\/?utm_source=ig_embed&amp;utm_campaign=loading\" data-instgrm-version=\"14\">\n<div style=\"padding: 16px;\">\n<p>&nbsp;<\/p>\n<div style=\"flex-direction: row; align-items: center;\">\n<div style=\"background-color: #f4f4f4; border-radius: 50%; flex-grow: 0; height: 40px; margin-right: 14px; width: 40px;\"><\/div>\n<div style=\"flex-direction: column; flex-grow: 1; justify-content: center;\">\n<div style=\"background-color: #f4f4f4; border-radius: 4px; flex-grow: 0; height: 14px; margin-bottom: 6px; width: 100px;\"><\/div>\n<div style=\"background-color: #f4f4f4; border-radius: 4px; flex-grow: 0; height: 14px; width: 60px;\"><\/div>\n<\/div>\n<\/div>\n<div style=\"padding: 19% 0;\"><\/div>\n<div style=\"height: 50px; margin: 0 auto 12px; width: 50px;\"><\/div>\n<div style=\"padding-top: 8px;\">\n<div style=\"color: #3897f0; font-family: Arial,sans-serif; font-size: 14px; font-style: normal; font-weight: 550; line-height: 18px;\">Voir cette publication sur Instagram<\/div>\n<\/div>\n<div style=\"padding: 12.5% 0;\"><\/div>\n<div style=\"flex-direction: row; margin-bottom: 14px; align-items: center;\">\n<div>\n<div style=\"background-color: #f4f4f4; border-radius: 50%; height: 12.5px; width: 12.5px;\"><\/div>\n<div style=\"background-color: #f4f4f4; height: 12.5px; width: 12.5px; flex-grow: 0; margin-right: 14px; margin-left: 2px;\"><\/div>\n<div style=\"background-color: #f4f4f4; border-radius: 50%; height: 12.5px; width: 12.5px;\"><\/div>\n<\/div>\n<div style=\"margin-left: 8px;\">\n<div style=\"background-color: #f4f4f4; border-radius: 50%; flex-grow: 0; height: 20px; width: 20px;\"><\/div>\n<div style=\"width: 0; height: 0; border-top: 2px solid transparent; border-left: 6px solid #f4f4f4; border-bottom: 2px solid transparent;\"><\/div>\n<\/div>\n<div style=\"margin-left: auto;\">\n<div style=\"width: 0px; border-top: 8px solid #F4F4F4; border-right: 8px solid transparent;\"><\/div>\n<div style=\"background-color: #f4f4f4; flex-grow: 0; height: 12px; width: 16px;\"><\/div>\n<div style=\"width: 0; height: 0; border-top: 8px solid #F4F4F4; border-left: 8px solid transparent;\"><\/div>\n<\/div>\n<\/div>\n<div style=\"flex-direction: column; flex-grow: 1; justify-content: center; margin-bottom: 24px;\">\n<div style=\"background-color: #f4f4f4; border-radius: 4px; flex-grow: 0; height: 14px; margin-bottom: 6px; width: 224px;\"><\/div>\n<div style=\"background-color: #f4f4f4; border-radius: 4px; flex-grow: 0; height: 14px; width: 144px;\"><\/div>\n<\/div>\n<p>&nbsp;<\/p>\n<p style=\"color: #c9c8cd; font-family: Arial,sans-serif; font-size: 14px; line-height: 17px; margin-bottom: 0; margin-top: 8px; overflow: hidden; padding: 8px 0 7px; text-align: center;\"><a style=\"color: #c9c8cd; font-family: Arial,sans-serif; font-size: 14px; font-style: normal; font-weight: normal; line-height: 17px; text-decoration: none;\" href=\"https:\/\/www.instagram.com\/p\/DIbkmoDshLE\/?utm_source=ig_embed&amp;utm_campaign=loading\" target=\"_blank\" rel=\"noopener\">Une publication partag\u00e9e par Morgan Pictures | Photographe Bretagne (@mnhnlt_photographie)<\/a><\/p>\n<\/div>\n<\/blockquote>\n<h2><b>Comment rejoindre Ascain pour une retraite tranquille ?<\/b><\/h2>\n<p><span style=\"font-weight: 400;\">Si vous \u00eates tent\u00e9 par l\u2019id\u00e9e d\u2019une retraite dans ce petit village charmant, sachez que Ascain est facilement accessible, et surtout bien desservi par les transports en commun. Si vous \u00eates \u00e0 Paris, la solution la plus rapide reste le TGV. En seulement 5 heures, vous rejoignez Bayonne, la grande ville voisine, puis un petit TER de 20 minutes vous emm\u00e8ne directement \u00e0 Ascain. Le tout pour un prix oscillant entre 50 et 90 euros selon la p\u00e9riode. Facile, non ?<\/span><\/p>\n<p><span style=\"font-weight: 400;\">Depuis Lyon, le trajet est un peu plus long, mais tout aussi agr\u00e9able. Comptez environ 6 heures en TGV pour rejoindre <a href=\"https:\/\/discover.ulysse.com\/1h-bayonne-joyau-medieval-montagnes-riviere\">Bayonne<\/a>, et un TER pour finaliser le trajet jusqu\u2019\u00e0 Ascain. Le prix du billet est \u00e9galement tr\u00e8s raisonnable, avec des tarifs allant de 60 \u00e0 100 euros pour un aller simple.<\/span><\/p>\n<p><span style=\"font-weight: 400;\">Pour ceux venant de Strasbourg, il faudra un peu plus de patience, car le trajet peut atteindre 7 \u00e0 8 heures avec une correspondance \u00e0 Bordeaux ou Toulouse. Le prix se situe g\u00e9n\u00e9ralement entre 70 et 120 euros, mais l\u2019effort en vaut largement la peine : une fois arriv\u00e9s, vous ne voudrez plus repartir.<\/span><\/p>\n<p><span style=\"font-weight: 400;\">Pour les plus press\u00e9s, l\u2019a\u00e9roport de Biarritz, situ\u00e9 \u00e0 une trentaine de minutes d\u2019Ascain, est une excellente alternative pour \u00e9viter de passer par la route. De nombreux vols directs vous y m\u00e8neront depuis les grandes villes fran\u00e7aises, et il ne vous restera plus qu\u2019\u00e0 prendre un taxi ou une navette pour rejoindre ce havre de paix.<\/span><\/p>\n<blockquote class=\"instagram-media\" style=\"background: #FFF; border: 0; border-radius: 3px; margin: 1px; max-width: 540px; min-width: 326px; padding: 0; width: calc(100% - 2px);\" data-instgrm-captioned=\"\" data-instgrm-permalink=\"https:\/\/www.instagram.com\/p\/DHyHeqMMGLn\/?utm_source=ig_embed&amp;utm_campaign=loading\" data-instgrm-version=\"14\">\n<div style=\"padding: 16px;\">\n<p>&nbsp;<\/p>\n<div style=\"flex-direction: row; align-items: center;\">\n<div style=\"background-color: #f4f4f4; border-radius: 50%; flex-grow: 0; height: 40px; margin-right: 14px; width: 40px;\"><\/div>\n<div style=\"flex-direction: column; flex-grow: 1; justify-content: center;\">\n<div style=\"background-color: #f4f4f4; border-radius: 4px; flex-grow: 0; height: 14px; margin-bottom: 6px; width: 100px;\"><\/div>\n<div style=\"background-color: #f4f4f4; border-radius: 4px; flex-grow: 0; height: 14px; width: 60px;\"><\/div>\n<\/div>\n<\/div>\n<div style=\"padding: 19% 0;\"><\/div>\n<div style=\"height: 50px; margin: 0 auto 12px; width: 50px;\"><\/div>\n<div style=\"padding-top: 8px;\">\n<div style=\"color: #3897f0; font-family: Arial,sans-serif; font-size: 14px; font-style: normal; font-weight: 550; line-height: 18px;\">Voir cette publication sur Instagram<\/div>\n<\/div>\n<div style=\"padding: 12.5% 0;\"><\/div>\n<div style=\"flex-direction: row; margin-bottom: 14px; align-items: center;\">\n<div>\n<div style=\"background-color: #f4f4f4; border-radius: 50%; height: 12.5px; width: 12.5px;\"><\/div>\n<div style=\"background-color: #f4f4f4; height: 12.5px; width: 12.5px; flex-grow: 0; margin-right: 14px; margin-left: 2px;\"><\/div>\n<div style=\"background-color: #f4f4f4; border-radius: 50%; height: 12.5px; width: 12.5px;\"><\/div>\n<\/div>\n<div style=\"margin-left: 8px;\">\n<div style=\"background-color: #f4f4f4; border-radius: 50%; flex-grow: 0; height: 20px; width: 20px;\"><\/div>\n<div style=\"width: 0; height: 0; border-top: 2px solid transparent; border-left: 6px solid #f4f4f4; border-bottom: 2px solid transparent;\"><\/div>\n<\/div>\n<div style=\"margin-left: auto;\">\n<div style=\"width: 0px; border-top: 8px solid #F4F4F4; border-right: 8px solid transparent;\"><\/div>\n<div style=\"background-color: #f4f4f4; flex-grow: 0; height: 12px; width: 16px;\"><\/div>\n<div style=\"width: 0; height: 0; border-top: 8px solid #F4F4F4; border-left: 8px solid transparent;\"><\/div>\n<\/div>\n<\/div>\n<div style=\"flex-direction: column; flex-grow: 1; justify-content: center; margin-bottom: 24px;\">\n<div style=\"background-color: #f4f4f4; border-radius: 4px; flex-grow: 0; height: 14px; margin-bottom: 6px; width: 224px;\"><\/div>\n<div style=\"background-color: #f4f4f4; border-radius: 4px; flex-grow: 0; height: 14px; width: 144px;\"><\/div>\n<\/div>\n<p>&nbsp;<\/p>\n<p style=\"color: #c9c8cd; font-family: Arial,sans-serif; font-size: 14px; line-height: 17px; margin-bottom: 0; margin-top: 8px; overflow: hidden; padding: 8px 0 7px; text-align: center;\"><a style=\"color: #c9c8cd; font-family: Arial,sans-serif; font-size: 14px; font-style: normal; font-weight: normal; line-height: 17px; text-decoration: none;\" href=\"https:\/\/www.instagram.com\/p\/DHyHeqMMGLn\/?utm_source=ig_embed&amp;utm_campaign=loading\" target=\"_blank\" rel=\"noopener\">Une publication partag\u00e9e par Jean-fran\u00e7ois Pacelli (@jfpacelli)<\/a><\/p>\n<\/div>\n<\/blockquote>\n<h2><b>Une retraite \u00e0 Ascain, un investissement tranquille mais pas cher<\/b><\/h2>\n<p><span style=\"font-weight: 400;\">L\u2019un des plus grands atouts d\u2019Ascain est sans aucun doute son co\u00fbt de la vie relativement abordable, surtout en comparaison avec des villes plus connues du Pays basque comme<strong> Saint-Jean-de-Luz o<\/strong>u <strong>Biarritz<\/strong>. Ici, tout est fait pour que vous puissiez profiter d\u2019une retraite sereine sans exploser votre budget. Les restaurants offrent un excellent rapport qualit\u00e9-prix, avec des repas \u00e0 partir de 15 \u00e0 25 euros par personne. Quant \u00e0 l\u2019h\u00e9bergement, vous pourrez trouver des chambres d\u2019h\u00f4tes ou des petits h\u00f4tels charmants \u00e0 partir de 80 \u00e0 100 euros la nuit en basse saison. Bien s\u00fbr, comme dans toute destination pris\u00e9e, les prix grimpent l\u00e9g\u00e8rement pendant l\u2019\u00e9t\u00e9, mais Ascain reste l\u2019une des options les plus accessibles de la r\u00e9gion.<\/span><\/p>\n<p><span style=\"font-weight: 400;\">Les march\u00e9s locaux sont \u00e9galement un vrai d\u00e9lice pour les gourmands, avec des produits frais \u00e0 des prix raisonnables. Pourquoi ne pas opter pour un pique-nique en bord de rivi\u00e8re ou sous les arbres, pour profiter pleinement du cadre naturel tout en d\u00e9gustant des produits du terroir ? Tout est fait pour que vous puissiez vivre une retraite paisible, mais tout de m\u00eame savoureuse et pleine de d\u00e9couvertes.<\/span><\/p>\n<blockquote class=\"instagram-media\" style=\"background: #FFF; border: 0; border-radius: 3px; margin: 1px; max-width: 540px; min-width: 326px; padding: 0; width: calc(100% - 2px);\" data-instgrm-captioned=\"\" data-instgrm-permalink=\"https:\/\/www.instagram.com\/p\/DKrphudMHRJ\/?utm_source=ig_embed&amp;utm_campaign=loading\" data-instgrm-version=\"14\">\n<div style=\"padding: 16px;\">\n<p>&nbsp;<\/p>\n<div style=\"flex-direction: row; align-items: center;\">\n<div style=\"background-color: #f4f4f4; border-radius: 50%; flex-grow: 0; height: 40px; margin-right: 14px; width: 40px;\"><\/div>\n<div style=\"flex-direction: column; flex-grow: 1; justify-content: center;\">\n<div style=\"background-color: #f4f4f4; border-radius: 4px; flex-grow: 0; height: 14px; margin-bottom: 6px; width: 100px;\"><\/div>\n<div style=\"background-color: #f4f4f4; border-radius: 4px; flex-grow: 0; height: 14px; width: 60px;\"><\/div>\n<\/div>\n<\/div>\n<div style=\"padding: 19% 0;\"><\/div>\n<div style=\"height: 50px; margin: 0 auto 12px; width: 50px;\"><\/div>\n<div style=\"padding-top: 8px;\">\n<div style=\"color: #3897f0; font-family: Arial,sans-serif; font-size: 14px; font-style: normal; font-weight: 550; line-height: 18px;\">Voir cette publication sur Instagram<\/div>\n<\/div>\n<div style=\"padding: 12.5% 0;\"><\/div>\n<div style=\"flex-direction: row; margin-bottom: 14px; align-items: center;\">\n<div>\n<div style=\"background-color: #f4f4f4; border-radius: 50%; height: 12.5px; width: 12.5px;\"><\/div>\n<div style=\"background-color: #f4f4f4; height: 12.5px; width: 12.5px; flex-grow: 0; margin-right: 14px; margin-left: 2px;\"><\/div>\n<div style=\"background-color: #f4f4f4; border-radius: 50%; height: 12.5px; width: 12.5px;\"><\/div>\n<\/div>\n<div style=\"margin-left: 8px;\">\n<div style=\"background-color: #f4f4f4; border-radius: 50%; flex-grow: 0; height: 20px; width: 20px;\"><\/div>\n<div style=\"width: 0; height: 0; border-top: 2px solid transparent; border-left: 6px solid #f4f4f4; border-bottom: 2px solid transparent;\"><\/div>\n<\/div>\n<div style=\"margin-left: auto;\">\n<div style=\"width: 0px; border-top: 8px solid #F4F4F4; border-right: 8px solid transparent;\"><\/div>\n<div style=\"background-color: #f4f4f4; flex-grow: 0; height: 12px; width: 16px;\"><\/div>\n<div style=\"width: 0; height: 0; border-top: 8px solid #F4F4F4; border-left: 8px solid transparent;\"><\/div>\n<\/div>\n<\/div>\n<div style=\"flex-direction: column; flex-grow: 1; justify-content: center; margin-bottom: 24px;\">\n<div style=\"background-color: #f4f4f4; border-radius: 4px; flex-grow: 0; height: 14px; margin-bottom: 6px; width: 224px;\"><\/div>\n<div style=\"background-color: #f4f4f4; border-radius: 4px; flex-grow: 0; height: 14px; width: 144px;\"><\/div>\n<\/div>\n<p>&nbsp;<\/p>\n<p style=\"color: #c9c8cd; font-family: Arial,sans-serif; font-size: 14px; line-height: 17px; margin-bottom: 0; margin-top: 8px; overflow: hidden; padding: 8px 0 7px; text-align: center;\"><a style=\"color: #c9c8cd; font-family: Arial,sans-serif; font-size: 14px; font-style: normal; font-weight: normal; line-height: 17px; text-decoration: none;\" href=\"https:\/\/www.instagram.com\/p\/DKrphudMHRJ\/?utm_source=ig_embed&amp;utm_campaign=loading\" target=\"_blank\" rel=\"noopener\">Une publication partag\u00e9e par Delphine Durieux Sarrey (@une_fille_de_juin)<\/a><\/p>\n<\/div>\n<\/blockquote>\n<h2><b>Une retraite plac\u00e9e sous le signe de la simplicit\u00e9<\/b><\/h2>\n<p><span style=\"font-weight: 400;\">Si vous \u00eates en qu\u00eate de simplicit\u00e9, d\u2019authenticit\u00e9, et d\u2019un cadre de vie qui respire la s\u00e9r\u00e9nit\u00e9, Ascain est l\u2019endroit parfait pour poser vos valises. Entre mer et montagne, ce petit village basque vous offre tout ce dont vous avez besoin pour une retraite heureuse : des paysages \u00e0 couper le souffle, une culture locale riche, et des prix raisonnables. C\u2019est un v\u00e9ritable havre de paix, o\u00f9 la nature et les traditions basques se m\u00ealent pour offrir une qualit\u00e9 de vie in\u00e9gal\u00e9e. Et vous, qu\u2019attendez-vous pour d\u00e9couvrir ce secret bien gard\u00e9 du Pays basque ?<\/span><\/p>\n","protected":false},"excerpt":{"rendered":"<p>Au c\u0153ur du Pays basque, l\u00e0 o\u00f9 les vagues s\u2019\u00e9crasent sur les plages dor\u00e9es et o\u00f9 les montagnes verdoyantes dominent [&hellip;]<\/p>\n","protected":false},"author":3,"featured_media":34676,"comment_status":"open","ping_status":"closed","sticky":false,"template":"","format":"standard","meta":{"_acf_changed":false,"_sitemap_exclude":false,"_sitemap_priority":"","_sitemap_frequency":"","footnotes":"","rank_math_title":"","rank_math_description":"Entre mer et montagne, Ascain, le secret bien gard\u00e9 du Pays basque, vous offre une retraite sereine et authentique. Vous \u00eates pr\u00eat ?\n","rank_math_canonical_url":"","rank_math_focus_keyword":"Pays,Basque"},"categories":[3],"tags":[],"class_list":["post-34675","post","type-post","status-publish","format-standard","has-post-thumbnail","hentry","category-voyage"],"acf":[],"_links":{"self":[{"href":"https:\/\/ulysse.com\/news\/wp-json\/wp\/v2\/posts\/34675","targetHints":{"allow":["GET"]}}],"collection":[{"href":"https:\/\/ulysse.com\/news\/wp-json\/wp\/v2\/posts"}],"about":[{"href":"https:\/\/ulysse.com\/news\/wp-json\/wp\/v2\/types\/post"}],"author":[{"embeddable":true,"href":"https:\/\/ulysse.com\/news\/wp-json\/wp\/v2\/users\/3"}],"replies":[{"embeddable":true,"href":"https:\/\/ulysse.com\/news\/wp-json\/wp\/v2\/comments?post=34675"}],"version-history":[{"count":2,"href":"https:\/\/ulysse.com\/news\/wp-json\/wp\/v2\/posts\/34675\/revisions"}],"predecessor-version":[{"id":34692,"href":"https:\/\/ulysse.com\/news\/wp-json\/wp\/v2\/posts\/34675\/revisions\/34692"}],"wp:featuredmedia":[{"embeddable":true,"href":"https:\/\/ulysse.com\/news\/wp-json\/wp\/v2\/media\/34676"}],"wp:attachment":[{"href":"https:\/\/ulysse.com\/news\/wp-json\/wp\/v2\/media?parent=34675"}],"wp:term":[{"taxonomy":"category","embeddable":true,"href":"https:\/\/ulysse.com\/news\/wp-json\/wp\/v2\/categories?post=34675"},{"taxonomy":"post_tag","embeddable":true,"href":"https:\/\/ulysse.com\/news\/wp-json\/wp\/v2\/tags?post=34675"}],"curies":[{"name":"wp","href":"https:\/\/api.w.org\/{rel}","templated":true}]}}