{"id":34714,"date":"2025-09-07T10:00:01","date_gmt":"2025-09-07T09:00:01","guid":{"rendered":"https:\/\/discover.ulysse.com\/?p=34714"},"modified":"2025-09-07T09:20:12","modified_gmt":"2025-09-07T08:20:12","slug":"leclipse-totale-de-la-lune-de-sang-sinvite-au-dessus-de-la-france-ce-soir-seule-la-capitale-risque-de-passer-a-cote","status":"publish","type":"post","link":"https:\/\/ulysse.com\/news\/leclipse-totale-de-la-lune-de-sang-sinvite-au-dessus-de-la-france-ce-soir-seule-la-capitale-risque-de-passer-a-cote","title":{"rendered":"L\u2019\u00e9clipse totale de la Lune de Sang s\u2019invite au-dessus de la France ce soir, seule la capitale risque de passer \u00e0 c\u00f4t\u00e9"},"content":{"rendered":"<p data-start=\"215\" data-end=\"808\">Le ciel de ce soir nous r\u00e9serve un spectacle dont peu connaissent l\u2019ampleur. Imaginez la Lune qui, au lieu d\u2019illuminer la nuit de son \u00e9clat argent\u00e9, se pare soudain d\u2019une teinte rouge envo\u00fbtante. Un ph\u00e9nom\u00e8ne qui semble presque irr\u00e9el, comme si la Terre elle-m\u00eame filtrait sa lumi\u00e8re pour en d\u00e9voiler une version plus sombre, plus myst\u00e9rieuse. Dans le silence du cr\u00e9puscule, ce rendez-vous rare fait vibrer autant les passionn\u00e9s d\u2019astronomie que les r\u00eaveurs. Mais attention : ce moment fugace ne se reproduira pas de sit\u00f4t. Et seuls les observateurs attentifs sauront en profiter pleinement.<\/p>\n<h2 data-start=\"810\" data-end=\"879\">Pourquoi cette \u00e9clipse va transformer la Lune en un astre de feu<\/h2>\n<p data-start=\"880\" data-end=\"1691\">Ce dimanche 7 septembre 2025, la Terre se glissera parfaitement entre le Soleil et la Lune. En filtrant la lumi\u00e8re solaire, notre atmosph\u00e8re laissera passer uniquement les rayons rouges et orang\u00e9s qui viendront se refl\u00e9ter sur la surface lunaire. C\u2019est ce qui donnera naissance \u00e0 cette fameuse <strong>\u201cLune de Sang\u201d<\/strong>, une vision spectaculaire qui fascine autant les scientifiques que les po\u00e8tes.<\/p>\n<p data-start=\"880\" data-end=\"1691\">L\u2019\u00e9clipse d\u00e9butera vers 19h30 (heure fran\u00e7aise) et atteindra son maximum autour de 20h11. La totalit\u00e9, phase la plus impressionnante, durera environ une heure et vingt minutes. Si le ciel est d\u00e9gag\u00e9, il suffira de lever les yeux vers l\u2019horizon Est pour admirer ce disque rougeoyant. Contrairement aux \u00e9clipses solaires, il n\u2019est pas n\u00e9cessaire d\u2019utiliser de protection visuelle : l\u2019observation est sans danger \u00e0 l\u2019\u0153il nu.<\/p>\n<blockquote class=\"tiktok-embed\" style=\"max-width: 605px; min-width: 325px;\" cite=\"https:\/\/www.tiktok.com\/@demotivateur_fr\/video\/7544022369904495895\" data-video-id=\"7544022369904495895\">\n<section><a title=\"@demotivateur_fr\" href=\"https:\/\/www.tiktok.com\/@demotivateur_fr?refer=embed\" target=\"_blank\" rel=\"noopener\">@demotivateur_fr<\/a> \u00c9clipse totale de Lune le 7 septembre ! <a title=\"astronomie\" href=\"https:\/\/www.tiktok.com\/tag\/astronomie?refer=embed\" target=\"_blank\" rel=\"noopener\">#astronomie<\/a> <a title=\"lune\" href=\"https:\/\/www.tiktok.com\/tag\/lune?refer=embed\" target=\"_blank\" rel=\"noopener\">#lune<\/a> <a title=\"ciel\" href=\"https:\/\/www.tiktok.com\/tag\/ciel?refer=embed\" target=\"_blank\" rel=\"noopener\">#ciel<\/a> <a title=\"\u266c son original - Demotivateur\" href=\"https:\/\/www.tiktok.com\/music\/son-original-Demotivateur-7544022453505329942?refer=embed\" target=\"_blank\" rel=\"noopener\">\u266c son original &#8211; Demotivateur<\/a><\/section>\n<\/blockquote>\n<p><script async src=\"https:\/\/www.tiktok.com\/embed.js\"><\/script><\/p>\n<h2 data-start=\"1693\" data-end=\"1768\">Les meilleurs spots pour profiter du spectacle sans quitter la France<\/h2>\n<p data-start=\"1769\" data-end=\"2638\">Tous les Fran\u00e7ais ne seront pas \u00e9gaux face \u00e0 cet \u00e9v\u00e9nement. L\u2019est du pays, notamment <a href=\"https:\/\/discover.ulysse.com\/strasbourg-impose-un-permis-de-location-quest-ce-que-cela-change-pour-les-bailleurs\">Strasbourg<\/a> et les r\u00e9gions frontali\u00e8res, b\u00e9n\u00e9ficiera d\u2019un point de vue privil\u00e9gi\u00e9 puisque la Lune s\u2019y l\u00e8vera plus t\u00f4t, offrant pr\u00e8s d\u2019une heure de totalit\u00e9. \u00c0 Paris, la magie sera plus furtive : la Lune appara\u00eetra \u00e0 l\u2019horizon vers 20h19, juste apr\u00e8s le maximum, et les Parisiens n\u2019auront qu\u2019un aper\u00e7u de la fin de la totalit\u00e9, entre 20h52 et 21h56. Dans le centre et l\u2019ouest de la France, l\u2019attente sera plus grande et le spectacle plus \u00e9court\u00e9, car la Lune se l\u00e8vera tardivement. Pour en profiter pleinement, il est conseill\u00e9 de choisir des lieux d\u00e9gag\u00e9s comme les hauteurs de l\u2019Alsace, les campagnes normandes ou les massifs alpins, loin des lumi\u00e8res urbaines. Avec une m\u00e9t\u00e9o favorable, ces sites offriront une vision inoubliable de la Lune rouge se hissant au-dessus de l\u2019horizon.<\/p>\n<h2 data-start=\"2640\" data-end=\"2701\">Une raret\u00e9 cosmique qui ne reviendra pas avant longtemps<\/h2>\n<p data-start=\"2702\" data-end=\"3787\">Une \u00e9clipse lunaire totale n\u2019est pas un rendez-vous ordinaire. Si des \u00e9clipses partielles se produisent r\u00e9guli\u00e8rement, une Lune enti\u00e8rement rouge visible depuis la France est un privil\u00e8ge rare. La derni\u00e8re occurrence pleinement observable remonte \u00e0 plusieurs ann\u00e9es, et il faudra patienter longtemps avant de retrouver des conditions similaires. Ce caract\u00e8re exceptionnel explique pourquoi cet \u00e9v\u00e9nement est tant attendu par les passionn\u00e9s. Dans d\u2019autres r\u00e9gions du monde, comme l\u2019Afrique de l\u2019Est, l\u2019Asie ou l\u2019Australie, le spectacle sera encore plus complet et prolong\u00e9. Mais pour les observateurs fran\u00e7ais, cette courte fen\u00eatre d\u2019opportunit\u00e9 suffit \u00e0 rendre la soir\u00e9e m\u00e9morable. En plus de son aspect scientifique, ce ph\u00e9nom\u00e8ne est envelopp\u00e9 d\u2019un voile symbolique : depuis des si\u00e8cles, les \u00e9clipses lunaires totales ont nourri mythes, croyances et l\u00e9gendes, souvent associ\u00e9es \u00e0 des changements ou des pr\u00e9sages. Cette dimension ajoute une couche de myst\u00e8re \u00e0 un moment d\u00e9j\u00e0 extraordinaire, rappelant que la Lune, au-del\u00e0 des calculs astronomiques, garde toujours une part de magie.<\/p>\n","protected":false},"excerpt":{"rendered":"<p>Le ciel de ce soir nous r\u00e9serve un spectacle dont peu connaissent l\u2019ampleur. Imaginez la Lune qui, au lieu d\u2019illuminer [&hellip;]<\/p>\n","protected":false},"author":4,"featured_media":34715,"comment_status":"open","ping_status":"closed","sticky":false,"template":"","format":"standard","meta":{"_acf_changed":false,"_sitemap_exclude":false,"_sitemap_priority":"","_sitemap_frequency":"","footnotes":"","rank_math_title":"","rank_math_description":"","rank_math_canonical_url":"","rank_math_focus_keyword":"Lune de Sang"},"categories":[3],"tags":[],"class_list":["post-34714","post","type-post","status-publish","format-standard","has-post-thumbnail","hentry","category-voyage"],"acf":[],"_links":{"self":[{"href":"https:\/\/ulysse.com\/news\/wp-json\/wp\/v2\/posts\/34714","targetHints":{"allow":["GET"]}}],"collection":[{"href":"https:\/\/ulysse.com\/news\/wp-json\/wp\/v2\/posts"}],"about":[{"href":"https:\/\/ulysse.com\/news\/wp-json\/wp\/v2\/types\/post"}],"author":[{"embeddable":true,"href":"https:\/\/ulysse.com\/news\/wp-json\/wp\/v2\/users\/4"}],"replies":[{"embeddable":true,"href":"https:\/\/ulysse.com\/news\/wp-json\/wp\/v2\/comments?post=34714"}],"version-history":[{"count":1,"href":"https:\/\/ulysse.com\/news\/wp-json\/wp\/v2\/posts\/34714\/revisions"}],"predecessor-version":[{"id":34716,"href":"https:\/\/ulysse.com\/news\/wp-json\/wp\/v2\/posts\/34714\/revisions\/34716"}],"wp:featuredmedia":[{"embeddable":true,"href":"https:\/\/ulysse.com\/news\/wp-json\/wp\/v2\/media\/34715"}],"wp:attachment":[{"href":"https:\/\/ulysse.com\/news\/wp-json\/wp\/v2\/media?parent=34714"}],"wp:term":[{"taxonomy":"category","embeddable":true,"href":"https:\/\/ulysse.com\/news\/wp-json\/wp\/v2\/categories?post=34714"},{"taxonomy":"post_tag","embeddable":true,"href":"https:\/\/ulysse.com\/news\/wp-json\/wp\/v2\/tags?post=34714"}],"curies":[{"name":"wp","href":"https:\/\/api.w.org\/{rel}","templated":true}]}}