{"id":34731,"date":"2025-09-08T16:00:59","date_gmt":"2025-09-08T15:00:59","guid":{"rendered":"https:\/\/discover.ulysse.com\/?p=34731"},"modified":"2025-09-08T08:24:07","modified_gmt":"2025-09-08T07:24:07","slug":"automne-spots-soleil-prolonger-belle-saison","status":"publish","type":"post","link":"https:\/\/ulysse.com\/news\/automne-spots-soleil-prolonger-belle-saison","title":{"rendered":"Un shoot de lumi\u00e8re avant l\u2019automne : voici 5 spots ensoleill\u00e9s pour prolonger la belle saison"},"content":{"rendered":"<p><span style=\"font-weight: 400;\">L\u2019automne s\u2019invite doucement, mais avant de lui ouvrir grand la porte, pourquoi ne pas se donner une derni\u00e8re dose de soleil ?<strong> Septembre<\/strong> est la p\u00e9riode r\u00eav\u00e9e pour fuir la grisaille et profiter d\u2019un dernier shoot de lumi\u00e8re, sans l\u2019afflux de touristes estivaux. Des plages aux montagnes, des villes vibrantes aux \u00eeles isol\u00e9es, on vous embarque vers cinq destinations o\u00f9 le soleil continue de briller. Pr\u00e9parez-vous \u00e0 <strong>prolonger l\u2019\u00e9t\u00e9<\/strong>, \u00e0 d\u00e9couvrir des paysages \u00e9poustouflants et \u00e0 savourer une atmosph\u00e8re qui mettra votre esprit en mode vacances. Fini le stress, place \u00e0 la d\u00e9tente et \u00e0 la d\u00e9couverte de ces lieux parfaits pour f\u00eater la fin de l\u2019\u00e9t\u00e9 avec style. Pr\u00eats \u00e0 embarquer pour un voyage sous les rayons du soleil ? C\u2019est parti !<\/span><\/p>\n<h2><b>Sicile : Soleil, histoire et plages de r\u00eave<\/b><\/h2>\n<p><span style=\"font-weight: 400;\"><strong>La Sicile<\/strong>, perle de la M\u00e9diterran\u00e9e, vous invite \u00e0 prolonger l\u2019\u00e9t\u00e9 dans un d\u00e9cor \u00e0 couper le souffle. En septembre, la chaleur est encore pr\u00e9sente, mais sans l\u2019intensit\u00e9 des mois de juillet et ao\u00fbt. C\u2019est la p\u00e9riode id\u00e9ale pour explorer cette \u00eele magique, entre plages dor\u00e9es, montagnes volcaniques et vestiges antiques.<\/span><\/p>\n<p><span style=\"font-weight: 400;\">\u00c0 <a href=\"https:\/\/discover.ulysse.com\/cache-derriere-les-ruelles-ensoleillees-de-sicile-un-jardin-botanique-oublie-ou-les-couleurs-et-les-parfums-racontent-lhistoire-de-lile\">Palerme<\/a>, fl\u00e2nez dans les ruelles color\u00e9es de la ville, avec ses march\u00e9s anim\u00e9s comme celui de <strong>Ballar\u00f2<\/strong>, o\u00f9 l\u2019on trouve des \u00e9pices, des fruits frais et des sp\u00e9cialit\u00e9s locales. Ne manquez pas le march\u00e9 de Capo, un autre lieu mythique pour d\u00e9couvrir l\u2019\u00e2me sicilienne. C\u00f4t\u00e9 plages, les c\u00f4tes de boffrent des paysages splendides, avec une mer turquoise o\u00f9 il fait bon se d\u00e9tendre sous le soleil. Le fameux volcan Etna, toujours actif, vous attend pour une randonn\u00e9e inoubliable, avec une vue imprenable sur toute l\u2019\u00eele.<\/span><\/p>\n<p><span style=\"font-weight: 400;\">C\u00f4t\u00e9 gastronomie, la Sicile ne d\u00e9\u00e7oit jamais. Entre les arancini (boules de riz farcies), les cannoli (p\u00e2tisseries fourr\u00e9es au fromage ricotta) et les fruits de mer frais, chaque bouch\u00e9e vous transporte au c\u0153ur de la culture locale.<\/span><\/p>\n<p><span style=\"font-weight: 400;\">Pour vous rendre en Sicile, il vous suffit de prendre un train depuis Paris jusqu&#8217;\u00e0 Milan (environ 7 heures), puis un vol de 2 heures pour <strong>Catane ou Palerme<\/strong>. Facile et rapide, pour une escapade ensoleill\u00e9e sans prise de t\u00eate.<\/span><\/p>\n<blockquote class=\"instagram-media\" style=\"background: #FFF; border: 0; border-radius: 3px; margin: 1px; max-width: 540px; min-width: 326px; padding: 0; width: calc(100% - 2px);\" data-instgrm-captioned=\"\" data-instgrm-permalink=\"https:\/\/www.instagram.com\/p\/C0D1KIAoEJe\/?utm_source=ig_embed&amp;utm_campaign=loading\" data-instgrm-version=\"14\">\n<div style=\"padding: 16px;\">\n<p>&nbsp;<\/p>\n<div style=\"flex-direction: row; align-items: center;\">\n<div style=\"background-color: #f4f4f4; border-radius: 50%; flex-grow: 0; height: 40px; margin-right: 14px; width: 40px;\"><\/div>\n<div style=\"flex-direction: column; flex-grow: 1; justify-content: center;\">\n<div style=\"background-color: #f4f4f4; border-radius: 4px; flex-grow: 0; height: 14px; margin-bottom: 6px; width: 100px;\"><\/div>\n<div style=\"background-color: #f4f4f4; border-radius: 4px; flex-grow: 0; height: 14px; width: 60px;\"><\/div>\n<\/div>\n<\/div>\n<div style=\"padding: 19% 0;\"><\/div>\n<div style=\"height: 50px; margin: 0 auto 12px; width: 50px;\"><\/div>\n<div style=\"padding-top: 8px;\">\n<div style=\"color: #3897f0; font-family: Arial,sans-serif; font-size: 14px; font-style: normal; font-weight: 550; line-height: 18px;\">Voir cette publication sur Instagram<\/div>\n<\/div>\n<div style=\"padding: 12.5% 0;\"><\/div>\n<div style=\"flex-direction: row; margin-bottom: 14px; align-items: center;\">\n<div>\n<div style=\"background-color: #f4f4f4; border-radius: 50%; height: 12.5px; width: 12.5px;\"><\/div>\n<div style=\"background-color: #f4f4f4; height: 12.5px; width: 12.5px; flex-grow: 0; margin-right: 14px; margin-left: 2px;\"><\/div>\n<div style=\"background-color: #f4f4f4; border-radius: 50%; height: 12.5px; width: 12.5px;\"><\/div>\n<\/div>\n<div style=\"margin-left: 8px;\">\n<div style=\"background-color: #f4f4f4; border-radius: 50%; flex-grow: 0; height: 20px; width: 20px;\"><\/div>\n<div style=\"width: 0; height: 0; border-top: 2px solid transparent; border-left: 6px solid #f4f4f4; border-bottom: 2px solid transparent;\"><\/div>\n<\/div>\n<div style=\"margin-left: auto;\">\n<div style=\"width: 0px; border-top: 8px solid #F4F4F4; border-right: 8px solid transparent;\"><\/div>\n<div style=\"background-color: #f4f4f4; flex-grow: 0; height: 12px; width: 16px;\"><\/div>\n<div style=\"width: 0; height: 0; border-top: 8px solid #F4F4F4; border-left: 8px solid transparent;\"><\/div>\n<\/div>\n<\/div>\n<div style=\"flex-direction: column; flex-grow: 1; justify-content: center; margin-bottom: 24px;\">\n<div style=\"background-color: #f4f4f4; border-radius: 4px; flex-grow: 0; height: 14px; margin-bottom: 6px; width: 224px;\"><\/div>\n<div style=\"background-color: #f4f4f4; border-radius: 4px; flex-grow: 0; height: 14px; width: 144px;\"><\/div>\n<\/div>\n<p>&nbsp;<\/p>\n<p style=\"color: #c9c8cd; font-family: Arial,sans-serif; font-size: 14px; line-height: 17px; margin-bottom: 0; margin-top: 8px; overflow: hidden; padding: 8px 0 7px; text-align: center;\"><a style=\"color: #c9c8cd; font-family: Arial,sans-serif; font-size: 14px; font-style: normal; font-weight: normal; line-height: 17px; text-decoration: none;\" href=\"https:\/\/www.instagram.com\/p\/C0D1KIAoEJe\/?utm_source=ig_embed&amp;utm_campaign=loading\" target=\"_blank\" rel=\"noopener\">Une publication partag\u00e9e par Sicile Voyage (@siciletour)<\/a><\/p>\n<\/div>\n<\/blockquote>\n<h2><b>Mad\u00e8re : L\u2019\u00eele aux mille visages<\/b><\/h2>\n<p><span style=\"font-weight: 400;\"><strong>Mad\u00e8re<\/strong>, l&#8217;\u00eele portugaise souvent oubli\u00e9e des itin\u00e9raires traditionnels, se r\u00e9v\u00e8le comme un v\u00e9ritable paradis pour ceux en qu\u00eate de nature et de tranquillit\u00e9. En septembre, le climat est doux, la nature est verdoyante, et les paysages offrent des panoramas \u00e0 couper le souffle. <a href=\"https:\/\/discover.ulysse.com\/madere-plages-et-piscines-naturelles\">Mad\u00e8re<\/a>, surnomm\u00e9e \u00ab l\u2019\u00eele aux fleurs \u00bb, d\u00e9voile toute sa beaut\u00e9 \u00e0 ceux qui prennent le temps de la d\u00e9couvrir.<\/span><\/p>\n<p><span style=\"font-weight: 400;\">Funchal, la capitale, est un m\u00e9lange parfait de tradition et de modernit\u00e9. Ses march\u00e9s color\u00e9s, comme le <strong>Mercado dos Lavradores<\/strong>, vous plongent dans l\u2019ambiance locale, avec des \u00e9tals de poissons frais, de fruits tropicaux et de fleurs exotiques. Ne manquez pas la visite du jardin botanique, o\u00f9 la flore unique de l\u2019\u00eele est \u00e0 l\u2019honneur, ou encore la promenade le long de la c\u00f4te, o\u00f9 vous pouvez admirer les falaises impressionnantes et la mer bleu azur.<\/span><\/p>\n<p><span style=\"font-weight: 400;\">Pour les amoureux de la nature, les levadas (canaux d\u2019irrigation traditionnels) sont parfaits pour des randonn\u00e9es inoubliables au c\u0153ur de paysages verdoyants. L\u2019\u00eele est un v\u00e9ritable terrain de jeu pour les amateurs de randonn\u00e9es, de photographie ou tout simplement de d\u00e9connexion totale.<\/span><\/p>\n<p><span style=\"font-weight: 400;\">Acc\u00e9dez \u00e0 Mad\u00e8re en vol direct depuis Paris (3h30 de vol), une fois arriv\u00e9, vous serez instantan\u00e9ment transport\u00e9 par la beaut\u00e9 brute de l\u2019\u00eele.<\/span><\/p>\n<blockquote class=\"instagram-media\" style=\"background: #FFF; border: 0; border-radius: 3px; margin: 1px; max-width: 540px; min-width: 326px; padding: 0; width: calc(100% - 2px);\" data-instgrm-captioned=\"\" data-instgrm-permalink=\"https:\/\/www.instagram.com\/p\/DNlYFGOyA5n\/?utm_source=ig_embed&amp;utm_campaign=loading\" data-instgrm-version=\"14\">\n<div style=\"padding: 16px;\">\n<p>&nbsp;<\/p>\n<div style=\"flex-direction: row; align-items: center;\">\n<div style=\"background-color: #f4f4f4; border-radius: 50%; flex-grow: 0; height: 40px; margin-right: 14px; width: 40px;\"><\/div>\n<div style=\"flex-direction: column; flex-grow: 1; justify-content: center;\">\n<div style=\"background-color: #f4f4f4; border-radius: 4px; flex-grow: 0; height: 14px; margin-bottom: 6px; width: 100px;\"><\/div>\n<div style=\"background-color: #f4f4f4; border-radius: 4px; flex-grow: 0; height: 14px; width: 60px;\"><\/div>\n<\/div>\n<\/div>\n<div style=\"padding: 19% 0;\"><\/div>\n<div style=\"height: 50px; margin: 0 auto 12px; width: 50px;\"><\/div>\n<div style=\"padding-top: 8px;\">\n<div style=\"color: #3897f0; font-family: Arial,sans-serif; font-size: 14px; font-style: normal; font-weight: 550; line-height: 18px;\">Voir cette publication sur Instagram<\/div>\n<\/div>\n<div style=\"padding: 12.5% 0;\"><\/div>\n<div style=\"flex-direction: row; margin-bottom: 14px; align-items: center;\">\n<div>\n<div style=\"background-color: #f4f4f4; border-radius: 50%; height: 12.5px; width: 12.5px;\"><\/div>\n<div style=\"background-color: #f4f4f4; height: 12.5px; width: 12.5px; flex-grow: 0; margin-right: 14px; margin-left: 2px;\"><\/div>\n<div style=\"background-color: #f4f4f4; border-radius: 50%; height: 12.5px; width: 12.5px;\"><\/div>\n<\/div>\n<div style=\"margin-left: 8px;\">\n<div style=\"background-color: #f4f4f4; border-radius: 50%; flex-grow: 0; height: 20px; width: 20px;\"><\/div>\n<div style=\"width: 0; height: 0; border-top: 2px solid transparent; border-left: 6px solid #f4f4f4; border-bottom: 2px solid transparent;\"><\/div>\n<\/div>\n<div style=\"margin-left: auto;\">\n<div style=\"width: 0px; border-top: 8px solid #F4F4F4; border-right: 8px solid transparent;\"><\/div>\n<div style=\"background-color: #f4f4f4; flex-grow: 0; height: 12px; width: 16px;\"><\/div>\n<div style=\"width: 0; height: 0; border-top: 8px solid #F4F4F4; border-left: 8px solid transparent;\"><\/div>\n<\/div>\n<\/div>\n<div style=\"flex-direction: column; flex-grow: 1; justify-content: center; margin-bottom: 24px;\">\n<div style=\"background-color: #f4f4f4; border-radius: 4px; flex-grow: 0; height: 14px; margin-bottom: 6px; width: 224px;\"><\/div>\n<div style=\"background-color: #f4f4f4; border-radius: 4px; flex-grow: 0; height: 14px; width: 144px;\"><\/div>\n<\/div>\n<p>&nbsp;<\/p>\n<p style=\"color: #c9c8cd; font-family: Arial,sans-serif; font-size: 14px; line-height: 17px; margin-bottom: 0; margin-top: 8px; overflow: hidden; padding: 8px 0 7px; text-align: center;\"><a style=\"color: #c9c8cd; font-family: Arial,sans-serif; font-size: 14px; font-style: normal; font-weight: normal; line-height: 17px; text-decoration: none;\" href=\"https:\/\/www.instagram.com\/p\/DNlYFGOyA5n\/?utm_source=ig_embed&amp;utm_campaign=loading\" target=\"_blank\" rel=\"noopener\">Une publication partag\u00e9e par Visit Madeira (@visitmadeira)<\/a><\/p>\n<\/div>\n<\/blockquote>\n<h2><b>Marrakech : Un voyage au c\u0153ur du Maroc ensoleill\u00e9<\/b><\/h2>\n<p><span style=\"font-weight: 400;\">Si vous cherchez une destination o\u00f9 le soleil ne se couche jamais, <strong>Marrakech<\/strong> est une valeur s\u00fbre. La ville rouge, avec ses murs de terre cuite et ses palais somptueux, est l\u2019endroit id\u00e9al pour un dernier bain de soleil avant l\u2019automne. En septembre, la chaleur est plus douce, et la ville reprend son rythme apr\u00e8s la fr\u00e9n\u00e9sie de l&#8217;\u00e9t\u00e9.<\/span><\/p>\n<p><span style=\"font-weight: 400;\"><strong>La m\u00e9dina<\/strong>, class\u00e9e au patrimoine mondial de l\u2019UNESCO, est un v\u00e9ritable d\u00e9dale o\u00f9 se m\u00ealent tradition et modernit\u00e9. Vous pourrez vous perdre dans les souks de la place Jemaa el-Fna, o\u00f9 les marchands vendent des \u00e9pices, des tapis et des objets artisanaux. Une visite au Jardin Majorelle, c\u00e9l\u00e8bre pour ses couleurs vives et ses plantes exotiques, est incontournable. Quant au palais de la Bahia, v\u00e9ritable chef-d&#8217;\u0153uvre de l\u2019architecture marocaine, il vous plongera dans l\u2019histoire du pays avec ses magnifiques jardins et ses patios aux mosa\u00efques raffin\u00e9es.<\/span><\/p>\n<p><span style=\"font-weight: 400;\">C\u00f4t\u00e9 cuisine, le Maroc est un v\u00e9ritable festin pour les sens. Tajines, couscous, pastillas, la gastronomie marocaine vous offre un voyage culinaire qui se marie parfaitement avec le soleil qui brille au-dessus de vous.<\/span><\/p>\n<p><span style=\"font-weight: 400;\">Depuis Paris, un vol direct vous emm\u00e8ne en 3h30 \u00e0 Marrakech. Facile, rapide et ultra accessible pour un petit go\u00fbt d\u2019Orient.<\/span><\/p>\n<blockquote class=\"instagram-media\" style=\"background: #FFF; border: 0; border-radius: 3px; margin: 1px; max-width: 540px; min-width: 326px; padding: 0; width: calc(100% - 2px);\" data-instgrm-captioned=\"\" data-instgrm-permalink=\"https:\/\/www.instagram.com\/p\/DOTcGR0ktWZ\/?utm_source=ig_embed&amp;utm_campaign=loading\" data-instgrm-version=\"14\">\n<div style=\"padding: 16px;\">\n<p>&nbsp;<\/p>\n<div style=\"flex-direction: row; align-items: center;\">\n<div style=\"background-color: #f4f4f4; border-radius: 50%; flex-grow: 0; height: 40px; margin-right: 14px; width: 40px;\"><\/div>\n<div style=\"flex-direction: column; flex-grow: 1; justify-content: center;\">\n<div style=\"background-color: #f4f4f4; border-radius: 4px; flex-grow: 0; height: 14px; margin-bottom: 6px; width: 100px;\"><\/div>\n<div style=\"background-color: #f4f4f4; border-radius: 4px; flex-grow: 0; height: 14px; width: 60px;\"><\/div>\n<\/div>\n<\/div>\n<div style=\"padding: 19% 0;\"><\/div>\n<div style=\"height: 50px; margin: 0 auto 12px; width: 50px;\"><\/div>\n<div style=\"padding-top: 8px;\">\n<div style=\"color: #3897f0; font-family: Arial,sans-serif; font-size: 14px; font-style: normal; font-weight: 550; line-height: 18px;\">Voir cette publication sur Instagram<\/div>\n<\/div>\n<div style=\"padding: 12.5% 0;\"><\/div>\n<div style=\"flex-direction: row; margin-bottom: 14px; align-items: center;\">\n<div>\n<div style=\"background-color: #f4f4f4; border-radius: 50%; height: 12.5px; width: 12.5px;\"><\/div>\n<div style=\"background-color: #f4f4f4; height: 12.5px; width: 12.5px; flex-grow: 0; margin-right: 14px; margin-left: 2px;\"><\/div>\n<div style=\"background-color: #f4f4f4; border-radius: 50%; height: 12.5px; width: 12.5px;\"><\/div>\n<\/div>\n<div style=\"margin-left: 8px;\">\n<div style=\"background-color: #f4f4f4; border-radius: 50%; flex-grow: 0; height: 20px; width: 20px;\"><\/div>\n<div style=\"width: 0; height: 0; border-top: 2px solid transparent; border-left: 6px solid #f4f4f4; border-bottom: 2px solid transparent;\"><\/div>\n<\/div>\n<div style=\"margin-left: auto;\">\n<div style=\"width: 0px; border-top: 8px solid #F4F4F4; border-right: 8px solid transparent;\"><\/div>\n<div style=\"background-color: #f4f4f4; flex-grow: 0; height: 12px; width: 16px;\"><\/div>\n<div style=\"width: 0; height: 0; border-top: 8px solid #F4F4F4; border-left: 8px solid transparent;\"><\/div>\n<\/div>\n<\/div>\n<div style=\"flex-direction: column; flex-grow: 1; justify-content: center; margin-bottom: 24px;\">\n<div style=\"background-color: #f4f4f4; border-radius: 4px; flex-grow: 0; height: 14px; margin-bottom: 6px; width: 224px;\"><\/div>\n<div style=\"background-color: #f4f4f4; border-radius: 4px; flex-grow: 0; height: 14px; width: 144px;\"><\/div>\n<\/div>\n<p>&nbsp;<\/p>\n<p style=\"color: #c9c8cd; font-family: Arial,sans-serif; font-size: 14px; line-height: 17px; margin-bottom: 0; margin-top: 8px; overflow: hidden; padding: 8px 0 7px; text-align: center;\"><a style=\"color: #c9c8cd; font-family: Arial,sans-serif; font-size: 14px; font-style: normal; font-weight: normal; line-height: 17px; text-decoration: none;\" href=\"https:\/\/www.instagram.com\/p\/DOTcGR0ktWZ\/?utm_source=ig_embed&amp;utm_campaign=loading\" target=\"_blank\" rel=\"noopener\">Une publication partag\u00e9e par Zoe Guo (@zoegmy)<\/a><\/p>\n<\/div>\n<\/blockquote>\n<h2><b>Les Canaries : L\u2019archipel espagnol sous le signe du soleil<\/b><\/h2>\n<p><span style=\"font-weight: 400;\"><strong>L\u2019archipel des Canaries<\/strong>, avec ses \u00eeles volcaniques et son climat doux, est un incontournable pour ceux qui cherchent \u00e0 prolonger l\u2019\u00e9t\u00e9. En septembre, les temp\u00e9ratures sont parfaites, et les plages semblent vous appeler \u00e0 chaque instant. <strong>Tenerife, Lanzarote ou Fuerteventura<\/strong>, chaque \u00eele a son charme unique et sa propre identit\u00e9.<\/span><\/p>\n<p><span style=\"font-weight: 400;\">Tenerife est id\u00e9ale pour les amateurs de nature.<strong> Le Mont Teide<\/strong>, volcan majestueux, vous propose des randonn\u00e9es \u00e0 couper le souffle, tandis que les plages de sable noir de l&#8217;\u00eele vous invitent \u00e0 la d\u00e9tente. Lanzarote, quant \u00e0 elle, s\u00e9duit par ses paysages lunaires et ses formations volcaniques, cr\u00e9ant un d\u00e9cor totalement atypique. Fuerteventura est le r\u00eave des amoureux de sports nautiques, avec ses plages id\u00e9ales pour la planche \u00e0 voile et le kite-surf.<\/span><\/p>\n<p><span style=\"font-weight: 400;\">Les Canaries sont aussi parfaites pour ceux qui cherchent \u00e0 se d\u00e9tendre et profiter du soleil. L\u2019ambiance y est d\u00e9contract\u00e9e, et le co\u00fbt de la vie reste raisonnable, ce qui en fait une destination id\u00e9ale pour ceux qui veulent profiter des rayons sans se ruiner.<\/span><\/p>\n<p><span style=\"font-weight: 400;\">Depuis Paris, vous pouvez prendre un vol direct pour Tenerife en 4 heures, et vous voil\u00e0 sur l\u2019une des \u00eeles les plus ensoleill\u00e9es d\u2019Europe.<\/span><\/p>\n<blockquote class=\"instagram-media\" style=\"background: #FFF; border: 0; border-radius: 3px; margin: 1px; max-width: 540px; min-width: 326px; padding: 0; width: calc(100% - 2px);\" data-instgrm-captioned=\"\" data-instgrm-permalink=\"https:\/\/www.instagram.com\/p\/DOA_omsiKdj\/?utm_source=ig_embed&amp;utm_campaign=loading\" data-instgrm-version=\"14\">\n<div style=\"padding: 16px;\">\n<p>&nbsp;<\/p>\n<div style=\"flex-direction: row; align-items: center;\">\n<div style=\"background-color: #f4f4f4; border-radius: 50%; flex-grow: 0; height: 40px; margin-right: 14px; width: 40px;\"><\/div>\n<div style=\"flex-direction: column; flex-grow: 1; justify-content: center;\">\n<div style=\"background-color: #f4f4f4; border-radius: 4px; flex-grow: 0; height: 14px; margin-bottom: 6px; width: 100px;\"><\/div>\n<div style=\"background-color: #f4f4f4; border-radius: 4px; flex-grow: 0; height: 14px; width: 60px;\"><\/div>\n<\/div>\n<\/div>\n<div style=\"padding: 19% 0;\"><\/div>\n<div style=\"height: 50px; margin: 0 auto 12px; width: 50px;\"><\/div>\n<div style=\"padding-top: 8px;\">\n<div style=\"color: #3897f0; font-family: Arial,sans-serif; font-size: 14px; font-style: normal; font-weight: 550; line-height: 18px;\">Voir cette publication sur Instagram<\/div>\n<\/div>\n<div style=\"padding: 12.5% 0;\"><\/div>\n<div style=\"flex-direction: row; margin-bottom: 14px; align-items: center;\">\n<div>\n<div style=\"background-color: #f4f4f4; border-radius: 50%; height: 12.5px; width: 12.5px;\"><\/div>\n<div style=\"background-color: #f4f4f4; height: 12.5px; width: 12.5px; flex-grow: 0; margin-right: 14px; margin-left: 2px;\"><\/div>\n<div style=\"background-color: #f4f4f4; border-radius: 50%; height: 12.5px; width: 12.5px;\"><\/div>\n<\/div>\n<div style=\"margin-left: 8px;\">\n<div style=\"background-color: #f4f4f4; border-radius: 50%; flex-grow: 0; height: 20px; width: 20px;\"><\/div>\n<div style=\"width: 0; height: 0; border-top: 2px solid transparent; border-left: 6px solid #f4f4f4; border-bottom: 2px solid transparent;\"><\/div>\n<\/div>\n<div style=\"margin-left: auto;\">\n<div style=\"width: 0px; border-top: 8px solid #F4F4F4; border-right: 8px solid transparent;\"><\/div>\n<div style=\"background-color: #f4f4f4; flex-grow: 0; height: 12px; width: 16px;\"><\/div>\n<div style=\"width: 0; height: 0; border-top: 8px solid #F4F4F4; border-left: 8px solid transparent;\"><\/div>\n<\/div>\n<\/div>\n<div style=\"flex-direction: column; flex-grow: 1; justify-content: center; margin-bottom: 24px;\">\n<div style=\"background-color: #f4f4f4; border-radius: 4px; flex-grow: 0; height: 14px; margin-bottom: 6px; width: 224px;\"><\/div>\n<div style=\"background-color: #f4f4f4; border-radius: 4px; flex-grow: 0; height: 14px; width: 144px;\"><\/div>\n<\/div>\n<p>&nbsp;<\/p>\n<p style=\"color: #c9c8cd; font-family: Arial,sans-serif; font-size: 14px; line-height: 17px; margin-bottom: 0; margin-top: 8px; overflow: hidden; padding: 8px 0 7px; text-align: center;\"><a style=\"color: #c9c8cd; font-family: Arial,sans-serif; font-size: 14px; font-style: normal; font-weight: normal; line-height: 17px; text-decoration: none;\" href=\"https:\/\/www.instagram.com\/p\/DOA_omsiKdj\/?utm_source=ig_embed&amp;utm_campaign=loading\" target=\"_blank\" rel=\"noopener\">Une publication partag\u00e9e par \u00celes Canaries (@salutilescanaries)<\/a><\/p>\n<\/div>\n<\/blockquote>\n<h2><b>La Costa Brava : Le charme espagnol juste sous le soleil<\/b><\/h2>\n<p><span style=\"font-weight: 400;\"><strong>La Costa Brava<\/strong>, situ\u00e9e au nord-est de l\u2019Espagne, est l\u2019endroit id\u00e9al pour un dernier rayon de soleil. Entre ses plages sauvages, ses criques secr\u00e8tes et ses villages pittoresques, la Costa Brava est un v\u00e9ritable bijou de la M\u00e9diterran\u00e9e. En septembre, la chaleur est parfaite, et les foules de l\u2019\u00e9t\u00e9 commencent \u00e0 se dissiper, vous permettant de profiter d\u2019un peu de tranquillit\u00e9 tout en ayant acc\u00e8s \u00e0 des paysages magnifiques.<\/span><\/p>\n<p><span style=\"font-weight: 400;\">Les villes comme <strong>Cadaqu\u00e9s<\/strong>, avec ses maisons blanches et ses ruelles sinueuses, ou <strong>Tossa de Mar,<\/strong> entour\u00e9e de remparts m\u00e9di\u00e9vaux, vous plongeront dans une ambiance authentique et accueillante. Et bien s\u00fbr, la c\u00f4te est c\u00e9l\u00e8bre pour ses plages d\u2019une beaut\u00e9 incroyable. Vous pourrez y passer vos journ\u00e9es \u00e0 vous d\u00e9tendre au soleil ou \u00e0 explorer les fonds marins lors d\u2019une session de plong\u00e9e.<\/span><\/p>\n<blockquote class=\"instagram-media\" style=\"background: #FFF; border: 0; border-radius: 3px; margin: 1px; max-width: 540px; min-width: 326px; padding: 0; width: calc(100% - 2px);\" data-instgrm-captioned=\"\" data-instgrm-permalink=\"https:\/\/www.instagram.com\/p\/CIiU0CuhKzf\/?utm_source=ig_embed&amp;utm_campaign=loading\" data-instgrm-version=\"14\">\n<div style=\"padding: 16px;\">\n<p>&nbsp;<\/p>\n<div style=\"flex-direction: row; align-items: center;\">\n<div style=\"background-color: #f4f4f4; border-radius: 50%; flex-grow: 0; height: 40px; margin-right: 14px; width: 40px;\"><\/div>\n<div style=\"flex-direction: column; flex-grow: 1; justify-content: center;\">\n<div style=\"background-color: #f4f4f4; border-radius: 4px; flex-grow: 0; height: 14px; margin-bottom: 6px; width: 100px;\"><\/div>\n<div style=\"background-color: #f4f4f4; border-radius: 4px; flex-grow: 0; height: 14px; width: 60px;\"><\/div>\n<\/div>\n<\/div>\n<div style=\"padding: 19% 0;\"><\/div>\n<div style=\"height: 50px; margin: 0 auto 12px; width: 50px;\"><\/div>\n<div style=\"padding-top: 8px;\">\n<div style=\"color: #3897f0; font-family: Arial,sans-serif; font-size: 14px; font-style: normal; font-weight: 550; line-height: 18px;\">Voir cette publication sur Instagram<\/div>\n<\/div>\n<div style=\"padding: 12.5% 0;\"><\/div>\n<div style=\"flex-direction: row; margin-bottom: 14px; align-items: center;\">\n<div>\n<div style=\"background-color: #f4f4f4; border-radius: 50%; height: 12.5px; width: 12.5px;\"><\/div>\n<div style=\"background-color: #f4f4f4; height: 12.5px; width: 12.5px; flex-grow: 0; margin-right: 14px; margin-left: 2px;\"><\/div>\n<div style=\"background-color: #f4f4f4; border-radius: 50%; height: 12.5px; width: 12.5px;\"><\/div>\n<\/div>\n<div style=\"margin-left: 8px;\">\n<div style=\"background-color: #f4f4f4; border-radius: 50%; flex-grow: 0; height: 20px; width: 20px;\"><\/div>\n<div style=\"width: 0; height: 0; border-top: 2px solid transparent; border-left: 6px solid #f4f4f4; border-bottom: 2px solid transparent;\"><\/div>\n<\/div>\n<div style=\"margin-left: auto;\">\n<div style=\"width: 0px; border-top: 8px solid #F4F4F4; border-right: 8px solid transparent;\"><\/div>\n<div style=\"background-color: #f4f4f4; flex-grow: 0; height: 12px; width: 16px;\"><\/div>\n<div style=\"width: 0; height: 0; border-top: 8px solid #F4F4F4; border-left: 8px solid transparent;\"><\/div>\n<\/div>\n<\/div>\n<div style=\"flex-direction: column; flex-grow: 1; justify-content: center; margin-bottom: 24px;\">\n<div style=\"background-color: #f4f4f4; border-radius: 4px; flex-grow: 0; height: 14px; margin-bottom: 6px; width: 224px;\"><\/div>\n<div style=\"background-color: #f4f4f4; border-radius: 4px; flex-grow: 0; height: 14px; width: 144px;\"><\/div>\n<\/div>\n<p>&nbsp;<\/p>\n<p style=\"color: #c9c8cd; font-family: Arial,sans-serif; font-size: 14px; line-height: 17px; margin-bottom: 0; margin-top: 8px; overflow: hidden; padding: 8px 0 7px; text-align: center;\"><a style=\"color: #c9c8cd; font-family: Arial,sans-serif; font-size: 14px; font-style: normal; font-weight: normal; line-height: 17px; text-decoration: none;\" href=\"https:\/\/www.instagram.com\/p\/CIiU0CuhKzf\/?utm_source=ig_embed&amp;utm_campaign=loading\" target=\"_blank\" rel=\"noopener\">Une publication partag\u00e9e par Costa Brava \u2600\ufe0f\ud83c\udfd6 (@iamcostabrava)<\/a><\/p>\n<\/div>\n<\/blockquote>\n<p><span style=\"font-weight: 400;\">La Costa Brava est \u00e9galement parfaite pour les gourmands. Les petits restaurants de bord<\/span><span style=\"font-weight: 400;\"> de mer vous proposeront des fruits de mer frais et des sp\u00e9cialit\u00e9s locales, le tout arros\u00e9 d\u2019un verre de vin espagnol. Rejoindre la Costa Brava depuis Paris est facile : un train jusqu\u2019\u00e0 Barcelone (6 heures) puis un transfert en train ou en bus vers la c\u00f4te. Vous voil\u00e0 pr\u00eats pour une escapade 100% soleil !<\/span><\/p>\n","protected":false},"excerpt":{"rendered":"<p>L\u2019automne s\u2019invite doucement, mais avant de lui ouvrir grand la porte, pourquoi ne pas se donner une derni\u00e8re dose de [&hellip;]<\/p>\n","protected":false},"author":3,"featured_media":34732,"comment_status":"open","ping_status":"closed","sticky":false,"template":"","format":"standard","meta":{"_acf_changed":false,"_sitemap_exclude":false,"_sitemap_priority":"","_sitemap_frequency":"","footnotes":"","rank_math_title":"","rank_math_description":"Prolongez l\u2019\u00e9t\u00e9 sous les rayons du soleil avant l\u2019automne ! Ces destinations vous attendent pour un dernier voyage sous les palmiers.\n","rank_math_canonical_url":"","rank_math_focus_keyword":"soleil"},"categories":[3],"tags":[],"class_list":["post-34731","post","type-post","status-publish","format-standard","has-post-thumbnail","hentry","category-voyage"],"acf":[],"_links":{"self":[{"href":"https:\/\/ulysse.com\/news\/wp-json\/wp\/v2\/posts\/34731","targetHints":{"allow":["GET"]}}],"collection":[{"href":"https:\/\/ulysse.com\/news\/wp-json\/wp\/v2\/posts"}],"about":[{"href":"https:\/\/ulysse.com\/news\/wp-json\/wp\/v2\/types\/post"}],"author":[{"embeddable":true,"href":"https:\/\/ulysse.com\/news\/wp-json\/wp\/v2\/users\/3"}],"replies":[{"embeddable":true,"href":"https:\/\/ulysse.com\/news\/wp-json\/wp\/v2\/comments?post=34731"}],"version-history":[{"count":2,"href":"https:\/\/ulysse.com\/news\/wp-json\/wp\/v2\/posts\/34731\/revisions"}],"predecessor-version":[{"id":34770,"href":"https:\/\/ulysse.com\/news\/wp-json\/wp\/v2\/posts\/34731\/revisions\/34770"}],"wp:featuredmedia":[{"embeddable":true,"href":"https:\/\/ulysse.com\/news\/wp-json\/wp\/v2\/media\/34732"}],"wp:attachment":[{"href":"https:\/\/ulysse.com\/news\/wp-json\/wp\/v2\/media?parent=34731"}],"wp:term":[{"taxonomy":"category","embeddable":true,"href":"https:\/\/ulysse.com\/news\/wp-json\/wp\/v2\/categories?post=34731"},{"taxonomy":"post_tag","embeddable":true,"href":"https:\/\/ulysse.com\/news\/wp-json\/wp\/v2\/tags?post=34731"}],"curies":[{"name":"wp","href":"https:\/\/api.w.org\/{rel}","templated":true}]}}