{"id":34743,"date":"2025-09-08T18:00:05","date_gmt":"2025-09-08T17:00:05","guid":{"rendered":"https:\/\/discover.ulysse.com\/?p=34743"},"modified":"2025-09-08T08:23:48","modified_gmt":"2025-09-08T07:23:48","slug":"village-medieval-400-000-visiteurs","status":"publish","type":"post","link":"https:\/\/ulysse.com\/news\/village-medieval-400-000-visiteurs","title":{"rendered":"Perch\u00e9 sur un \u00e9peron rocheux \u00e0 429 m\u00e8tres d\u2019altitude, ce village m\u00e9di\u00e9val fascine chaque \u00e9t\u00e9 400 000 visiteurs"},"content":{"rendered":"<p><span style=\"font-weight: 400;\">Si vous pensiez conna\u00eetre la <strong>C\u00f4te d&#8217;Azur<\/strong> par c\u0153ur, d\u00e9trompez-vous ! Il existe un petit village qui d\u00e9fie les clich\u00e9s et qui, \u00e0 lui seul, incarne l\u2019\u00e2me authentique de la r\u00e9gion. Perch\u00e9 \u00e0 429 m\u00e8tres d\u2019altitude, le <strong>village d&#8217;\u00c8ze<\/strong> se d\u00e9voile comme un tr\u00e9sor cach\u00e9, lov\u00e9 sur un \u00e9peron rocheux, offrant \u00e0 ses visiteurs une vue imprenable sur la mer M\u00e9diterran\u00e9e. Et chaque \u00e9t\u00e9, plus de 400 000 voyageurs se laissent envo\u00fbter par sa beaut\u00e9 intemporelle. Alors, pourquoi \u00c8ze s\u00e9duit-il autant ? Parce que ce village m\u00e9di\u00e9val a tout pour plaire : un patrimoine historique fascinant, des paysages \u00e0 couper le souffle, et une atmosph\u00e8re qui vous transporte instantan\u00e9ment dans un autre temps. Si vous \u00eates pr\u00eats \u00e0 d\u00e9couvrir ce petit bijou azur\u00e9en, attachez vos ceintures, le voyage commence !<\/span><\/p>\n<h2><b>Un village suspendu entre ciel et mer : le charme d\u2019\u00c8ze<\/b><\/h2>\n<p><span style=\"font-weight: 400;\">En vous aventurant \u00e0<strong> \u00c8ze<\/strong>, vous p\u00e9n\u00e9trez un autre univers. L\u00e0, tout est diff\u00e9rent : les ruelles pav\u00e9es, les maisons en pierre aux volets color\u00e9s, les petites boutiques d\u2019artisanat local\u2026 Tout respire la tranquillit\u00e9, et pourtant, tout semble vibrer d\u2019histoire. Ce qui frappe d\u00e8s le premier pas dans le village, c\u2019est l\u2019impression d\u2019\u00eatre suspendu entre ciel et mer. La vue panoramique sur la M\u00e9diterran\u00e9e est \u00e0 couper le souffle, \u00e0 tel point que vous aurez l\u2019impression de pouvoir toucher l\u2019horizon. Le village, perch\u00e9 \u00e0 <strong>429 m\u00e8tres d\u2019altitude<\/strong>, est un v\u00e9ritable balcon naturel sur la<a href=\"https:\/\/discover.ulysse.com\/cote-dazur-ces-lieux-risquent-detre-engloutis-par-la-mer-dans-les-30-prochaines-annees\"> C\u00f4te d&#8217;Azur<\/a>, et c\u2019est ce qui fait sa magie. Il n\u2019est donc pas \u00e9tonnant que chaque ann\u00e9e, des milliers de visiteurs s\u2019y pressent pour profiter de son ambiance unique et de ses paysages dignes des plus belles cartes postales.<\/span><\/p>\n<p><span style=\"font-weight: 400;\">Les ruelles \u00e9troites, bord\u00e9es de petites maisons en pierre, ont l\u2019air fig\u00e9es dans le temps. Fl\u00e2ner dans les all\u00e9es d\u2019\u00c8ze, c\u2019est s\u2019\u00e9vader, se perdre dans l\u2019histoire, entre art et tradition. Le tout avec, en prime, des vues spectaculaires \u00e0 chaque coin de rue. Vous verrez des placettes accueillantes o\u00f9 il fait bon s&#8217;arr\u00eater pour un caf\u00e9 en terrasse, des petites boutiques o\u00f9 se cachent des tr\u00e9sors artisanaux et bien s\u00fbr, l&#8217;incontournable parfum de la mer qui vous suit partout. Ce village, c\u2019est un peu une invitation \u00e0 ralentir et \u00e0 respirer la beaut\u00e9 de la vie.<\/span><\/p>\n<blockquote class=\"instagram-media\" style=\"background: #FFF; border: 0; border-radius: 3px; margin: 1px; max-width: 540px; min-width: 326px; padding: 0; width: calc(100% - 2px);\" data-instgrm-captioned=\"\" data-instgrm-permalink=\"https:\/\/www.instagram.com\/p\/DNfwZBqqldv\/?utm_source=ig_embed&amp;utm_campaign=loading\" data-instgrm-version=\"14\">\n<div style=\"padding: 16px;\">\n<p>&nbsp;<\/p>\n<div style=\"flex-direction: row; align-items: center;\">\n<div style=\"background-color: #f4f4f4; border-radius: 50%; flex-grow: 0; height: 40px; margin-right: 14px; width: 40px;\"><\/div>\n<div style=\"flex-direction: column; flex-grow: 1; justify-content: center;\">\n<div style=\"background-color: #f4f4f4; border-radius: 4px; flex-grow: 0; height: 14px; margin-bottom: 6px; width: 100px;\"><\/div>\n<div style=\"background-color: #f4f4f4; border-radius: 4px; flex-grow: 0; height: 14px; width: 60px;\"><\/div>\n<\/div>\n<\/div>\n<div style=\"padding: 19% 0;\"><\/div>\n<div style=\"height: 50px; margin: 0 auto 12px; width: 50px;\"><\/div>\n<div style=\"padding-top: 8px;\">\n<div style=\"color: #3897f0; font-family: Arial,sans-serif; font-size: 14px; font-style: normal; font-weight: 550; line-height: 18px;\">Voir cette publication sur Instagram<\/div>\n<\/div>\n<div style=\"padding: 12.5% 0;\"><\/div>\n<div style=\"flex-direction: row; margin-bottom: 14px; align-items: center;\">\n<div>\n<div style=\"background-color: #f4f4f4; border-radius: 50%; height: 12.5px; width: 12.5px;\"><\/div>\n<div style=\"background-color: #f4f4f4; height: 12.5px; width: 12.5px; flex-grow: 0; margin-right: 14px; margin-left: 2px;\"><\/div>\n<div style=\"background-color: #f4f4f4; border-radius: 50%; height: 12.5px; width: 12.5px;\"><\/div>\n<\/div>\n<div style=\"margin-left: 8px;\">\n<div style=\"background-color: #f4f4f4; border-radius: 50%; flex-grow: 0; height: 20px; width: 20px;\"><\/div>\n<div style=\"width: 0; height: 0; border-top: 2px solid transparent; border-left: 6px solid #f4f4f4; border-bottom: 2px solid transparent;\"><\/div>\n<\/div>\n<div style=\"margin-left: auto;\">\n<div style=\"width: 0px; border-top: 8px solid #F4F4F4; border-right: 8px solid transparent;\"><\/div>\n<div style=\"background-color: #f4f4f4; flex-grow: 0; height: 12px; width: 16px;\"><\/div>\n<div style=\"width: 0; height: 0; border-top: 8px solid #F4F4F4; border-left: 8px solid transparent;\"><\/div>\n<\/div>\n<\/div>\n<div style=\"flex-direction: column; flex-grow: 1; justify-content: center; margin-bottom: 24px;\">\n<div style=\"background-color: #f4f4f4; border-radius: 4px; flex-grow: 0; height: 14px; margin-bottom: 6px; width: 224px;\"><\/div>\n<div style=\"background-color: #f4f4f4; border-radius: 4px; flex-grow: 0; height: 14px; width: 144px;\"><\/div>\n<\/div>\n<p>&nbsp;<\/p>\n<p style=\"color: #c9c8cd; font-family: Arial,sans-serif; font-size: 14px; line-height: 17px; margin-bottom: 0; margin-top: 8px; overflow: hidden; padding: 8px 0 7px; text-align: center;\"><a style=\"color: #c9c8cd; font-family: Arial,sans-serif; font-size: 14px; font-style: normal; font-weight: normal; line-height: 17px; text-decoration: none;\" href=\"https:\/\/www.instagram.com\/p\/DNfwZBqqldv\/?utm_source=ig_embed&amp;utm_campaign=loading\" target=\"_blank\" rel=\"noopener\">Une publication partag\u00e9e par Eze Tourisme (@eze_tourisme)<\/a><\/p>\n<\/div>\n<\/blockquote>\n<h2><b>Le jardin exotique d&#8217;\u00c8ze : un v\u00e9ritable coin de paradis<\/b><\/h2>\n<p><span style=\"font-weight: 400;\">On vous le dit tout de suite : le<strong> jardin exotique d\u2019\u00c8ze<\/strong> est l\u2019endroit o\u00f9 il faut absolument aller ! Et croyez-nous, une fois que vous y aurez mis les pieds, vous comprendrez pourquoi ce lieu est l\u2019un des plus visit\u00e9s de la C\u00f4te d&#8217;Azur. Imaginez un jardin suspendu, o\u00f9 des plantes succulentes, des cactus g\u00e9ants et des fleurs aux couleurs incroyables semblent d\u00e9fier les lois de la nature. Et tout \u00e7a, avec en toile de fond une vue spectaculaire sur la mer et les montagnes environnantes. Ce jardin, perch\u00e9 au sommet du village, n\u2019est pas seulement un havre de paix, c\u2019est aussi un v\u00e9ritable observatoire naturel. On y fl\u00e2ne avec plaisir, on s\u2019y arr\u00eate pour admirer la flore m\u00e9diterran\u00e9enne, et on en prend plein les yeux \u00e0 chaque coin de sentier.<\/span><\/p>\n<p><span style=\"font-weight: 400;\">Mais ce n\u2019est pas tout. <strong>Le jardin d&#8217;\u00c8ze<\/strong>, c\u2019est aussi un lieu de contemplation, parfait pour ceux qui recherchent un peu de calme et de s\u00e9r\u00e9nit\u00e9 apr\u00e8s avoir arpent\u00e9 les ruelles \u00e9troites du village. Pour les plus curieux, vous pourrez en apprendre davantage sur les plantes succulentes et d\u00e9couvrir des esp\u00e8ces v\u00e9g\u00e9tales incroyables, parfois m\u00eame rares. Le jardin est un petit coin de paradis o\u00f9 la nature et la beaut\u00e9 se rencontrent pour cr\u00e9er une atmosph\u00e8re magique et presque irr\u00e9elle.<\/span><\/p>\n<blockquote class=\"instagram-media\" style=\"background: #FFF; border: 0; border-radius: 3px; margin: 1px; max-width: 540px; min-width: 326px; padding: 0; width: calc(100% - 2px);\" data-instgrm-captioned=\"\" data-instgrm-permalink=\"https:\/\/www.instagram.com\/p\/DOOIFNAioBe\/?utm_source=ig_embed&amp;utm_campaign=loading\" data-instgrm-version=\"14\">\n<div style=\"padding: 16px;\">\n<p>&nbsp;<\/p>\n<div style=\"flex-direction: row; align-items: center;\">\n<div style=\"background-color: #f4f4f4; border-radius: 50%; flex-grow: 0; height: 40px; margin-right: 14px; width: 40px;\"><\/div>\n<div style=\"flex-direction: column; flex-grow: 1; justify-content: center;\">\n<div style=\"background-color: #f4f4f4; border-radius: 4px; flex-grow: 0; height: 14px; margin-bottom: 6px; width: 100px;\"><\/div>\n<div style=\"background-color: #f4f4f4; border-radius: 4px; flex-grow: 0; height: 14px; width: 60px;\"><\/div>\n<\/div>\n<\/div>\n<div style=\"padding: 19% 0;\"><\/div>\n<div style=\"height: 50px; margin: 0 auto 12px; width: 50px;\"><\/div>\n<div style=\"padding-top: 8px;\">\n<div style=\"color: #3897f0; font-family: Arial,sans-serif; font-size: 14px; font-style: normal; font-weight: 550; line-height: 18px;\">Voir cette publication sur Instagram<\/div>\n<\/div>\n<div style=\"padding: 12.5% 0;\"><\/div>\n<div style=\"flex-direction: row; margin-bottom: 14px; align-items: center;\">\n<div>\n<div style=\"background-color: #f4f4f4; border-radius: 50%; height: 12.5px; width: 12.5px;\"><\/div>\n<div style=\"background-color: #f4f4f4; height: 12.5px; width: 12.5px; flex-grow: 0; margin-right: 14px; margin-left: 2px;\"><\/div>\n<div style=\"background-color: #f4f4f4; border-radius: 50%; height: 12.5px; width: 12.5px;\"><\/div>\n<\/div>\n<div style=\"margin-left: 8px;\">\n<div style=\"background-color: #f4f4f4; border-radius: 50%; flex-grow: 0; height: 20px; width: 20px;\"><\/div>\n<div style=\"width: 0; height: 0; border-top: 2px solid transparent; border-left: 6px solid #f4f4f4; border-bottom: 2px solid transparent;\"><\/div>\n<\/div>\n<div style=\"margin-left: auto;\">\n<div style=\"width: 0px; border-top: 8px solid #F4F4F4; border-right: 8px solid transparent;\"><\/div>\n<div style=\"background-color: #f4f4f4; flex-grow: 0; height: 12px; width: 16px;\"><\/div>\n<div style=\"width: 0; height: 0; border-top: 8px solid #F4F4F4; border-left: 8px solid transparent;\"><\/div>\n<\/div>\n<\/div>\n<div style=\"flex-direction: column; flex-grow: 1; justify-content: center; margin-bottom: 24px;\">\n<div style=\"background-color: #f4f4f4; border-radius: 4px; flex-grow: 0; height: 14px; margin-bottom: 6px; width: 224px;\"><\/div>\n<div style=\"background-color: #f4f4f4; border-radius: 4px; flex-grow: 0; height: 14px; width: 144px;\"><\/div>\n<\/div>\n<p>&nbsp;<\/p>\n<p style=\"color: #c9c8cd; font-family: Arial,sans-serif; font-size: 14px; line-height: 17px; margin-bottom: 0; margin-top: 8px; overflow: hidden; padding: 8px 0 7px; text-align: center;\"><a style=\"color: #c9c8cd; font-family: Arial,sans-serif; font-size: 14px; font-style: normal; font-weight: normal; line-height: 17px; text-decoration: none;\" href=\"https:\/\/www.instagram.com\/p\/DOOIFNAioBe\/?utm_source=ig_embed&amp;utm_campaign=loading\" target=\"_blank\" rel=\"noopener\">Une publication partag\u00e9e par Eze Tourisme (@eze_tourisme)<\/a><\/p>\n<\/div>\n<\/blockquote>\n<h2><b>Comment se rendre \u00e0 \u00c8ze ? Le train, une option rapide et agr\u00e9able<\/b><\/h2>\n<p><span style=\"font-weight: 400;\">Bon, vous \u00eates convaincus et pr\u00eats \u00e0 explorer \u00c8ze\u2026 mais comment y aller ? Pas de panique, on a la solution ! Le train, c\u2019est le moyen id\u00e9al pour rejoindre ce village perch\u00e9. Si vous partez de Paris, par exemple, vous pouvez prendre un TGV direction Nice, et en seulement 5 heures, vous serez au c\u0153ur de la C\u00f4te d&#8217;Azur. Une fois \u00e0 Nice, vous pouvez emprunter un bus local ou un taxi, et en 20 minutes, vous voil\u00e0 arriv\u00e9 \u00e0 \u00c8ze. Pratique, non ?<\/span><\/p>\n<p><span style=\"font-weight: 400;\">Et ce n\u2019est pas r\u00e9serv\u00e9 qu\u2019aux Parisiens ! Si vous \u00eates \u00e0 Lyon, comptez environ 4h30 de trajet en TGV, et depuis Marseille, seulement 2h de voyage en train. L\u2019option train est donc un excellent moyen de d\u00e9couvrir la r\u00e9gion en toute tranquillit\u00e9, tout en profitant du confort d\u2019un trajet rapide. Pour les plus aventureux, pourquoi ne pas envisager un petit <a href=\"https:\/\/discover.ulysse.com\/loin-cliches-5-road-trip-france-ete-hors-commun\">road trip<\/a> sur la route des <strong>Alpes-Maritimes<\/strong> ? Mais le train reste, de loin, l&#8217;option la plus simple et agr\u00e9able pour rejoindre \u00c8ze depuis les grandes villes fran\u00e7aises. Vous pouvez compter sur un tarif variant entre 50 et 100 euros pour un billet en TGV, selon la p\u00e9riode et l&#8217;anticipation de votre r\u00e9servation.<\/span><\/p>\n<blockquote class=\"instagram-media\" style=\"background: #FFF; border: 0; border-radius: 3px; margin: 1px; max-width: 540px; min-width: 326px; padding: 0; width: calc(100% - 2px);\" data-instgrm-captioned=\"\" data-instgrm-permalink=\"https:\/\/www.instagram.com\/p\/DNknIGbKvwL\/?utm_source=ig_embed&amp;utm_campaign=loading\" data-instgrm-version=\"14\">\n<div style=\"padding: 16px;\">\n<p>&nbsp;<\/p>\n<div style=\"flex-direction: row; align-items: center;\">\n<div style=\"background-color: #f4f4f4; border-radius: 50%; flex-grow: 0; height: 40px; margin-right: 14px; width: 40px;\"><\/div>\n<div style=\"flex-direction: column; flex-grow: 1; justify-content: center;\">\n<div style=\"background-color: #f4f4f4; border-radius: 4px; flex-grow: 0; height: 14px; margin-bottom: 6px; width: 100px;\"><\/div>\n<div style=\"background-color: #f4f4f4; border-radius: 4px; flex-grow: 0; height: 14px; width: 60px;\"><\/div>\n<\/div>\n<\/div>\n<div style=\"padding: 19% 0;\"><\/div>\n<div style=\"height: 50px; margin: 0 auto 12px; width: 50px;\"><\/div>\n<div style=\"padding-top: 8px;\">\n<div style=\"color: #3897f0; font-family: Arial,sans-serif; font-size: 14px; font-style: normal; font-weight: 550; line-height: 18px;\">Voir cette publication sur Instagram<\/div>\n<\/div>\n<div style=\"padding: 12.5% 0;\"><\/div>\n<div style=\"flex-direction: row; margin-bottom: 14px; align-items: center;\">\n<div>\n<div style=\"background-color: #f4f4f4; border-radius: 50%; height: 12.5px; width: 12.5px;\"><\/div>\n<div style=\"background-color: #f4f4f4; height: 12.5px; width: 12.5px; flex-grow: 0; margin-right: 14px; margin-left: 2px;\"><\/div>\n<div style=\"background-color: #f4f4f4; border-radius: 50%; height: 12.5px; width: 12.5px;\"><\/div>\n<\/div>\n<div style=\"margin-left: 8px;\">\n<div style=\"background-color: #f4f4f4; border-radius: 50%; flex-grow: 0; height: 20px; width: 20px;\"><\/div>\n<div style=\"width: 0; height: 0; border-top: 2px solid transparent; border-left: 6px solid #f4f4f4; border-bottom: 2px solid transparent;\"><\/div>\n<\/div>\n<div style=\"margin-left: auto;\">\n<div style=\"width: 0px; border-top: 8px solid #F4F4F4; border-right: 8px solid transparent;\"><\/div>\n<div style=\"background-color: #f4f4f4; flex-grow: 0; height: 12px; width: 16px;\"><\/div>\n<div style=\"width: 0; height: 0; border-top: 8px solid #F4F4F4; border-left: 8px solid transparent;\"><\/div>\n<\/div>\n<\/div>\n<div style=\"flex-direction: column; flex-grow: 1; justify-content: center; margin-bottom: 24px;\">\n<div style=\"background-color: #f4f4f4; border-radius: 4px; flex-grow: 0; height: 14px; margin-bottom: 6px; width: 224px;\"><\/div>\n<div style=\"background-color: #f4f4f4; border-radius: 4px; flex-grow: 0; height: 14px; width: 144px;\"><\/div>\n<\/div>\n<p>&nbsp;<\/p>\n<p style=\"color: #c9c8cd; font-family: Arial,sans-serif; font-size: 14px; line-height: 17px; margin-bottom: 0; margin-top: 8px; overflow: hidden; padding: 8px 0 7px; text-align: center;\"><a style=\"color: #c9c8cd; font-family: Arial,sans-serif; font-size: 14px; font-style: normal; font-weight: normal; line-height: 17px; text-decoration: none;\" href=\"https:\/\/www.instagram.com\/p\/DNknIGbKvwL\/?utm_source=ig_embed&amp;utm_campaign=loading\" target=\"_blank\" rel=\"noopener\">Une publication partag\u00e9e par Eze Tourisme (@eze_tourisme)<\/a><\/p>\n<\/div>\n<\/blockquote>\n<h2><b>Que faire \u00e0 \u00c8ze ? Un concentr\u00e9 de culture et de nature<\/b><\/h2>\n<p><span style=\"font-weight: 400;\">Si vous pensez qu\u2019\u00c8ze ne se r\u00e9sume qu\u2019\u00e0 sa vue incroyable, d\u00e9trompez-vous ! Il y a une multitude d\u2019activit\u00e9s \u00e0 faire dans ce petit village. Laissez-vous s\u00e9duire par son histoire en d\u00e9couvrant ses ruelles pav\u00e9es et en visitant l\u2019\u00e9glise Saint-Sauveur, datant du XVIIIe si\u00e8cle. Pour les amateurs de randonn\u00e9es, le sentier de Nietzsche est un incontournable. Ce chemin, qui relie<strong> \u00c8ze-sur-Mer au village d\u2019\u00c8ze<\/strong>, offre des panoramas exceptionnels sur la mer et la montagne. C\u2019est une petite aventure pour ceux qui aiment se challenger, mais une aventure qui en vaut vraiment la peine.<\/span><\/p>\n<p><span style=\"font-weight: 400;\">Les amateurs d\u2019art ne seront pas en reste, car \u00c8ze regorge de petites galeries d\u2019art et d\u2019ateliers d\u2019artisans locaux. Vous pourrez aussi y d\u00e9couvrir des parfumeries artisanales, o\u00f9 les secrets de la cr\u00e9ation de parfums sont partag\u00e9s avec passion. Enfin, les activit\u00e9s aquatiques ne sont jamais bien loin. Kayak, plong\u00e9e ou simplement baignade dans les eaux cristallines de la M\u00e9diterran\u00e9e\u2026 vous ne manquerez pas d\u2019occasions de vous rafra\u00eechir !<\/span><\/p>\n<blockquote class=\"instagram-media\" style=\"background: #FFF; border: 0; border-radius: 3px; margin: 1px; max-width: 540px; min-width: 326px; padding: 0; width: calc(100% - 2px);\" data-instgrm-captioned=\"\" data-instgrm-permalink=\"https:\/\/www.instagram.com\/p\/DMVKTwPMHW8\/?utm_source=ig_embed&amp;utm_campaign=loading\" data-instgrm-version=\"14\">\n<div style=\"padding: 16px;\">\n<p>&nbsp;<\/p>\n<div style=\"flex-direction: row; align-items: center;\">\n<div style=\"background-color: #f4f4f4; border-radius: 50%; flex-grow: 0; height: 40px; margin-right: 14px; width: 40px;\"><\/div>\n<div style=\"flex-direction: column; flex-grow: 1; justify-content: center;\">\n<div style=\"background-color: #f4f4f4; border-radius: 4px; flex-grow: 0; height: 14px; margin-bottom: 6px; width: 100px;\"><\/div>\n<div style=\"background-color: #f4f4f4; border-radius: 4px; flex-grow: 0; height: 14px; width: 60px;\"><\/div>\n<\/div>\n<\/div>\n<div style=\"padding: 19% 0;\"><\/div>\n<div style=\"height: 50px; margin: 0 auto 12px; width: 50px;\"><\/div>\n<div style=\"padding-top: 8px;\">\n<div style=\"color: #3897f0; font-family: Arial,sans-serif; font-size: 14px; font-style: normal; font-weight: 550; line-height: 18px;\">Voir cette publication sur Instagram<\/div>\n<\/div>\n<div style=\"padding: 12.5% 0;\"><\/div>\n<div style=\"flex-direction: row; margin-bottom: 14px; align-items: center;\">\n<div>\n<div style=\"background-color: #f4f4f4; border-radius: 50%; height: 12.5px; width: 12.5px;\"><\/div>\n<div style=\"background-color: #f4f4f4; height: 12.5px; width: 12.5px; flex-grow: 0; margin-right: 14px; margin-left: 2px;\"><\/div>\n<div style=\"background-color: #f4f4f4; border-radius: 50%; height: 12.5px; width: 12.5px;\"><\/div>\n<\/div>\n<div style=\"margin-left: 8px;\">\n<div style=\"background-color: #f4f4f4; border-radius: 50%; flex-grow: 0; height: 20px; width: 20px;\"><\/div>\n<div style=\"width: 0; height: 0; border-top: 2px solid transparent; border-left: 6px solid #f4f4f4; border-bottom: 2px solid transparent;\"><\/div>\n<\/div>\n<div style=\"margin-left: auto;\">\n<div style=\"width: 0px; border-top: 8px solid #F4F4F4; border-right: 8px solid transparent;\"><\/div>\n<div style=\"background-color: #f4f4f4; flex-grow: 0; height: 12px; width: 16px;\"><\/div>\n<div style=\"width: 0; height: 0; border-top: 8px solid #F4F4F4; border-left: 8px solid transparent;\"><\/div>\n<\/div>\n<\/div>\n<div style=\"flex-direction: column; flex-grow: 1; justify-content: center; margin-bottom: 24px;\">\n<div style=\"background-color: #f4f4f4; border-radius: 4px; flex-grow: 0; height: 14px; margin-bottom: 6px; width: 224px;\"><\/div>\n<div style=\"background-color: #f4f4f4; border-radius: 4px; flex-grow: 0; height: 14px; width: 144px;\"><\/div>\n<\/div>\n<p>&nbsp;<\/p>\n<p style=\"color: #c9c8cd; font-family: Arial,sans-serif; font-size: 14px; line-height: 17px; margin-bottom: 0; margin-top: 8px; overflow: hidden; padding: 8px 0 7px; text-align: center;\"><a style=\"color: #c9c8cd; font-family: Arial,sans-serif; font-size: 14px; font-style: normal; font-weight: normal; line-height: 17px; text-decoration: none;\" href=\"https:\/\/www.instagram.com\/p\/DMVKTwPMHW8\/?utm_source=ig_embed&amp;utm_campaign=loading\" target=\"_blank\" rel=\"noopener\">Une publication partag\u00e9e par Eze Tourisme (@eze_tourisme)<\/a><\/p>\n<\/div>\n<\/blockquote>\n<p><span style=\"font-weight: 400;\">Si vous cherchez \u00e0 vous \u00e9vader du quotidien et \u00e0 d\u00e9couvrir un village charg\u00e9 d\u2019histoire et de charme, \u00c8ze est d\u00e9finitivement la destination qu\u2019il vous faut. Un village suspendu entre ciel et mer, o\u00f9 chaque instant pass\u00e9 devient un souvenir pr\u00e9cieux.<\/span><\/p>\n","protected":false},"excerpt":{"rendered":"<p>Si vous pensiez conna\u00eetre la C\u00f4te d&#8217;Azur par c\u0153ur, d\u00e9trompez-vous ! Il existe un petit village qui d\u00e9fie les clich\u00e9s [&hellip;]<\/p>\n","protected":false},"author":3,"featured_media":34744,"comment_status":"open","ping_status":"closed","sticky":false,"template":"","format":"standard","meta":{"_acf_changed":false,"_sitemap_exclude":false,"_sitemap_priority":"","_sitemap_frequency":"","footnotes":"","rank_math_title":"","rank_math_description":"Perch\u00e9 \u00e0 429 m, le village d'\u00c8ze s\u00e9duit chaque \u00e9t\u00e9 400 000 visiteurs avec ses panoramas \u00e9poustouflants et son charme m\u00e9di\u00e9val unique.\r\n","rank_math_canonical_url":"","rank_math_focus_keyword":"village"},"categories":[3],"tags":[],"class_list":["post-34743","post","type-post","status-publish","format-standard","has-post-thumbnail","hentry","category-voyage"],"acf":[],"_links":{"self":[{"href":"https:\/\/ulysse.com\/news\/wp-json\/wp\/v2\/posts\/34743","targetHints":{"allow":["GET"]}}],"collection":[{"href":"https:\/\/ulysse.com\/news\/wp-json\/wp\/v2\/posts"}],"about":[{"href":"https:\/\/ulysse.com\/news\/wp-json\/wp\/v2\/types\/post"}],"author":[{"embeddable":true,"href":"https:\/\/ulysse.com\/news\/wp-json\/wp\/v2\/users\/3"}],"replies":[{"embeddable":true,"href":"https:\/\/ulysse.com\/news\/wp-json\/wp\/v2\/comments?post=34743"}],"version-history":[{"count":3,"href":"https:\/\/ulysse.com\/news\/wp-json\/wp\/v2\/posts\/34743\/revisions"}],"predecessor-version":[{"id":34767,"href":"https:\/\/ulysse.com\/news\/wp-json\/wp\/v2\/posts\/34743\/revisions\/34767"}],"wp:featuredmedia":[{"embeddable":true,"href":"https:\/\/ulysse.com\/news\/wp-json\/wp\/v2\/media\/34744"}],"wp:attachment":[{"href":"https:\/\/ulysse.com\/news\/wp-json\/wp\/v2\/media?parent=34743"}],"wp:term":[{"taxonomy":"category","embeddable":true,"href":"https:\/\/ulysse.com\/news\/wp-json\/wp\/v2\/categories?post=34743"},{"taxonomy":"post_tag","embeddable":true,"href":"https:\/\/ulysse.com\/news\/wp-json\/wp\/v2\/tags?post=34743"}],"curies":[{"name":"wp","href":"https:\/\/api.w.org\/{rel}","templated":true}]}}