{"id":34746,"date":"2025-09-08T08:03:54","date_gmt":"2025-09-08T07:03:54","guid":{"rendered":"https:\/\/discover.ulysse.com\/?p=34746"},"modified":"2025-09-08T08:03:54","modified_gmt":"2025-09-08T07:03:54","slug":"vacances-tardives-balneaires-europe-septembre","status":"publish","type":"post","link":"https:\/\/ulysse.com\/news\/vacances-tardives-balneaires-europe-septembre","title":{"rendered":"Vacances tardives : voici les meilleures destinations baln\u00e9aires de l&#8217;Europe pour une escapade en septembre \u00e0 petits prix"},"content":{"rendered":"<p><span style=\"font-weight: 400;\">L\u2019\u00e9t\u00e9 semble d\u00e9j\u00e0 loin, mais qui a dit qu\u2019on devait dire adieu aux vacances d\u00e8s la fin ao\u00fbt ?<strong> Septembre<\/strong> est une p\u00e9riode en or pour s\u2019offrir une escapade au bord de l\u2019eau sans se ruiner. En effet, de nombreuses plages europ\u00e9ennes vous attendent, avec la mer encore chaude, des prix en baisse et beaucoup moins de monde sur le sable. Pas question de faire une croix sur votre dose de soleil et de d\u00e9tente ! Gr\u00e2ce aux bons plans rep\u00e9r\u00e9s par Time Out, on vous embarque dans un tour d\u2019horizon des meilleures destinations baln\u00e9aires \u00e0 prix tout doux pour prolonger l\u2019\u00e9t\u00e9 \u00e0 la perfection.<\/span><\/p>\n<h2><b>Bulgarie : Nessebar, un tr\u00e9sor cach\u00e9 \u00e0 petit prix<\/b><\/h2>\n<p><span style=\"font-weight: 400;\">Si vous ne connaissez pas encore <strong>Nessebar<\/strong>, il est grand temps de d\u00e9couvrir cette perle de la<strong> mer Noire<\/strong>. Nich\u00e9e entre mer et montagnes, cette ville bulgare regorge de charme avec ses ruelles pav\u00e9es, ses \u00e9glises anciennes et ses plages dor\u00e9es. Class\u00e9e au patrimoine mondial de l\u2019UNESCO, Nessebar est un v\u00e9ritable concentr\u00e9 d\u2019histoire, tout en \u00e9tant \u00e0 deux pas de l\u2019eau. En septembre, le site se pare de calme et vous offre un d\u00e9cor idyllique pour vos vacances tardives.<\/span><\/p>\n<p><span style=\"font-weight: 400;\">Que vous soyez amateur d\u2019histoire ou simplement en qu\u00eate de d\u00e9tente, Nessebar a tout pour plaire. Vous pourrez fl\u00e2ner dans le vieux centre-ville, explorer ses \u00e9glises byzantines, puis terminer la journ\u00e9e par un coucher de soleil spectaculaire sur la mer. Les prix ici sont incroyablement bas, tant pour se restaurer que pour se loger. Un repas traditionnel bulgare dans un restaurant local vous co\u00fbtera moins de 10 euros, et la location d\u2019un h\u00f4tel simple mais charmant ne d\u00e9passera pas les 40-50 euros la nuit. Pour vous y rendre, il vous suffit de prendre un vol direct depuis Paris (environ 2h30) pour l\u2019a\u00e9roport de Burgas, \u00e0 seulement une heure de route de Nessebar.<\/span><\/p>\n<blockquote class=\"instagram-media\" style=\"background: #FFF; border: 0; border-radius: 3px; margin: 1px; max-width: 540px; min-width: 326px; padding: 0; width: calc(100% - 2px);\" data-instgrm-captioned=\"\" data-instgrm-permalink=\"https:\/\/www.instagram.com\/p\/CujMUKsKAoA\/?utm_source=ig_embed&amp;utm_campaign=loading\" data-instgrm-version=\"14\">\n<div style=\"padding: 16px;\">\n<p>&nbsp;<\/p>\n<div style=\"flex-direction: row; align-items: center;\">\n<div style=\"background-color: #f4f4f4; border-radius: 50%; flex-grow: 0; height: 40px; margin-right: 14px; width: 40px;\"><\/div>\n<div style=\"flex-direction: column; flex-grow: 1; justify-content: center;\">\n<div style=\"background-color: #f4f4f4; border-radius: 4px; flex-grow: 0; height: 14px; margin-bottom: 6px; width: 100px;\"><\/div>\n<div style=\"background-color: #f4f4f4; border-radius: 4px; flex-grow: 0; height: 14px; width: 60px;\"><\/div>\n<\/div>\n<\/div>\n<div style=\"padding: 19% 0;\"><\/div>\n<div style=\"height: 50px; margin: 0 auto 12px; width: 50px;\"><\/div>\n<div style=\"padding-top: 8px;\">\n<div style=\"color: #3897f0; font-family: Arial,sans-serif; font-size: 14px; font-style: normal; font-weight: 550; line-height: 18px;\">Voir cette publication sur Instagram<\/div>\n<\/div>\n<div style=\"padding: 12.5% 0;\"><\/div>\n<div style=\"flex-direction: row; margin-bottom: 14px; align-items: center;\">\n<div>\n<div style=\"background-color: #f4f4f4; border-radius: 50%; height: 12.5px; width: 12.5px;\"><\/div>\n<div style=\"background-color: #f4f4f4; height: 12.5px; width: 12.5px; flex-grow: 0; margin-right: 14px; margin-left: 2px;\"><\/div>\n<div style=\"background-color: #f4f4f4; border-radius: 50%; height: 12.5px; width: 12.5px;\"><\/div>\n<\/div>\n<div style=\"margin-left: 8px;\">\n<div style=\"background-color: #f4f4f4; border-radius: 50%; flex-grow: 0; height: 20px; width: 20px;\"><\/div>\n<div style=\"width: 0; height: 0; border-top: 2px solid transparent; border-left: 6px solid #f4f4f4; border-bottom: 2px solid transparent;\"><\/div>\n<\/div>\n<div style=\"margin-left: auto;\">\n<div style=\"width: 0px; border-top: 8px solid #F4F4F4; border-right: 8px solid transparent;\"><\/div>\n<div style=\"background-color: #f4f4f4; flex-grow: 0; height: 12px; width: 16px;\"><\/div>\n<div style=\"width: 0; height: 0; border-top: 8px solid #F4F4F4; border-left: 8px solid transparent;\"><\/div>\n<\/div>\n<\/div>\n<div style=\"flex-direction: column; flex-grow: 1; justify-content: center; margin-bottom: 24px;\">\n<div style=\"background-color: #f4f4f4; border-radius: 4px; flex-grow: 0; height: 14px; margin-bottom: 6px; width: 224px;\"><\/div>\n<div style=\"background-color: #f4f4f4; border-radius: 4px; flex-grow: 0; height: 14px; width: 144px;\"><\/div>\n<\/div>\n<p>&nbsp;<\/p>\n<p style=\"color: #c9c8cd; font-family: Arial,sans-serif; font-size: 14px; line-height: 17px; margin-bottom: 0; margin-top: 8px; overflow: hidden; padding: 8px 0 7px; text-align: center;\"><a style=\"color: #c9c8cd; font-family: Arial,sans-serif; font-size: 14px; font-style: normal; font-weight: normal; line-height: 17px; text-decoration: none;\" href=\"https:\/\/www.instagram.com\/p\/CujMUKsKAoA\/?utm_source=ig_embed&amp;utm_campaign=loading\" target=\"_blank\" rel=\"noopener\">Une publication partag\u00e9e par Arn\u00f3r Willard Kjartansson (@icelandic1990)<\/a><\/p>\n<\/div>\n<\/blockquote>\n<h2><b>Mont\u00e9n\u00e9gro : Budva, un petit coin de paradis encore abordable<\/b><\/h2>\n<p><span style=\"font-weight: 400;\">Envie de vacances au bord de<strong> l\u2019Adriatique,<\/strong> mais sans casser votre tirelire ? Direction <strong>Budva<\/strong>, au <a href=\"https:\/\/discover.ulysse.com\/explorer-montenegro-sentiers-de-randonnee\">Mont\u00e9n\u00e9gro<\/a> ! Cette station baln\u00e9aire est un v\u00e9ritable coup de c\u0153ur pour ceux qui recherchent une destination \u00e0 la fois anim\u00e9e et authentique. En plus de ses plages paradisiaques, Budva est un m\u00e9lange parfait entre l\u2019histoire m\u00e9di\u00e9vale de sa vieille ville et l\u2019ambiance festive de ses plages. Que vous soyez plut\u00f4t farniente sur le sable ou soir\u00e9e dans les bars \u00e0 cocktails en bord de mer, Budva vous r\u00e9serve de belles surprises.<\/span><\/p>\n<p><span style=\"font-weight: 400;\">Le cadre naturel autour de Budva est tout simplement \u00e9poustouflant : montagnes vertigineuses, mer cristalline et petites \u00eeles au large. De plus, le co\u00fbt de la vie au<strong> Mont\u00e9n\u00e9gro<\/strong> est plut\u00f4t doux pour un voyageur fran\u00e7ais, avec des repas dans de bons restaurants \u00e0 partir de 15-20 euros. Le plus ? En septembre, la ville est beaucoup moins bond\u00e9e qu\u2019en haute saison, vous pourrez donc profiter des plages sans la foule. Pour rejoindre Budva, prenez un vol direct depuis Paris pour<strong> Podgorica<\/strong>, ou bien optez pour un trajet plus pittoresque via <strong>Dubrovnik<\/strong> en train et bus.<\/span><\/p>\n<blockquote class=\"instagram-media\" style=\"background: #FFF; border: 0; border-radius: 3px; margin: 1px; max-width: 540px; min-width: 326px; padding: 0; width: calc(100% - 2px);\" data-instgrm-captioned=\"\" data-instgrm-permalink=\"https:\/\/www.instagram.com\/p\/DORqg7XDfIV\/?utm_source=ig_embed&amp;utm_campaign=loading\" data-instgrm-version=\"14\">\n<div style=\"padding: 16px;\">\n<p>&nbsp;<\/p>\n<div style=\"flex-direction: row; align-items: center;\">\n<div style=\"background-color: #f4f4f4; border-radius: 50%; flex-grow: 0; height: 40px; margin-right: 14px; width: 40px;\"><\/div>\n<div style=\"flex-direction: column; flex-grow: 1; justify-content: center;\">\n<div style=\"background-color: #f4f4f4; border-radius: 4px; flex-grow: 0; height: 14px; margin-bottom: 6px; width: 100px;\"><\/div>\n<div style=\"background-color: #f4f4f4; border-radius: 4px; flex-grow: 0; height: 14px; width: 60px;\"><\/div>\n<\/div>\n<\/div>\n<div style=\"padding: 19% 0;\"><\/div>\n<div style=\"height: 50px; margin: 0 auto 12px; width: 50px;\"><\/div>\n<div style=\"padding-top: 8px;\">\n<div style=\"color: #3897f0; font-family: Arial,sans-serif; font-size: 14px; font-style: normal; font-weight: 550; line-height: 18px;\">Voir cette publication sur Instagram<\/div>\n<\/div>\n<div style=\"padding: 12.5% 0;\"><\/div>\n<div style=\"flex-direction: row; margin-bottom: 14px; align-items: center;\">\n<div>\n<div style=\"background-color: #f4f4f4; border-radius: 50%; height: 12.5px; width: 12.5px;\"><\/div>\n<div style=\"background-color: #f4f4f4; height: 12.5px; width: 12.5px; flex-grow: 0; margin-right: 14px; margin-left: 2px;\"><\/div>\n<div style=\"background-color: #f4f4f4; border-radius: 50%; height: 12.5px; width: 12.5px;\"><\/div>\n<\/div>\n<div style=\"margin-left: 8px;\">\n<div style=\"background-color: #f4f4f4; border-radius: 50%; flex-grow: 0; height: 20px; width: 20px;\"><\/div>\n<div style=\"width: 0; height: 0; border-top: 2px solid transparent; border-left: 6px solid #f4f4f4; border-bottom: 2px solid transparent;\"><\/div>\n<\/div>\n<div style=\"margin-left: auto;\">\n<div style=\"width: 0px; border-top: 8px solid #F4F4F4; border-right: 8px solid transparent;\"><\/div>\n<div style=\"background-color: #f4f4f4; flex-grow: 0; height: 12px; width: 16px;\"><\/div>\n<div style=\"width: 0; height: 0; border-top: 8px solid #F4F4F4; border-left: 8px solid transparent;\"><\/div>\n<\/div>\n<\/div>\n<div style=\"flex-direction: column; flex-grow: 1; justify-content: center; margin-bottom: 24px;\">\n<div style=\"background-color: #f4f4f4; border-radius: 4px; flex-grow: 0; height: 14px; margin-bottom: 6px; width: 224px;\"><\/div>\n<div style=\"background-color: #f4f4f4; border-radius: 4px; flex-grow: 0; height: 14px; width: 144px;\"><\/div>\n<\/div>\n<p>&nbsp;<\/p>\n<p style=\"color: #c9c8cd; font-family: Arial,sans-serif; font-size: 14px; line-height: 17px; margin-bottom: 0; margin-top: 8px; overflow: hidden; padding: 8px 0 7px; text-align: center;\"><a style=\"color: #c9c8cd; font-family: Arial,sans-serif; font-size: 14px; font-style: normal; font-weight: normal; line-height: 17px; text-decoration: none;\" href=\"https:\/\/www.instagram.com\/p\/DORqg7XDfIV\/?utm_source=ig_embed&amp;utm_campaign=loading\" target=\"_blank\" rel=\"noopener\">Une publication partag\u00e9e par Dragana Mitovska (@dragana.mk)<\/a><\/p>\n<\/div>\n<\/blockquote>\n<h2><b>Espagne : Costa de Almer\u00eda, une escapade m\u00e9diterran\u00e9enne \u00e0 petits prix<\/b><\/h2>\n<p><span style=\"font-weight: 400;\">Qui a dit que la M\u00e9diterran\u00e9e devait \u00eatre synonyme de prix \u00e9lev\u00e9s ?<a href=\"https:\/\/discover.ulysse.com\/belles-cites-cotieres-despagne\"> La Costa de Almer\u00eda<\/a>, en Espagne, est une vraie bonne surprise pour ceux qui cherchent une destination baln\u00e9aire tranquille et abordable en septembre. Situ\u00e9e dans le sud de l\u2019Espagne, cette r\u00e9gion est un v\u00e9ritable secret bien gard\u00e9. Ici, pas de foules de touristes, mais des plages \u00e0 couper le souffle, de petites criques cach\u00e9es et des paysages de carte postale.<\/span><\/p>\n<p><span style=\"font-weight: 400;\">En plus de ses plages, <strong>Almer\u00eda<\/strong> est un excellent point de d\u00e9part pour explorer les environs. La r\u00e9gion abrite un parc naturel, celui deb, o\u00f9 vous pourrez faire de la randonn\u00e9e, du kayak ou tout simplement vous d\u00e9tendre au milieu de la nature sauvage. Les prix en Espagne sont en moyenne plus bas qu\u2019ailleurs en Europe, avec des repas pour deux \u00e0 partir de 20-25 euros et des logements simples \u00e0 partir de 40 euros la nuit. Pour y acc\u00e9der, optez pour un vol direct ou un train depuis Paris (environ 12h), et vous serez \u00e0 quelques pas de ce coin de paradis.<\/span><\/p>\n<blockquote class=\"instagram-media\" style=\"background: #FFF; border: 0; border-radius: 3px; margin: 1px; max-width: 540px; min-width: 326px; padding: 0; width: calc(100% - 2px);\" data-instgrm-captioned=\"\" data-instgrm-permalink=\"https:\/\/www.instagram.com\/p\/DNQNNu0y_dh\/?utm_source=ig_embed&amp;utm_campaign=loading\" data-instgrm-version=\"14\">\n<div style=\"padding: 16px;\">\n<p>&nbsp;<\/p>\n<div style=\"flex-direction: row; align-items: center;\">\n<div style=\"background-color: #f4f4f4; border-radius: 50%; flex-grow: 0; height: 40px; margin-right: 14px; width: 40px;\"><\/div>\n<div style=\"flex-direction: column; flex-grow: 1; justify-content: center;\">\n<div style=\"background-color: #f4f4f4; border-radius: 4px; flex-grow: 0; height: 14px; margin-bottom: 6px; width: 100px;\"><\/div>\n<div style=\"background-color: #f4f4f4; border-radius: 4px; flex-grow: 0; height: 14px; width: 60px;\"><\/div>\n<\/div>\n<\/div>\n<div style=\"padding: 19% 0;\"><\/div>\n<div style=\"height: 50px; margin: 0 auto 12px; width: 50px;\"><\/div>\n<div style=\"padding-top: 8px;\">\n<div style=\"color: #3897f0; font-family: Arial,sans-serif; font-size: 14px; font-style: normal; font-weight: 550; line-height: 18px;\">Voir cette publication sur Instagram<\/div>\n<\/div>\n<div style=\"padding: 12.5% 0;\"><\/div>\n<div style=\"flex-direction: row; margin-bottom: 14px; align-items: center;\">\n<div>\n<div style=\"background-color: #f4f4f4; border-radius: 50%; height: 12.5px; width: 12.5px;\"><\/div>\n<div style=\"background-color: #f4f4f4; height: 12.5px; width: 12.5px; flex-grow: 0; margin-right: 14px; margin-left: 2px;\"><\/div>\n<div style=\"background-color: #f4f4f4; border-radius: 50%; height: 12.5px; width: 12.5px;\"><\/div>\n<\/div>\n<div style=\"margin-left: 8px;\">\n<div style=\"background-color: #f4f4f4; border-radius: 50%; flex-grow: 0; height: 20px; width: 20px;\"><\/div>\n<div style=\"width: 0; height: 0; border-top: 2px solid transparent; border-left: 6px solid #f4f4f4; border-bottom: 2px solid transparent;\"><\/div>\n<\/div>\n<div style=\"margin-left: auto;\">\n<div style=\"width: 0px; border-top: 8px solid #F4F4F4; border-right: 8px solid transparent;\"><\/div>\n<div style=\"background-color: #f4f4f4; flex-grow: 0; height: 12px; width: 16px;\"><\/div>\n<div style=\"width: 0; height: 0; border-top: 8px solid #F4F4F4; border-left: 8px solid transparent;\"><\/div>\n<\/div>\n<\/div>\n<div style=\"flex-direction: column; flex-grow: 1; justify-content: center; margin-bottom: 24px;\">\n<div style=\"background-color: #f4f4f4; border-radius: 4px; flex-grow: 0; height: 14px; margin-bottom: 6px; width: 224px;\"><\/div>\n<div style=\"background-color: #f4f4f4; border-radius: 4px; flex-grow: 0; height: 14px; width: 144px;\"><\/div>\n<\/div>\n<p>&nbsp;<\/p>\n<p style=\"color: #c9c8cd; font-family: Arial,sans-serif; font-size: 14px; line-height: 17px; margin-bottom: 0; margin-top: 8px; overflow: hidden; padding: 8px 0 7px; text-align: center;\"><a style=\"color: #c9c8cd; font-family: Arial,sans-serif; font-size: 14px; font-style: normal; font-weight: normal; line-height: 17px; text-decoration: none;\" href=\"https:\/\/www.instagram.com\/p\/DNQNNu0y_dh\/?utm_source=ig_embed&amp;utm_campaign=loading\" target=\"_blank\" rel=\"noopener\">Une publication partag\u00e9e par Servicio Provincial De Turismo (@costa_almeria)<\/a><\/p>\n<\/div>\n<\/blockquote>\n<h2><b>Gr\u00e8ce : Halkidiki, la destination secr\u00e8te du nord<\/b><\/h2>\n<p><span style=\"font-weight: 400;\">Si vous r\u00eavez de paysages m\u00e9diterran\u00e9ens sans la foule, <strong>Halkidiki<\/strong> est la destination id\u00e9ale. Situ\u00e9e au nord de la Gr\u00e8ce, cette r\u00e9gion offre une tranquillit\u00e9 absolue, avec ses plages sauvages et ses eaux cristallines. Loin du tourisme de masse des \u00eeles grecques, Halkidiki vous permet de profiter de la Gr\u00e8ce authentique : des petits villages de p\u00eacheurs, des ruines antiques et des panoramas magnifiques sur la <strong>mer \u00c9g\u00e9e.<\/strong><\/span><\/p>\n<p><span style=\"font-weight: 400;\">Les trois \u00ab doigts \u00bb de la p\u00e9ninsule sont des coins parfaits pour varier les plaisirs : plages isol\u00e9es, for\u00eats de pins, villages typiques et sites arch\u00e9ologiques. C\u2019est aussi un endroit r\u00eav\u00e9 pour les amoureux de sports nautiques ou les randonneurs en qu\u00eate de d\u00e9paysement. Le co\u00fbt de la vie en Gr\u00e8ce est plut\u00f4t abordable, avec des repas dans des tavernes locales \u00e0 partir de 10-15 euros et des h\u00f4tels \u00e0 partir de 50 euros la nuit. Pour vous y rendre, il vous suffit de prendre un vol pour Thessalonique (environ 2h30 de vol depuis Paris) puis un transfert de 2h en bus ou en train jusqu\u2019\u00e0 Halkidiki.<\/span><\/p>\n<blockquote class=\"instagram-media\" style=\"background: #FFF; border: 0; border-radius: 3px; margin: 1px; max-width: 540px; min-width: 326px; padding: 0; width: calc(100% - 2px);\" data-instgrm-captioned=\"\" data-instgrm-permalink=\"https:\/\/www.instagram.com\/p\/DOImBS6DcNj\/?utm_source=ig_embed&amp;utm_campaign=loading\" data-instgrm-version=\"14\">\n<div style=\"padding: 16px;\">\n<p>&nbsp;<\/p>\n<div style=\"flex-direction: row; align-items: center;\">\n<div style=\"background-color: #f4f4f4; border-radius: 50%; flex-grow: 0; height: 40px; margin-right: 14px; width: 40px;\"><\/div>\n<div style=\"flex-direction: column; flex-grow: 1; justify-content: center;\">\n<div style=\"background-color: #f4f4f4; border-radius: 4px; flex-grow: 0; height: 14px; margin-bottom: 6px; width: 100px;\"><\/div>\n<div style=\"background-color: #f4f4f4; border-radius: 4px; flex-grow: 0; height: 14px; width: 60px;\"><\/div>\n<\/div>\n<\/div>\n<div style=\"padding: 19% 0;\"><\/div>\n<div style=\"height: 50px; margin: 0 auto 12px; width: 50px;\"><\/div>\n<div style=\"padding-top: 8px;\">\n<div style=\"color: #3897f0; font-family: Arial,sans-serif; font-size: 14px; font-style: normal; font-weight: 550; line-height: 18px;\">Voir cette publication sur Instagram<\/div>\n<\/div>\n<div style=\"padding: 12.5% 0;\"><\/div>\n<div style=\"flex-direction: row; margin-bottom: 14px; align-items: center;\">\n<div>\n<div style=\"background-color: #f4f4f4; border-radius: 50%; height: 12.5px; width: 12.5px;\"><\/div>\n<div style=\"background-color: #f4f4f4; height: 12.5px; width: 12.5px; flex-grow: 0; margin-right: 14px; margin-left: 2px;\"><\/div>\n<div style=\"background-color: #f4f4f4; border-radius: 50%; height: 12.5px; width: 12.5px;\"><\/div>\n<\/div>\n<div style=\"margin-left: 8px;\">\n<div style=\"background-color: #f4f4f4; border-radius: 50%; flex-grow: 0; height: 20px; width: 20px;\"><\/div>\n<div style=\"width: 0; height: 0; border-top: 2px solid transparent; border-left: 6px solid #f4f4f4; border-bottom: 2px solid transparent;\"><\/div>\n<\/div>\n<div style=\"margin-left: auto;\">\n<div style=\"width: 0px; border-top: 8px solid #F4F4F4; border-right: 8px solid transparent;\"><\/div>\n<div style=\"background-color: #f4f4f4; flex-grow: 0; height: 12px; width: 16px;\"><\/div>\n<div style=\"width: 0; height: 0; border-top: 8px solid #F4F4F4; border-left: 8px solid transparent;\"><\/div>\n<\/div>\n<\/div>\n<div style=\"flex-direction: column; flex-grow: 1; justify-content: center; margin-bottom: 24px;\">\n<div style=\"background-color: #f4f4f4; border-radius: 4px; flex-grow: 0; height: 14px; margin-bottom: 6px; width: 224px;\"><\/div>\n<div style=\"background-color: #f4f4f4; border-radius: 4px; flex-grow: 0; height: 14px; width: 144px;\"><\/div>\n<\/div>\n<p>&nbsp;<\/p>\n<p style=\"color: #c9c8cd; font-family: Arial,sans-serif; font-size: 14px; line-height: 17px; margin-bottom: 0; margin-top: 8px; overflow: hidden; padding: 8px 0 7px; text-align: center;\"><a style=\"color: #c9c8cd; font-family: Arial,sans-serif; font-size: 14px; font-style: normal; font-weight: normal; line-height: 17px; text-decoration: none;\" href=\"https:\/\/www.instagram.com\/p\/DOImBS6DcNj\/?utm_source=ig_embed&amp;utm_campaign=loading\" target=\"_blank\" rel=\"noopener\">Une publication partag\u00e9e par Visit Halkidiki (@visithalkidiki)<\/a><\/p>\n<\/div>\n<\/blockquote>\n<h2><b>Pourquoi partir en septembre ? Parce que l&#8217;\u00e9t\u00e9 n\u2019est pas fini !<\/b><\/h2>\n<p><span style=\"font-weight: 400;\">Le mois de septembre offre un cadre id\u00e9al pour des vacances baln\u00e9aires \u00e0 petit prix : un soleil toujours pr\u00e9sent, des temp\u00e9ratures agr\u00e9ables, des plages moins bond\u00e9es et des prix en chute libre par rapport \u00e0 la haute saison. Vous avez d\u00e9sormais quelques id\u00e9es pour choisir la destination qui correspond \u00e0 vos envies : histoire, nature, farniente ou aventure\u2026 De la Bulgarie \u00e0 la Gr\u00e8ce, en passant par l\u2019Espagne et le Mont\u00e9n\u00e9gro, ces destinations selectionn\u00e9es par<a href=\"https:\/\/www.timeout.com\/news\/the-cheapest-european-beach-breaks-for-end-of-season-sun-090425\" target=\"_blank\" rel=\"noopener\"> Time Out,<\/a> vous r\u00e9servent des vacances parfaites sans trop de contraintes budg\u00e9taires. Alors, pourquoi attendre l\u2019\u00e9t\u00e9 prochain pour vos prochaines vacances \u00e0 la mer ?<\/span><\/p>\n","protected":false},"excerpt":{"rendered":"<p>L\u2019\u00e9t\u00e9 semble d\u00e9j\u00e0 loin, mais qui a dit qu\u2019on devait dire adieu aux vacances d\u00e8s la fin ao\u00fbt ? Septembre [&hellip;]<\/p>\n","protected":false},"author":3,"featured_media":34747,"comment_status":"open","ping_status":"closed","sticky":false,"template":"","format":"standard","meta":{"_acf_changed":false,"_sitemap_exclude":false,"_sitemap_priority":"","_sitemap_frequency":"","footnotes":"","rank_math_title":"","rank_math_description":"Prolongez l'\u00e9t\u00e9 en septembre avec des plages magnifiques et des prix tout doux ! D\u00e9couvrez les meilleures destinations baln\u00e9aires \u00e0 petit prix.\n","rank_math_canonical_url":"","rank_math_focus_keyword":"baln\u00e9aire,septembre"},"categories":[3],"tags":[],"class_list":["post-34746","post","type-post","status-publish","format-standard","has-post-thumbnail","hentry","category-voyage"],"acf":[],"_links":{"self":[{"href":"https:\/\/ulysse.com\/news\/wp-json\/wp\/v2\/posts\/34746","targetHints":{"allow":["GET"]}}],"collection":[{"href":"https:\/\/ulysse.com\/news\/wp-json\/wp\/v2\/posts"}],"about":[{"href":"https:\/\/ulysse.com\/news\/wp-json\/wp\/v2\/types\/post"}],"author":[{"embeddable":true,"href":"https:\/\/ulysse.com\/news\/wp-json\/wp\/v2\/users\/3"}],"replies":[{"embeddable":true,"href":"https:\/\/ulysse.com\/news\/wp-json\/wp\/v2\/comments?post=34746"}],"version-history":[{"count":2,"href":"https:\/\/ulysse.com\/news\/wp-json\/wp\/v2\/posts\/34746\/revisions"}],"predecessor-version":[{"id":34760,"href":"https:\/\/ulysse.com\/news\/wp-json\/wp\/v2\/posts\/34746\/revisions\/34760"}],"wp:featuredmedia":[{"embeddable":true,"href":"https:\/\/ulysse.com\/news\/wp-json\/wp\/v2\/media\/34747"}],"wp:attachment":[{"href":"https:\/\/ulysse.com\/news\/wp-json\/wp\/v2\/media?parent=34746"}],"wp:term":[{"taxonomy":"category","embeddable":true,"href":"https:\/\/ulysse.com\/news\/wp-json\/wp\/v2\/categories?post=34746"},{"taxonomy":"post_tag","embeddable":true,"href":"https:\/\/ulysse.com\/news\/wp-json\/wp\/v2\/tags?post=34746"}],"curies":[{"name":"wp","href":"https:\/\/api.w.org\/{rel}","templated":true}]}}