{"id":34778,"date":"2025-09-15T19:00:50","date_gmt":"2025-09-15T18:00:50","guid":{"rendered":"https:\/\/discover.ulysse.com\/?p=34778"},"modified":"2025-09-15T14:11:46","modified_gmt":"2025-09-15T13:11:46","slug":"les-pieds-dans-la-lave-et-la-tete-dans-les-nuages-un-voyage-incroyable-sur-la-reunion","status":"publish","type":"post","link":"https:\/\/ulysse.com\/news\/les-pieds-dans-la-lave-et-la-tete-dans-les-nuages-un-voyage-incroyable-sur-la-reunion","title":{"rendered":"Les pieds dans la lave et la t\u00eate dans les nuages, un voyage incroyable sur La R\u00e9union"},"content":{"rendered":"<p data-start=\"74\" data-end=\"683\">La R\u00e9union, cette perle de l\u2019oc\u00e9an Indien, abrite l\u2019un des sentiers les plus fascinants et exigeants du monde : le GR\u00aeR2. Un parcours de 132 kilom\u00e8tres, reliant le nord au sud de l\u2019\u00eele, qui attire non seulement les randonneurs aguerris, mais aussi les plus grands passionn\u00e9s de trail. Mais au-del\u00e0 de son c\u00f4t\u00e9 sportif, c\u2019est une v\u00e9ritable aventure dans un d\u00e9cor sauvage et impressionnant. Qui sont ces randonneurs qui s\u2019attaquent \u00e0 ce d\u00e9fi titanesque, et pourquoi cette travers\u00e9e est-elle devenue un incontournable pour les aventuriers ? D\u00e9couvrons ensemble le GR\u00aeR2, un voyage au c\u0153ur de l\u2019\u00e2me de La R\u00e9union.<\/p>\n<h2 data-start=\"685\" data-end=\"746\">Une aventure mythique entre volcans et for\u00eats luxuriantes<\/h2>\n<p data-start=\"748\" data-end=\"1159\">Le GR\u00aeR2, c\u2019est un peu l\u2019\u00e2me de La R\u00e9union qui se d\u00e9voile. Cette grande randonn\u00e9e ne se contente pas de relier deux points g\u00e9ographiques, elle traverse l\u2019\u00e2me m\u00eame de l\u2019\u00eele. De la montagne au littoral, du Piton des Neiges aux volcans impressionnants, en passant par les for\u00eats verdoyantes et les cascades cach\u00e9es, ce sentier est une exploration de la nature r\u00e9unionnaise dans toute sa splendeur et sa diversit\u00e9.<\/p>\n<p data-start=\"1161\" data-end=\"1776\">Le parcours d\u00e9marre \u00e0 Saint-Denis, \u00e0 La Providence, et finit \u00e0 Basse-Vall\u00e9e, apr\u00e8s avoir travers\u00e9 des paysages aussi vari\u00e9s qu\u2019inattendus. Les randonneurs ont l\u2019impression de marcher sur les bords de l\u2019histoire g\u00e9ologique de l\u2019\u00eele, entre les crat\u00e8res des volcans endormis et les for\u00eats de cirques. Mais ne vous y trompez pas : ce n\u2019est pas un simple tour touristique. Avec plus de 10 000 m\u00e8tres de d\u00e9nivel\u00e9 positif, chaque \u00e9tape demande une pr\u00e9paration physique et mentale de haut niveau. Le GR\u00aeR2, c\u2019est aussi un parcours qui r\u00e9serve de sacr\u00e9es surprises, comme des ravins \u00e0 franchir ou des passerelles suspendues.<\/p>\n<blockquote class=\"tiktok-embed\" style=\"max-width: 605px; min-width: 325px;\" cite=\"https:\/\/www.tiktok.com\/@sarah_hiking\/video\/7042401882622577926\" data-video-id=\"7042401882622577926\">\n<section><a title=\"@sarah_hiking\" href=\"https:\/\/www.tiktok.com\/@sarah_hiking?refer=embed\" target=\"_blank\" rel=\"noopener\">@sarah_hiking<\/a> 1min20 de vlog pour r\u00e9sumer 5 jours de marche sur le grr2 \ud83c\uddf7\ud83c\uddea <a title=\"defi\" href=\"https:\/\/www.tiktok.com\/tag\/defi?refer=embed\" target=\"_blank\" rel=\"noopener\">#defi<\/a><a title=\"vlog\" href=\"https:\/\/www.tiktok.com\/tag\/vlog?refer=embed\" target=\"_blank\" rel=\"noopener\">#vlog<\/a><a title=\"rando\" href=\"https:\/\/www.tiktok.com\/tag\/rando?refer=embed\" target=\"_blank\" rel=\"noopener\">#rando<\/a> @tortugavideos <a title=\"\u266c son original - sarah_hiking\" href=\"https:\/\/www.tiktok.com\/music\/son-original-7042401861273471749?refer=embed\" target=\"_blank\" rel=\"noopener\">\u266c son original &#8211; sarah_hiking<\/a><\/section>\n<\/blockquote>\n<p><script async src=\"https:\/\/www.tiktok.com\/embed.js\"><\/script><\/p>\n<h2 data-start=\"1778\" data-end=\"1822\">La Diagonale des Fous : L&#8217;\u00e9preuve ultime<\/h2>\n<p data-start=\"1824\" data-end=\"2266\">Si le GR\u00aeR2 est reconnu pour sa beaut\u00e9 et sa diversit\u00e9, il est surtout c\u00e9l\u00e8bre gr\u00e2ce \u00e0 la Diagonale des Fous, cette course de trail mythique qui s\u2019en inspire. Chaque ann\u00e9e, des milliers de coureurs se lancent dans cette aventure extr\u00eame, d\u00e9fiant la nature et leurs propres limites. Mais ce n\u2019est pas que pour les coureurs de l\u2019extr\u00eame. M\u00eame les randonneurs amateurs peuvent se frotter \u00e0 ce sentier difficile, \u00e0 condition d\u2019\u00eatre bien pr\u00e9par\u00e9s.<\/p>\n<p data-start=\"2268\" data-end=\"2654\">Les passionn\u00e9s de trail trouvent dans le GR\u00aeR2 un terrain d\u2019entra\u00eenement unique, o\u00f9 les pentes raides, les chemins \u00e9troits et les conditions climatiques impr\u00e9visibles viennent ajouter au d\u00e9fi. Pour les randonneurs moins exp\u00e9riment\u00e9s, l\u2019option d\u2019\u00eatre accompagn\u00e9 par un guide sp\u00e9cialis\u00e9 ou de rejoindre des groupes organis\u00e9s existe, afin de profiter de cette exp\u00e9rience en toute s\u00e9curit\u00e9.<\/p>\n<h2 data-start=\"2656\" data-end=\"2708\">Un parcours pour les aventuriers\u2026 et les curieux<\/h2>\n<p data-start=\"2710\" data-end=\"3184\">Le GR\u00aeR2 n\u2019est pas seulement un d\u00e9fi physique, il incarne \u00e9galement un voyage sensoriel au c\u0153ur de <a href=\"https:\/\/discover.ulysse.com\/la-reunion-touristes-affluent-caisses-se-vident\">La R\u00e9union<\/a>. Si l\u2019aspect sportif est ind\u00e9niablement l\u2019\u00e9l\u00e9ment central, c\u2019est aussi une occasion rare de d\u00e9couvrir une \u00eele aux mille facettes. L\u2019isolement du parcours permet d\u2019observer de pr\u00e8s des paysages pr\u00e9serv\u00e9s, loin des circuits touristiques habituels. Les randonneurs peuvent y d\u00e9couvrir des \u00e9cosyst\u00e8mes uniques, des plages secr\u00e8tes et des vues imprenables sur l\u2019oc\u00e9an.<\/p>\n<p data-start=\"3186\" data-end=\"3653\">Mais comme pour toute aventure de ce genre, il faut \u00eatre conscient des risques. L\u2019\u00eele \u00e9tant sujette \u00e0 des \u00e9v\u00e9nements climatiques violents, les conditions de certains sentiers peuvent rapidement devenir dangereuses. Des glissements de terrain, des zones de brouillard et des passages escarp\u00e9s imposent une vigilance constante. Ainsi, si le GR\u00aeR2 offre une exp\u00e9rience inoubliable, il demande aussi de la pr\u00e9paration et une bonne lecture des conditions m\u00e9t\u00e9orologiques.<\/p>\n<h2 data-start=\"3655\" data-end=\"3708\">Le meilleur moment pour se lancer dans l\u2019aventure<\/h2>\n<p data-start=\"3710\" data-end=\"4154\">La meilleure p\u00e9riode pour se lancer sur le GR\u00aeR2 d\u00e9pend avant tout du climat. La R\u00e9union, avec ses microclimats, peut surprendre m\u00eame les plus exp\u00e9riment\u00e9s. Si l\u2019hiver austral (de mai \u00e0 octobre) est plus sec et plus frais, l\u2019\u00e9t\u00e9 est plus humide et chaud, avec des risques accrus de pluie. Le meilleur moment pour entreprendre cette randonn\u00e9e s\u2019\u00e9tend donc de mars \u00e0 d\u00e9cembre, lorsque les conditions sont plus propices \u00e0 une exploration sereine.<\/p>\n<p data-start=\"4156\" data-end=\"4474\">Rien ne garantit cependant une m\u00e9t\u00e9o cl\u00e9mente tout au long du parcours. Les randonneurs doivent donc rester pr\u00e9par\u00e9s \u00e0 affronter des conditions changeantes et impr\u00e9visibles. Mais c\u2019est aussi ce qui fait le charme et l\u2019aventure de ce sentier hors du commun : l\u2019impr\u00e9vu, le sauvage, le myst\u00e8re de la nature r\u00e9unionnaise.<\/p>\n<p data-start=\"4476\" data-end=\"4906\" data-is-last-node=\"\" data-is-only-node=\"\">Traverser La R\u00e9union du nord au sud via le GR\u00aeR2 n\u2019est pas une simple randonn\u00e9e. C\u2019est un voyage intense, une \u00e9preuve physique et mentale o\u00f9 chaque pas vous rapproche un peu plus de l\u2019essence de cette \u00eele incroyable. C\u2019est un d\u00e9fi \u00e0 la hauteur des plus grands passionn\u00e9s de nature et de randonn\u00e9e, mais c\u2019est aussi un voyage personnel, au plus pr\u00e8s des volcans, des for\u00eats, et des paysages \u00e9poustouflants. Pr\u00eat \u00e0 relever le d\u00e9fi ?<\/p>\n","protected":false},"excerpt":{"rendered":"<p>La R\u00e9union, cette perle de l\u2019oc\u00e9an Indien, abrite l\u2019un des sentiers les plus fascinants et exigeants du monde : le [&hellip;]<\/p>\n","protected":false},"author":4,"featured_media":35065,"comment_status":"open","ping_status":"closed","sticky":false,"template":"","format":"standard","meta":{"_acf_changed":false,"_sitemap_exclude":false,"_sitemap_priority":"","_sitemap_frequency":"","footnotes":"","rank_math_title":"","rank_math_description":"","rank_math_canonical_url":"","rank_math_focus_keyword":"La R\u00e9union"},"categories":[3],"tags":[],"class_list":["post-34778","post","type-post","status-publish","format-standard","has-post-thumbnail","hentry","category-voyage"],"acf":[],"_links":{"self":[{"href":"https:\/\/ulysse.com\/news\/wp-json\/wp\/v2\/posts\/34778","targetHints":{"allow":["GET"]}}],"collection":[{"href":"https:\/\/ulysse.com\/news\/wp-json\/wp\/v2\/posts"}],"about":[{"href":"https:\/\/ulysse.com\/news\/wp-json\/wp\/v2\/types\/post"}],"author":[{"embeddable":true,"href":"https:\/\/ulysse.com\/news\/wp-json\/wp\/v2\/users\/4"}],"replies":[{"embeddable":true,"href":"https:\/\/ulysse.com\/news\/wp-json\/wp\/v2\/comments?post=34778"}],"version-history":[{"count":2,"href":"https:\/\/ulysse.com\/news\/wp-json\/wp\/v2\/posts\/34778\/revisions"}],"predecessor-version":[{"id":35066,"href":"https:\/\/ulysse.com\/news\/wp-json\/wp\/v2\/posts\/34778\/revisions\/35066"}],"wp:featuredmedia":[{"embeddable":true,"href":"https:\/\/ulysse.com\/news\/wp-json\/wp\/v2\/media\/35065"}],"wp:attachment":[{"href":"https:\/\/ulysse.com\/news\/wp-json\/wp\/v2\/media?parent=34778"}],"wp:term":[{"taxonomy":"category","embeddable":true,"href":"https:\/\/ulysse.com\/news\/wp-json\/wp\/v2\/categories?post=34778"},{"taxonomy":"post_tag","embeddable":true,"href":"https:\/\/ulysse.com\/news\/wp-json\/wp\/v2\/tags?post=34778"}],"curies":[{"name":"wp","href":"https:\/\/api.w.org\/{rel}","templated":true}]}}