{"id":34783,"date":"2025-09-09T15:00:46","date_gmt":"2025-09-09T14:00:46","guid":{"rendered":"https:\/\/discover.ulysse.com\/?p=34783"},"modified":"2025-09-08T21:38:00","modified_gmt":"2025-09-08T20:38:00","slug":"retraite-sereine-hameau-drome-provencale","status":"publish","type":"post","link":"https:\/\/ulysse.com\/news\/retraite-sereine-hameau-drome-provencale","title":{"rendered":"\u00c0 la recherche d&#8217;une retraite sereine ? D\u00e9couvrez ce hameau tranquille de la Dr\u00f4me proven\u00e7ale !"},"content":{"rendered":"<p><span style=\"font-weight: 400;\">Vous r\u00eavez de poser vos valises dans un lieu o\u00f9 le temps semble ralentir, o\u00f9 les montagnes caressent l&#8217;horizon et o\u00f9 chaque journ\u00e9e semble baign\u00e9e de soleil ? Si la tranquillit\u00e9, la beaut\u00e9 des paysages et une qualit\u00e9 de vie sans \u00e9gale sont vos crit\u00e8res, alors la <strong>Dr\u00f4me proven\u00e7ale<\/strong> pourrait bien \u00eatre la destination de vos r\u00eaves. Mais parmi les nombreux villages de cette r\u00e9gion magique, il en est un qui m\u00e9rite toute votre attention :<strong> La Garde-Adh\u00e9mar<\/strong>. Perch\u00e9 sur une colline, ce hameau tranquille pourrait bien devenir le cadre idyllique pour votre future retraite. Curieux d\u2019en savoir plus ? Suivez le guide !<\/span><\/p>\n<h2><b>La Garde-Adh\u00e9mar : un hameau hors du temps, entre calme et histoire<\/b><\/h2>\n<p><span style=\"font-weight: 400;\">Vous pensiez que la Provence \u00e9tait un encha\u00eenement de grandes villes anim\u00e9es et de villages bond\u00e9s ? D\u00e9trompez-vous ! <strong>La Garde-Adh\u00e9mar<\/strong> est l&#8217;antith\u00e8se de ce que l&#8217;on imagine souvent de cette r\u00e9gion. Ce village, loin du tourisme de masse, vous offre un plongeon dans un pass\u00e9 m\u00e9di\u00e9val fascinant tout en restant incroyablement calme et accueillant. Avec ses petites ruelles pav\u00e9es, ses maisons en pierre qui racontent des histoires d&#8217;antan et ses vues imprenables sur la<a href=\"https:\/\/discover.ulysse.com\/village-provencal-cache-plus-quun-vin-exception\"> vall\u00e9e du Rh\u00f4ne,<\/a> ce hameau est un v\u00e9ritable havre de paix.<\/span><\/p>\n<p><span style=\"font-weight: 400;\">Au c\u0153ur de la <strong>Dr\u00f4me proven\u00e7ale<\/strong>, la Garde-Adh\u00e9mar d\u00e9gage une atmosph\u00e8re de douceur et de s\u00e9r\u00e9nit\u00e9. Ici, l\u2019air est frais, pur, et rempli du parfum envo\u00fbtant de la lavande. Pas de bruit de circulation, pas de foule\u2026 Juste un silence paisible, entrecoup\u00e9 par les chants des oiseaux et le souffle l\u00e9ger du vent dans les arbres. Tout ce qu&#8217;il vous reste \u00e0 faire, c\u2019est profiter de la beaut\u00e9 de ce village qui semble avoir \u00e9t\u00e9 fig\u00e9 dans le temps. Le d\u00e9cor est parfait pour une retraite o\u00f9 chaque instant est consacr\u00e9 \u00e0 la d\u00e9tente et au bien-\u00eatre.<\/span><\/p>\n<blockquote class=\"instagram-media\" style=\"background: #FFF; border: 0; border-radius: 3px; margin: 1px; max-width: 540px; min-width: 326px; padding: 0; width: calc(100% - 2px);\" data-instgrm-captioned=\"\" data-instgrm-permalink=\"https:\/\/www.instagram.com\/p\/CiFN4P0qkQM\/?utm_source=ig_embed&amp;utm_campaign=loading\" data-instgrm-version=\"14\">\n<div style=\"padding: 16px;\">\n<p>&nbsp;<\/p>\n<div style=\"flex-direction: row; align-items: center;\">\n<div style=\"background-color: #f4f4f4; border-radius: 50%; flex-grow: 0; height: 40px; margin-right: 14px; width: 40px;\"><\/div>\n<div style=\"flex-direction: column; flex-grow: 1; justify-content: center;\">\n<div style=\"background-color: #f4f4f4; border-radius: 4px; flex-grow: 0; height: 14px; margin-bottom: 6px; width: 100px;\"><\/div>\n<div style=\"background-color: #f4f4f4; border-radius: 4px; flex-grow: 0; height: 14px; width: 60px;\"><\/div>\n<\/div>\n<\/div>\n<div style=\"padding: 19% 0;\"><\/div>\n<div style=\"height: 50px; margin: 0 auto 12px; width: 50px;\"><\/div>\n<div style=\"padding-top: 8px;\">\n<div style=\"color: #3897f0; font-family: Arial,sans-serif; font-size: 14px; font-style: normal; font-weight: 550; line-height: 18px;\">Voir cette publication sur Instagram<\/div>\n<\/div>\n<div style=\"padding: 12.5% 0;\"><\/div>\n<div style=\"flex-direction: row; margin-bottom: 14px; align-items: center;\">\n<div>\n<div style=\"background-color: #f4f4f4; border-radius: 50%; height: 12.5px; width: 12.5px;\"><\/div>\n<div style=\"background-color: #f4f4f4; height: 12.5px; width: 12.5px; flex-grow: 0; margin-right: 14px; margin-left: 2px;\"><\/div>\n<div style=\"background-color: #f4f4f4; border-radius: 50%; height: 12.5px; width: 12.5px;\"><\/div>\n<\/div>\n<div style=\"margin-left: 8px;\">\n<div style=\"background-color: #f4f4f4; border-radius: 50%; flex-grow: 0; height: 20px; width: 20px;\"><\/div>\n<div style=\"width: 0; height: 0; border-top: 2px solid transparent; border-left: 6px solid #f4f4f4; border-bottom: 2px solid transparent;\"><\/div>\n<\/div>\n<div style=\"margin-left: auto;\">\n<div style=\"width: 0px; border-top: 8px solid #F4F4F4; border-right: 8px solid transparent;\"><\/div>\n<div style=\"background-color: #f4f4f4; flex-grow: 0; height: 12px; width: 16px;\"><\/div>\n<div style=\"width: 0; height: 0; border-top: 8px solid #F4F4F4; border-left: 8px solid transparent;\"><\/div>\n<\/div>\n<\/div>\n<div style=\"flex-direction: column; flex-grow: 1; justify-content: center; margin-bottom: 24px;\">\n<div style=\"background-color: #f4f4f4; border-radius: 4px; flex-grow: 0; height: 14px; margin-bottom: 6px; width: 224px;\"><\/div>\n<div style=\"background-color: #f4f4f4; border-radius: 4px; flex-grow: 0; height: 14px; width: 144px;\"><\/div>\n<\/div>\n<p>&nbsp;<\/p>\n<p style=\"color: #c9c8cd; font-family: Arial,sans-serif; font-size: 14px; line-height: 17px; margin-bottom: 0; margin-top: 8px; overflow: hidden; padding: 8px 0 7px; text-align: center;\"><a style=\"color: #c9c8cd; font-family: Arial,sans-serif; font-size: 14px; font-style: normal; font-weight: normal; line-height: 17px; text-decoration: none;\" href=\"https:\/\/www.instagram.com\/p\/CiFN4P0qkQM\/?utm_source=ig_embed&amp;utm_campaign=loading\" target=\"_blank\" rel=\"noopener\">Une publication partag\u00e9e par Emma Bonnard (@emmabnd_)<\/a><\/p>\n<\/div>\n<\/blockquote>\n<h2><b>Une retraite au c\u0153ur de la nature : Vivez la Dr\u00f4me autrement<\/b><\/h2>\n<p><span style=\"font-weight: 400;\">Vous \u00eates plut\u00f4t nature, calme et grands espaces ? La Garde-Adh\u00e9mar vous offre tout cela, et bien plus encore ! Ce village est un v\u00e9ritable terrain de jeu pour les amateurs de plein air. Imaginez-vous fl\u00e2ner \u00e0 travers les <strong>champs de lavande<\/strong>, partir en randonn\u00e9e dans les collines environnantes, ou encore faire du v\u00e9lo \u00e0 travers les sentiers proven\u00e7aux\u2026 Autant de possibilit\u00e9s pour vous ressourcer et prendre un bol d\u2019air frais.<\/span><\/p>\n<p><span style=\"font-weight: 400;\">L\u2019un des plus beaux atouts de La Garde-Adh\u00e9mar est sa proximit\u00e9 avec la nature. La Dr\u00f4me proven\u00e7ale, avec ses paysages \u00e0 couper le souffle, vous invite \u00e0 explorer des panoramas sauvages et pr\u00e9serv\u00e9s. Loin du b\u00e9ton et des rues encombr\u00e9es, ici, ce sont les champs, les collines et les montagnes qui r\u00e8gnent. Si vous \u00eates un passionn\u00e9 de randonn\u00e9e, vous ne serez pas d\u00e9\u00e7u par les sentiers qui serpentent \u00e0 travers la garrigue, offrant des vues imprenables sur le<a href=\"https:\/\/discover.ulysse.com\/rural-prend-pouvoir-montagnes-espaces-calme-ete\"> Mont Ventoux<\/a> et les<strong> Alpes du Dauphin\u00e9<\/strong>. De quoi vous remettre en forme et profiter pleinement des bienfaits de la nature.<\/span><\/p>\n<p><span style=\"font-weight: 400;\">Et puis, on ne peut pas parler de la Dr\u00f4me sans \u00e9voquer la gastronomie locale ! Entre les march\u00e9s color\u00e9s o\u00f9 l\u2019on trouve des produits du terroir, les huiles d&#8217;olive, les vins de pays et les fromages fermiers, chaque repas est une f\u00eate. La Garde-Adh\u00e9mar est un v\u00e9ritable paradis pour les gourmets, avec de nombreux petits restaurants qui proposent une cuisine authentique, simple et savoureuse. Tout est l\u00e0 pour vous offrir un mode de vie plus sain et \u00e9quilibr\u00e9.<\/span><\/p>\n<blockquote class=\"instagram-media\" style=\"background: #FFF; border: 0; border-radius: 3px; margin: 1px; max-width: 540px; min-width: 326px; padding: 0; width: calc(100% - 2px);\" data-instgrm-captioned=\"\" data-instgrm-permalink=\"https:\/\/www.instagram.com\/p\/Cv6mHRituqi\/?utm_source=ig_embed&amp;utm_campaign=loading\" data-instgrm-version=\"14\">\n<div style=\"padding: 16px;\">\n<p>&nbsp;<\/p>\n<div style=\"flex-direction: row; align-items: center;\">\n<div style=\"background-color: #f4f4f4; border-radius: 50%; flex-grow: 0; height: 40px; margin-right: 14px; width: 40px;\"><\/div>\n<div style=\"flex-direction: column; flex-grow: 1; justify-content: center;\">\n<div style=\"background-color: #f4f4f4; border-radius: 4px; flex-grow: 0; height: 14px; margin-bottom: 6px; width: 100px;\"><\/div>\n<div style=\"background-color: #f4f4f4; border-radius: 4px; flex-grow: 0; height: 14px; width: 60px;\"><\/div>\n<\/div>\n<\/div>\n<div style=\"padding: 19% 0;\"><\/div>\n<div style=\"height: 50px; margin: 0 auto 12px; width: 50px;\"><\/div>\n<div style=\"padding-top: 8px;\">\n<div style=\"color: #3897f0; font-family: Arial,sans-serif; font-size: 14px; font-style: normal; font-weight: 550; line-height: 18px;\">Voir cette publication sur Instagram<\/div>\n<\/div>\n<div style=\"padding: 12.5% 0;\"><\/div>\n<div style=\"flex-direction: row; margin-bottom: 14px; align-items: center;\">\n<div>\n<div style=\"background-color: #f4f4f4; border-radius: 50%; height: 12.5px; width: 12.5px;\"><\/div>\n<div style=\"background-color: #f4f4f4; height: 12.5px; width: 12.5px; flex-grow: 0; margin-right: 14px; margin-left: 2px;\"><\/div>\n<div style=\"background-color: #f4f4f4; border-radius: 50%; height: 12.5px; width: 12.5px;\"><\/div>\n<\/div>\n<div style=\"margin-left: 8px;\">\n<div style=\"background-color: #f4f4f4; border-radius: 50%; flex-grow: 0; height: 20px; width: 20px;\"><\/div>\n<div style=\"width: 0; height: 0; border-top: 2px solid transparent; border-left: 6px solid #f4f4f4; border-bottom: 2px solid transparent;\"><\/div>\n<\/div>\n<div style=\"margin-left: auto;\">\n<div style=\"width: 0px; border-top: 8px solid #F4F4F4; border-right: 8px solid transparent;\"><\/div>\n<div style=\"background-color: #f4f4f4; flex-grow: 0; height: 12px; width: 16px;\"><\/div>\n<div style=\"width: 0; height: 0; border-top: 8px solid #F4F4F4; border-left: 8px solid transparent;\"><\/div>\n<\/div>\n<\/div>\n<div style=\"flex-direction: column; flex-grow: 1; justify-content: center; margin-bottom: 24px;\">\n<div style=\"background-color: #f4f4f4; border-radius: 4px; flex-grow: 0; height: 14px; margin-bottom: 6px; width: 224px;\"><\/div>\n<div style=\"background-color: #f4f4f4; border-radius: 4px; flex-grow: 0; height: 14px; width: 144px;\"><\/div>\n<\/div>\n<p>&nbsp;<\/p>\n<p style=\"color: #c9c8cd; font-family: Arial,sans-serif; font-size: 14px; line-height: 17px; margin-bottom: 0; margin-top: 8px; overflow: hidden; padding: 8px 0 7px; text-align: center;\"><a style=\"color: #c9c8cd; font-family: Arial,sans-serif; font-size: 14px; font-style: normal; font-weight: normal; line-height: 17px; text-decoration: none;\" href=\"https:\/\/www.instagram.com\/p\/Cv6mHRituqi\/?utm_source=ig_embed&amp;utm_campaign=loading\" target=\"_blank\" rel=\"noopener\">Une publication partag\u00e9e par Bubu &#8211; Little Turtle (@bubu_loves_to_travel)<\/a><\/p>\n<\/div>\n<\/blockquote>\n<h2><b>Comment y arriver ? Facile, rapide et pratique !<\/b><\/h2>\n<p><span style=\"font-weight: 400;\">Se rendre \u00e0 La Garde-Adh\u00e9mar, c\u2019est facile et plut\u00f4t agr\u00e9able. Si vous partez de Paris, la meilleure option est de prendre le TGV jusqu&#8217;\u00e0 <strong>Valence<\/strong>. Le trajet dure environ 2h30, et les billets varient entre 50 et 70 euros en seconde classe. Une fois \u00e0 Valence, vous n\u2019aurez plus qu\u2019\u00e0 prendre un taxi ou un bus pour rejoindre La Garde-Adh\u00e9mar, \u00e0 environ 30 minutes de l\u00e0. Si vous partez de Lyon, vous pouvez emprunter le TGV jusqu\u2019\u00e0 <strong>Mont\u00e9limar,<\/strong> qui est \u00e0 seulement 20 minutes du village. Un petit coup de taxi ou un bus et vous y \u00eates ! \u00c0 chaque voyage, un paysage magnifique vous accompagne, des champs de vignes aux montagnes lointaines.<\/span><\/p>\n<p><span style=\"font-weight: 400;\">Les transports en train sont donc une excellente option pour se rendre dans la Dr\u00f4me proven\u00e7ale. L\u2019avantage de choisir le train ? Non seulement vous arrivez d\u00e9tendu et pr\u00eat \u00e0 profiter de votre destination, mais en plus, vous avez le temps de vous impr\u00e9gner des paysages qui d\u00e9filent devant vos yeux. Une fois arriv\u00e9 \u00e0 La Garde-Adh\u00e9mar, vous pourrez oublier votre voiture et vous d\u00e9placer \u00e0 pied ou \u00e0 v\u00e9lo pour profiter pleinement de ce cadre naturel exceptionnel.<\/span><\/p>\n<blockquote class=\"instagram-media\" style=\"background: #FFF; border: 0; border-radius: 3px; margin: 1px; max-width: 540px; min-width: 326px; padding: 0; width: calc(100% - 2px);\" data-instgrm-captioned=\"\" data-instgrm-permalink=\"https:\/\/www.instagram.com\/p\/CuHllSJN4Zc\/?utm_source=ig_embed&amp;utm_campaign=loading\" data-instgrm-version=\"14\">\n<div style=\"padding: 16px;\">\n<p>&nbsp;<\/p>\n<div style=\"flex-direction: row; align-items: center;\">\n<div style=\"background-color: #f4f4f4; border-radius: 50%; flex-grow: 0; height: 40px; margin-right: 14px; width: 40px;\"><\/div>\n<div style=\"flex-direction: column; flex-grow: 1; justify-content: center;\">\n<div style=\"background-color: #f4f4f4; border-radius: 4px; flex-grow: 0; height: 14px; margin-bottom: 6px; width: 100px;\"><\/div>\n<div style=\"background-color: #f4f4f4; border-radius: 4px; flex-grow: 0; height: 14px; width: 60px;\"><\/div>\n<\/div>\n<\/div>\n<div style=\"padding: 19% 0;\"><\/div>\n<div style=\"height: 50px; margin: 0 auto 12px; width: 50px;\"><\/div>\n<div style=\"padding-top: 8px;\">\n<div style=\"color: #3897f0; font-family: Arial,sans-serif; font-size: 14px; font-style: normal; font-weight: 550; line-height: 18px;\">Voir cette publication sur Instagram<\/div>\n<\/div>\n<div style=\"padding: 12.5% 0;\"><\/div>\n<div style=\"flex-direction: row; margin-bottom: 14px; align-items: center;\">\n<div>\n<div style=\"background-color: #f4f4f4; border-radius: 50%; height: 12.5px; width: 12.5px;\"><\/div>\n<div style=\"background-color: #f4f4f4; height: 12.5px; width: 12.5px; flex-grow: 0; margin-right: 14px; margin-left: 2px;\"><\/div>\n<div style=\"background-color: #f4f4f4; border-radius: 50%; height: 12.5px; width: 12.5px;\"><\/div>\n<\/div>\n<div style=\"margin-left: 8px;\">\n<div style=\"background-color: #f4f4f4; border-radius: 50%; flex-grow: 0; height: 20px; width: 20px;\"><\/div>\n<div style=\"width: 0; height: 0; border-top: 2px solid transparent; border-left: 6px solid #f4f4f4; border-bottom: 2px solid transparent;\"><\/div>\n<\/div>\n<div style=\"margin-left: auto;\">\n<div style=\"width: 0px; border-top: 8px solid #F4F4F4; border-right: 8px solid transparent;\"><\/div>\n<div style=\"background-color: #f4f4f4; flex-grow: 0; height: 12px; width: 16px;\"><\/div>\n<div style=\"width: 0; height: 0; border-top: 8px solid #F4F4F4; border-left: 8px solid transparent;\"><\/div>\n<\/div>\n<\/div>\n<div style=\"flex-direction: column; flex-grow: 1; justify-content: center; margin-bottom: 24px;\">\n<div style=\"background-color: #f4f4f4; border-radius: 4px; flex-grow: 0; height: 14px; margin-bottom: 6px; width: 224px;\"><\/div>\n<div style=\"background-color: #f4f4f4; border-radius: 4px; flex-grow: 0; height: 14px; width: 144px;\"><\/div>\n<\/div>\n<p>&nbsp;<\/p>\n<p style=\"color: #c9c8cd; font-family: Arial,sans-serif; font-size: 14px; line-height: 17px; margin-bottom: 0; margin-top: 8px; overflow: hidden; padding: 8px 0 7px; text-align: center;\"><a style=\"color: #c9c8cd; font-family: Arial,sans-serif; font-size: 14px; font-style: normal; font-weight: normal; line-height: 17px; text-decoration: none;\" href=\"https:\/\/www.instagram.com\/p\/CuHllSJN4Zc\/?utm_source=ig_embed&amp;utm_campaign=loading\" target=\"_blank\" rel=\"noopener\">Une publication partag\u00e9e par Dr\u00f4me Sud Provence (@dromesudprovence)<\/a><\/p>\n<\/div>\n<\/blockquote>\n<h2><b>Le prix de la tranquillit\u00e9 : un co\u00fbt de la vie abordable<\/b><\/h2>\n<p><span style=\"font-weight: 400;\">Certes, la Dr\u00f4me proven\u00e7ale est une destination pris\u00e9e, mais la Garde-Adh\u00e9mar reste un village authentique o\u00f9 le co\u00fbt de la vie est \u00e9tonnamment abordable, surtout compar\u00e9 \u00e0 d\u2019autres r\u00e9gions de la Provence. Si vous souhaitez acheter une maison, vous trouverez de belles demeures en pierre, aux prix relativement comp\u00e9titifs (entre 200 000 et 400 000 euros, selon la taille et l&#8217;emplacement). Pour les retrait\u00e9s qui souhaitent s\u2019y installer durablement, l\u2019immobilier reste donc une option viable.<\/span><\/p>\n<p><span style=\"font-weight: 400;\">En ce qui concerne le quotidien, les prix sont raisonnables. Les commerces locaux offrent une belle s\u00e9lection de produits frais \u00e0 des prix mod\u00e9r\u00e9s, et les march\u00e9s regorgent de d\u00e9lices artisanaux \u00e0 prix abordables. Le co\u00fbt des services de sant\u00e9 et autres commodit\u00e9s reste \u00e9galement tr\u00e8s comp\u00e9titif, ce qui fait de La Garde-Adh\u00e9mar un lieu parfait pour profiter d\u2019une retraite sereine sans se ruiner.<\/span><\/p>\n<blockquote class=\"instagram-media\" style=\"background: #FFF; border: 0; border-radius: 3px; margin: 1px; max-width: 540px; min-width: 326px; padding: 0; width: calc(100% - 2px);\" data-instgrm-captioned=\"\" data-instgrm-permalink=\"https:\/\/www.instagram.com\/p\/CsJBmN9sKjo\/?utm_source=ig_embed&amp;utm_campaign=loading\" data-instgrm-version=\"14\">\n<div style=\"padding: 16px;\">\n<p>&nbsp;<\/p>\n<div style=\"flex-direction: row; align-items: center;\">\n<div style=\"background-color: #f4f4f4; border-radius: 50%; flex-grow: 0; height: 40px; margin-right: 14px; width: 40px;\"><\/div>\n<div style=\"flex-direction: column; flex-grow: 1; justify-content: center;\">\n<div style=\"background-color: #f4f4f4; border-radius: 4px; flex-grow: 0; height: 14px; margin-bottom: 6px; width: 100px;\"><\/div>\n<div style=\"background-color: #f4f4f4; border-radius: 4px; flex-grow: 0; height: 14px; width: 60px;\"><\/div>\n<\/div>\n<\/div>\n<div style=\"padding: 19% 0;\"><\/div>\n<div style=\"height: 50px; margin: 0 auto 12px; width: 50px;\"><\/div>\n<div style=\"padding-top: 8px;\">\n<div style=\"color: #3897f0; font-family: Arial,sans-serif; font-size: 14px; font-style: normal; font-weight: 550; line-height: 18px;\">Voir cette publication sur Instagram<\/div>\n<\/div>\n<div style=\"padding: 12.5% 0;\"><\/div>\n<div style=\"flex-direction: row; margin-bottom: 14px; align-items: center;\">\n<div>\n<div style=\"background-color: #f4f4f4; border-radius: 50%; height: 12.5px; width: 12.5px;\"><\/div>\n<div style=\"background-color: #f4f4f4; height: 12.5px; width: 12.5px; flex-grow: 0; margin-right: 14px; margin-left: 2px;\"><\/div>\n<div style=\"background-color: #f4f4f4; border-radius: 50%; height: 12.5px; width: 12.5px;\"><\/div>\n<\/div>\n<div style=\"margin-left: 8px;\">\n<div style=\"background-color: #f4f4f4; border-radius: 50%; flex-grow: 0; height: 20px; width: 20px;\"><\/div>\n<div style=\"width: 0; height: 0; border-top: 2px solid transparent; border-left: 6px solid #f4f4f4; border-bottom: 2px solid transparent;\"><\/div>\n<\/div>\n<div style=\"margin-left: auto;\">\n<div style=\"width: 0px; border-top: 8px solid #F4F4F4; border-right: 8px solid transparent;\"><\/div>\n<div style=\"background-color: #f4f4f4; flex-grow: 0; height: 12px; width: 16px;\"><\/div>\n<div style=\"width: 0; height: 0; border-top: 8px solid #F4F4F4; border-left: 8px solid transparent;\"><\/div>\n<\/div>\n<\/div>\n<div style=\"flex-direction: column; flex-grow: 1; justify-content: center; margin-bottom: 24px;\">\n<div style=\"background-color: #f4f4f4; border-radius: 4px; flex-grow: 0; height: 14px; margin-bottom: 6px; width: 224px;\"><\/div>\n<div style=\"background-color: #f4f4f4; border-radius: 4px; flex-grow: 0; height: 14px; width: 144px;\"><\/div>\n<\/div>\n<p>&nbsp;<\/p>\n<p style=\"color: #c9c8cd; font-family: Arial,sans-serif; font-size: 14px; line-height: 17px; margin-bottom: 0; margin-top: 8px; overflow: hidden; padding: 8px 0 7px; text-align: center;\"><a style=\"color: #c9c8cd; font-family: Arial,sans-serif; font-size: 14px; font-style: normal; font-weight: normal; line-height: 17px; text-decoration: none;\" href=\"https:\/\/www.instagram.com\/p\/CsJBmN9sKjo\/?utm_source=ig_embed&amp;utm_campaign=loading\" target=\"_blank\" rel=\"noopener\">Une publication partag\u00e9e par Jean-Marc Tremeaux (@nakudoh)<\/a><\/p>\n<\/div>\n<\/blockquote>\n<p><span style=\"font-weight: 400;\">La Garde-Adh\u00e9mar, c\u2019est l\u2019endroit o\u00f9 la beaut\u00e9, la nature, l\u2019histoire et la tranquillit\u00e9 se rencontrent pour offrir une retraite parfaite. Que vous soyez \u00e0 la recherche d\u2019un lieu o\u00f9 vous ressourcer, d\u2019un endroit calme pour profiter de votre temps ou encore d\u2019un village pittoresque o\u00f9 chaque jour est un plaisir, ce hameau de la Dr\u00f4me proven\u00e7ale saura vous charmer. Alors, pr\u00eat \u00e0 vous laisser s\u00e9duire par le rythme doux de la Provence ?<\/span><\/p>\n","protected":false},"excerpt":{"rendered":"<p>Vous r\u00eavez de poser vos valises dans un lieu o\u00f9 le temps semble ralentir, o\u00f9 les montagnes caressent l&#8217;horizon et [&hellip;]<\/p>\n","protected":false},"author":3,"featured_media":34784,"comment_status":"open","ping_status":"closed","sticky":false,"template":"","format":"standard","meta":{"_acf_changed":false,"_sitemap_exclude":false,"_sitemap_priority":"","_sitemap_frequency":"","footnotes":"","rank_math_title":"","rank_math_description":"D\u00e9couvrez le secret bien gard\u00e9 des retrait\u00e9s de la Dr\u00f4me proven\u00e7ale et laissez-vous envelopper par la tranquillit\u00e9 de La Garde-Adh\u00e9mar.\n","rank_math_canonical_url":"","rank_math_focus_keyword":"retraite,drome"},"categories":[3],"tags":[],"class_list":["post-34783","post","type-post","status-publish","format-standard","has-post-thumbnail","hentry","category-voyage"],"acf":[],"_links":{"self":[{"href":"https:\/\/ulysse.com\/news\/wp-json\/wp\/v2\/posts\/34783","targetHints":{"allow":["GET"]}}],"collection":[{"href":"https:\/\/ulysse.com\/news\/wp-json\/wp\/v2\/posts"}],"about":[{"href":"https:\/\/ulysse.com\/news\/wp-json\/wp\/v2\/types\/post"}],"author":[{"embeddable":true,"href":"https:\/\/ulysse.com\/news\/wp-json\/wp\/v2\/users\/3"}],"replies":[{"embeddable":true,"href":"https:\/\/ulysse.com\/news\/wp-json\/wp\/v2\/comments?post=34783"}],"version-history":[{"count":2,"href":"https:\/\/ulysse.com\/news\/wp-json\/wp\/v2\/posts\/34783\/revisions"}],"predecessor-version":[{"id":34809,"href":"https:\/\/ulysse.com\/news\/wp-json\/wp\/v2\/posts\/34783\/revisions\/34809"}],"wp:featuredmedia":[{"embeddable":true,"href":"https:\/\/ulysse.com\/news\/wp-json\/wp\/v2\/media\/34784"}],"wp:attachment":[{"href":"https:\/\/ulysse.com\/news\/wp-json\/wp\/v2\/media?parent=34783"}],"wp:term":[{"taxonomy":"category","embeddable":true,"href":"https:\/\/ulysse.com\/news\/wp-json\/wp\/v2\/categories?post=34783"},{"taxonomy":"post_tag","embeddable":true,"href":"https:\/\/ulysse.com\/news\/wp-json\/wp\/v2\/tags?post=34783"}],"curies":[{"name":"wp","href":"https:\/\/api.w.org\/{rel}","templated":true}]}}