{"id":34823,"date":"2025-09-10T16:00:35","date_gmt":"2025-09-10T15:00:35","guid":{"rendered":"https:\/\/discover.ulysse.com\/?p=34823"},"modified":"2025-09-10T14:11:46","modified_gmt":"2025-09-10T13:11:46","slug":"carte-magique-de-automne-en-suisse-couleurs","status":"publish","type":"post","link":"https:\/\/ulysse.com\/news\/carte-magique-de-automne-en-suisse-couleurs","title":{"rendered":"La carte magique de l\u2019automne en Suisse : suivez le fil des couleurs pour d\u00e9couvrir les plus belles palettes de feuillage"},"content":{"rendered":"<p><span style=\"font-weight: 400;\"><strong>L&#8217;automne en Suisse,<\/strong> c\u2019est un peu comme un secret bien gard\u00e9, un tr\u00e9sor que seuls les plus curieux osent chercher. Mais cette ann\u00e9e, plus besoin de jouer les d\u00e9tectives : la Suisse a cr\u00e9\u00e9 une carte magique qui vous guide \u00e0 travers les plus belles palettes de feuillage. Oui, vous avez bien lu : une carte pour que vous puissiez d\u00e9couvrir quand et o\u00f9 les paysages se parent de leurs couleurs flamboyantes. Alors, pr\u00eat \u00e0 embarquer pour un voyage o\u00f9 chaque \u00e9tape est un vrai feu d&#8217;artifice de couleurs ? Suivez-nous et laissez-vous s\u00e9duire par l&#8217;automne suisse !<\/span><\/p>\n<h2><b>La carte de l\u2019automne : un guide aux tr\u00e9sors color\u00e9s<\/b><\/h2>\n<p><span style=\"font-weight: 400;\">Si vous \u00eates \u00e0 la recherche de paysages spectaculaires, la Suisse a pens\u00e9 \u00e0 tout. Pour ne rien manquer des plus belles<strong> vues automnales,<\/strong> une carte interactive vient r\u00e9volutionner votre mani\u00e8re de voyager. Plus besoin de vous perdre dans la recherche des meilleurs spots pour admirer le feuillage dor\u00e9, car cette carte vous indique exactement o\u00f9 il faut \u00eatre, et surtout, quand il faut y \u00eatre. Vous \u00eates passionn\u00e9 par les couleurs flamboyantes des for\u00eats de m\u00e9l\u00e8zes ? Vous voulez voir le rouge intense des vignes de Lavaux ? <a href=\"https:\/\/www.myswitzerland.com\/fr-fr\/decouvrir\/ete-automne\/automne\/carte-des-couleurs\/\" target=\"_blank\" rel=\"noopener\">La carte<\/a> cr\u00e9\u00e9e par \u00a0L&#8217;office du tourisme du pays vous guide en temps r\u00e9el, pour que chaque escapade soit un festival de couleurs.<\/span><\/p>\n<p><span style=\"font-weight: 400;\">D\u00e8s la fin septembre, les premiers \u00e9clats de l&#8217;automne se d\u00e9voilent dans les cantons occidentaux de la Suisse, notamment dans les magnifiques r\u00e9gions du <strong>Vaud et de Neuch\u00e2tel<\/strong>. Alors, \u00e0 vos baskets ! Profitez de cette fen\u00eatre d\u2019opportunit\u00e9 pour fl\u00e2ner le long des lacs ou dans les collines viticoles, o\u00f9 la nature vous en met plein la vue avec des teintes chaudes et profondes. En octobre, le feuillage atteint son apog\u00e9e, offrant un spectacle qui rivalise avec les plus belles toiles de ma\u00eetres.<\/span><\/p>\n<blockquote class=\"instagram-media\" style=\"background: #FFF; border: 0; border-radius: 3px; margin: 1px; max-width: 540px; min-width: 326px; padding: 0; width: calc(100% - 2px);\" data-instgrm-captioned=\"\" data-instgrm-permalink=\"https:\/\/www.instagram.com\/reel\/DOTCnHgDJa6\/?utm_source=ig_embed&amp;utm_campaign=loading\" data-instgrm-version=\"14\">\n<div style=\"padding: 16px;\">\n<p>&nbsp;<\/p>\n<div style=\"flex-direction: row; align-items: center;\">\n<div style=\"background-color: #f4f4f4; border-radius: 50%; flex-grow: 0; height: 40px; margin-right: 14px; width: 40px;\"><\/div>\n<div style=\"flex-direction: column; flex-grow: 1; justify-content: center;\">\n<div style=\"background-color: #f4f4f4; border-radius: 4px; flex-grow: 0; height: 14px; margin-bottom: 6px; width: 100px;\"><\/div>\n<div style=\"background-color: #f4f4f4; border-radius: 4px; flex-grow: 0; height: 14px; width: 60px;\"><\/div>\n<\/div>\n<\/div>\n<div style=\"padding: 19% 0;\"><\/div>\n<div style=\"height: 50px; margin: 0 auto 12px; width: 50px;\"><\/div>\n<div style=\"padding-top: 8px;\">\n<div style=\"color: #3897f0; font-family: Arial,sans-serif; font-size: 14px; font-style: normal; font-weight: 550; line-height: 18px;\">Voir cette publication sur Instagram<\/div>\n<\/div>\n<div style=\"padding: 12.5% 0;\"><\/div>\n<div style=\"flex-direction: row; margin-bottom: 14px; align-items: center;\">\n<div>\n<div style=\"background-color: #f4f4f4; border-radius: 50%; height: 12.5px; width: 12.5px;\"><\/div>\n<div style=\"background-color: #f4f4f4; height: 12.5px; width: 12.5px; flex-grow: 0; margin-right: 14px; margin-left: 2px;\"><\/div>\n<div style=\"background-color: #f4f4f4; border-radius: 50%; height: 12.5px; width: 12.5px;\"><\/div>\n<\/div>\n<div style=\"margin-left: 8px;\">\n<div style=\"background-color: #f4f4f4; border-radius: 50%; flex-grow: 0; height: 20px; width: 20px;\"><\/div>\n<div style=\"width: 0; height: 0; border-top: 2px solid transparent; border-left: 6px solid #f4f4f4; border-bottom: 2px solid transparent;\"><\/div>\n<\/div>\n<div style=\"margin-left: auto;\">\n<div style=\"width: 0px; border-top: 8px solid #F4F4F4; border-right: 8px solid transparent;\"><\/div>\n<div style=\"background-color: #f4f4f4; flex-grow: 0; height: 12px; width: 16px;\"><\/div>\n<div style=\"width: 0; height: 0; border-top: 8px solid #F4F4F4; border-left: 8px solid transparent;\"><\/div>\n<\/div>\n<\/div>\n<div style=\"flex-direction: column; flex-grow: 1; justify-content: center; margin-bottom: 24px;\">\n<div style=\"background-color: #f4f4f4; border-radius: 4px; flex-grow: 0; height: 14px; margin-bottom: 6px; width: 224px;\"><\/div>\n<div style=\"background-color: #f4f4f4; border-radius: 4px; flex-grow: 0; height: 14px; width: 144px;\"><\/div>\n<\/div>\n<p>&nbsp;<\/p>\n<p style=\"color: #c9c8cd; font-family: Arial,sans-serif; font-size: 14px; line-height: 17px; margin-bottom: 0; margin-top: 8px; overflow: hidden; padding: 8px 0 7px; text-align: center;\"><a style=\"color: #c9c8cd; font-family: Arial,sans-serif; font-size: 14px; font-style: normal; font-weight: normal; line-height: 17px; text-decoration: none;\" href=\"https:\/\/www.instagram.com\/reel\/DOTCnHgDJa6\/?utm_source=ig_embed&amp;utm_campaign=loading\" target=\"_blank\" rel=\"noopener\">Une publication partag\u00e9e par Axelle Saint-Clair | Voyages &amp; Randonn\u00e9es (@withaxie)<\/a><\/p>\n<\/div>\n<\/blockquote>\n<h2><b>Les incontournables pour un festival de couleurs<\/b><\/h2>\n<p><span style=\"font-weight: 400;\">L\u00e0 o\u00f9 la carte de l\u2019automne en Suisse fait des merveilles, c\u2019est qu\u2019elle vous permet de planifier un voyage totalement personnalis\u00e9 en fonction des couleurs que vous souhaitez d\u00e9couvrir. Besoin d\u2019id\u00e9es ? Laissez-nous vous souffler quelques destinations qui feront de votre escapade une exp\u00e9rience magique.<\/span><\/p>\n<h3><b>Grindelwald : L&#8217;automne au pied des g\u00e9ants<\/b><\/h3>\n<p><span style=\"font-weight: 400;\">Si vous aimez l\u2019id\u00e9e d\u2019un d\u00e9cor de carte postale avec une touche de magie en plus, direction <a href=\"https:\/\/discover.ulysse.com\/immersion-merveilles-suisse-avec-katrina-gem\">Grindelwald<\/a>. Ce village des <strong>Alpes bernoises<\/strong> est un petit bijou, un v\u00e9ritable tableau vivant en automne. Les montagnes imposantes se parent de leurs premi\u00e8res neiges, tandis que les for\u00eats environnantes s&#8217;embrasent de teintes orange et rouge. C\u2019est ici que la nature prend tout son sens : les sentiers de randonn\u00e9e se transforment en v\u00e9ritables all\u00e9es enchant\u00e9es, o\u00f9 vous pouvez vous perdre en admirant le spectacle. La carte magique vous dira quand les arbres atteindront leur apog\u00e9e, mais croyez-nous, ici, chaque instant pass\u00e9 sous les cimes est un moment de pure \u00e9merveillement.<\/span><\/p>\n<blockquote class=\"instagram-media\" style=\"background: #FFF; border: 0; border-radius: 3px; margin: 1px; max-width: 540px; min-width: 326px; padding: 0; width: calc(100% - 2px);\" data-instgrm-captioned=\"\" data-instgrm-permalink=\"https:\/\/www.instagram.com\/p\/DNpdcB_t4q1\/?utm_source=ig_embed&amp;utm_campaign=loading\" data-instgrm-version=\"14\">\n<div style=\"padding: 16px;\">\n<p>&nbsp;<\/p>\n<div style=\"flex-direction: row; align-items: center;\">\n<div style=\"background-color: #f4f4f4; border-radius: 50%; flex-grow: 0; height: 40px; margin-right: 14px; width: 40px;\"><\/div>\n<div style=\"flex-direction: column; flex-grow: 1; justify-content: center;\">\n<div style=\"background-color: #f4f4f4; border-radius: 4px; flex-grow: 0; height: 14px; margin-bottom: 6px; width: 100px;\"><\/div>\n<div style=\"background-color: #f4f4f4; border-radius: 4px; flex-grow: 0; height: 14px; width: 60px;\"><\/div>\n<\/div>\n<\/div>\n<div style=\"padding: 19% 0;\"><\/div>\n<div style=\"height: 50px; margin: 0 auto 12px; width: 50px;\"><\/div>\n<div style=\"padding-top: 8px;\">\n<div style=\"color: #3897f0; font-family: Arial,sans-serif; font-size: 14px; font-style: normal; font-weight: 550; line-height: 18px;\">Voir cette publication sur Instagram<\/div>\n<\/div>\n<div style=\"padding: 12.5% 0;\"><\/div>\n<div style=\"flex-direction: row; margin-bottom: 14px; align-items: center;\">\n<div>\n<div style=\"background-color: #f4f4f4; border-radius: 50%; height: 12.5px; width: 12.5px;\"><\/div>\n<div style=\"background-color: #f4f4f4; height: 12.5px; width: 12.5px; flex-grow: 0; margin-right: 14px; margin-left: 2px;\"><\/div>\n<div style=\"background-color: #f4f4f4; border-radius: 50%; height: 12.5px; width: 12.5px;\"><\/div>\n<\/div>\n<div style=\"margin-left: 8px;\">\n<div style=\"background-color: #f4f4f4; border-radius: 50%; flex-grow: 0; height: 20px; width: 20px;\"><\/div>\n<div style=\"width: 0; height: 0; border-top: 2px solid transparent; border-left: 6px solid #f4f4f4; border-bottom: 2px solid transparent;\"><\/div>\n<\/div>\n<div style=\"margin-left: auto;\">\n<div style=\"width: 0px; border-top: 8px solid #F4F4F4; border-right: 8px solid transparent;\"><\/div>\n<div style=\"background-color: #f4f4f4; flex-grow: 0; height: 12px; width: 16px;\"><\/div>\n<div style=\"width: 0; height: 0; border-top: 8px solid #F4F4F4; border-left: 8px solid transparent;\"><\/div>\n<\/div>\n<\/div>\n<div style=\"flex-direction: column; flex-grow: 1; justify-content: center; margin-bottom: 24px;\">\n<div style=\"background-color: #f4f4f4; border-radius: 4px; flex-grow: 0; height: 14px; margin-bottom: 6px; width: 224px;\"><\/div>\n<div style=\"background-color: #f4f4f4; border-radius: 4px; flex-grow: 0; height: 14px; width: 144px;\"><\/div>\n<\/div>\n<p>&nbsp;<\/p>\n<p style=\"color: #c9c8cd; font-family: Arial,sans-serif; font-size: 14px; line-height: 17px; margin-bottom: 0; margin-top: 8px; overflow: hidden; padding: 8px 0 7px; text-align: center;\"><a style=\"color: #c9c8cd; font-family: Arial,sans-serif; font-size: 14px; font-style: normal; font-weight: normal; line-height: 17px; text-decoration: none;\" href=\"https:\/\/www.instagram.com\/p\/DNpdcB_t4q1\/?utm_source=ig_embed&amp;utm_campaign=loading\" target=\"_blank\" rel=\"noopener\">Une publication partag\u00e9e par Grindelwald-First &#8211; Top of Adventure (@grindelwaldfirst)<\/a><\/p>\n<\/div>\n<\/blockquote>\n<h3><b>Lavaux : Le vin et les couleurs<\/b><\/h3>\n<p><span style=\"font-weight: 400;\">Si vous \u00eates un amateur de vin, <strong>Lavaux<\/strong> est la destination parfaite pour d\u00e9couvrir les vignes au moment o\u00f9 elles se parent des plus belles couleurs d\u2019automne. Ce site class\u00e9 au patrimoine mondial de l\u2019UNESCO, situ\u00e9 entre Lausanne et Montreux, se transforme en un paysage digne d\u2019une \u0153uvre d&#8217;art en octobre. Les terrasses viticoles en pente douce se recouvrent de teintes dor\u00e9es, et la vue sur le lac L\u00e9man et les montagnes environnantes est tout simplement \u00e9poustouflante. Gr\u00e2ce \u00e0 la carte de l\u2019automne, vous saurez exactement quand les feuilles des vignes prennent leurs couleurs les plus chaudes, et il ne vous restera plus qu\u2019\u00e0 vous installer confortablement pour une d\u00e9gustation de vin suisse, accompagn\u00e9e de fromages locaux.<\/span><\/p>\n<blockquote class=\"instagram-media\" style=\"background: #FFF; border: 0; border-radius: 3px; margin: 1px; max-width: 540px; min-width: 326px; padding: 0; width: calc(100% - 2px);\" data-instgrm-captioned=\"\" data-instgrm-permalink=\"https:\/\/www.instagram.com\/p\/DBuBKKgs_X8\/?utm_source=ig_embed&amp;utm_campaign=loading\" data-instgrm-version=\"14\">\n<div style=\"padding: 16px;\">\n<p>&nbsp;<\/p>\n<div style=\"flex-direction: row; align-items: center;\">\n<div style=\"background-color: #f4f4f4; border-radius: 50%; flex-grow: 0; height: 40px; margin-right: 14px; width: 40px;\"><\/div>\n<div style=\"flex-direction: column; flex-grow: 1; justify-content: center;\">\n<div style=\"background-color: #f4f4f4; border-radius: 4px; flex-grow: 0; height: 14px; margin-bottom: 6px; width: 100px;\"><\/div>\n<div style=\"background-color: #f4f4f4; border-radius: 4px; flex-grow: 0; height: 14px; width: 60px;\"><\/div>\n<\/div>\n<\/div>\n<div style=\"padding: 19% 0;\"><\/div>\n<div style=\"height: 50px; margin: 0 auto 12px; width: 50px;\"><\/div>\n<div style=\"padding-top: 8px;\">\n<div style=\"color: #3897f0; font-family: Arial,sans-serif; font-size: 14px; font-style: normal; font-weight: 550; line-height: 18px;\">Voir cette publication sur Instagram<\/div>\n<\/div>\n<div style=\"padding: 12.5% 0;\"><\/div>\n<div style=\"flex-direction: row; margin-bottom: 14px; align-items: center;\">\n<div>\n<div style=\"background-color: #f4f4f4; border-radius: 50%; height: 12.5px; width: 12.5px;\"><\/div>\n<div style=\"background-color: #f4f4f4; height: 12.5px; width: 12.5px; flex-grow: 0; margin-right: 14px; margin-left: 2px;\"><\/div>\n<div style=\"background-color: #f4f4f4; border-radius: 50%; height: 12.5px; width: 12.5px;\"><\/div>\n<\/div>\n<div style=\"margin-left: 8px;\">\n<div style=\"background-color: #f4f4f4; border-radius: 50%; flex-grow: 0; height: 20px; width: 20px;\"><\/div>\n<div style=\"width: 0; height: 0; border-top: 2px solid transparent; border-left: 6px solid #f4f4f4; border-bottom: 2px solid transparent;\"><\/div>\n<\/div>\n<div style=\"margin-left: auto;\">\n<div style=\"width: 0px; border-top: 8px solid #F4F4F4; border-right: 8px solid transparent;\"><\/div>\n<div style=\"background-color: #f4f4f4; flex-grow: 0; height: 12px; width: 16px;\"><\/div>\n<div style=\"width: 0; height: 0; border-top: 8px solid #F4F4F4; border-left: 8px solid transparent;\"><\/div>\n<\/div>\n<\/div>\n<div style=\"flex-direction: column; flex-grow: 1; justify-content: center; margin-bottom: 24px;\">\n<div style=\"background-color: #f4f4f4; border-radius: 4px; flex-grow: 0; height: 14px; margin-bottom: 6px; width: 224px;\"><\/div>\n<div style=\"background-color: #f4f4f4; border-radius: 4px; flex-grow: 0; height: 14px; width: 144px;\"><\/div>\n<\/div>\n<p>&nbsp;<\/p>\n<p style=\"color: #c9c8cd; font-family: Arial,sans-serif; font-size: 14px; line-height: 17px; margin-bottom: 0; margin-top: 8px; overflow: hidden; padding: 8px 0 7px; text-align: center;\"><a style=\"color: #c9c8cd; font-family: Arial,sans-serif; font-size: 14px; font-style: normal; font-weight: normal; line-height: 17px; text-decoration: none;\" href=\"https:\/\/www.instagram.com\/p\/DBuBKKgs_X8\/?utm_source=ig_embed&amp;utm_campaign=loading\" target=\"_blank\" rel=\"noopener\">Une publication partag\u00e9e par \ud835\udc68\ud835\udc92\ud835\udc96\ud835\udc82\ud835\udc95\ud835\udc8a\ud835\udc94 \ud835\udc6f\ud835\udc90\ud835\udc95\ud835\udc86\ud835\udc8d \ud835\udc73\ud835\udc82\ud835\udc96\ud835\udc94\ud835\udc82\ud835\udc8f\ud835\udc8f\ud835\udc86 \ud83c\udde8\ud83c\udded (@aquatis.hotel)<\/a><\/p>\n<\/div>\n<\/blockquote>\n<h2><b>Le train : le compagnon id\u00e9al pour votre voyage color\u00e9<\/b><\/h2>\n<p><span style=\"font-weight: 400;\">Voyager en Suisse, c\u2019est aussi vivre une exp\u00e9rience unique, et le train en fait pleinement partie. Gr\u00e2ce \u00e0 un r\u00e9seau ferroviaire ultra-efficace et \u00e0 la beaut\u00e9 des paysages suisses, vous n\u2019avez qu\u2019\u00e0 vous laisser guider. Depuis la France, les trains TGV Lyria vous am\u00e8nent en Suisse en un clin d\u2019\u0153il. Depuis Paris, par exemple, comptez environ 4 heures pour rejoindre des villes comme <strong>Gen\u00e8ve, Zurich ou Lausanne,<\/strong> mais bien plus que la rapidit\u00e9, c\u2019est le confort qui fait de ce moyen de transport un must pour les amoureux de la nature.<\/span><\/p>\n<p><span style=\"font-weight: 400;\">Imaginez-vous confortablement install\u00e9 \u00e0 bord du<strong> TGV Lyria,<\/strong> un caf\u00e9 \u00e0 la main, pendant que les montagnes suisses et les for\u00eats enflamm\u00e9es d\u2019automne d\u00e9filent sous vos yeux. C\u2019est un peu comme si le voyage lui-m\u00eame \u00e9tait une partie int\u00e9grante de l\u2019aventure. Et une fois arriv\u00e9 \u00e0 destination, vous n\u2019\u00eates qu\u2019\u00e0 quelques pas des plus belles escapades automnales. Si vous partez de Lyon ou Strasbourg, vous trouverez aussi des liaisons faciles et rapides, avec des prix variant entre 30 et 60 euros selon la p\u00e9riode et la r\u00e9servation.<\/span><\/p>\n<blockquote class=\"instagram-media\" style=\"background: #FFF; border: 0; border-radius: 3px; margin: 1px; max-width: 540px; min-width: 326px; padding: 0; width: calc(100% - 2px);\" data-instgrm-captioned=\"\" data-instgrm-permalink=\"https:\/\/www.instagram.com\/p\/DBlBAVePLLO\/?utm_source=ig_embed&amp;utm_campaign=loading\" data-instgrm-version=\"14\">\n<div style=\"padding: 16px;\">\n<p>&nbsp;<\/p>\n<div style=\"flex-direction: row; align-items: center;\">\n<div style=\"background-color: #f4f4f4; border-radius: 50%; flex-grow: 0; height: 40px; margin-right: 14px; width: 40px;\"><\/div>\n<div style=\"flex-direction: column; flex-grow: 1; justify-content: center;\">\n<div style=\"background-color: #f4f4f4; border-radius: 4px; flex-grow: 0; height: 14px; margin-bottom: 6px; width: 100px;\"><\/div>\n<div style=\"background-color: #f4f4f4; border-radius: 4px; flex-grow: 0; height: 14px; width: 60px;\"><\/div>\n<\/div>\n<\/div>\n<div style=\"padding: 19% 0;\"><\/div>\n<div style=\"height: 50px; margin: 0 auto 12px; width: 50px;\"><\/div>\n<div style=\"padding-top: 8px;\">\n<div style=\"color: #3897f0; font-family: Arial,sans-serif; font-size: 14px; font-style: normal; font-weight: 550; line-height: 18px;\">Voir cette publication sur Instagram<\/div>\n<\/div>\n<div style=\"padding: 12.5% 0;\"><\/div>\n<div style=\"flex-direction: row; margin-bottom: 14px; align-items: center;\">\n<div>\n<div style=\"background-color: #f4f4f4; border-radius: 50%; height: 12.5px; width: 12.5px;\"><\/div>\n<div style=\"background-color: #f4f4f4; height: 12.5px; width: 12.5px; flex-grow: 0; margin-right: 14px; margin-left: 2px;\"><\/div>\n<div style=\"background-color: #f4f4f4; border-radius: 50%; height: 12.5px; width: 12.5px;\"><\/div>\n<\/div>\n<div style=\"margin-left: 8px;\">\n<div style=\"background-color: #f4f4f4; border-radius: 50%; flex-grow: 0; height: 20px; width: 20px;\"><\/div>\n<div style=\"width: 0; height: 0; border-top: 2px solid transparent; border-left: 6px solid #f4f4f4; border-bottom: 2px solid transparent;\"><\/div>\n<\/div>\n<div style=\"margin-left: auto;\">\n<div style=\"width: 0px; border-top: 8px solid #F4F4F4; border-right: 8px solid transparent;\"><\/div>\n<div style=\"background-color: #f4f4f4; flex-grow: 0; height: 12px; width: 16px;\"><\/div>\n<div style=\"width: 0; height: 0; border-top: 8px solid #F4F4F4; border-left: 8px solid transparent;\"><\/div>\n<\/div>\n<\/div>\n<div style=\"flex-direction: column; flex-grow: 1; justify-content: center; margin-bottom: 24px;\">\n<div style=\"background-color: #f4f4f4; border-radius: 4px; flex-grow: 0; height: 14px; margin-bottom: 6px; width: 224px;\"><\/div>\n<div style=\"background-color: #f4f4f4; border-radius: 4px; flex-grow: 0; height: 14px; width: 144px;\"><\/div>\n<\/div>\n<p>&nbsp;<\/p>\n<p style=\"color: #c9c8cd; font-family: Arial,sans-serif; font-size: 14px; line-height: 17px; margin-bottom: 0; margin-top: 8px; overflow: hidden; padding: 8px 0 7px; text-align: center;\"><a style=\"color: #c9c8cd; font-family: Arial,sans-serif; font-size: 14px; font-style: normal; font-weight: normal; line-height: 17px; text-decoration: none;\" href=\"https:\/\/www.instagram.com\/p\/DBlBAVePLLO\/?utm_source=ig_embed&amp;utm_campaign=loading\" target=\"_blank\" rel=\"noopener\">Une publication partag\u00e9e par \u9b3c\u9b3cCindy | Travel Photography (@cindy_xu3ejo3)<\/a><\/p>\n<\/div>\n<\/blockquote>\n<h2><b>L\u2019automne en Suisse : une explosion de couleurs \u00e0 d\u00e9couvrir \u00e0 tout prix<\/b><\/h2>\n<p><span style=\"font-weight: 400;\">La carte magique de l\u2019automne en <a href=\"https:\/\/discover.ulysse.com\/evadez-vous-dans-ce-village-suisse-suspendu-entre-ciel-et-terre-pour-une-pause-alpine-unique\">Suisse<\/a> ne se contente pas de vous indiquer o\u00f9 aller, elle vous fait vivre un v\u00e9ritable voyage au c\u0153ur des paysages les plus color\u00e9s d\u2019Europe. Entre montagnes enneig\u00e9es, for\u00eats aux teintes flamboyantes et vignobles dor\u00e9s, vous d\u00e9couvrirez des panoramas qui resteront grav\u00e9s dans votre m\u00e9moire. Mais ce n\u2019est pas tout : en Suisse, l\u2019automne rime aussi avec traditions locales, gastronomie r\u00e9confortante et d\u00e9couvertes culturelles. Chaque village, chaque ville, chaque recoin de ce pays vous offre une exp\u00e9rience unique, o\u00f9 l\u2019on se laisse s\u00e9duire par la beaut\u00e9 de la nature et la richesse du patrimoine.<\/span><\/p>\n<blockquote class=\"instagram-media\" style=\"background: #FFF; border: 0; border-radius: 3px; margin: 1px; max-width: 540px; min-width: 326px; padding: 0; width: calc(100% - 2px);\" data-instgrm-captioned=\"\" data-instgrm-permalink=\"https:\/\/www.instagram.com\/p\/CH2P73KqGwk\/?utm_source=ig_embed&amp;utm_campaign=loading\" data-instgrm-version=\"14\">\n<div style=\"padding: 16px;\">\n<p>&nbsp;<\/p>\n<div style=\"flex-direction: row; align-items: center;\">\n<div style=\"background-color: #f4f4f4; border-radius: 50%; flex-grow: 0; height: 40px; margin-right: 14px; width: 40px;\"><\/div>\n<div style=\"flex-direction: column; flex-grow: 1; justify-content: center;\">\n<div style=\"background-color: #f4f4f4; border-radius: 4px; flex-grow: 0; height: 14px; margin-bottom: 6px; width: 100px;\"><\/div>\n<div style=\"background-color: #f4f4f4; border-radius: 4px; flex-grow: 0; height: 14px; width: 60px;\"><\/div>\n<\/div>\n<\/div>\n<div style=\"padding: 19% 0;\"><\/div>\n<div style=\"height: 50px; margin: 0 auto 12px; width: 50px;\"><\/div>\n<div style=\"padding-top: 8px;\">\n<div style=\"color: #3897f0; font-family: Arial,sans-serif; font-size: 14px; font-style: normal; font-weight: 550; line-height: 18px;\">Voir cette publication sur Instagram<\/div>\n<\/div>\n<div style=\"padding: 12.5% 0;\"><\/div>\n<div style=\"flex-direction: row; margin-bottom: 14px; align-items: center;\">\n<div>\n<div style=\"background-color: #f4f4f4; border-radius: 50%; height: 12.5px; width: 12.5px;\"><\/div>\n<div style=\"background-color: #f4f4f4; height: 12.5px; width: 12.5px; flex-grow: 0; margin-right: 14px; margin-left: 2px;\"><\/div>\n<div style=\"background-color: #f4f4f4; border-radius: 50%; height: 12.5px; width: 12.5px;\"><\/div>\n<\/div>\n<div style=\"margin-left: 8px;\">\n<div style=\"background-color: #f4f4f4; border-radius: 50%; flex-grow: 0; height: 20px; width: 20px;\"><\/div>\n<div style=\"width: 0; height: 0; border-top: 2px solid transparent; border-left: 6px solid #f4f4f4; border-bottom: 2px solid transparent;\"><\/div>\n<\/div>\n<div style=\"margin-left: auto;\">\n<div style=\"width: 0px; border-top: 8px solid #F4F4F4; border-right: 8px solid transparent;\"><\/div>\n<div style=\"background-color: #f4f4f4; flex-grow: 0; height: 12px; width: 16px;\"><\/div>\n<div style=\"width: 0; height: 0; border-top: 8px solid #F4F4F4; border-left: 8px solid transparent;\"><\/div>\n<\/div>\n<\/div>\n<div style=\"flex-direction: column; flex-grow: 1; justify-content: center; margin-bottom: 24px;\">\n<div style=\"background-color: #f4f4f4; border-radius: 4px; flex-grow: 0; height: 14px; margin-bottom: 6px; width: 224px;\"><\/div>\n<div style=\"background-color: #f4f4f4; border-radius: 4px; flex-grow: 0; height: 14px; width: 144px;\"><\/div>\n<\/div>\n<p>&nbsp;<\/p>\n<p style=\"color: #c9c8cd; font-family: Arial,sans-serif; font-size: 14px; line-height: 17px; margin-bottom: 0; margin-top: 8px; overflow: hidden; padding: 8px 0 7px; text-align: center;\"><a style=\"color: #c9c8cd; font-family: Arial,sans-serif; font-size: 14px; font-style: normal; font-weight: normal; line-height: 17px; text-decoration: none;\" href=\"https:\/\/www.instagram.com\/p\/CH2P73KqGwk\/?utm_source=ig_embed&amp;utm_campaign=loading\" target=\"_blank\" rel=\"noopener\">Une publication partag\u00e9e par \ud83c\udde8\ud83c\udded by train, bus and boat. (@travelswitzerland_official)<\/a><\/p>\n<\/div>\n<\/blockquote>\n<p><span style=\"font-weight: 400;\">Alors, qu\u2019attendez-vous pour suivre le fil des couleurs et embarquer pour une aventure automnale en Suisse ? La carte magique n&#8217;attend que vous. Et qui sait, peut-\u00eatre y d\u00e9couvrirez-vous des tr\u00e9sors cach\u00e9s qui vous feront revenir encore et encore\u2026<\/span><\/p>\n","protected":false},"excerpt":{"rendered":"<p>L&#8217;automne en Suisse, c\u2019est un peu comme un secret bien gard\u00e9, un tr\u00e9sor que seuls les plus curieux osent chercher. [&hellip;]<\/p>\n","protected":false},"author":3,"featured_media":34824,"comment_status":"open","ping_status":"closed","sticky":false,"template":"","format":"standard","meta":{"_acf_changed":false,"_sitemap_exclude":false,"_sitemap_priority":"","_sitemap_frequency":"","footnotes":"","rank_math_title":"","rank_math_description":"L\u2019automne en Suisse vous r\u00e9serve bien plus qu\u2019une simple palette de couleurs : il vous offre une immersion dans un univers o\u00f9 chaque d\u00e9tail compte\n","rank_math_canonical_url":"","rank_math_focus_keyword":"automne"},"categories":[3],"tags":[],"class_list":["post-34823","post","type-post","status-publish","format-standard","has-post-thumbnail","hentry","category-voyage"],"acf":[],"_links":{"self":[{"href":"https:\/\/ulysse.com\/news\/wp-json\/wp\/v2\/posts\/34823","targetHints":{"allow":["GET"]}}],"collection":[{"href":"https:\/\/ulysse.com\/news\/wp-json\/wp\/v2\/posts"}],"about":[{"href":"https:\/\/ulysse.com\/news\/wp-json\/wp\/v2\/types\/post"}],"author":[{"embeddable":true,"href":"https:\/\/ulysse.com\/news\/wp-json\/wp\/v2\/users\/3"}],"replies":[{"embeddable":true,"href":"https:\/\/ulysse.com\/news\/wp-json\/wp\/v2\/comments?post=34823"}],"version-history":[{"count":2,"href":"https:\/\/ulysse.com\/news\/wp-json\/wp\/v2\/posts\/34823\/revisions"}],"predecessor-version":[{"id":34854,"href":"https:\/\/ulysse.com\/news\/wp-json\/wp\/v2\/posts\/34823\/revisions\/34854"}],"wp:featuredmedia":[{"embeddable":true,"href":"https:\/\/ulysse.com\/news\/wp-json\/wp\/v2\/media\/34824"}],"wp:attachment":[{"href":"https:\/\/ulysse.com\/news\/wp-json\/wp\/v2\/media?parent=34823"}],"wp:term":[{"taxonomy":"category","embeddable":true,"href":"https:\/\/ulysse.com\/news\/wp-json\/wp\/v2\/categories?post=34823"},{"taxonomy":"post_tag","embeddable":true,"href":"https:\/\/ulysse.com\/news\/wp-json\/wp\/v2\/tags?post=34823"}],"curies":[{"name":"wp","href":"https:\/\/api.w.org\/{rel}","templated":true}]}}