{"id":34832,"date":"2025-09-09T18:35:21","date_gmt":"2025-09-09T17:35:21","guid":{"rendered":"https:\/\/discover.ulysse.com\/?p=34832"},"modified":"2025-09-09T18:48:08","modified_gmt":"2025-09-09T17:48:08","slug":"eveil-sens-cote-demeraude-escales-escapade","status":"publish","type":"post","link":"https:\/\/ulysse.com\/news\/eveil-sens-cote-demeraude-escales-escapade","title":{"rendered":"\u00c9veil des sens sur la C\u00f4te d\u2019\u00c9meraude : quatre escales pour une escapade inoubliable"},"content":{"rendered":"<p><span style=\"font-weight: 400\">Laissez-vous emporter par l\u2019air sal\u00e9 de la<strong> Bretagne<\/strong>, un endroit o\u00f9 la mer se m\u00eale aux terres sauvages et o\u00f9 chaque instant est une promesse d\u2019\u00e9vasion. <strong>La C\u00f4te d\u2019\u00c9meraude<\/strong>, avec ses paysages \u00e9poustouflants et ses villages typiques, est l\u2019endroit id\u00e9al pour \u00e9veiller vos sens. Entre les vagues qui viennent caresser les plages, les senteurs iod\u00e9es des criques, et les saveurs d\u00e9licieuses des produits locaux, chaque escale est une v\u00e9ritable aventure sensorielle. Un voyage qui ne laisse pas indiff\u00e9rent et qui vous invite \u00e0 voir, sentir, go\u00fbter et m\u00eame \u00e9couter la beaut\u00e9 brute de cette r\u00e9gion bretonne. Pr\u00eat \u00e0 d\u00e9couvrir les quatre escales incontournables pour une escapade qui marquera vos souvenirs ?<\/span><\/p>\n<h2><b>Saint-Malo : la ville corsaire qui chatouille vos yeux et vos oreilles<\/b><\/h2>\n<p><span style=\"font-weight: 400\"><strong>Saint-Malo<\/strong>, c\u2019est le genre de ville o\u00f9 l\u2019histoire vous saute aux yeux \u00e0 chaque coin de rue. Fl\u00e2ner dans ses ruelles pav\u00e9es, c\u2019est comme remonter le temps, entre pirates et aventuriers. Mais au-del\u00e0 de l\u2019aspect historique, c\u2019est surtout le spectacle vivant de la mer qui capte l\u2019attention. De ses remparts, vous avez une vue imprenable sur l\u2019oc\u00e9an, et chaque mar\u00e9e vous raconte une histoire diff\u00e9rente. L\u2019air marin, piqu\u00e9 de sel, vous fouette le visage, tandis que le bruit des vagues frappe les rochers avec force, vous plongeant dans une atmosph\u00e8re presque hypnotique.<\/span><\/p>\n<p><span style=\"font-weight: 400\">\u00c0 <a href=\"https:\/\/discover.ulysse.com\/ce-lieu-breton-detrone-saint-malo-et-devient-le-nouveau-paradis-des-touristes\">Saint-Malo<\/a>, le regard se r\u00e9gale de chaque d\u00e9tail : les voiles blanches qui se dessinent sur l\u2019horizon, les maisons en granit qui dominent la c\u00f4te et les petites plages qui se d\u00e9voilent au fur et \u00e0 mesure que la mar\u00e9e descend. Sans oublier l\u2019odeur des galettes bretonnes qui vous envahit \u00e0 chaque coin de rue. C\u2019est simple, ici tout est fait pour ravir vos yeux et vos oreilles, entre nature sauvage et patrimoine historique. Et si vous avez un petit creux apr\u00e8s votre balade, n\u2019oubliez pas de go\u00fbter aux fameux fruits de mer, fra\u00eechement p\u00each\u00e9s, au march\u00e9 de la ville.<\/span><\/p>\n<h3><b>Comment y aller ?<\/b><\/h3>\n<p><span style=\"font-weight: 400\">Pour rejoindre Saint-Malo, rien de plus facile ! En train, vous partez de Paris-Montparnasse et vous voil\u00e0 sur place en \u00e0 peine 3h30. Si vous \u00eates un peu plus loin, comme \u00e0 Lyon ou Strasbourg, pas de panique, des correspondances sont possibles via Rennes, et vous arriverez dans cette ville corsaire en un rien de temps. Le prix ? Comptez environ 40 \u00e0 60 \u20ac pour un aller simple. En route pour l&#8217;aventure !<\/span><\/p>\n<blockquote class=\"instagram-media\" style=\"background: #FFF;border: 0;border-radius: 3px;margin: 1px;max-width: 540px;min-width: 326px;padding: 0;width: calc(100% - 2px)\" data-instgrm-captioned=\"\" data-instgrm-permalink=\"https:\/\/www.instagram.com\/p\/CpID0DCIKiZ\/?utm_source=ig_embed&amp;utm_campaign=loading\" data-instgrm-version=\"14\">\n<div style=\"padding: 16px\">\n<p>&nbsp;<\/p>\n<div style=\"flex-direction: row;align-items: center\">\n<div style=\"background-color: #f4f4f4;border-radius: 50%;flex-grow: 0;height: 40px;margin-right: 14px;width: 40px\"><\/div>\n<div style=\"flex-direction: column;flex-grow: 1;justify-content: center\">\n<div style=\"background-color: #f4f4f4;border-radius: 4px;flex-grow: 0;height: 14px;margin-bottom: 6px;width: 100px\"><\/div>\n<div style=\"background-color: #f4f4f4;border-radius: 4px;flex-grow: 0;height: 14px;width: 60px\"><\/div>\n<\/div>\n<\/div>\n<div style=\"padding: 19% 0\"><\/div>\n<div style=\"height: 50px;margin: 0 auto 12px;width: 50px\"><\/div>\n<div style=\"padding-top: 8px\">\n<div style=\"color: #3897f0;font-family: Arial,sans-serif;font-size: 14px;font-style: normal;font-weight: 550;line-height: 18px\">Voir cette publication sur Instagram<\/div>\n<\/div>\n<div style=\"padding: 12.5% 0\"><\/div>\n<div style=\"flex-direction: row;margin-bottom: 14px;align-items: center\">\n<div>\n<div style=\"background-color: #f4f4f4;border-radius: 50%;height: 12.5px;width: 12.5px\"><\/div>\n<div style=\"background-color: #f4f4f4;height: 12.5px;width: 12.5px;flex-grow: 0;margin-right: 14px;margin-left: 2px\"><\/div>\n<div style=\"background-color: #f4f4f4;border-radius: 50%;height: 12.5px;width: 12.5px\"><\/div>\n<\/div>\n<div style=\"margin-left: 8px\">\n<div style=\"background-color: #f4f4f4;border-radius: 50%;flex-grow: 0;height: 20px;width: 20px\"><\/div>\n<div style=\"width: 0;height: 0;border-top: 2px solid transparent;border-left: 6px solid #f4f4f4;border-bottom: 2px solid transparent\"><\/div>\n<\/div>\n<div style=\"margin-left: auto\">\n<div style=\"width: 0px;border-top: 8px solid #F4F4F4;border-right: 8px solid transparent\"><\/div>\n<div style=\"background-color: #f4f4f4;flex-grow: 0;height: 12px;width: 16px\"><\/div>\n<div style=\"width: 0;height: 0;border-top: 8px solid #F4F4F4;border-left: 8px solid transparent\"><\/div>\n<\/div>\n<\/div>\n<div style=\"flex-direction: column;flex-grow: 1;justify-content: center;margin-bottom: 24px\">\n<div style=\"background-color: #f4f4f4;border-radius: 4px;flex-grow: 0;height: 14px;margin-bottom: 6px;width: 224px\"><\/div>\n<div style=\"background-color: #f4f4f4;border-radius: 4px;flex-grow: 0;height: 14px;width: 144px\"><\/div>\n<\/div>\n<p>&nbsp;<\/p>\n<p style=\"color: #c9c8cd;font-family: Arial,sans-serif;font-size: 14px;line-height: 17px;margin-bottom: 0;margin-top: 8px;overflow: hidden;padding: 8px 0 7px;text-align: center\"><a style=\"color: #c9c8cd;font-family: Arial,sans-serif;font-size: 14px;font-style: normal;font-weight: normal;line-height: 17px;text-decoration: none\" href=\"https:\/\/www.instagram.com\/p\/CpID0DCIKiZ\/?utm_source=ig_embed&amp;utm_campaign=loading\" target=\"_blank\" rel=\"noopener\">Une publication partag\u00e9e par Fans de Bretagne (@fansdebretagne)<\/a><\/p>\n<\/div>\n<\/blockquote>\n<h2><b>Dinard : la station baln\u00e9aire qui titille vos sens<\/b><\/h2>\n<p><span style=\"font-weight: 400\">\u00c0 quelques pas de Saint-Malo, <strong>Dinard<\/strong>, la station baln\u00e9aire de la Belle \u00c9poque, vous accueille dans un d\u00e9cor d\u2019\u00e9l\u00e9gance et de douceur. L\u2019air marin, \u00e0 la fois frais et doux, se m\u00eale \u00e0 l\u2019odeur des pins et des fleurs sauvages. Ici, on ne se contente pas de regarder la mer, on la vit. Les plages, bord\u00e9es de villas color\u00e9es, vous invitent \u00e0 la d\u00e9tente, et la balade sur la promenade du Clair de Lune est un pur moment de bonheur. Mais ce n\u2019est pas tout. \u00c0 Dinard, c\u2019est aussi une invitation \u00e0 d\u00e9guster la cuisine locale. Si les fruits de mer sont au menu, les cr\u00eapes et galettes bretonnes ne sont pas en reste, et une fois le repas termin\u00e9, un petit caf\u00e9 en terrasse s\u2019impose pour savourer la douceur de vivre.<\/span><\/p>\n<p><span style=\"font-weight: 400\">Les paysages sont tout simplement \u00e0 couper le souffle.<strong> L\u2019\u00eele de C\u00e9zembre,<\/strong> au large, semble veiller sur la ville, tandis que le soleil couchant colore l\u2019horizon de nuances dor\u00e9es. Le tout, dans une atmosph\u00e8re tranquille et apaisante, loin du tumulte des grandes stations baln\u00e9aires.<\/span><\/p>\n<h3><b>Comment y aller ?<\/b><\/h3>\n<p><span style=\"font-weight: 400\">Depuis Saint-Malo, un bus vous emm\u00e8ne \u00e0 Dinard en moins de 30 minutes. Si vous venez de Paris, il suffit de prendre le train jusqu\u2019\u00e0 Saint-Malo, puis de rejoindre Dinard en voiture ou en bus, pour un prix global autour de 40 \u20ac. Un petit trajet, mais un grand moment de plaisir !<\/span><\/p>\n<blockquote class=\"instagram-media\" style=\"background: #FFF;border: 0;border-radius: 3px;margin: 1px;max-width: 540px;min-width: 326px;padding: 0;width: calc(100% - 2px)\" data-instgrm-captioned=\"\" data-instgrm-permalink=\"https:\/\/www.instagram.com\/p\/DNfSljsPAh2\/?utm_source=ig_embed&amp;utm_campaign=loading\" data-instgrm-version=\"14\">\n<div style=\"padding: 16px\">\n<p>&nbsp;<\/p>\n<div style=\"flex-direction: row;align-items: center\">\n<div style=\"background-color: #f4f4f4;border-radius: 50%;flex-grow: 0;height: 40px;margin-right: 14px;width: 40px\"><\/div>\n<div style=\"flex-direction: column;flex-grow: 1;justify-content: center\">\n<div style=\"background-color: #f4f4f4;border-radius: 4px;flex-grow: 0;height: 14px;margin-bottom: 6px;width: 100px\"><\/div>\n<div style=\"background-color: #f4f4f4;border-radius: 4px;flex-grow: 0;height: 14px;width: 60px\"><\/div>\n<\/div>\n<\/div>\n<div style=\"padding: 19% 0\"><\/div>\n<div style=\"height: 50px;margin: 0 auto 12px;width: 50px\"><\/div>\n<div style=\"padding-top: 8px\">\n<div style=\"color: #3897f0;font-family: Arial,sans-serif;font-size: 14px;font-style: normal;font-weight: 550;line-height: 18px\">Voir cette publication sur Instagram<\/div>\n<\/div>\n<div style=\"padding: 12.5% 0\"><\/div>\n<div style=\"flex-direction: row;margin-bottom: 14px;align-items: center\">\n<div>\n<div style=\"background-color: #f4f4f4;border-radius: 50%;height: 12.5px;width: 12.5px\"><\/div>\n<div style=\"background-color: #f4f4f4;height: 12.5px;width: 12.5px;flex-grow: 0;margin-right: 14px;margin-left: 2px\"><\/div>\n<div style=\"background-color: #f4f4f4;border-radius: 50%;height: 12.5px;width: 12.5px\"><\/div>\n<\/div>\n<div style=\"margin-left: 8px\">\n<div style=\"background-color: #f4f4f4;border-radius: 50%;flex-grow: 0;height: 20px;width: 20px\"><\/div>\n<div style=\"width: 0;height: 0;border-top: 2px solid transparent;border-left: 6px solid #f4f4f4;border-bottom: 2px solid transparent\"><\/div>\n<\/div>\n<div style=\"margin-left: auto\">\n<div style=\"width: 0px;border-top: 8px solid #F4F4F4;border-right: 8px solid transparent\"><\/div>\n<div style=\"background-color: #f4f4f4;flex-grow: 0;height: 12px;width: 16px\"><\/div>\n<div style=\"width: 0;height: 0;border-top: 8px solid #F4F4F4;border-left: 8px solid transparent\"><\/div>\n<\/div>\n<\/div>\n<div style=\"flex-direction: column;flex-grow: 1;justify-content: center;margin-bottom: 24px\">\n<div style=\"background-color: #f4f4f4;border-radius: 4px;flex-grow: 0;height: 14px;margin-bottom: 6px;width: 224px\"><\/div>\n<div style=\"background-color: #f4f4f4;border-radius: 4px;flex-grow: 0;height: 14px;width: 144px\"><\/div>\n<\/div>\n<p>&nbsp;<\/p>\n<p style=\"color: #c9c8cd;font-family: Arial,sans-serif;font-size: 14px;line-height: 17px;margin-bottom: 0;margin-top: 8px;overflow: hidden;padding: 8px 0 7px;text-align: center\"><a style=\"color: #c9c8cd;font-family: Arial,sans-serif;font-size: 14px;font-style: normal;font-weight: normal;line-height: 17px;text-decoration: none\" href=\"https:\/\/www.instagram.com\/p\/DNfSljsPAh2\/?utm_source=ig_embed&amp;utm_campaign=loading\" target=\"_blank\" rel=\"noopener\">Une publication partag\u00e9e par Ville de Dinard (@villededinard)<\/a><\/p>\n<\/div>\n<\/blockquote>\n<h2><b>Cap Fr\u00e9hel : l\u00e0 o\u00f9 la nature prend tout son sens<\/b><\/h2>\n<p><span style=\"font-weight: 400\">Le<a href=\"https:\/\/discover.ulysse.com\/sentier-randonne-prise-bretagne-a-present-ferme\"> Cap Fr\u00e9hel<\/a>, c\u2019est la destination pour les amoureux de la nature brute et sauvage. Ici, la mer vient s\u2019\u00e9craser sur des falaises vertigineuses, tandis que le vent souffle fort sur la lande bretonne. Le panorama est \u00e0 couper le souffle, et le phare du<strong> Cap Fr\u00e9hel,<\/strong> avec sa lumi\u00e8re \u00e9clatante, semble guider les voyageurs vers un ailleurs. Vous \u00eates ici sur l\u2019un des plus beaux spots de la r\u00e9gion, o\u00f9 chaque pas vous rapproche un peu plus de la beaut\u00e9 intacte de la nature. L\u2019odeur de l\u2019iode, les bruits des vagues et la vue panoramique font de cet endroit un v\u00e9ritable tableau vivant.<\/span><\/p>\n<p><span style=\"font-weight: 400\">Les couleurs changent en fonction de l\u2019heure de la journ\u00e9e : le bleu intense de l\u2019oc\u00e9an se transforme en une palette d\u2019orange et de rose \u00e0 l\u2019heure du coucher du soleil. Pour les amateurs de randonn\u00e9e, les sentiers autour du Cap Fr\u00e9hel offrent des vues imprenables et des moments de tranquillit\u00e9 absolue. Un vrai bol d\u2019air pur !<\/span><\/p>\n<h3><b>Comment y aller ?<\/b><\/h3>\n<p><span style=\"font-weight: 400\">Depuis Saint-Malo, il faut prendre la voiture ou un bus, car les transports en commun ne desservent pas directement le site. Comptez environ 45 minutes de trajet pour rejoindre ce coin de paradis. L\u2019option voiture reste la plus pratique pour explorer \u00e0 votre rythme cette nature pr\u00e9serv\u00e9e.<\/span><\/p>\n<blockquote class=\"instagram-media\" style=\"background: #FFF;border: 0;border-radius: 3px;margin: 1px;max-width: 540px;min-width: 326px;padding: 0;width: calc(100% - 2px)\" data-instgrm-captioned=\"\" data-instgrm-permalink=\"https:\/\/www.instagram.com\/p\/DN_NLK2jLPO\/?utm_source=ig_embed&amp;utm_campaign=loading\" data-instgrm-version=\"14\">\n<div style=\"padding: 16px\">\n<p>&nbsp;<\/p>\n<div style=\"flex-direction: row;align-items: center\">\n<div style=\"background-color: #f4f4f4;border-radius: 50%;flex-grow: 0;height: 40px;margin-right: 14px;width: 40px\"><\/div>\n<div style=\"flex-direction: column;flex-grow: 1;justify-content: center\">\n<div style=\"background-color: #f4f4f4;border-radius: 4px;flex-grow: 0;height: 14px;margin-bottom: 6px;width: 100px\"><\/div>\n<div style=\"background-color: #f4f4f4;border-radius: 4px;flex-grow: 0;height: 14px;width: 60px\"><\/div>\n<\/div>\n<\/div>\n<div style=\"padding: 19% 0\"><\/div>\n<div style=\"height: 50px;margin: 0 auto 12px;width: 50px\"><\/div>\n<div style=\"padding-top: 8px\">\n<div style=\"color: #3897f0;font-family: Arial,sans-serif;font-size: 14px;font-style: normal;font-weight: 550;line-height: 18px\">Voir cette publication sur Instagram<\/div>\n<\/div>\n<div style=\"padding: 12.5% 0\"><\/div>\n<div style=\"flex-direction: row;margin-bottom: 14px;align-items: center\">\n<div>\n<div style=\"background-color: #f4f4f4;border-radius: 50%;height: 12.5px;width: 12.5px\"><\/div>\n<div style=\"background-color: #f4f4f4;height: 12.5px;width: 12.5px;flex-grow: 0;margin-right: 14px;margin-left: 2px\"><\/div>\n<div style=\"background-color: #f4f4f4;border-radius: 50%;height: 12.5px;width: 12.5px\"><\/div>\n<\/div>\n<div style=\"margin-left: 8px\">\n<div style=\"background-color: #f4f4f4;border-radius: 50%;flex-grow: 0;height: 20px;width: 20px\"><\/div>\n<div style=\"width: 0;height: 0;border-top: 2px solid transparent;border-left: 6px solid #f4f4f4;border-bottom: 2px solid transparent\"><\/div>\n<\/div>\n<div style=\"margin-left: auto\">\n<div style=\"width: 0px;border-top: 8px solid #F4F4F4;border-right: 8px solid transparent\"><\/div>\n<div style=\"background-color: #f4f4f4;flex-grow: 0;height: 12px;width: 16px\"><\/div>\n<div style=\"width: 0;height: 0;border-top: 8px solid #F4F4F4;border-left: 8px solid transparent\"><\/div>\n<\/div>\n<\/div>\n<div style=\"flex-direction: column;flex-grow: 1;justify-content: center;margin-bottom: 24px\">\n<div style=\"background-color: #f4f4f4;border-radius: 4px;flex-grow: 0;height: 14px;margin-bottom: 6px;width: 224px\"><\/div>\n<div style=\"background-color: #f4f4f4;border-radius: 4px;flex-grow: 0;height: 14px;width: 144px\"><\/div>\n<\/div>\n<p>&nbsp;<\/p>\n<p style=\"color: #c9c8cd;font-family: Arial,sans-serif;font-size: 14px;line-height: 17px;margin-bottom: 0;margin-top: 8px;overflow: hidden;padding: 8px 0 7px;text-align: center\"><a style=\"color: #c9c8cd;font-family: Arial,sans-serif;font-size: 14px;font-style: normal;font-weight: normal;line-height: 17px;text-decoration: none\" href=\"https:\/\/www.instagram.com\/p\/DN_NLK2jLPO\/?utm_source=ig_embed&amp;utm_campaign=loading\" target=\"_blank\" rel=\"noopener\">Une publication partag\u00e9e par Cap Fr\u00e9hel &#8211; C\u00f4te d\u2019\u00c9meraude \ud83d\udccd (@capfrehelcotedemeraude)<\/a><\/p>\n<\/div>\n<\/blockquote>\n<h2><b>Cancale : l\u2019escale gourmande qui va r\u00e9veiller vos papilles<\/b><\/h2>\n<p><span style=\"font-weight: 400\"><strong>Cancale,<\/strong> c\u2019est l\u2019escale o\u00f9 les sens prennent une dimension toute particuli\u00e8re. C\u2019est ici que l\u2019on go\u00fbte l\u2019authenticit\u00e9 des hu\u00eetres bretonnes, fra\u00eeches et iod\u00e9es, directement sorties des parcs \u00e0 hu\u00eetres. Le village, avec ses petites ruelles pleines de charme et ses march\u00e9s color\u00e9s, vous invite \u00e0 une exp\u00e9rience gustative unique. Mais Cancale, c\u2019est aussi un lieu o\u00f9 les paysages se d\u00e9voilent au fil de la mar\u00e9e. Les vues sur la baie du <strong>Mont-Saint-Michel<\/strong> sont tout simplement majestueuses et l\u2019atmosph\u00e8re calme et sereine de ce village portuaire vous plonge dans une ambiance douce et apaisante.<\/span><\/p>\n<p><span style=\"font-weight: 400\">Le matin, fl\u00e2nez sur le port et laissez-vous tenter par une d\u00e9gustation d\u2019hu\u00eetres accompagn\u00e9e d\u2019un verre de vin blanc. L\u2019apr\u00e8s-midi, d\u00e9couvrez les sentiers c\u00f4tiers qui vous offrent des panoramas splendides sur la mer. La journ\u00e9e se termine par une belle coucher de soleil, que vous pourrez savourer avec un dernier plat de fruits de mer.<\/span><\/p>\n<blockquote class=\"instagram-media\" style=\"background: #FFF;border: 0;border-radius: 3px;margin: 1px;max-width: 540px;min-width: 326px;padding: 0;width: calc(100% - 2px)\" data-instgrm-captioned=\"\" data-instgrm-permalink=\"https:\/\/www.instagram.com\/p\/DNizZZjtbIe\/?utm_source=ig_embed&amp;utm_campaign=loading\" data-instgrm-version=\"14\">\n<div style=\"padding: 16px\">\n<p>&nbsp;<\/p>\n<div style=\"flex-direction: row;align-items: center\">\n<div style=\"background-color: #f4f4f4;border-radius: 50%;flex-grow: 0;height: 40px;margin-right: 14px;width: 40px\"><\/div>\n<div style=\"flex-direction: column;flex-grow: 1;justify-content: center\">\n<div style=\"background-color: #f4f4f4;border-radius: 4px;flex-grow: 0;height: 14px;margin-bottom: 6px;width: 100px\"><\/div>\n<div style=\"background-color: #f4f4f4;border-radius: 4px;flex-grow: 0;height: 14px;width: 60px\"><\/div>\n<\/div>\n<\/div>\n<div style=\"padding: 19% 0\"><\/div>\n<div style=\"height: 50px;margin: 0 auto 12px;width: 50px\"><\/div>\n<div style=\"padding-top: 8px\">\n<div style=\"color: #3897f0;font-family: Arial,sans-serif;font-size: 14px;font-style: normal;font-weight: 550;line-height: 18px\">Voir cette publication sur Instagram<\/div>\n<\/div>\n<div style=\"padding: 12.5% 0\"><\/div>\n<div style=\"flex-direction: row;margin-bottom: 14px;align-items: center\">\n<div>\n<div style=\"background-color: #f4f4f4;border-radius: 50%;height: 12.5px;width: 12.5px\"><\/div>\n<div style=\"background-color: #f4f4f4;height: 12.5px;width: 12.5px;flex-grow: 0;margin-right: 14px;margin-left: 2px\"><\/div>\n<div style=\"background-color: #f4f4f4;border-radius: 50%;height: 12.5px;width: 12.5px\"><\/div>\n<\/div>\n<div style=\"margin-left: 8px\">\n<div style=\"background-color: #f4f4f4;border-radius: 50%;flex-grow: 0;height: 20px;width: 20px\"><\/div>\n<div style=\"width: 0;height: 0;border-top: 2px solid transparent;border-left: 6px solid #f4f4f4;border-bottom: 2px solid transparent\"><\/div>\n<\/div>\n<div style=\"margin-left: auto\">\n<div style=\"width: 0px;border-top: 8px solid #F4F4F4;border-right: 8px solid transparent\"><\/div>\n<div style=\"background-color: #f4f4f4;flex-grow: 0;height: 12px;width: 16px\"><\/div>\n<div style=\"width: 0;height: 0;border-top: 8px solid #F4F4F4;border-left: 8px solid transparent\"><\/div>\n<\/div>\n<\/div>\n<div style=\"flex-direction: column;flex-grow: 1;justify-content: center;margin-bottom: 24px\">\n<div style=\"background-color: #f4f4f4;border-radius: 4px;flex-grow: 0;height: 14px;margin-bottom: 6px;width: 224px\"><\/div>\n<div style=\"background-color: #f4f4f4;border-radius: 4px;flex-grow: 0;height: 14px;width: 144px\"><\/div>\n<\/div>\n<p>&nbsp;<\/p>\n<p style=\"color: #c9c8cd;font-family: Arial,sans-serif;font-size: 14px;line-height: 17px;margin-bottom: 0;margin-top: 8px;overflow: hidden;padding: 8px 0 7px;text-align: center\"><a style=\"color: #c9c8cd;font-family: Arial,sans-serif;font-size: 14px;font-style: normal;font-weight: normal;line-height: 17px;text-decoration: none\" href=\"https:\/\/www.instagram.com\/p\/DNizZZjtbIe\/?utm_source=ig_embed&amp;utm_campaign=loading\" target=\"_blank\" rel=\"noopener\">Une publication partag\u00e9e par Alexandra Le\u00dfmeister (@pieces_of_alex)<\/a><\/p>\n<\/div>\n<\/blockquote>\n<h3><b>Comment y aller ?<\/b><\/h3>\n<p><span style=\"font-weight: 400\">Depuis Saint-Malo, Cancale est \u00e0 seulement 20 minutes en voiture. Si vous n\u2019avez pas de v\u00e9hicule, des bus r\u00e9guliers font le trajet entre les deux villes. Facile et rapide, tout comme la gourmandise qui vous attend \u00e0 Cancale !<\/span><\/p>\n<p><span style=\"font-weight: 400\">La C\u00f4te d\u2019\u00c9meraude n\u2019a pas fini de vous surprendre. <strong>De Saint-Malo \u00e0 Cancale<\/strong>, en passant par Dinard et le Cap Fr\u00e9hel, chaque escale vous plonge un peu plus dans un monde o\u00f9 la nature, la culture et les plaisirs gustatifs se rencontrent pour cr\u00e9er un voyage inoubliable. La C\u00f4te d\u2019\u00c9meraude vous attend pour \u00e9veiller tous vos sens !<\/span><\/p>\n","protected":false},"excerpt":{"rendered":"<p>Laissez-vous emporter par l\u2019air sal\u00e9 de la Bretagne, un endroit o\u00f9 la mer se m\u00eale aux terres sauvages et o\u00f9 [&hellip;]<\/p>\n","protected":false},"author":3,"featured_media":34834,"comment_status":"open","ping_status":"closed","sticky":false,"template":"","format":"standard","meta":{"_acf_changed":false,"_sitemap_exclude":false,"_sitemap_priority":"","_sitemap_frequency":"","footnotes":"","rank_math_title":"","rank_math_description":"Eveillez vos sens en d\u00e9couvrant la C\u00f4te d\u2019\u00c9meraude, entre paysages \u00e0 couper le souffle, saveurs iod\u00e9es et moments inoubliables.\n","rank_math_canonical_url":"","rank_math_focus_keyword":"sens,cote,emeraude"},"categories":[3],"tags":[],"class_list":["post-34832","post","type-post","status-publish","format-standard","has-post-thumbnail","hentry","category-voyage"],"acf":[],"_links":{"self":[{"href":"https:\/\/ulysse.com\/news\/wp-json\/wp\/v2\/posts\/34832","targetHints":{"allow":["GET"]}}],"collection":[{"href":"https:\/\/ulysse.com\/news\/wp-json\/wp\/v2\/posts"}],"about":[{"href":"https:\/\/ulysse.com\/news\/wp-json\/wp\/v2\/types\/post"}],"author":[{"embeddable":true,"href":"https:\/\/ulysse.com\/news\/wp-json\/wp\/v2\/users\/3"}],"replies":[{"embeddable":true,"href":"https:\/\/ulysse.com\/news\/wp-json\/wp\/v2\/comments?post=34832"}],"version-history":[{"count":3,"href":"https:\/\/ulysse.com\/news\/wp-json\/wp\/v2\/posts\/34832\/revisions"}],"predecessor-version":[{"id":34836,"href":"https:\/\/ulysse.com\/news\/wp-json\/wp\/v2\/posts\/34832\/revisions\/34836"}],"wp:featuredmedia":[{"embeddable":true,"href":"https:\/\/ulysse.com\/news\/wp-json\/wp\/v2\/media\/34834"}],"wp:attachment":[{"href":"https:\/\/ulysse.com\/news\/wp-json\/wp\/v2\/media?parent=34832"}],"wp:term":[{"taxonomy":"category","embeddable":true,"href":"https:\/\/ulysse.com\/news\/wp-json\/wp\/v2\/categories?post=34832"},{"taxonomy":"post_tag","embeddable":true,"href":"https:\/\/ulysse.com\/news\/wp-json\/wp\/v2\/tags?post=34832"}],"curies":[{"name":"wp","href":"https:\/\/api.w.org\/{rel}","templated":true}]}}