{"id":34837,"date":"2025-09-10T14:00:47","date_gmt":"2025-09-10T13:00:47","guid":{"rendered":"https:\/\/discover.ulysse.com\/?p=34837"},"modified":"2025-09-10T13:39:14","modified_gmt":"2025-09-10T12:39:14","slug":"departement-record-beaux-villages-france","status":"publish","type":"post","link":"https:\/\/ulysse.com\/news\/departement-record-beaux-villages-france","title":{"rendered":"Ce d\u00e9partement d\u00e9tient le record des Plus Beaux Villages de France"},"content":{"rendered":"<p><span style=\"font-weight: 400;\">L&#8217;Aveyron, c&#8217;est un peu le secret bien gard\u00e9 de la France. Un d\u00e9partement que peu connaissent encore, mais qui cache dans ses recoins un v\u00e9ritable tr\u00e9sor : le <\/span><b>plus grand nombre de Plus Beaux Villages de France<\/b><span style=\"font-weight: 400;\">. Oui, vous avez bien lu ! L&#8217;Aveyron n\u2019est pas qu\u2019un simple coin de campagne, c&#8217;est un v\u00e9ritable <\/span>mus\u00e9e vivant \u00e0 ciel ouvert, o\u00f9 chaque ruelle pav\u00e9e, chaque pierre de ch\u00e2teau et chaque \u00e9clat de lumi\u00e8re sur les gorges vous rappellent que l\u2019histoire a un go\u00fbt particuli\u00e8rement d\u00e9licieux ici. Pr\u00eat \u00e0 partir \u00e0 la d\u00e9couverte de ce petit coin de paradis o\u00f9 nature et patrimoine<span style=\"font-weight: 400;\"> se m\u00ealent avec brio ? C\u2019est parti !<\/span><\/p>\n<h2><b>Quand l\u2019histoire rencontre la beaut\u00e9 : les villages \u00e0 couper le souffle<\/b><\/h2>\n<p><span style=\"font-weight: 400;\">Si vous pensiez qu\u2019un joli village de France se trouvait au d\u00e9tour d\u2019une promenade dans le sud ouest, l\u2019Aveyron va d\u00e9finitivement vous prouver le contraire. <\/span><b>Conques<\/b><span style=\"font-weight: 400;\">, <\/span><b>Belcastel<\/b><span style=\"font-weight: 400;\">, <\/span><b>Najac<\/b><span style=\"font-weight: 400;\">, et j\u2019en passe\u2026 Ces villages, class\u00e9s parmi les <\/span><b>Plus Beaux Villages de France<\/b><span style=\"font-weight: 400;\">, ne se contentent pas de briller par leur charme, mais ils racontent chacun une <\/span>histoire. L\u2019histoire d\u2019un pass\u00e9 glorieux, d\u2019un patrimoine pr\u00e9serv\u00e9, et d\u2019un art de vivre qui semble suspendu dans le temps.<\/p>\n<p>\u00c0 <a href=\"https:\/\/discover.ulysse.com\/vous-avez-moins-de-1000e-a-depenser-voici-ou-partir-en-famille-en-france\">Conques<\/a>, l\u2019abbaye et ses vitraux sign\u00e9s Pierre Soulages sont un incontournable. Ce village aux allures m\u00e9di\u00e9vales, perch\u00e9 sur une colline, est une v\u00e9ritable \u0153uvre d\u2019art \u00e0 ciel ouvert. \u00c0 Belcastel, c\u2019est le ch\u00e2teau fort qui vous \u00e9poustouflera par sa majest\u00e9 et son cadre enchanteur. Et que dire de Najac avec son village suspendu et son ch\u00e2teau f\u00e9odal dominant les gorges de l\u2019Aveyron<span style=\"font-weight: 400;\"> ? Autant de tr\u00e9sors o\u00f9 l\u2019histoire et la nature se conjuguent \u00e0 merveille. Ces villages, c\u2019est un peu comme un r\u00eave \u00e9veill\u00e9. Chaque ruelle, chaque pierre est une invitation \u00e0 la fl\u00e2nerie, au d\u00e9paysement total.<\/span><\/p>\n<blockquote class=\"instagram-media\" style=\"background: #FFF; border: 0; border-radius: 3px; margin: 1px; max-width: 540px; min-width: 326px; padding: 0; width: calc(100% - 2px);\" data-instgrm-captioned=\"\" data-instgrm-permalink=\"https:\/\/www.instagram.com\/p\/DMdW_VqsjZi\/?utm_source=ig_embed&amp;utm_campaign=loading\" data-instgrm-version=\"14\">\n<div style=\"padding: 16px;\">\n<p>&nbsp;<\/p>\n<div style=\"flex-direction: row; align-items: center;\">\n<div style=\"background-color: #f4f4f4; border-radius: 50%; flex-grow: 0; height: 40px; margin-right: 14px; width: 40px;\"><\/div>\n<div style=\"flex-direction: column; flex-grow: 1; justify-content: center;\">\n<div style=\"background-color: #f4f4f4; border-radius: 4px; flex-grow: 0; height: 14px; margin-bottom: 6px; width: 100px;\"><\/div>\n<div style=\"background-color: #f4f4f4; border-radius: 4px; flex-grow: 0; height: 14px; width: 60px;\"><\/div>\n<\/div>\n<\/div>\n<div style=\"padding: 19% 0;\"><\/div>\n<div style=\"height: 50px; margin: 0 auto 12px; width: 50px;\"><\/div>\n<div style=\"padding-top: 8px;\">\n<div style=\"color: #3897f0; font-family: Arial,sans-serif; font-size: 14px; font-style: normal; font-weight: 550; line-height: 18px;\">Voir cette publication sur Instagram<\/div>\n<\/div>\n<div style=\"padding: 12.5% 0;\"><\/div>\n<div style=\"flex-direction: row; margin-bottom: 14px; align-items: center;\">\n<div>\n<div style=\"background-color: #f4f4f4; border-radius: 50%; height: 12.5px; width: 12.5px;\"><\/div>\n<div style=\"background-color: #f4f4f4; height: 12.5px; width: 12.5px; flex-grow: 0; margin-right: 14px; margin-left: 2px;\"><\/div>\n<div style=\"background-color: #f4f4f4; border-radius: 50%; height: 12.5px; width: 12.5px;\"><\/div>\n<\/div>\n<div style=\"margin-left: 8px;\">\n<div style=\"background-color: #f4f4f4; border-radius: 50%; flex-grow: 0; height: 20px; width: 20px;\"><\/div>\n<div style=\"width: 0; height: 0; border-top: 2px solid transparent; border-left: 6px solid #f4f4f4; border-bottom: 2px solid transparent;\"><\/div>\n<\/div>\n<div style=\"margin-left: auto;\">\n<div style=\"width: 0px; border-top: 8px solid #F4F4F4; border-right: 8px solid transparent;\"><\/div>\n<div style=\"background-color: #f4f4f4; flex-grow: 0; height: 12px; width: 16px;\"><\/div>\n<div style=\"width: 0; height: 0; border-top: 8px solid #F4F4F4; border-left: 8px solid transparent;\"><\/div>\n<\/div>\n<\/div>\n<div style=\"flex-direction: column; flex-grow: 1; justify-content: center; margin-bottom: 24px;\">\n<div style=\"background-color: #f4f4f4; border-radius: 4px; flex-grow: 0; height: 14px; margin-bottom: 6px; width: 224px;\"><\/div>\n<div style=\"background-color: #f4f4f4; border-radius: 4px; flex-grow: 0; height: 14px; width: 144px;\"><\/div>\n<\/div>\n<p>&nbsp;<\/p>\n<p style=\"color: #c9c8cd; font-family: Arial,sans-serif; font-size: 14px; line-height: 17px; margin-bottom: 0; margin-top: 8px; overflow: hidden; padding: 8px 0 7px; text-align: center;\"><a style=\"color: #c9c8cd; font-family: Arial,sans-serif; font-size: 14px; font-style: normal; font-weight: normal; line-height: 17px; text-decoration: none;\" href=\"https:\/\/www.instagram.com\/p\/DMdW_VqsjZi\/?utm_source=ig_embed&amp;utm_campaign=loading\" target=\"_blank\" rel=\"noopener\">Une publication partag\u00e9e par Tourisme Aveyron (@tourisme_aveyron)<\/a><\/p>\n<\/div>\n<\/blockquote>\n<h2><b>L\u2019Aveyron : la nature dans toute sa splendeur<\/b><\/h2>\n<p><span style=\"font-weight: 400;\">L\u2019un des grands atouts de l\u2019Aveyron, c\u2019est sa <\/span>nature grandiose. Entre gorges, causses, et vall\u00e9es, la diversit\u00e9 des paysages est tout simplement hallucinante. Vous ne vous lasserez pas de d\u00e9couvrir ces d\u00e9cors qui varient \u00e0 chaque \u00e9tape de votre p\u00e9riple.<\/p>\n<p><span style=\"font-weight: 400;\">Les <\/span><b>gorges du Tarn<\/b><span style=\"font-weight: 400;\">, par exemple, vous offrent un spectacle <\/span>\u00e9poustouflant avec des falaises vertigineuses et des eaux cristallines. C\u2019est l\u2019endroit r\u00eav\u00e9 pour les amateurs de cano\u00eb ou de randonn\u00e9e, mais aussi pour ceux qui aiment admirer la nature sous toutes ses formes. Et pour les passionn\u00e9s de photographie, pr\u00e9parez-vous \u00e0 capturer des images qui feront p\u00e2lir d\u2019envie vos amis sur Instagram. Les paysages ici sont juste magiques.<\/p>\n<p><span style=\"font-weight: 400;\">Mais ce n\u2019est pas tout : si vous aimez les <\/span>vastes \u00e9tendues sauvages, le <strong>Causse du Larzac<\/strong> est l&#8217;endroit o\u00f9 vous pourrez respirer \u00e0 pleins poumons et appr\u00e9cier une calme absolue, loin de l\u2019agitation des grandes villes. Et, bien s\u00fbr, les for\u00eats verdoyantes et les villes m\u00e9di\u00e9vales apportent un contraste saisissant, vous offrant le meilleur des deux mondes : nature et histoire se m\u00ealent dans une harmonie parfaite.<\/p>\n<blockquote class=\"instagram-media\" style=\"background: #FFF; border: 0; border-radius: 3px; margin: 1px; max-width: 540px; min-width: 326px; padding: 0; width: calc(100% - 2px);\" data-instgrm-captioned=\"\" data-instgrm-permalink=\"https:\/\/www.instagram.com\/p\/DLktft7s28e\/?utm_source=ig_embed&amp;utm_campaign=loading\" data-instgrm-version=\"14\">\n<div style=\"padding: 16px;\">\n<p>&nbsp;<\/p>\n<div style=\"flex-direction: row; align-items: center;\">\n<div style=\"background-color: #f4f4f4; border-radius: 50%; flex-grow: 0; height: 40px; margin-right: 14px; width: 40px;\"><\/div>\n<div style=\"flex-direction: column; flex-grow: 1; justify-content: center;\">\n<div style=\"background-color: #f4f4f4; border-radius: 4px; flex-grow: 0; height: 14px; margin-bottom: 6px; width: 100px;\"><\/div>\n<div style=\"background-color: #f4f4f4; border-radius: 4px; flex-grow: 0; height: 14px; width: 60px;\"><\/div>\n<\/div>\n<\/div>\n<div style=\"padding: 19% 0;\"><\/div>\n<div style=\"height: 50px; margin: 0 auto 12px; width: 50px;\"><\/div>\n<div style=\"padding-top: 8px;\">\n<div style=\"color: #3897f0; font-family: Arial,sans-serif; font-size: 14px; font-style: normal; font-weight: 550; line-height: 18px;\">Voir cette publication sur Instagram<\/div>\n<\/div>\n<div style=\"padding: 12.5% 0;\"><\/div>\n<div style=\"flex-direction: row; margin-bottom: 14px; align-items: center;\">\n<div>\n<div style=\"background-color: #f4f4f4; border-radius: 50%; height: 12.5px; width: 12.5px;\"><\/div>\n<div style=\"background-color: #f4f4f4; height: 12.5px; width: 12.5px; flex-grow: 0; margin-right: 14px; margin-left: 2px;\"><\/div>\n<div style=\"background-color: #f4f4f4; border-radius: 50%; height: 12.5px; width: 12.5px;\"><\/div>\n<\/div>\n<div style=\"margin-left: 8px;\">\n<div style=\"background-color: #f4f4f4; border-radius: 50%; flex-grow: 0; height: 20px; width: 20px;\"><\/div>\n<div style=\"width: 0; height: 0; border-top: 2px solid transparent; border-left: 6px solid #f4f4f4; border-bottom: 2px solid transparent;\"><\/div>\n<\/div>\n<div style=\"margin-left: auto;\">\n<div style=\"width: 0px; border-top: 8px solid #F4F4F4; border-right: 8px solid transparent;\"><\/div>\n<div style=\"background-color: #f4f4f4; flex-grow: 0; height: 12px; width: 16px;\"><\/div>\n<div style=\"width: 0; height: 0; border-top: 8px solid #F4F4F4; border-left: 8px solid transparent;\"><\/div>\n<\/div>\n<\/div>\n<div style=\"flex-direction: column; flex-grow: 1; justify-content: center; margin-bottom: 24px;\">\n<div style=\"background-color: #f4f4f4; border-radius: 4px; flex-grow: 0; height: 14px; margin-bottom: 6px; width: 224px;\"><\/div>\n<div style=\"background-color: #f4f4f4; border-radius: 4px; flex-grow: 0; height: 14px; width: 144px;\"><\/div>\n<\/div>\n<p>&nbsp;<\/p>\n<p style=\"color: #c9c8cd; font-family: Arial,sans-serif; font-size: 14px; line-height: 17px; margin-bottom: 0; margin-top: 8px; overflow: hidden; padding: 8px 0 7px; text-align: center;\"><a style=\"color: #c9c8cd; font-family: Arial,sans-serif; font-size: 14px; font-style: normal; font-weight: normal; line-height: 17px; text-decoration: none;\" href=\"https:\/\/www.instagram.com\/p\/DLktft7s28e\/?utm_source=ig_embed&amp;utm_campaign=loading\" target=\"_blank\" rel=\"noopener\">Une publication partag\u00e9e par Tourisme Aveyron (@tourisme_aveyron)<\/a><\/p>\n<\/div>\n<\/blockquote>\n<h2><b>Se rendre en Aveyron : on y va comment ?<\/b><\/h2>\n<p><span style=\"font-weight: 400;\">Si vous avez envie de d\u00e9couvrir ce <\/span>paradis cach\u00e9<span style=\"font-weight: 400;\">, il vous suffit de prendre le <\/span>train<span style=\"font-weight: 400;\"> ! L\u2019Aveyron est accessible depuis plusieurs grandes villes fran\u00e7aises et le train reste l\u2019un des moyens les plus <\/span>pratiques<span style=\"font-weight: 400;\"> et agr\u00e9ables pour y parvenir. Depuis <\/span><b>Paris<\/b><span style=\"font-weight: 400;\">, un trajet direct vous permet de rejoindre <\/span><b>Rodez<\/b><span style=\"font-weight: 400;\">, la capitale du d\u00e9partement, en environ <\/span><b>6 heures<\/b><span style=\"font-weight: 400;\">. Vous pouvez aussi partir de <\/span><b>Lyon<\/b><span style=\"font-weight: 400;\">, en seulement <\/span><b>3h30<\/b><span style=\"font-weight: 400;\">, avec une correspondance \u00e0 <\/span><b>Millau<\/b><span style=\"font-weight: 400;\"> ou <\/span><b>Albi<\/b><span style=\"font-weight: 400;\">.<\/span><\/p>\n<p><span style=\"font-weight: 400;\">Le <\/span><b>train<\/b><span style=\"font-weight: 400;\">, c&#8217;est l&#8217;id\u00e9al pour d\u00e9buter votre aventure en douceur. Vous pourrez profiter du paysage qui d\u00e9file, et avant m\u00eame d\u2019arriver \u00e0 destination, vous serez d\u00e9j\u00e0 immerg\u00e9 dans l\u2019atmosph\u00e8re de la r\u00e9gion. Une fois arriv\u00e9s, louer une voiture devient indispensable pour explorer les villages recul\u00e9s et vous enfoncer dans cette campagne magnifique.<\/span><\/p>\n<p><span style=\"font-weight: 400;\">C\u00f4t\u00e9 prix, il faut compter environ <\/span><b>60 \u00e0 100\u20ac<\/b><span style=\"font-weight: 400;\"> pour un trajet Paris-Rodez en <\/span><b>train<\/b><span style=\"font-weight: 400;\"> en fonction des dates et de la r\u00e9servation. Pour des trajets plus courts, comme de <\/span><b>Lyon \u00e0 Millau<\/b><span style=\"font-weight: 400;\">, il vous en co\u00fbtera <\/span><b>environ 40\u20ac<\/b><span style=\"font-weight: 400;\">. Une fois sur place, le <\/span>v\u00e9hicule<span style=\"font-weight: 400;\"> est votre meilleur alli\u00e9 pour sillonner les petites routes sinueuses qui relient les villages, en admirant la vue \u00e0 chaque virage.<\/span><\/p>\n<blockquote class=\"instagram-media\" style=\"background: #FFF; border: 0; border-radius: 3px; margin: 1px; max-width: 540px; min-width: 326px; padding: 0; width: calc(100% - 2px);\" data-instgrm-captioned=\"\" data-instgrm-permalink=\"https:\/\/www.instagram.com\/p\/DNtIO1bWrHn\/?utm_source=ig_embed&amp;utm_campaign=loading\" data-instgrm-version=\"14\">\n<div style=\"padding: 16px;\">\n<p>&nbsp;<\/p>\n<div style=\"flex-direction: row; align-items: center;\">\n<div style=\"background-color: #f4f4f4; border-radius: 50%; flex-grow: 0; height: 40px; margin-right: 14px; width: 40px;\"><\/div>\n<div style=\"flex-direction: column; flex-grow: 1; justify-content: center;\">\n<div style=\"background-color: #f4f4f4; border-radius: 4px; flex-grow: 0; height: 14px; margin-bottom: 6px; width: 100px;\"><\/div>\n<div style=\"background-color: #f4f4f4; border-radius: 4px; flex-grow: 0; height: 14px; width: 60px;\"><\/div>\n<\/div>\n<\/div>\n<div style=\"padding: 19% 0;\"><\/div>\n<div style=\"height: 50px; margin: 0 auto 12px; width: 50px;\"><\/div>\n<div style=\"padding-top: 8px;\">\n<div style=\"color: #3897f0; font-family: Arial,sans-serif; font-size: 14px; font-style: normal; font-weight: 550; line-height: 18px;\">Voir cette publication sur Instagram<\/div>\n<\/div>\n<div style=\"padding: 12.5% 0;\"><\/div>\n<div style=\"flex-direction: row; margin-bottom: 14px; align-items: center;\">\n<div>\n<div style=\"background-color: #f4f4f4; border-radius: 50%; height: 12.5px; width: 12.5px;\"><\/div>\n<div style=\"background-color: #f4f4f4; height: 12.5px; width: 12.5px; flex-grow: 0; margin-right: 14px; margin-left: 2px;\"><\/div>\n<div style=\"background-color: #f4f4f4; border-radius: 50%; height: 12.5px; width: 12.5px;\"><\/div>\n<\/div>\n<div style=\"margin-left: 8px;\">\n<div style=\"background-color: #f4f4f4; border-radius: 50%; flex-grow: 0; height: 20px; width: 20px;\"><\/div>\n<div style=\"width: 0; height: 0; border-top: 2px solid transparent; border-left: 6px solid #f4f4f4; border-bottom: 2px solid transparent;\"><\/div>\n<\/div>\n<div style=\"margin-left: auto;\">\n<div style=\"width: 0px; border-top: 8px solid #F4F4F4; border-right: 8px solid transparent;\"><\/div>\n<div style=\"background-color: #f4f4f4; flex-grow: 0; height: 12px; width: 16px;\"><\/div>\n<div style=\"width: 0; height: 0; border-top: 8px solid #F4F4F4; border-left: 8px solid transparent;\"><\/div>\n<\/div>\n<\/div>\n<div style=\"flex-direction: column; flex-grow: 1; justify-content: center; margin-bottom: 24px;\">\n<div style=\"background-color: #f4f4f4; border-radius: 4px; flex-grow: 0; height: 14px; margin-bottom: 6px; width: 224px;\"><\/div>\n<div style=\"background-color: #f4f4f4; border-radius: 4px; flex-grow: 0; height: 14px; width: 144px;\"><\/div>\n<\/div>\n<p>&nbsp;<\/p>\n<p style=\"color: #c9c8cd; font-family: Arial,sans-serif; font-size: 14px; line-height: 17px; margin-bottom: 0; margin-top: 8px; overflow: hidden; padding: 8px 0 7px; text-align: center;\"><a style=\"color: #c9c8cd; font-family: Arial,sans-serif; font-size: 14px; font-style: normal; font-weight: normal; line-height: 17px; text-decoration: none;\" href=\"https:\/\/www.instagram.com\/p\/DNtIO1bWrHn\/?utm_source=ig_embed&amp;utm_campaign=loading\" target=\"_blank\" rel=\"noopener\">Une publication partag\u00e9e par Julien Audigier (@julien_audigier)<\/a><\/p>\n<\/div>\n<\/blockquote>\n<h2><b>L\u2019art de vivre aveyronnais : un s\u00e9jour tout en douceur<\/b><\/h2>\n<p><span style=\"font-weight: 400;\">Ce qui rend<a href=\"https:\/\/discover.ulysse.com\/village-aveyrondecors-touristiques-habituels\"> l\u2019Aveyron<\/a> encore plus irr\u00e9sistible, c\u2019est sa mani\u00e8re de <\/span>vivre doucement. Loin de la fr\u00e9n\u00e9sie des grandes villes, ici, chaque journ\u00e9e semble s\u2019\u00e9tirer \u00e0 l\u2019infini, comme une promenade tranquille dans la campagne. Vous prendrez plaisir \u00e0 fl\u00e2ner dans les march\u00e9s locaux o\u00f9 des producteurs passionn\u00e9s vous feront d\u00e9couvrir les sp\u00e9cialit\u00e9s de la r\u00e9gion : fromages, viandes, et vins locaux. Et bien s\u00fbr, l\u2019incontournable aligot<span style=\"font-weight: 400;\"> vous attend dans les restaurants typiques du coin.<\/span><\/p>\n<p><span style=\"font-weight: 400;\">Les <\/span>prix restent tr\u00e8s abordables par rapport \u00e0 d\u2019autres r\u00e9gions de France. Un repas traditionnel dans un restaurant \u00e0 l&#8217;Aveyron vous co\u00fbtera en moyenne entre 15 et 20\u20ac pour une entr\u00e9e, un plat, et un dessert. Les h\u00e9bergements, eux aussi, sont accessibles, avec des g\u00eetes et des chambres d\u2019h\u00f4tes dans les villages, o\u00f9 vous pourrez passer la nuit pour une trentaine d&#8217;euros par personne. Que demander de plus ?<\/p>\n<blockquote class=\"instagram-media\" style=\"background: #FFF; border: 0; border-radius: 3px; margin: 1px; max-width: 540px; min-width: 326px; padding: 0; width: calc(100% - 2px);\" data-instgrm-captioned=\"\" data-instgrm-permalink=\"https:\/\/www.instagram.com\/p\/DN6Dq7-irkR\/?utm_source=ig_embed&amp;utm_campaign=loading\" data-instgrm-version=\"14\">\n<div style=\"padding: 16px;\">\n<p>&nbsp;<\/p>\n<div style=\"flex-direction: row; align-items: center;\">\n<div style=\"background-color: #f4f4f4; border-radius: 50%; flex-grow: 0; height: 40px; margin-right: 14px; width: 40px;\"><\/div>\n<div style=\"flex-direction: column; flex-grow: 1; justify-content: center;\">\n<div style=\"background-color: #f4f4f4; border-radius: 4px; flex-grow: 0; height: 14px; margin-bottom: 6px; width: 100px;\"><\/div>\n<div style=\"background-color: #f4f4f4; border-radius: 4px; flex-grow: 0; height: 14px; width: 60px;\"><\/div>\n<\/div>\n<\/div>\n<div style=\"padding: 19% 0;\"><\/div>\n<div style=\"height: 50px; margin: 0 auto 12px; width: 50px;\"><\/div>\n<div style=\"padding-top: 8px;\">\n<div style=\"color: #3897f0; font-family: Arial,sans-serif; font-size: 14px; font-style: normal; font-weight: 550; line-height: 18px;\">Voir cette publication sur Instagram<\/div>\n<\/div>\n<div style=\"padding: 12.5% 0;\"><\/div>\n<div style=\"flex-direction: row; margin-bottom: 14px; align-items: center;\">\n<div>\n<div style=\"background-color: #f4f4f4; border-radius: 50%; height: 12.5px; width: 12.5px;\"><\/div>\n<div style=\"background-color: #f4f4f4; height: 12.5px; width: 12.5px; flex-grow: 0; margin-right: 14px; margin-left: 2px;\"><\/div>\n<div style=\"background-color: #f4f4f4; border-radius: 50%; height: 12.5px; width: 12.5px;\"><\/div>\n<\/div>\n<div style=\"margin-left: 8px;\">\n<div style=\"background-color: #f4f4f4; border-radius: 50%; flex-grow: 0; height: 20px; width: 20px;\"><\/div>\n<div style=\"width: 0; height: 0; border-top: 2px solid transparent; border-left: 6px solid #f4f4f4; border-bottom: 2px solid transparent;\"><\/div>\n<\/div>\n<div style=\"margin-left: auto;\">\n<div style=\"width: 0px; border-top: 8px solid #F4F4F4; border-right: 8px solid transparent;\"><\/div>\n<div style=\"background-color: #f4f4f4; flex-grow: 0; height: 12px; width: 16px;\"><\/div>\n<div style=\"width: 0; height: 0; border-top: 8px solid #F4F4F4; border-left: 8px solid transparent;\"><\/div>\n<\/div>\n<\/div>\n<div style=\"flex-direction: column; flex-grow: 1; justify-content: center; margin-bottom: 24px;\">\n<div style=\"background-color: #f4f4f4; border-radius: 4px; flex-grow: 0; height: 14px; margin-bottom: 6px; width: 224px;\"><\/div>\n<div style=\"background-color: #f4f4f4; border-radius: 4px; flex-grow: 0; height: 14px; width: 144px;\"><\/div>\n<\/div>\n<p>&nbsp;<\/p>\n<p style=\"color: #c9c8cd; font-family: Arial,sans-serif; font-size: 14px; line-height: 17px; margin-bottom: 0; margin-top: 8px; overflow: hidden; padding: 8px 0 7px; text-align: center;\"><a style=\"color: #c9c8cd; font-family: Arial,sans-serif; font-size: 14px; font-style: normal; font-weight: normal; line-height: 17px; text-decoration: none;\" href=\"https:\/\/www.instagram.com\/p\/DN6Dq7-irkR\/?utm_source=ig_embed&amp;utm_campaign=loading\" target=\"_blank\" rel=\"noopener\">Une publication partag\u00e9e par Tourisme Aveyron (@tourisme_aveyron)<\/a><\/p>\n<\/div>\n<\/blockquote>\n<p>L\u2019Aveyron, c\u2019est donc le m\u00e9lange parfait entre une nature g\u00e9n\u00e9reuse, un patrimoine vivant et une qualit\u00e9 de vie qui en fait une destination id\u00e9ale pour une escapade tranquille<span style=\"font-weight: 400;\">. Que vous soyez un amoureux de la nature, un passionn\u00e9 d\u2019histoire ou tout simplement \u00e0 la recherche de tranquillit\u00e9, ce d\u00e9partement a tout pour vous s\u00e9duire.<\/span><\/p>\n","protected":false},"excerpt":{"rendered":"<p>L&#8217;Aveyron, c&#8217;est un peu le secret bien gard\u00e9 de la France. Un d\u00e9partement que peu connaissent encore, mais qui cache [&hellip;]<\/p>\n","protected":false},"author":3,"featured_media":34838,"comment_status":"open","ping_status":"closed","sticky":false,"template":"","format":"standard","meta":{"_acf_changed":false,"_sitemap_exclude":false,"_sitemap_priority":"","_sitemap_frequency":"","footnotes":"","rank_math_title":"","rank_math_description":"D\u00e9couvrez l\u2019Aveyron, le d\u00e9partement au plus grand nombre de Plus Beaux Villages de France, o\u00f9 histoire, nature et douceur de vivre s\u2019unissent !\n","rank_math_canonical_url":"","rank_math_focus_keyword":"d\u00e9partement,village"},"categories":[3],"tags":[],"class_list":["post-34837","post","type-post","status-publish","format-standard","has-post-thumbnail","hentry","category-voyage"],"acf":[],"_links":{"self":[{"href":"https:\/\/ulysse.com\/news\/wp-json\/wp\/v2\/posts\/34837","targetHints":{"allow":["GET"]}}],"collection":[{"href":"https:\/\/ulysse.com\/news\/wp-json\/wp\/v2\/posts"}],"about":[{"href":"https:\/\/ulysse.com\/news\/wp-json\/wp\/v2\/types\/post"}],"author":[{"embeddable":true,"href":"https:\/\/ulysse.com\/news\/wp-json\/wp\/v2\/users\/3"}],"replies":[{"embeddable":true,"href":"https:\/\/ulysse.com\/news\/wp-json\/wp\/v2\/comments?post=34837"}],"version-history":[{"count":3,"href":"https:\/\/ulysse.com\/news\/wp-json\/wp\/v2\/posts\/34837\/revisions"}],"predecessor-version":[{"id":34852,"href":"https:\/\/ulysse.com\/news\/wp-json\/wp\/v2\/posts\/34837\/revisions\/34852"}],"wp:featuredmedia":[{"embeddable":true,"href":"https:\/\/ulysse.com\/news\/wp-json\/wp\/v2\/media\/34838"}],"wp:attachment":[{"href":"https:\/\/ulysse.com\/news\/wp-json\/wp\/v2\/media?parent=34837"}],"wp:term":[{"taxonomy":"category","embeddable":true,"href":"https:\/\/ulysse.com\/news\/wp-json\/wp\/v2\/categories?post=34837"},{"taxonomy":"post_tag","embeddable":true,"href":"https:\/\/ulysse.com\/news\/wp-json\/wp\/v2\/tags?post=34837"}],"curies":[{"name":"wp","href":"https:\/\/api.w.org\/{rel}","templated":true}]}}