{"id":34858,"date":"2025-09-10T21:00:27","date_gmt":"2025-09-10T20:00:27","guid":{"rendered":"https:\/\/discover.ulysse.com\/?p=34858"},"modified":"2025-09-10T18:03:36","modified_gmt":"2025-09-10T17:03:36","slug":"paysages-baignade-cinque-terre-village-ligurien","status":"publish","type":"post","link":"https:\/\/ulysse.com\/news\/paysages-baignade-cinque-terre-village-ligurien","title":{"rendered":"Entre paysages \u00e9poustouflants et baignade dans les eaux cristallines des Cinque Terre, ce village ligurien est \u00e0 d\u00e9couvrir absolument"},"content":{"rendered":"<p><span style=\"font-weight: 400;\"><strong>Manarola<\/strong>, petit bijou des <strong>Cinque Terre<\/strong>, est l&#8217;endroit r\u00eav\u00e9 pour un d\u00e9paysement total. Imaginez un village o\u00f9 les maisons color\u00e9es semblent se fondre dans la montagne, o\u00f9 la mer turquoise vient l\u00e9cher des falaises majestueuses et o\u00f9 chaque coin de rue raconte une histoire. Ce village pittoresque ne se contente pas d\u2019\u00eatre beau, il vous invite \u00e0 vivre une exp\u00e9rience inoubliable, entre baignades, randonn\u00e9es et moments de pure d\u00e9tente. Si vous r\u00eavez de plages secr\u00e8tes, de paysages \u00e0 couper le souffle et de d\u00e9couvertes incroyables, Manarola est votre prochaine destination !<\/span><\/p>\n<h2><b>Plonger dans les eaux cristallines : La mer comme terrain de jeu<\/b><\/h2>\n<p><span style=\"font-weight: 400;\">Qui n\u2019a jamais r\u00eav\u00e9 de se baigner dans des eaux cristallines, entour\u00e9 de falaises spectaculaires et de plages cach\u00e9es ? \u00c0<strong> Manarola,<\/strong> tout cela devient r\u00e9alit\u00e9. Les plages de galets qui bordent le village offrent un cadre idyllique pour se d\u00e9tendre au soleil ou se rafra\u00eechir dans la <strong>mer Ligurienne.<\/strong> C\u2019est un v\u00e9ritable havre de paix, o\u00f9 l\u2019on peut se laisser emporter par la tranquillit\u00e9 des lieux et profiter des paysages \u00e0 couper le souffle.<\/span><\/p>\n<p><span style=\"font-weight: 400;\">Pour ceux qui aiment l\u2019aventure, la mer de Manarola est un terrain de jeu parfait. Vous pouvez prendre votre masque et votre tuba pour explorer les fonds marins qui regorgent de poissons color\u00e9s et de faune sous-marine fascinante. Les petites criques diss\u00e9min\u00e9es autour du village sont l\u2019endroit id\u00e9al pour une baignade tranquille, loin des foules, dans des eaux aussi translucides que des cristaux. Et si vous \u00eates d\u2019humeur \u00e0 explorer encore plus loin, les plages voisines des autres<a href=\"https:\/\/discover.ulysse.com\/cinque-terre-villages-perches-italie\"> villages des Cinque Terre<\/a> sont facilement accessibles par bateau ou par les sentiers c\u00f4tiers, offrant ainsi des paysages in\u00e9dits \u00e0 chaque d\u00e9tour.<\/span><\/p>\n<blockquote class=\"instagram-media\" style=\"background: #FFF; border: 0; border-radius: 3px; margin: 1px; max-width: 540px; min-width: 326px; padding: 0; width: calc(100% - 2px);\" data-instgrm-captioned=\"\" data-instgrm-permalink=\"https:\/\/www.instagram.com\/p\/DODFtzhgj23\/?utm_source=ig_embed&amp;utm_campaign=loading\" data-instgrm-version=\"14\">\n<div style=\"padding: 16px;\">\n<p>&nbsp;<\/p>\n<div style=\"flex-direction: row; align-items: center;\">\n<div style=\"background-color: #f4f4f4; border-radius: 50%; flex-grow: 0; height: 40px; margin-right: 14px; width: 40px;\"><\/div>\n<div style=\"flex-direction: column; flex-grow: 1; justify-content: center;\">\n<div style=\"background-color: #f4f4f4; border-radius: 4px; flex-grow: 0; height: 14px; margin-bottom: 6px; width: 100px;\"><\/div>\n<div style=\"background-color: #f4f4f4; border-radius: 4px; flex-grow: 0; height: 14px; width: 60px;\"><\/div>\n<\/div>\n<\/div>\n<div style=\"padding: 19% 0;\"><\/div>\n<div style=\"height: 50px; margin: 0 auto 12px; width: 50px;\"><\/div>\n<div style=\"padding-top: 8px;\">\n<div style=\"color: #3897f0; font-family: Arial,sans-serif; font-size: 14px; font-style: normal; font-weight: 550; line-height: 18px;\">Voir cette publication sur Instagram<\/div>\n<\/div>\n<div style=\"padding: 12.5% 0;\"><\/div>\n<div style=\"flex-direction: row; margin-bottom: 14px; align-items: center;\">\n<div>\n<div style=\"background-color: #f4f4f4; border-radius: 50%; height: 12.5px; width: 12.5px;\"><\/div>\n<div style=\"background-color: #f4f4f4; height: 12.5px; width: 12.5px; flex-grow: 0; margin-right: 14px; margin-left: 2px;\"><\/div>\n<div style=\"background-color: #f4f4f4; border-radius: 50%; height: 12.5px; width: 12.5px;\"><\/div>\n<\/div>\n<div style=\"margin-left: 8px;\">\n<div style=\"background-color: #f4f4f4; border-radius: 50%; flex-grow: 0; height: 20px; width: 20px;\"><\/div>\n<div style=\"width: 0; height: 0; border-top: 2px solid transparent; border-left: 6px solid #f4f4f4; border-bottom: 2px solid transparent;\"><\/div>\n<\/div>\n<div style=\"margin-left: auto;\">\n<div style=\"width: 0px; border-top: 8px solid #F4F4F4; border-right: 8px solid transparent;\"><\/div>\n<div style=\"background-color: #f4f4f4; flex-grow: 0; height: 12px; width: 16px;\"><\/div>\n<div style=\"width: 0; height: 0; border-top: 8px solid #F4F4F4; border-left: 8px solid transparent;\"><\/div>\n<\/div>\n<\/div>\n<div style=\"flex-direction: column; flex-grow: 1; justify-content: center; margin-bottom: 24px;\">\n<div style=\"background-color: #f4f4f4; border-radius: 4px; flex-grow: 0; height: 14px; margin-bottom: 6px; width: 224px;\"><\/div>\n<div style=\"background-color: #f4f4f4; border-radius: 4px; flex-grow: 0; height: 14px; width: 144px;\"><\/div>\n<\/div>\n<p>&nbsp;<\/p>\n<p style=\"color: #c9c8cd; font-family: Arial,sans-serif; font-size: 14px; line-height: 17px; margin-bottom: 0; margin-top: 8px; overflow: hidden; padding: 8px 0 7px; text-align: center;\"><a style=\"color: #c9c8cd; font-family: Arial,sans-serif; font-size: 14px; font-style: normal; font-weight: normal; line-height: 17px; text-decoration: none;\" href=\"https:\/\/www.instagram.com\/p\/DODFtzhgj23\/?utm_source=ig_embed&amp;utm_campaign=loading\" target=\"_blank\" rel=\"noopener\">Une publication partag\u00e9e par ! IG\u2295LIGURIA\u00ae (@ig_liguria_)<\/a><\/p>\n<\/div>\n<\/blockquote>\n<h2><b>Manarola \u00e0 pied : Une immersion totale dans un cadre de r\u00eave<\/b><\/h2>\n<p><span style=\"font-weight: 400;\">\u00c0 Manarola, chaque ruelle est une invitation \u00e0 l\u2019\u00e9vasion. Le village se pr\u00eate parfaitement \u00e0 la d\u00e9couverte \u00e0 pied : ses petites rues pav\u00e9es, ses escaliers qui montent et descendent, et ses places cach\u00e9es sont autant de tr\u00e9sors \u00e0 explorer. Fl\u00e2ner \u00e0 Manarola, c\u2019est comme voyager dans le temps. Les maisons color\u00e9es et les petites boutiques artisanales qui bordent les rues ajoutent \u00e0 l\u2019atmosph\u00e8re pittoresque de cet endroit.<\/span><\/p>\n<p><span style=\"font-weight: 400;\">Si vous \u00eates un amateur de randonn\u00e9e, vous serez combl\u00e9 ! Manarola est le point de d\u00e9part id\u00e9al pour de nombreuses excursions. Le fameux sentier de<strong> la Via dell&#8217;Amore<\/strong>, qui relie Manarola \u00e0 <strong>Riomaggiore<\/strong>, est l\u2019un des plus c\u00e9l\u00e8bres de la r\u00e9gion. C\u2019est une balade facile mais incroyable, qui longe la mer et offre des panoramas \u00e0 couper le souffle. Les autres sentiers de randonn\u00e9e vous m\u00e8neront \u00e0 travers des paysages vari\u00e9s, entre montagnes, falaises et mer, offrant des vues imprenables sur toute la r\u00e9gion des b. \u00c0 chaque coin de sentier, vous d\u00e9couvrirez un nouveau panorama, un nouveau visage de Manarola et des villages voisins.<\/span><\/p>\n<blockquote class=\"instagram-media\" style=\"background: #FFF; border: 0; border-radius: 3px; margin: 1px; max-width: 540px; min-width: 326px; padding: 0; width: calc(100% - 2px);\" data-instgrm-captioned=\"\" data-instgrm-permalink=\"https:\/\/www.instagram.com\/p\/DOQOD-KjfkH\/?utm_source=ig_embed&amp;utm_campaign=loading\" data-instgrm-version=\"14\">\n<div style=\"padding: 16px;\">\n<p>&nbsp;<\/p>\n<div style=\"flex-direction: row; align-items: center;\">\n<div style=\"background-color: #f4f4f4; border-radius: 50%; flex-grow: 0; height: 40px; margin-right: 14px; width: 40px;\"><\/div>\n<div style=\"flex-direction: column; flex-grow: 1; justify-content: center;\">\n<div style=\"background-color: #f4f4f4; border-radius: 4px; flex-grow: 0; height: 14px; margin-bottom: 6px; width: 100px;\"><\/div>\n<div style=\"background-color: #f4f4f4; border-radius: 4px; flex-grow: 0; height: 14px; width: 60px;\"><\/div>\n<\/div>\n<\/div>\n<div style=\"padding: 19% 0;\"><\/div>\n<div style=\"height: 50px; margin: 0 auto 12px; width: 50px;\"><\/div>\n<div style=\"padding-top: 8px;\">\n<div style=\"color: #3897f0; font-family: Arial,sans-serif; font-size: 14px; font-style: normal; font-weight: 550; line-height: 18px;\">Voir cette publication sur Instagram<\/div>\n<\/div>\n<div style=\"padding: 12.5% 0;\"><\/div>\n<div style=\"flex-direction: row; margin-bottom: 14px; align-items: center;\">\n<div>\n<div style=\"background-color: #f4f4f4; border-radius: 50%; height: 12.5px; width: 12.5px;\"><\/div>\n<div style=\"background-color: #f4f4f4; height: 12.5px; width: 12.5px; flex-grow: 0; margin-right: 14px; margin-left: 2px;\"><\/div>\n<div style=\"background-color: #f4f4f4; border-radius: 50%; height: 12.5px; width: 12.5px;\"><\/div>\n<\/div>\n<div style=\"margin-left: 8px;\">\n<div style=\"background-color: #f4f4f4; border-radius: 50%; flex-grow: 0; height: 20px; width: 20px;\"><\/div>\n<div style=\"width: 0; height: 0; border-top: 2px solid transparent; border-left: 6px solid #f4f4f4; border-bottom: 2px solid transparent;\"><\/div>\n<\/div>\n<div style=\"margin-left: auto;\">\n<div style=\"width: 0px; border-top: 8px solid #F4F4F4; border-right: 8px solid transparent;\"><\/div>\n<div style=\"background-color: #f4f4f4; flex-grow: 0; height: 12px; width: 16px;\"><\/div>\n<div style=\"width: 0; height: 0; border-top: 8px solid #F4F4F4; border-left: 8px solid transparent;\"><\/div>\n<\/div>\n<\/div>\n<div style=\"flex-direction: column; flex-grow: 1; justify-content: center; margin-bottom: 24px;\">\n<div style=\"background-color: #f4f4f4; border-radius: 4px; flex-grow: 0; height: 14px; margin-bottom: 6px; width: 224px;\"><\/div>\n<div style=\"background-color: #f4f4f4; border-radius: 4px; flex-grow: 0; height: 14px; width: 144px;\"><\/div>\n<\/div>\n<p>&nbsp;<\/p>\n<p style=\"color: #c9c8cd; font-family: Arial,sans-serif; font-size: 14px; line-height: 17px; margin-bottom: 0; margin-top: 8px; overflow: hidden; padding: 8px 0 7px; text-align: center;\"><a style=\"color: #c9c8cd; font-family: Arial,sans-serif; font-size: 14px; font-style: normal; font-weight: normal; line-height: 17px; text-decoration: none;\" href=\"https:\/\/www.instagram.com\/p\/DOQOD-KjfkH\/?utm_source=ig_embed&amp;utm_campaign=loading\" target=\"_blank\" rel=\"noopener\">Une publication partag\u00e9e par Gledis Taho (@gledistaho)<\/a><\/p>\n<\/div>\n<\/blockquote>\n<h2><b>Un village o\u00f9 l\u2019on prend le temps de vivre<\/b><\/h2>\n<p><span style=\"font-weight: 400;\">Manarola n\u2019est pas seulement un lieu de passage, c\u2019est un endroit o\u00f9 l\u2019on prend le temps de vivre. Ici, les habitants vivent au rythme de la mer, entre p\u00eache et artisanat. Vous pouvez vous poser sur l\u2019un des bancs du village, observer les p\u00eacheurs rentrer au port, ou tout simplement savourer l\u2019instant en sirotant un caf\u00e9 sur l\u2019une des terrasses avec vue sur la mer. L\u2019atmosph\u00e8re du village est douce, apaisante, presque m\u00e9ditative. Que ce soit pour se promener le long des quais, fl\u00e2ner dans les ruelles ou juste s\u2019allonger au soleil, Manarola est un endroit o\u00f9 il fait bon ralentir le tempo.<\/span><\/p>\n<p><span style=\"font-weight: 400;\">Et pour compl\u00e9ter cette atmosph\u00e8re de tranquillit\u00e9, les visiteurs peuvent profiter de l\u2019accueil chaleureux des habitants, toujours pr\u00eats \u00e0 partager une anecdote ou un conseil pour d\u00e9couvrir le meilleur du village. Manarola ne se contente pas d\u2019\u00eatre un lieu \u00e0 visiter, c\u2019est un endroit o\u00f9 l\u2019on se sent chez soi.<\/span><\/p>\n<blockquote class=\"instagram-media\" style=\"background: #FFF; border: 0; border-radius: 3px; margin: 1px; max-width: 540px; min-width: 326px; padding: 0; width: calc(100% - 2px);\" data-instgrm-captioned=\"\" data-instgrm-permalink=\"https:\/\/www.instagram.com\/p\/DOI64qQDR0b\/?utm_source=ig_embed&amp;utm_campaign=loading\" data-instgrm-version=\"14\">\n<div style=\"padding: 16px;\">\n<p>&nbsp;<\/p>\n<div style=\"flex-direction: row; align-items: center;\">\n<div style=\"background-color: #f4f4f4; border-radius: 50%; flex-grow: 0; height: 40px; margin-right: 14px; width: 40px;\"><\/div>\n<div style=\"flex-direction: column; flex-grow: 1; justify-content: center;\">\n<div style=\"background-color: #f4f4f4; border-radius: 4px; flex-grow: 0; height: 14px; margin-bottom: 6px; width: 100px;\"><\/div>\n<div style=\"background-color: #f4f4f4; border-radius: 4px; flex-grow: 0; height: 14px; width: 60px;\"><\/div>\n<\/div>\n<\/div>\n<div style=\"padding: 19% 0;\"><\/div>\n<div style=\"height: 50px; margin: 0 auto 12px; width: 50px;\"><\/div>\n<div style=\"padding-top: 8px;\">\n<div style=\"color: #3897f0; font-family: Arial,sans-serif; font-size: 14px; font-style: normal; font-weight: 550; line-height: 18px;\">Voir cette publication sur Instagram<\/div>\n<\/div>\n<div style=\"padding: 12.5% 0;\"><\/div>\n<div style=\"flex-direction: row; margin-bottom: 14px; align-items: center;\">\n<div>\n<div style=\"background-color: #f4f4f4; border-radius: 50%; height: 12.5px; width: 12.5px;\"><\/div>\n<div style=\"background-color: #f4f4f4; height: 12.5px; width: 12.5px; flex-grow: 0; margin-right: 14px; margin-left: 2px;\"><\/div>\n<div style=\"background-color: #f4f4f4; border-radius: 50%; height: 12.5px; width: 12.5px;\"><\/div>\n<\/div>\n<div style=\"margin-left: 8px;\">\n<div style=\"background-color: #f4f4f4; border-radius: 50%; flex-grow: 0; height: 20px; width: 20px;\"><\/div>\n<div style=\"width: 0; height: 0; border-top: 2px solid transparent; border-left: 6px solid #f4f4f4; border-bottom: 2px solid transparent;\"><\/div>\n<\/div>\n<div style=\"margin-left: auto;\">\n<div style=\"width: 0px; border-top: 8px solid #F4F4F4; border-right: 8px solid transparent;\"><\/div>\n<div style=\"background-color: #f4f4f4; flex-grow: 0; height: 12px; width: 16px;\"><\/div>\n<div style=\"width: 0; height: 0; border-top: 8px solid #F4F4F4; border-left: 8px solid transparent;\"><\/div>\n<\/div>\n<\/div>\n<div style=\"flex-direction: column; flex-grow: 1; justify-content: center; margin-bottom: 24px;\">\n<div style=\"background-color: #f4f4f4; border-radius: 4px; flex-grow: 0; height: 14px; margin-bottom: 6px; width: 224px;\"><\/div>\n<div style=\"background-color: #f4f4f4; border-radius: 4px; flex-grow: 0; height: 14px; width: 144px;\"><\/div>\n<\/div>\n<p>&nbsp;<\/p>\n<p style=\"color: #c9c8cd; font-family: Arial,sans-serif; font-size: 14px; line-height: 17px; margin-bottom: 0; margin-top: 8px; overflow: hidden; padding: 8px 0 7px; text-align: center;\"><a style=\"color: #c9c8cd; font-family: Arial,sans-serif; font-size: 14px; font-style: normal; font-weight: normal; line-height: 17px; text-decoration: none;\" href=\"https:\/\/www.instagram.com\/p\/DOI64qQDR0b\/?utm_source=ig_embed&amp;utm_campaign=loading\" target=\"_blank\" rel=\"noopener\">Une publication partag\u00e9e par etched travel (@ethantch)<\/a><\/p>\n<\/div>\n<\/blockquote>\n<h2><b>Comment rejoindre Manarola depuis la France ? Facile et pratique !<\/b><\/h2>\n<p><span style=\"font-weight: 400;\">Manarola est facilement accessible depuis la France, et le train reste l\u2019un des meilleurs moyens pour y arriver. Si vous partez de Paris, un train depuis la gare de Lyon vous conduira \u00e0 <a href=\"https:\/\/discover.ulysse.com\/quartiers-mythiques-milan\">Milan<\/a>, puis un autre train vous am\u00e8nera \u00e0 <strong>La Spezia<\/strong>. De l\u00e0, il vous suffit de prendre un train r\u00e9gional qui vous conduira directement \u00e0 Manarola en environ 10 minutes. Le trajet au total prend environ 8 heures, et le prix d\u2019un billet aller-retour oscille autour de 100 \u20ac, selon la p\u00e9riode.<\/span><\/p>\n<blockquote class=\"instagram-media\" style=\"background: #FFF; border: 0; border-radius: 3px; margin: 1px; max-width: 540px; min-width: 326px; padding: 0; width: calc(100% - 2px);\" data-instgrm-captioned=\"\" data-instgrm-permalink=\"https:\/\/www.instagram.com\/p\/DN5-pnNiHlE\/?utm_source=ig_embed&amp;utm_campaign=loading\" data-instgrm-version=\"14\">\n<div style=\"padding: 16px;\">\n<p>&nbsp;<\/p>\n<div style=\"flex-direction: row; align-items: center;\">\n<div style=\"background-color: #f4f4f4; border-radius: 50%; flex-grow: 0; height: 40px; margin-right: 14px; width: 40px;\"><\/div>\n<div style=\"flex-direction: column; flex-grow: 1; justify-content: center;\">\n<div style=\"background-color: #f4f4f4; border-radius: 4px; flex-grow: 0; height: 14px; margin-bottom: 6px; width: 100px;\"><\/div>\n<div style=\"background-color: #f4f4f4; border-radius: 4px; flex-grow: 0; height: 14px; width: 60px;\"><\/div>\n<\/div>\n<\/div>\n<div style=\"padding: 19% 0;\"><\/div>\n<div style=\"height: 50px; margin: 0 auto 12px; width: 50px;\"><\/div>\n<div style=\"padding-top: 8px;\">\n<div style=\"color: #3897f0; font-family: Arial,sans-serif; font-size: 14px; font-style: normal; font-weight: 550; line-height: 18px;\">Voir cette publication sur Instagram<\/div>\n<\/div>\n<div style=\"padding: 12.5% 0;\"><\/div>\n<div style=\"flex-direction: row; margin-bottom: 14px; align-items: center;\">\n<div>\n<div style=\"background-color: #f4f4f4; border-radius: 50%; height: 12.5px; width: 12.5px;\"><\/div>\n<div style=\"background-color: #f4f4f4; height: 12.5px; width: 12.5px; flex-grow: 0; margin-right: 14px; margin-left: 2px;\"><\/div>\n<div style=\"background-color: #f4f4f4; border-radius: 50%; height: 12.5px; width: 12.5px;\"><\/div>\n<\/div>\n<div style=\"margin-left: 8px;\">\n<div style=\"background-color: #f4f4f4; border-radius: 50%; flex-grow: 0; height: 20px; width: 20px;\"><\/div>\n<div style=\"width: 0; height: 0; border-top: 2px solid transparent; border-left: 6px solid #f4f4f4; border-bottom: 2px solid transparent;\"><\/div>\n<\/div>\n<div style=\"margin-left: auto;\">\n<div style=\"width: 0px; border-top: 8px solid #F4F4F4; border-right: 8px solid transparent;\"><\/div>\n<div style=\"background-color: #f4f4f4; flex-grow: 0; height: 12px; width: 16px;\"><\/div>\n<div style=\"width: 0; height: 0; border-top: 8px solid #F4F4F4; border-left: 8px solid transparent;\"><\/div>\n<\/div>\n<\/div>\n<div style=\"flex-direction: column; flex-grow: 1; justify-content: center; margin-bottom: 24px;\">\n<div style=\"background-color: #f4f4f4; border-radius: 4px; flex-grow: 0; height: 14px; margin-bottom: 6px; width: 224px;\"><\/div>\n<div style=\"background-color: #f4f4f4; border-radius: 4px; flex-grow: 0; height: 14px; width: 144px;\"><\/div>\n<\/div>\n<p>&nbsp;<\/p>\n<p style=\"color: #c9c8cd; font-family: Arial,sans-serif; font-size: 14px; line-height: 17px; margin-bottom: 0; margin-top: 8px; overflow: hidden; padding: 8px 0 7px; text-align: center;\"><a style=\"color: #c9c8cd; font-family: Arial,sans-serif; font-size: 14px; font-style: normal; font-weight: normal; line-height: 17px; text-decoration: none;\" href=\"https:\/\/www.instagram.com\/p\/DN5-pnNiHlE\/?utm_source=ig_embed&amp;utm_campaign=loading\" target=\"_blank\" rel=\"noopener\">Une publication partag\u00e9e par R P (@collaroytravels)<\/a><\/p>\n<\/div>\n<\/blockquote>\n<p><span style=\"font-weight: 400;\">Depuis Lyon, le trajet est encore plus rapide, avec environ 7 heures de voyage, et un tarif d\u2019environ 80 \u00e0 120 \u20ac pour un aller-retour. Si vous partez de Strasbourg, comptez environ 10 heures de trajet. Le train est un moyen agr\u00e9able de voyager, et vous pourrez appr\u00e9cier les magnifiques paysages italiens au fil du voyage. Pour les plus press\u00e9s, les a\u00e9roports de<strong> G\u00eanes ou Pise<\/strong> sont aussi de bonnes options, mais il vous faudra ensuite prendre un train pour rejoindre La Spezia, puis Manarola.<\/span><\/p>\n<p>&nbsp;<\/p>\n","protected":false},"excerpt":{"rendered":"<p>Manarola, petit bijou des Cinque Terre, est l&#8217;endroit r\u00eav\u00e9 pour un d\u00e9paysement total. Imaginez un village o\u00f9 les maisons color\u00e9es [&hellip;]<\/p>\n","protected":false},"author":3,"featured_media":34859,"comment_status":"open","ping_status":"closed","sticky":false,"template":"","format":"standard","meta":{"_acf_changed":false,"_sitemap_exclude":false,"_sitemap_priority":"","_sitemap_frequency":"","footnotes":"","rank_math_title":"","rank_math_description":"Plongez dans l\u2019azur, fl\u00e2nez dans les ruelles color\u00e9es et d\u00e9couvrez les paysages de ce petit coin de paradis des Cinque Terre \u00e0 ne pas manquer !\n","rank_math_canonical_url":"","rank_math_focus_keyword":"paysage,village"},"categories":[3],"tags":[],"class_list":["post-34858","post","type-post","status-publish","format-standard","has-post-thumbnail","hentry","category-voyage"],"acf":[],"_links":{"self":[{"href":"https:\/\/ulysse.com\/news\/wp-json\/wp\/v2\/posts\/34858","targetHints":{"allow":["GET"]}}],"collection":[{"href":"https:\/\/ulysse.com\/news\/wp-json\/wp\/v2\/posts"}],"about":[{"href":"https:\/\/ulysse.com\/news\/wp-json\/wp\/v2\/types\/post"}],"author":[{"embeddable":true,"href":"https:\/\/ulysse.com\/news\/wp-json\/wp\/v2\/users\/3"}],"replies":[{"embeddable":true,"href":"https:\/\/ulysse.com\/news\/wp-json\/wp\/v2\/comments?post=34858"}],"version-history":[{"count":2,"href":"https:\/\/ulysse.com\/news\/wp-json\/wp\/v2\/posts\/34858\/revisions"}],"predecessor-version":[{"id":34873,"href":"https:\/\/ulysse.com\/news\/wp-json\/wp\/v2\/posts\/34858\/revisions\/34873"}],"wp:featuredmedia":[{"embeddable":true,"href":"https:\/\/ulysse.com\/news\/wp-json\/wp\/v2\/media\/34859"}],"wp:attachment":[{"href":"https:\/\/ulysse.com\/news\/wp-json\/wp\/v2\/media?parent=34858"}],"wp:term":[{"taxonomy":"category","embeddable":true,"href":"https:\/\/ulysse.com\/news\/wp-json\/wp\/v2\/categories?post=34858"},{"taxonomy":"post_tag","embeddable":true,"href":"https:\/\/ulysse.com\/news\/wp-json\/wp\/v2\/tags?post=34858"}],"curies":[{"name":"wp","href":"https:\/\/api.w.org\/{rel}","templated":true}]}}