{"id":34864,"date":"2025-09-10T19:00:55","date_gmt":"2025-09-10T18:00:55","guid":{"rendered":"https:\/\/discover.ulysse.com\/?p=34864"},"modified":"2025-09-10T18:03:03","modified_gmt":"2025-09-10T17:03:03","slug":"automne-destinations-europeennes-octobre","status":"publish","type":"post","link":"https:\/\/ulysse.com\/news\/automne-destinations-europeennes-octobre","title":{"rendered":"Soleil, culture et charme de l&#8217;automne : les meilleures destinations europ\u00e9ennes \u00e0 d\u00e9couvrir en octobre"},"content":{"rendered":"<p><span style=\"font-weight: 400;\">Octobre, c\u2019est ce moment magique o\u00f9 l\u2019\u00e9t\u00e9 fait ses adieux tout en laissant derri\u00e8re lui des journ\u00e9es encore ensoleill\u00e9es, des temp\u00e9ratures douces et une lumi\u00e8re dor\u00e9e parfaite pour des escapades hors du commun. <strong>L\u2019automne en Europe<\/strong>, c\u2019est l\u2019occasion r\u00eav\u00e9e de savourer les paysages sous un autre angle : des for\u00eats aux teintes chatoyantes, des cit\u00e9s pleines de culture et des villages pittoresques \u00e0 d\u00e9couvrir dans une ambiance sereine, loin de la foule estivale. Alors, pr\u00eats \u00e0 profiter de cette p\u00e9riode id\u00e9ale pour voyager ? On vous embarque dans un tour d\u2019horizon des destinations incontournables o\u00f9 soleil, culture et charme automnal s\u2019entrelacent \u00e0 merveille.<\/span><\/p>\n<h2><b>Malte : Un rayon de soleil m\u00e9diterran\u00e9en<\/b><\/h2>\n<p><span style=\"font-weight: 400;\">Si l\u2019automne vous appelle \u00e0 la douceur du soleil, <a href=\"https:\/\/discover.ulysse.com\/pres-de-malte-ile-preservee-presque-secrete\">Malte<\/a> est la destination parfaite pour une parenth\u00e8se ensoleill\u00e9e. Situ\u00e9e au c\u0153ur de la M\u00e9diterran\u00e9e, l\u2019\u00eele offre une palette de paysages et d\u2019activit\u00e9s qui raviront tous les amoureux de nature et de culture. <strong>La Valette<\/strong>, la capitale, est un v\u00e9ritable mus\u00e9e \u00e0 ciel ouvert. Ses ruelles \u00e9troites, ses palais baroques et ses fortifications majestueuses plongent les visiteurs dans l\u2019histoire des chevaliers de Saint-Jean. On se perd dans ses petites rues pav\u00e9es, o\u00f9 chaque coin semble receler un secret du pass\u00e9.<\/span><\/p>\n<p><span style=\"font-weight: 400;\">Mais l\u2019\u00eele ne se r\u00e9sume pas \u00e0 son centre historique. En octobre, les temp\u00e9ratures restent agr\u00e9ablement chaudes, id\u00e9ales pour une baignade dans les eaux cristallines du Blue Lagoon ou une excursion en bateau autour de<strong> l\u2019\u00eele de Comino<\/strong>. Et si vous \u00eates un amateur de randonn\u00e9es, la c\u00f4te maltaise, avec ses falaises escarp\u00e9es et ses vues imprenables sur la mer, vous offrira des panoramas \u00e0 couper le souffle.<\/span><\/p>\n<p><span style=\"font-weight: 400;\">C\u00f4t\u00e9 prix, <strong>Malte<\/strong> est assez accessible pour une destination m\u00e9diterran\u00e9enne. Vous trouverez facilement des h\u00e9bergements \u00e0 partir de 60 \u20ac la nuit, et un repas traditionnel vous co\u00fbtera autour de 15 \u20ac \u00e0 25 \u20ac par personne. L\u2019avion est bien s\u00fbr la meilleure option pour rejoindre l&#8217;\u00eele depuis Paris ou Lyon (environ 2h30 de vol), mais une fois sur place, vous pouvez profiter du bus local pour d\u00e9couvrir les sites, ou pourquoi pas louer une voiture pour partir \u00e0 l\u2019aventure \u00e0 votre rythme.<\/span><\/p>\n<blockquote class=\"instagram-media\" style=\"background: #FFF; border: 0; border-radius: 3px; margin: 1px; max-width: 540px; min-width: 326px; padding: 0; width: calc(100% - 2px);\" data-instgrm-captioned=\"\" data-instgrm-permalink=\"https:\/\/www.instagram.com\/p\/BMqjmRlATsF\/?utm_source=ig_embed&amp;utm_campaign=loading\" data-instgrm-version=\"14\">\n<div style=\"padding: 16px;\">\n<p>&nbsp;<\/p>\n<div style=\"flex-direction: row; align-items: center;\">\n<div style=\"background-color: #f4f4f4; border-radius: 50%; flex-grow: 0; height: 40px; margin-right: 14px; width: 40px;\"><\/div>\n<div style=\"flex-direction: column; flex-grow: 1; justify-content: center;\">\n<div style=\"background-color: #f4f4f4; border-radius: 4px; flex-grow: 0; height: 14px; margin-bottom: 6px; width: 100px;\"><\/div>\n<div style=\"background-color: #f4f4f4; border-radius: 4px; flex-grow: 0; height: 14px; width: 60px;\"><\/div>\n<\/div>\n<\/div>\n<div style=\"padding: 19% 0;\"><\/div>\n<div style=\"height: 50px; margin: 0 auto 12px; width: 50px;\"><\/div>\n<div style=\"padding-top: 8px;\">\n<div style=\"color: #3897f0; font-family: Arial,sans-serif; font-size: 14px; font-style: normal; font-weight: 550; line-height: 18px;\">Voir cette publication sur Instagram<\/div>\n<\/div>\n<div style=\"padding: 12.5% 0;\"><\/div>\n<div style=\"flex-direction: row; margin-bottom: 14px; align-items: center;\">\n<div>\n<div style=\"background-color: #f4f4f4; border-radius: 50%; height: 12.5px; width: 12.5px;\"><\/div>\n<div style=\"background-color: #f4f4f4; height: 12.5px; width: 12.5px; flex-grow: 0; margin-right: 14px; margin-left: 2px;\"><\/div>\n<div style=\"background-color: #f4f4f4; border-radius: 50%; height: 12.5px; width: 12.5px;\"><\/div>\n<\/div>\n<div style=\"margin-left: 8px;\">\n<div style=\"background-color: #f4f4f4; border-radius: 50%; flex-grow: 0; height: 20px; width: 20px;\"><\/div>\n<div style=\"width: 0; height: 0; border-top: 2px solid transparent; border-left: 6px solid #f4f4f4; border-bottom: 2px solid transparent;\"><\/div>\n<\/div>\n<div style=\"margin-left: auto;\">\n<div style=\"width: 0px; border-top: 8px solid #F4F4F4; border-right: 8px solid transparent;\"><\/div>\n<div style=\"background-color: #f4f4f4; flex-grow: 0; height: 12px; width: 16px;\"><\/div>\n<div style=\"width: 0; height: 0; border-top: 8px solid #F4F4F4; border-left: 8px solid transparent;\"><\/div>\n<\/div>\n<\/div>\n<div style=\"flex-direction: column; flex-grow: 1; justify-content: center; margin-bottom: 24px;\">\n<div style=\"background-color: #f4f4f4; border-radius: 4px; flex-grow: 0; height: 14px; margin-bottom: 6px; width: 224px;\"><\/div>\n<div style=\"background-color: #f4f4f4; border-radius: 4px; flex-grow: 0; height: 14px; width: 144px;\"><\/div>\n<\/div>\n<p>&nbsp;<\/p>\n<p style=\"color: #c9c8cd; font-family: Arial,sans-serif; font-size: 14px; line-height: 17px; margin-bottom: 0; margin-top: 8px; overflow: hidden; padding: 8px 0 7px; text-align: center;\"><a style=\"color: #c9c8cd; font-family: Arial,sans-serif; font-size: 14px; font-style: normal; font-weight: normal; line-height: 17px; text-decoration: none;\" href=\"https:\/\/www.instagram.com\/p\/BMqjmRlATsF\/?utm_source=ig_embed&amp;utm_campaign=loading\" target=\"_blank\" rel=\"noopener\">Une publication partag\u00e9e par Marsaxlokk, Malta \ud83c\uddf2\ud83c\uddf9 \ud83c\udf1e (@marsaxlokk_village)<\/a><\/p>\n<\/div>\n<\/blockquote>\n<h2><b>L\u2019Autriche : \u00c0 la crois\u00e9e de la nature et de la culture<\/b><\/h2>\n<p><span style=\"font-weight: 400;\"><strong>L\u2019Autriche<\/strong>, c\u2019est un peu le m\u00e9lange parfait entre nature \u00e9poustouflante et culture riche. Et si l\u2019automne est la saison id\u00e9ale pour partir \u00e0 la d\u00e9couverte de ce pays au c\u0153ur de l\u2019Europe, c\u2019est \u00e0 Vienne que le voyage commence. La capitale autrichienne est un v\u00e9ritable \u00e9crin de culture, o\u00f9 l\u2019histoire se raconte \u00e0 chaque coin de rue. Entre les imposants palais imp\u00e9riaux, comme le palais de Sch\u00f6nbrunn, et les mus\u00e9es de renom, la ville ne manque pas de charme.<\/span><\/p>\n<p><span style=\"font-weight: 400;\">Mais l\u2019Autriche, ce n\u2019est pas que des villes imp\u00e9riales. Si vous \u00eates \u00e0 la recherche de paysages grandioses, les<strong> Alpes autrichiennes,<\/strong> avec leurs montagnes aux cimes enneig\u00e9es et leurs for\u00eats dor\u00e9es par l\u2019automne, vous offriront des panoramas \u00e9poustouflants. <strong>Le village de Hallstatt,<\/strong> class\u00e9 au patrimoine mondial de l&#8217;UNESCO, est un v\u00e9ritable bijou, avec son lac paisible, ses maisons traditionnelles et son atmosph\u00e8re hors du temps. L\u2019automne transforme ce village en un lieu magique, o\u00f9 les couleurs chaudes de la saison viennent sublimer le paysage.<\/span><\/p>\n<p><span style=\"font-weight: 400;\">Vienne est facilement accessible depuis Paris, Lyon ou Strasbourg en train (comptez environ 8 heures de trajet), ce qui permet de profiter d\u2019un voyage au c\u0153ur de l\u2019Europe centrale. Une fois sur place, la ville est id\u00e9ale \u00e0 parcourir \u00e0 pied, mais pour explorer les alentours, il est pr\u00e9f\u00e9rable de louer une voiture, surtout pour se rendre dans les villages alpins. Les prix sont relativement abordables, avec des chambres d\u2019h\u00f4tel \u00e0 partir de 80 \u20ac la nuit et des repas dans les restaurants locaux autour de 20 \u20ac.<\/span><\/p>\n<blockquote class=\"instagram-media\" style=\"background: #FFF; border: 0; border-radius: 3px; margin: 1px; max-width: 540px; min-width: 326px; padding: 0; width: calc(100% - 2px);\" data-instgrm-captioned=\"\" data-instgrm-permalink=\"https:\/\/www.instagram.com\/p\/DN8yrFej9JU\/?utm_source=ig_embed&amp;utm_campaign=loading\" data-instgrm-version=\"14\">\n<div style=\"padding: 16px;\">\n<p>&nbsp;<\/p>\n<div style=\"flex-direction: row; align-items: center;\">\n<div style=\"background-color: #f4f4f4; border-radius: 50%; flex-grow: 0; height: 40px; margin-right: 14px; width: 40px;\"><\/div>\n<div style=\"flex-direction: column; flex-grow: 1; justify-content: center;\">\n<div style=\"background-color: #f4f4f4; border-radius: 4px; flex-grow: 0; height: 14px; margin-bottom: 6px; width: 100px;\"><\/div>\n<div style=\"background-color: #f4f4f4; border-radius: 4px; flex-grow: 0; height: 14px; width: 60px;\"><\/div>\n<\/div>\n<\/div>\n<div style=\"padding: 19% 0;\"><\/div>\n<div style=\"height: 50px; margin: 0 auto 12px; width: 50px;\"><\/div>\n<div style=\"padding-top: 8px;\">\n<div style=\"color: #3897f0; font-family: Arial,sans-serif; font-size: 14px; font-style: normal; font-weight: 550; line-height: 18px;\">\u5728 Instagram \u67e5\u770b\u8fd9\u7bc7\u5e16\u5b50<\/div>\n<\/div>\n<div style=\"padding: 12.5% 0;\"><\/div>\n<div style=\"flex-direction: row; margin-bottom: 14px; align-items: center;\">\n<div>\n<div style=\"background-color: #f4f4f4; border-radius: 50%; height: 12.5px; width: 12.5px;\"><\/div>\n<div style=\"background-color: #f4f4f4; height: 12.5px; width: 12.5px; flex-grow: 0; margin-right: 14px; margin-left: 2px;\"><\/div>\n<div style=\"background-color: #f4f4f4; border-radius: 50%; height: 12.5px; width: 12.5px;\"><\/div>\n<\/div>\n<div style=\"margin-left: 8px;\">\n<div style=\"background-color: #f4f4f4; border-radius: 50%; flex-grow: 0; height: 20px; width: 20px;\"><\/div>\n<div style=\"width: 0; height: 0; border-top: 2px solid transparent; border-left: 6px solid #f4f4f4; border-bottom: 2px solid transparent;\"><\/div>\n<\/div>\n<div style=\"margin-left: auto;\">\n<div style=\"width: 0px; border-top: 8px solid #F4F4F4; border-right: 8px solid transparent;\"><\/div>\n<div style=\"background-color: #f4f4f4; flex-grow: 0; height: 12px; width: 16px;\"><\/div>\n<div style=\"width: 0; height: 0; border-top: 8px solid #F4F4F4; border-left: 8px solid transparent;\"><\/div>\n<\/div>\n<\/div>\n<div style=\"flex-direction: column; flex-grow: 1; justify-content: center; margin-bottom: 24px;\">\n<div style=\"background-color: #f4f4f4; border-radius: 4px; flex-grow: 0; height: 14px; margin-bottom: 6px; width: 224px;\"><\/div>\n<div style=\"background-color: #f4f4f4; border-radius: 4px; flex-grow: 0; height: 14px; width: 144px;\"><\/div>\n<\/div>\n<p>&nbsp;<\/p>\n<p style=\"color: #c9c8cd; font-family: Arial,sans-serif; font-size: 14px; line-height: 17px; margin-bottom: 0; margin-top: 8px; overflow: hidden; padding: 8px 0 7px; text-align: center;\"><a style=\"color: #c9c8cd; font-family: Arial,sans-serif; font-size: 14px; font-style: normal; font-weight: normal; line-height: 17px; text-decoration: none;\" href=\"https:\/\/www.instagram.com\/p\/DN8yrFej9JU\/?utm_source=ig_embed&amp;utm_campaign=loading\" target=\"_blank\" rel=\"noopener\">Autriche pro France (@autricheprofrance) \u5206\u4eab\u7684\u5e16\u5b50<\/a><\/p>\n<\/div>\n<\/blockquote>\n<h2><b>Chypre : L\u2019automne m\u00e9diterran\u00e9en sous le signe de la culture<\/b><\/h2>\n<p><span style=\"font-weight: 400;\"><a href=\"https:\/\/discover.ulysse.com\/chypre-meilleures-activites-profiter-vacances\">Chypre<\/a>, c\u2019est un peu l\u2019\u00eele secr\u00e8te de la M\u00e9diterran\u00e9e, o\u00f9 le soleil brille encore fort en octobre, et o\u00f9 l\u2019histoire et la culture se m\u00ealent aux paysages de r\u00eave. <strong>Nicosie<\/strong>, la capitale, vous invite \u00e0 une immersion dans son histoire fascinante, entre influences grecques et turques. Ses rues pi\u00e9tonnes regorgent de petits caf\u00e9s, de march\u00e9s anim\u00e9s et de monuments historiques. Ne manquez pas la cath\u00e9drale Saint-Jean, v\u00e9ritable chef-d&#8217;\u0153uvre baroque, et le mus\u00e9e arch\u00e9ologique, qui retrace l\u2019histoire mill\u00e9naire de l\u2019\u00eele.<\/span><\/p>\n<p><span style=\"font-weight: 400;\">Mais ce qui fait vraiment le charme de <strong>Chypre<\/strong> en automne, ce sont ses plages dor\u00e9es et ses eaux cristallines. Si vous \u00eates un amateur de randonn\u00e9e, les<strong> montagnes de Troodos<\/strong>, couvertes de for\u00eats et de petits villages pittoresques, vous offriront un cadre id\u00e9al pour des balades automnales inoubliables.<\/span><\/p>\n<p><span style=\"font-weight: 400;\">Le co\u00fbt de la vie \u00e0 Chypre est raisonnable, et vous pouvez y trouver des repas pour 15 \u20ac \u00e0 25 \u20ac, et des h\u00e9bergements \u00e0 partir de 60 \u20ac la nuit. Depuis la France, l\u2019\u00eele est facilement accessible en avion (environ 4h de vol), et une fois sur place, vous pouvez louer une voiture pour explorer tous les recoins de l\u2019\u00eele, des plages aux montagnes. C\u2019est une destination qui combine parfaitement soleil, histoire et nature.<\/span><\/p>\n<blockquote class=\"instagram-media\" style=\"background: #FFF; border: 0; border-radius: 3px; margin: 1px; max-width: 540px; min-width: 326px; padding: 0; width: calc(100% - 2px);\" data-instgrm-captioned=\"\" data-instgrm-permalink=\"https:\/\/www.instagram.com\/p\/DOD7Gwlja6g\/?utm_source=ig_embed&amp;utm_campaign=loading\" data-instgrm-version=\"14\">\n<div style=\"padding: 16px;\">\n<p>&nbsp;<\/p>\n<div style=\"flex-direction: row; align-items: center;\">\n<div style=\"background-color: #f4f4f4; border-radius: 50%; flex-grow: 0; height: 40px; margin-right: 14px; width: 40px;\"><\/div>\n<div style=\"flex-direction: column; flex-grow: 1; justify-content: center;\">\n<div style=\"background-color: #f4f4f4; border-radius: 4px; flex-grow: 0; height: 14px; margin-bottom: 6px; width: 100px;\"><\/div>\n<div style=\"background-color: #f4f4f4; border-radius: 4px; flex-grow: 0; height: 14px; width: 60px;\"><\/div>\n<\/div>\n<\/div>\n<div style=\"padding: 19% 0;\"><\/div>\n<div style=\"height: 50px; margin: 0 auto 12px; width: 50px;\"><\/div>\n<div style=\"padding-top: 8px;\">\n<div style=\"color: #3897f0; font-family: Arial,sans-serif; font-size: 14px; font-style: normal; font-weight: 550; line-height: 18px;\">Voir cette publication sur Instagram<\/div>\n<\/div>\n<div style=\"padding: 12.5% 0;\"><\/div>\n<div style=\"flex-direction: row; margin-bottom: 14px; align-items: center;\">\n<div>\n<div style=\"background-color: #f4f4f4; border-radius: 50%; height: 12.5px; width: 12.5px;\"><\/div>\n<div style=\"background-color: #f4f4f4; height: 12.5px; width: 12.5px; flex-grow: 0; margin-right: 14px; margin-left: 2px;\"><\/div>\n<div style=\"background-color: #f4f4f4; border-radius: 50%; height: 12.5px; width: 12.5px;\"><\/div>\n<\/div>\n<div style=\"margin-left: 8px;\">\n<div style=\"background-color: #f4f4f4; border-radius: 50%; flex-grow: 0; height: 20px; width: 20px;\"><\/div>\n<div style=\"width: 0; height: 0; border-top: 2px solid transparent; border-left: 6px solid #f4f4f4; border-bottom: 2px solid transparent;\"><\/div>\n<\/div>\n<div style=\"margin-left: auto;\">\n<div style=\"width: 0px; border-top: 8px solid #F4F4F4; border-right: 8px solid transparent;\"><\/div>\n<div style=\"background-color: #f4f4f4; flex-grow: 0; height: 12px; width: 16px;\"><\/div>\n<div style=\"width: 0; height: 0; border-top: 8px solid #F4F4F4; border-left: 8px solid transparent;\"><\/div>\n<\/div>\n<\/div>\n<div style=\"flex-direction: column; flex-grow: 1; justify-content: center; margin-bottom: 24px;\">\n<div style=\"background-color: #f4f4f4; border-radius: 4px; flex-grow: 0; height: 14px; margin-bottom: 6px; width: 224px;\"><\/div>\n<div style=\"background-color: #f4f4f4; border-radius: 4px; flex-grow: 0; height: 14px; width: 144px;\"><\/div>\n<\/div>\n<p>&nbsp;<\/p>\n<p style=\"color: #c9c8cd; font-family: Arial,sans-serif; font-size: 14px; line-height: 17px; margin-bottom: 0; margin-top: 8px; overflow: hidden; padding: 8px 0 7px; text-align: center;\"><a style=\"color: #c9c8cd; font-family: Arial,sans-serif; font-size: 14px; font-style: normal; font-weight: normal; line-height: 17px; text-decoration: none;\" href=\"https:\/\/www.instagram.com\/p\/DOD7Gwlja6g\/?utm_source=ig_embed&amp;utm_campaign=loading\" target=\"_blank\" rel=\"noopener\">Une publication partag\u00e9e par Larnaka and Pafos Airports (@cyprusaeropolis)<\/a><\/p>\n<\/div>\n<\/blockquote>\n<h2><b>La Slov\u00e9nie : Un petit coin de paradis pour les amoureux de nature<\/b><\/h2>\n<p><span style=\"font-weight: 400;\"><strong>La Slov\u00e9nie<\/strong>, c\u2019est un peu le secret bien gard\u00e9 de l\u2019Europe. Si vous aimez les paysages spectaculaires et la tranquillit\u00e9, ce pays est fait pour vous. En octobre, <a href=\"https:\/\/discover.ulysse.com\/lac-slovene-plus-beau-lieu-europe-time-out\">le lac de Bled<\/a>, l\u2019un des joyaux slov\u00e8nes, se transforme en un v\u00e9ritable tableau vivant. Entour\u00e9 de montagnes aux couleurs d\u2019automne, avec son \u00eele pittoresque au centre, le lac semble tout droit sorti d\u2019un conte de f\u00e9es. Si vous \u00eates amateur de photographie ou tout simplement en qu\u00eate de calme, c\u2019est un lieu incontournable.<\/span><\/p>\n<p><span style=\"font-weight: 400;\">Mais la Slov\u00e9nie, c\u2019est aussi des for\u00eats denses, des rivi\u00e8res cristallines et des montagnes majestueuses. Le <strong>parc national du Triglav<\/strong>, situ\u00e9 dans les <strong>Alpes juliennes<\/strong>, vous offrira des randonn\u00e9es inoubliables au c\u0153ur de la nature sauvage. Et si vous souhaitez une exp\u00e9rience encore plus authentique, les villages comme <strong>Bohinj<\/strong>, moins touristiques que<strong> Bled<\/strong>, vous s\u00e9duiront par leur charme tranquille.<\/span><\/p>\n<p><span style=\"font-weight: 400;\">Le co\u00fbt de la vie en Slov\u00e9nie est raisonnable, avec des repas autour de 12 \u20ac et des chambres d\u2019h\u00f4tel \u00e0 partir de 50 \u20ac la nuit. Ljubljana, la capitale, est accessible en train depuis Paris, Lyon ou Strasbourg (environ 10 heures de trajet), et une fois sur place, les transports publics sont efficaces, mais louer une voiture reste le meilleur moyen de d\u00e9couvrir les tr\u00e9sors cach\u00e9s du pays.<\/span><\/p>\n<blockquote class=\"instagram-media\" style=\"background: #FFF; border: 0; border-radius: 3px; margin: 1px; max-width: 540px; min-width: 326px; padding: 0; width: calc(100% - 2px);\" data-instgrm-captioned=\"\" data-instgrm-permalink=\"https:\/\/www.instagram.com\/p\/CyswO7gLHsa\/?utm_source=ig_embed&amp;utm_campaign=loading\" data-instgrm-version=\"14\">\n<div style=\"padding: 16px;\">\n<p>&nbsp;<\/p>\n<div style=\"flex-direction: row; align-items: center;\">\n<div style=\"background-color: #f4f4f4; border-radius: 50%; flex-grow: 0; height: 40px; margin-right: 14px; width: 40px;\"><\/div>\n<div style=\"flex-direction: column; flex-grow: 1; justify-content: center;\">\n<div style=\"background-color: #f4f4f4; border-radius: 4px; flex-grow: 0; height: 14px; margin-bottom: 6px; width: 100px;\"><\/div>\n<div style=\"background-color: #f4f4f4; border-radius: 4px; flex-grow: 0; height: 14px; width: 60px;\"><\/div>\n<\/div>\n<\/div>\n<div style=\"padding: 19% 0;\"><\/div>\n<div style=\"height: 50px; margin: 0 auto 12px; width: 50px;\"><\/div>\n<div style=\"padding-top: 8px;\">\n<div style=\"color: #3897f0; font-family: Arial,sans-serif; font-size: 14px; font-style: normal; font-weight: 550; line-height: 18px;\">Voir cette publication sur Instagram<\/div>\n<\/div>\n<div style=\"padding: 12.5% 0;\"><\/div>\n<div style=\"flex-direction: row; margin-bottom: 14px; align-items: center;\">\n<div>\n<div style=\"background-color: #f4f4f4; border-radius: 50%; height: 12.5px; width: 12.5px;\"><\/div>\n<div style=\"background-color: #f4f4f4; height: 12.5px; width: 12.5px; flex-grow: 0; margin-right: 14px; margin-left: 2px;\"><\/div>\n<div style=\"background-color: #f4f4f4; border-radius: 50%; height: 12.5px; width: 12.5px;\"><\/div>\n<\/div>\n<div style=\"margin-left: 8px;\">\n<div style=\"background-color: #f4f4f4; border-radius: 50%; flex-grow: 0; height: 20px; width: 20px;\"><\/div>\n<div style=\"width: 0; height: 0; border-top: 2px solid transparent; border-left: 6px solid #f4f4f4; border-bottom: 2px solid transparent;\"><\/div>\n<\/div>\n<div style=\"margin-left: auto;\">\n<div style=\"width: 0px; border-top: 8px solid #F4F4F4; border-right: 8px solid transparent;\"><\/div>\n<div style=\"background-color: #f4f4f4; flex-grow: 0; height: 12px; width: 16px;\"><\/div>\n<div style=\"width: 0; height: 0; border-top: 8px solid #F4F4F4; border-left: 8px solid transparent;\"><\/div>\n<\/div>\n<\/div>\n<div style=\"flex-direction: column; flex-grow: 1; justify-content: center; margin-bottom: 24px;\">\n<div style=\"background-color: #f4f4f4; border-radius: 4px; flex-grow: 0; height: 14px; margin-bottom: 6px; width: 224px;\"><\/div>\n<div style=\"background-color: #f4f4f4; border-radius: 4px; flex-grow: 0; height: 14px; width: 144px;\"><\/div>\n<\/div>\n<p>&nbsp;<\/p>\n<p style=\"color: #c9c8cd; font-family: Arial,sans-serif; font-size: 14px; line-height: 17px; margin-bottom: 0; margin-top: 8px; overflow: hidden; padding: 8px 0 7px; text-align: center;\"><a style=\"color: #c9c8cd; font-family: Arial,sans-serif; font-size: 14px; font-style: normal; font-weight: normal; line-height: 17px; text-decoration: none;\" href=\"https:\/\/www.instagram.com\/p\/CyswO7gLHsa\/?utm_source=ig_embed&amp;utm_campaign=loading\" target=\"_blank\" rel=\"noopener\">Une publication partag\u00e9e par Slov\u00e9nie Secr\u00e8te (@slovenie_secrete)<\/a><\/p>\n<\/div>\n<\/blockquote>\n<h2><b>L\u2019automne, c\u2019est le moment id\u00e9al pour vivre l\u2019Europe sous un autre angle<\/b><\/h2>\n<p><span style=\"font-weight: 400;\">Que vous soyez \u00e0 la recherche de soleil, de culture ou de paysages d\u2019automne \u00e0 couper le souffle, octobre est le mois parfait pour s\u2019aventurer \u00e0 la d\u00e9couverte de l\u2019Europe. Ces destinations, riches de leur histoire et de leur nature, vous offriront des moments uniques, loin des foules et dans une ambiance douce et accueillante. Alors, pr\u00eats \u00e0 embarquer pour un automne aux couleurs de l\u2019Europe ?<\/span><\/p>\n","protected":false},"excerpt":{"rendered":"<p>Octobre, c\u2019est ce moment magique o\u00f9 l\u2019\u00e9t\u00e9 fait ses adieux tout en laissant derri\u00e8re lui des journ\u00e9es encore ensoleill\u00e9es, des [&hellip;]<\/p>\n","protected":false},"author":3,"featured_media":34865,"comment_status":"open","ping_status":"closed","sticky":false,"template":"","format":"standard","meta":{"_acf_changed":false,"_sitemap_exclude":false,"_sitemap_priority":"","_sitemap_frequency":"","footnotes":"","rank_math_title":"","rank_math_description":"L\u2019automne en Europe, c\u2019est la promesse de paysages envo\u00fbtants, de soleil doux et de d\u00e9couvertes culturelles. Pr\u00eat \u00e0 explorer ces tr\u00e9sors ?\n","rank_math_canonical_url":"","rank_math_focus_keyword":"automne,octobre"},"categories":[3],"tags":[],"class_list":["post-34864","post","type-post","status-publish","format-standard","has-post-thumbnail","hentry","category-voyage"],"acf":[],"_links":{"self":[{"href":"https:\/\/ulysse.com\/news\/wp-json\/wp\/v2\/posts\/34864","targetHints":{"allow":["GET"]}}],"collection":[{"href":"https:\/\/ulysse.com\/news\/wp-json\/wp\/v2\/posts"}],"about":[{"href":"https:\/\/ulysse.com\/news\/wp-json\/wp\/v2\/types\/post"}],"author":[{"embeddable":true,"href":"https:\/\/ulysse.com\/news\/wp-json\/wp\/v2\/users\/3"}],"replies":[{"embeddable":true,"href":"https:\/\/ulysse.com\/news\/wp-json\/wp\/v2\/comments?post=34864"}],"version-history":[{"count":2,"href":"https:\/\/ulysse.com\/news\/wp-json\/wp\/v2\/posts\/34864\/revisions"}],"predecessor-version":[{"id":34871,"href":"https:\/\/ulysse.com\/news\/wp-json\/wp\/v2\/posts\/34864\/revisions\/34871"}],"wp:featuredmedia":[{"embeddable":true,"href":"https:\/\/ulysse.com\/news\/wp-json\/wp\/v2\/media\/34865"}],"wp:attachment":[{"href":"https:\/\/ulysse.com\/news\/wp-json\/wp\/v2\/media?parent=34864"}],"wp:term":[{"taxonomy":"category","embeddable":true,"href":"https:\/\/ulysse.com\/news\/wp-json\/wp\/v2\/categories?post=34864"},{"taxonomy":"post_tag","embeddable":true,"href":"https:\/\/ulysse.com\/news\/wp-json\/wp\/v2\/tags?post=34864"}],"curies":[{"name":"wp","href":"https:\/\/api.w.org\/{rel}","templated":true}]}}