{"id":34867,"date":"2025-09-10T18:02:37","date_gmt":"2025-09-10T17:02:37","guid":{"rendered":"https:\/\/discover.ulysse.com\/?p=34867"},"modified":"2025-09-10T18:02:37","modified_gmt":"2025-09-10T17:02:37","slug":"alpes-savoyardes-village-montagnard-retraites","status":"publish","type":"post","link":"https:\/\/ulysse.com\/news\/alpes-savoyardes-village-montagnard-retraites","title":{"rendered":"Perle des Alpes savoyardes : ce village montagnard devient le refuge pr\u00e9f\u00e9r\u00e9 des retrait\u00e9s amoureux de nature et de tranquillit\u00e9"},"content":{"rendered":"<p><span style=\"font-weight: 400\">Un petit coin de paradis nich\u00e9 au c\u0153ur des<strong> Alpes savoyardes<\/strong>, o\u00f9 la montagne s\u2019\u00e9tend \u00e0 perte de vue, et o\u00f9 chaque souffle d\u2019air semble charg\u00e9 d\u2019\u00e9nergie positive. Voil\u00e0 ce que propose <strong>Beaufort<\/strong>, un village montagnard devenu le refuge pr\u00e9f\u00e9r\u00e9 des retrait\u00e9s amoureux de nature et de tranquillit\u00e9. Si vous \u00eates fatigu\u00e9 du tumulte quotidien et que vous r\u00eavez de paysages grandioses, de villages authentiques et de moments de calme absolu, alors il est temps de mettre Beaufort sur votre carte des destinations r\u00eav\u00e9es. Mais qu\u2019est-ce qui rend ce petit bijou savoyard si irr\u00e9sistible ?<\/span><\/p>\n<h2><b>Un village o\u00f9 la montagne vous invite \u00e0 vous ressourcer<\/b><\/h2>\n<p><span style=\"font-weight: 400\">Imaginez un village o\u00f9 les montagnes se dressent fi\u00e8rement autour de vous, o\u00f9 chaque virage vous d\u00e9voile un panorama \u00e9poustouflant. Bienvenue \u00e0 Beaufort ! Situ\u00e9 au c\u0153ur des Alpes savoyardes, ce petit village, avec ses 800 habitants, s\u00e9duit les amoureux de nature et de grand air. Gr\u00e2ce \u00e0 ses paysages de montagne, ses for\u00eats verdoyantes et ses alpages fleuris, Beaufort a tout pour plaire \u00e0 ceux qui cherchent \u00e0 s\u2019\u00e9vader et \u00e0 se reconnecter avec la nature.<\/span><\/p>\n<p><span style=\"font-weight: 400\">\u00c0 Beaufort, pas besoin de chercher des kilom\u00e8tres de sentiers bond\u00e9s de touristes. Ici, on privil\u00e9gie le calme et la tranquillit\u00e9. <strong>Les retrait\u00e9s<\/strong> viennent se ressourcer sur les sentiers de randonn\u00e9e qui serpentent \u00e0 travers des paysages encore pr\u00e9serv\u00e9s. Ces chemins, accessibles \u00e0 tous, offrent des vues imprenables sur les montagnes environnantes, et \u00e0 chaque \u00e9tape, le chant des oiseaux, la brise fra\u00eeche et le murmure des ruisseaux vous accompagnent. Et bien s\u00fbr, impossible de ne pas croiser quelques marmottes ou chamois qui vous saluent au passage !<\/span><\/p>\n<p><span style=\"font-weight: 400\">L\u2019hiver, le village se transforme en un v\u00e9ritable paradis blanc, id\u00e9al pour les passionn\u00e9s de raquettes et de ski de fond. Ici, pas de foules agglutin\u00e9es sur des pistes bond\u00e9es, mais une nature sauvage et authentique \u00e0 explorer en toute s\u00e9r\u00e9nit\u00e9.<\/span><\/p>\n<blockquote class=\"instagram-media\" style=\"background: #FFF;border: 0;border-radius: 3px;margin: 1px;max-width: 540px;min-width: 326px;padding: 0;width: calc(100% - 2px)\" data-instgrm-captioned=\"\" data-instgrm-permalink=\"https:\/\/www.instagram.com\/reel\/DNBSsvxNfaa\/?utm_source=ig_embed&amp;utm_campaign=loading\" data-instgrm-version=\"14\">\n<div style=\"padding: 16px\">\n<p>&nbsp;<\/p>\n<div style=\"flex-direction: row;align-items: center\">\n<div style=\"background-color: #f4f4f4;border-radius: 50%;flex-grow: 0;height: 40px;margin-right: 14px;width: 40px\"><\/div>\n<div style=\"flex-direction: column;flex-grow: 1;justify-content: center\">\n<div style=\"background-color: #f4f4f4;border-radius: 4px;flex-grow: 0;height: 14px;margin-bottom: 6px;width: 100px\"><\/div>\n<div style=\"background-color: #f4f4f4;border-radius: 4px;flex-grow: 0;height: 14px;width: 60px\"><\/div>\n<\/div>\n<\/div>\n<div style=\"padding: 19% 0\"><\/div>\n<div style=\"height: 50px;margin: 0 auto 12px;width: 50px\"><\/div>\n<div style=\"padding-top: 8px\">\n<div style=\"color: #3897f0;font-family: Arial,sans-serif;font-size: 14px;font-style: normal;font-weight: 550;line-height: 18px\">Voir cette publication sur Instagram<\/div>\n<\/div>\n<div style=\"padding: 12.5% 0\"><\/div>\n<div style=\"flex-direction: row;margin-bottom: 14px;align-items: center\">\n<div>\n<div style=\"background-color: #f4f4f4;border-radius: 50%;height: 12.5px;width: 12.5px\"><\/div>\n<div style=\"background-color: #f4f4f4;height: 12.5px;width: 12.5px;flex-grow: 0;margin-right: 14px;margin-left: 2px\"><\/div>\n<div style=\"background-color: #f4f4f4;border-radius: 50%;height: 12.5px;width: 12.5px\"><\/div>\n<\/div>\n<div style=\"margin-left: 8px\">\n<div style=\"background-color: #f4f4f4;border-radius: 50%;flex-grow: 0;height: 20px;width: 20px\"><\/div>\n<div style=\"width: 0;height: 0;border-top: 2px solid transparent;border-left: 6px solid #f4f4f4;border-bottom: 2px solid transparent\"><\/div>\n<\/div>\n<div style=\"margin-left: auto\">\n<div style=\"width: 0px;border-top: 8px solid #F4F4F4;border-right: 8px solid transparent\"><\/div>\n<div style=\"background-color: #f4f4f4;flex-grow: 0;height: 12px;width: 16px\"><\/div>\n<div style=\"width: 0;height: 0;border-top: 8px solid #F4F4F4;border-left: 8px solid transparent\"><\/div>\n<\/div>\n<\/div>\n<div style=\"flex-direction: column;flex-grow: 1;justify-content: center;margin-bottom: 24px\">\n<div style=\"background-color: #f4f4f4;border-radius: 4px;flex-grow: 0;height: 14px;margin-bottom: 6px;width: 224px\"><\/div>\n<div style=\"background-color: #f4f4f4;border-radius: 4px;flex-grow: 0;height: 14px;width: 144px\"><\/div>\n<\/div>\n<p>&nbsp;<\/p>\n<p style=\"color: #c9c8cd;font-family: Arial,sans-serif;font-size: 14px;line-height: 17px;margin-bottom: 0;margin-top: 8px;overflow: hidden;padding: 8px 0 7px;text-align: center\"><a style=\"color: #c9c8cd;font-family: Arial,sans-serif;font-size: 14px;font-style: normal;font-weight: normal;line-height: 17px;text-decoration: none\" href=\"https:\/\/www.instagram.com\/reel\/DNBSsvxNfaa\/?utm_source=ig_embed&amp;utm_campaign=loading\" target=\"_blank\" rel=\"noopener\">Une publication partag\u00e9e par Le Beaufortain (@le_beaufortain)<\/a><\/p>\n<\/div>\n<\/blockquote>\n<h2><b>Beaufort : la montagne, mais avec une touche de gastronomie<\/b><\/h2>\n<p><span style=\"font-weight: 400\">Beaufort n\u2019est pas qu\u2019un havre de paix pour les randonneurs et les amoureux de la nature, c\u2019est aussi un v\u00e9ritable terrain de jeu pour les gourmands. Ce village a su allier nature et gastronomie, et c\u2019est l\u00e0 une des raisons de son succ\u00e8s aupr\u00e8s des retrait\u00e9s ! Vous ne pouvez pas quitter Beaufort sans avoir go\u00fbt\u00e9 \u00e0 son c\u00e9l\u00e8bre fromage, le <\/span><i><span style=\"font-weight: 400\">Beaufort<\/span><\/i><span style=\"font-weight: 400\">, bien s\u00fbr ! Fabriqu\u00e9 selon des m\u00e9thodes ancestrales, ce <strong>fromage<\/strong> \u00e0 p\u00e2te press\u00e9e cuite est un d\u00e9lice cr\u00e9meux qui se d\u00e9guste aussi bien sur un plateau que dans une fondue savoyarde. Vous pouvez m\u00eame visiter les fermes locales et voir de pr\u00e8s le processus de fabrication de ce produit embl\u00e9matique de la r\u00e9gion. Rien de mieux pour plonger au c\u0153ur de la culture savoyarde.<\/span><\/p>\n<p><span style=\"font-weight: 400\">Les <strong>march\u00e9s de Beaufort,<\/strong> petits mais authentiques, regorgent de produits du terroir : fruits et l\u00e9gumes de saison, charcuterie artisanale, et bien s\u00fbr, du fromage \u00e0 en faire saliver plus d\u2019un. Les retrait\u00e9s qui s\u2019y installent appr\u00e9cient particuli\u00e8rement cette proximit\u00e9 avec les producteurs locaux, qui partagent volontiers leur savoir-faire et leurs recettes. Et si vous \u00eates chanceux, vous pourrez participer \u00e0 une f\u00eate traditionnelle, comme l\u2019inalpe, o\u00f9 les troupeaux sont conduits en montagne pour l\u2019\u00e9t\u00e9. Un spectacle vivant, au c\u0153ur de la nature, qui ne manquera pas de vous \u00e9mouvoir.<\/span><\/p>\n<blockquote class=\"instagram-media\" style=\"background: #FFF;border: 0;border-radius: 3px;margin: 1px;max-width: 540px;min-width: 326px;padding: 0;width: calc(100% - 2px)\" data-instgrm-captioned=\"\" data-instgrm-permalink=\"https:\/\/www.instagram.com\/reel\/DN6ALN7UKhr\/?utm_source=ig_embed&amp;utm_campaign=loading\" data-instgrm-version=\"14\">\n<div style=\"padding: 16px\">\n<p>&nbsp;<\/p>\n<div style=\"flex-direction: row;align-items: center\">\n<div style=\"background-color: #f4f4f4;border-radius: 50%;flex-grow: 0;height: 40px;margin-right: 14px;width: 40px\"><\/div>\n<div style=\"flex-direction: column;flex-grow: 1;justify-content: center\">\n<div style=\"background-color: #f4f4f4;border-radius: 4px;flex-grow: 0;height: 14px;margin-bottom: 6px;width: 100px\"><\/div>\n<div style=\"background-color: #f4f4f4;border-radius: 4px;flex-grow: 0;height: 14px;width: 60px\"><\/div>\n<\/div>\n<\/div>\n<div style=\"padding: 19% 0\"><\/div>\n<div style=\"height: 50px;margin: 0 auto 12px;width: 50px\"><\/div>\n<div style=\"padding-top: 8px\">\n<div style=\"color: #3897f0;font-family: Arial,sans-serif;font-size: 14px;font-style: normal;font-weight: 550;line-height: 18px\">Voir cette publication sur Instagram<\/div>\n<\/div>\n<div style=\"padding: 12.5% 0\"><\/div>\n<div style=\"flex-direction: row;margin-bottom: 14px;align-items: center\">\n<div>\n<div style=\"background-color: #f4f4f4;border-radius: 50%;height: 12.5px;width: 12.5px\"><\/div>\n<div style=\"background-color: #f4f4f4;height: 12.5px;width: 12.5px;flex-grow: 0;margin-right: 14px;margin-left: 2px\"><\/div>\n<div style=\"background-color: #f4f4f4;border-radius: 50%;height: 12.5px;width: 12.5px\"><\/div>\n<\/div>\n<div style=\"margin-left: 8px\">\n<div style=\"background-color: #f4f4f4;border-radius: 50%;flex-grow: 0;height: 20px;width: 20px\"><\/div>\n<div style=\"width: 0;height: 0;border-top: 2px solid transparent;border-left: 6px solid #f4f4f4;border-bottom: 2px solid transparent\"><\/div>\n<\/div>\n<div style=\"margin-left: auto\">\n<div style=\"width: 0px;border-top: 8px solid #F4F4F4;border-right: 8px solid transparent\"><\/div>\n<div style=\"background-color: #f4f4f4;flex-grow: 0;height: 12px;width: 16px\"><\/div>\n<div style=\"width: 0;height: 0;border-top: 8px solid #F4F4F4;border-left: 8px solid transparent\"><\/div>\n<\/div>\n<\/div>\n<div style=\"flex-direction: column;flex-grow: 1;justify-content: center;margin-bottom: 24px\">\n<div style=\"background-color: #f4f4f4;border-radius: 4px;flex-grow: 0;height: 14px;margin-bottom: 6px;width: 224px\"><\/div>\n<div style=\"background-color: #f4f4f4;border-radius: 4px;flex-grow: 0;height: 14px;width: 144px\"><\/div>\n<\/div>\n<p>&nbsp;<\/p>\n<p style=\"color: #c9c8cd;font-family: Arial,sans-serif;font-size: 14px;line-height: 17px;margin-bottom: 0;margin-top: 8px;overflow: hidden;padding: 8px 0 7px;text-align: center\"><a style=\"color: #c9c8cd;font-family: Arial,sans-serif;font-size: 14px;font-style: normal;font-weight: normal;line-height: 17px;text-decoration: none\" href=\"https:\/\/www.instagram.com\/reel\/DN6ALN7UKhr\/?utm_source=ig_embed&amp;utm_campaign=loading\" target=\"_blank\" rel=\"noopener\">Une publication partag\u00e9e par Ar\u00eaches-Beaufort (@arechesbeaufort)<\/a><\/p>\n<\/div>\n<\/blockquote>\n<h2><b>Le quotidien \u00e0 Beaufort : qualit\u00e9 de vie et convivialit\u00e9 au rendez-vous<\/b><\/h2>\n<p><span style=\"font-weight: 400\">Ce qui frappe \u00e0 Beaufort, c\u2019est la qualit\u00e9 de vie qui y r\u00e8gne. Loin de l\u2019agitation des grandes villes, ici, le temps semble s\u2019\u00e9couler diff\u00e9remment. Le village dispose de tous les services n\u00e9cessaires pour que les retrait\u00e9s puissent profiter de leur quotidien en toute tranquillit\u00e9 : commerces de proximit\u00e9, un centre m\u00e9dical, des associations sportives et culturelles dynamiques, et m\u00eame un service de transport \u00e0 la demande pour les personnes \u00e0 mobilit\u00e9 r\u00e9duite. Beaufort a su conserver son \u00e2me authentique tout en r\u00e9pondant aux besoins modernes de ses habitants.<\/span><\/p>\n<p><span style=\"font-weight: 400\">Les retrait\u00e9s qui choisissent Beaufort pour poser leurs valises appr\u00e9cient \u00e9galement la proximit\u00e9 avec les grandes villes, comme <strong>Chamb\u00e9ry<\/strong> ou <a href=\"https:\/\/discover.ulysse.com\/cette-epave-oubliee-au-fond-du-lac-dannecy-pourrait-bien-etre-le-plus-grand-secret-de-la-plongee-sous-marine\">Annecy<\/a>, accessibles en quelques heures de train. Et m\u00eame si la vie \u00e0 Beaufort reste relativement abordable, les prix restent raisonnables pour un village aussi pittoresque. La vie ici est simple, mais tellement agr\u00e9able !<\/span><\/p>\n<blockquote class=\"instagram-media\" style=\"background: #FFF;border: 0;border-radius: 3px;margin: 1px;max-width: 540px;min-width: 326px;padding: 0;width: calc(100% - 2px)\" data-instgrm-captioned=\"\" data-instgrm-permalink=\"https:\/\/www.instagram.com\/p\/DOL8lKiiCIi\/?utm_source=ig_embed&amp;utm_campaign=loading\" data-instgrm-version=\"14\">\n<div style=\"padding: 16px\">\n<p>&nbsp;<\/p>\n<div style=\"flex-direction: row;align-items: center\">\n<div style=\"background-color: #f4f4f4;border-radius: 50%;flex-grow: 0;height: 40px;margin-right: 14px;width: 40px\"><\/div>\n<div style=\"flex-direction: column;flex-grow: 1;justify-content: center\">\n<div style=\"background-color: #f4f4f4;border-radius: 4px;flex-grow: 0;height: 14px;margin-bottom: 6px;width: 100px\"><\/div>\n<div style=\"background-color: #f4f4f4;border-radius: 4px;flex-grow: 0;height: 14px;width: 60px\"><\/div>\n<\/div>\n<\/div>\n<div style=\"padding: 19% 0\"><\/div>\n<div style=\"height: 50px;margin: 0 auto 12px;width: 50px\"><\/div>\n<div style=\"padding-top: 8px\">\n<div style=\"color: #3897f0;font-family: Arial,sans-serif;font-size: 14px;font-style: normal;font-weight: 550;line-height: 18px\">Voir cette publication sur Instagram<\/div>\n<\/div>\n<div style=\"padding: 12.5% 0\"><\/div>\n<div style=\"flex-direction: row;margin-bottom: 14px;align-items: center\">\n<div>\n<div style=\"background-color: #f4f4f4;border-radius: 50%;height: 12.5px;width: 12.5px\"><\/div>\n<div style=\"background-color: #f4f4f4;height: 12.5px;width: 12.5px;flex-grow: 0;margin-right: 14px;margin-left: 2px\"><\/div>\n<div style=\"background-color: #f4f4f4;border-radius: 50%;height: 12.5px;width: 12.5px\"><\/div>\n<\/div>\n<div style=\"margin-left: 8px\">\n<div style=\"background-color: #f4f4f4;border-radius: 50%;flex-grow: 0;height: 20px;width: 20px\"><\/div>\n<div style=\"width: 0;height: 0;border-top: 2px solid transparent;border-left: 6px solid #f4f4f4;border-bottom: 2px solid transparent\"><\/div>\n<\/div>\n<div style=\"margin-left: auto\">\n<div style=\"width: 0px;border-top: 8px solid #F4F4F4;border-right: 8px solid transparent\"><\/div>\n<div style=\"background-color: #f4f4f4;flex-grow: 0;height: 12px;width: 16px\"><\/div>\n<div style=\"width: 0;height: 0;border-top: 8px solid #F4F4F4;border-left: 8px solid transparent\"><\/div>\n<\/div>\n<\/div>\n<div style=\"flex-direction: column;flex-grow: 1;justify-content: center;margin-bottom: 24px\">\n<div style=\"background-color: #f4f4f4;border-radius: 4px;flex-grow: 0;height: 14px;margin-bottom: 6px;width: 224px\"><\/div>\n<div style=\"background-color: #f4f4f4;border-radius: 4px;flex-grow: 0;height: 14px;width: 144px\"><\/div>\n<\/div>\n<p>&nbsp;<\/p>\n<p style=\"color: #c9c8cd;font-family: Arial,sans-serif;font-size: 14px;line-height: 17px;margin-bottom: 0;margin-top: 8px;overflow: hidden;padding: 8px 0 7px;text-align: center\"><a style=\"color: #c9c8cd;font-family: Arial,sans-serif;font-size: 14px;font-style: normal;font-weight: normal;line-height: 17px;text-decoration: none\" href=\"https:\/\/www.instagram.com\/p\/DOL8lKiiCIi\/?utm_source=ig_embed&amp;utm_campaign=loading\" target=\"_blank\" rel=\"noopener\">Une publication partag\u00e9e par Ar\u00eaches-Beaufort (@arechesbeaufort)<\/a><\/p>\n<\/div>\n<\/blockquote>\n<h2><b>Comment s\u2019y rendre : un voyage vers la tranquillit\u00e9, \u00e0 port\u00e9e de train<\/b><\/h2>\n<p><span style=\"font-weight: 400\">Et comment se rendre \u00e0 ce coin de paradis ? C\u2019est plus simple qu\u2019il n\u2019y para\u00eet ! Depuis <a href=\"https:\/\/discover.ulysse.com\/un-geant-deau-perdu-a-deux-heures-de-paris-qui-laisse-les-visiteurs-bouche-bee\">Paris<\/a>, Lyon ou Strasbourg, Beaufort est facilement accessible en train. Depuis Paris, il suffit de prendre un TGV en direction de Gen\u00e8ve ou Chamb\u00e9ry, puis un court trajet en bus ou en taxi vous am\u00e8ne directement au village. Comptez environ 30 \u00e0 60 euros pour un trajet en train, selon votre point de d\u00e9part et la p\u00e9riode de l\u2019ann\u00e9e. Si vous \u00eates \u00e0 Lyon, un train direct jusqu\u2019\u00e0 Chamb\u00e9ry, puis une petite navette, et le tour est jou\u00e9. Beaufort se trouve \u00e0 quelques heures seulement des grandes villes, mais le voyage vous transportera dans un autre monde.<\/span><\/p>\n<p><span style=\"font-weight: 400\">Les paysages qui d\u00e9filent \u00e0 travers la fen\u00eatre du train, avec les montagnes qui se profilent \u00e0 l\u2019horizon, annoncent d\u00e9j\u00e0 la douceur de vivre qui vous attend \u00e0 Beaufort. Le train est un moyen de transport id\u00e9al pour appr\u00e9cier le voyage, et, surtout, pour arriver d\u00e9tendu et pr\u00eat \u00e0 profiter de la tranquillit\u00e9 du village.<\/span><\/p>\n<blockquote class=\"instagram-media\" style=\"background: #FFF;border: 0;border-radius: 3px;margin: 1px;max-width: 540px;min-width: 326px;padding: 0;width: calc(100% - 2px)\" data-instgrm-captioned=\"\" data-instgrm-permalink=\"https:\/\/www.instagram.com\/p\/DOG1toADEz9\/?utm_source=ig_embed&amp;utm_campaign=loading\" data-instgrm-version=\"14\">\n<div style=\"padding: 16px\">\n<p>&nbsp;<\/p>\n<div style=\"flex-direction: row;align-items: center\">\n<div style=\"background-color: #f4f4f4;border-radius: 50%;flex-grow: 0;height: 40px;margin-right: 14px;width: 40px\"><\/div>\n<div style=\"flex-direction: column;flex-grow: 1;justify-content: center\">\n<div style=\"background-color: #f4f4f4;border-radius: 4px;flex-grow: 0;height: 14px;margin-bottom: 6px;width: 100px\"><\/div>\n<div style=\"background-color: #f4f4f4;border-radius: 4px;flex-grow: 0;height: 14px;width: 60px\"><\/div>\n<\/div>\n<\/div>\n<div style=\"padding: 19% 0\"><\/div>\n<div style=\"height: 50px;margin: 0 auto 12px;width: 50px\"><\/div>\n<div style=\"padding-top: 8px\">\n<div style=\"color: #3897f0;font-family: Arial,sans-serif;font-size: 14px;font-style: normal;font-weight: 550;line-height: 18px\">Voir cette publication sur Instagram<\/div>\n<\/div>\n<div style=\"padding: 12.5% 0\"><\/div>\n<div style=\"flex-direction: row;margin-bottom: 14px;align-items: center\">\n<div>\n<div style=\"background-color: #f4f4f4;border-radius: 50%;height: 12.5px;width: 12.5px\"><\/div>\n<div style=\"background-color: #f4f4f4;height: 12.5px;width: 12.5px;flex-grow: 0;margin-right: 14px;margin-left: 2px\"><\/div>\n<div style=\"background-color: #f4f4f4;border-radius: 50%;height: 12.5px;width: 12.5px\"><\/div>\n<\/div>\n<div style=\"margin-left: 8px\">\n<div style=\"background-color: #f4f4f4;border-radius: 50%;flex-grow: 0;height: 20px;width: 20px\"><\/div>\n<div style=\"width: 0;height: 0;border-top: 2px solid transparent;border-left: 6px solid #f4f4f4;border-bottom: 2px solid transparent\"><\/div>\n<\/div>\n<div style=\"margin-left: auto\">\n<div style=\"width: 0px;border-top: 8px solid #F4F4F4;border-right: 8px solid transparent\"><\/div>\n<div style=\"background-color: #f4f4f4;flex-grow: 0;height: 12px;width: 16px\"><\/div>\n<div style=\"width: 0;height: 0;border-top: 8px solid #F4F4F4;border-left: 8px solid transparent\"><\/div>\n<\/div>\n<\/div>\n<div style=\"flex-direction: column;flex-grow: 1;justify-content: center;margin-bottom: 24px\">\n<div style=\"background-color: #f4f4f4;border-radius: 4px;flex-grow: 0;height: 14px;margin-bottom: 6px;width: 224px\"><\/div>\n<div style=\"background-color: #f4f4f4;border-radius: 4px;flex-grow: 0;height: 14px;width: 144px\"><\/div>\n<\/div>\n<p>&nbsp;<\/p>\n<p style=\"color: #c9c8cd;font-family: Arial,sans-serif;font-size: 14px;line-height: 17px;margin-bottom: 0;margin-top: 8px;overflow: hidden;padding: 8px 0 7px;text-align: center\"><a style=\"color: #c9c8cd;font-family: Arial,sans-serif;font-size: 14px;font-style: normal;font-weight: normal;line-height: 17px;text-decoration: none\" href=\"https:\/\/www.instagram.com\/p\/DOG1toADEz9\/?utm_source=ig_embed&amp;utm_campaign=loading\" target=\"_blank\" rel=\"noopener\">Une publication partag\u00e9e par Le Beaufortain (@le_beaufortain)<\/a><\/p>\n<\/div>\n<\/blockquote>\n<h2><b>Pourquoi choisir Beaufort pour sa retraite ? Parce que c\u2019est le village parfait pour se ressourcer !<\/b><\/h2>\n<p><span style=\"font-weight: 400\">Que vous soyez \u00e0 la recherche d\u2019une retraite paisible, d\u2019un lieu o\u00f9 vous pouvez passer vos journ\u00e9es \u00e0 explorer la nature, ou d\u2019un endroit o\u00f9 la convivialit\u00e9 r\u00e8gne, Beaufort a tout ce qu\u2019il vous faut. Avec ses paysages \u00e0 couper le souffle, sa gastronomie savoureuse et sa qualit\u00e9 de vie exceptionnelle, ce village montagnard est le choix parfait pour ceux qui cherchent \u00e0 \u00e9chapper au stress quotidien et \u00e0 vivre au rythme de la nature.<\/span><\/p>\n<blockquote class=\"instagram-media\" style=\"background: #FFF;border: 0;border-radius: 3px;margin: 1px;max-width: 540px;min-width: 326px;padding: 0;width: calc(100% - 2px)\" data-instgrm-captioned=\"\" data-instgrm-permalink=\"https:\/\/www.instagram.com\/p\/DNixqBvIRW1\/?utm_source=ig_embed&amp;utm_campaign=loading\" data-instgrm-version=\"14\">\n<div style=\"padding: 16px\">\n<p>&nbsp;<\/p>\n<div style=\"flex-direction: row;align-items: center\">\n<div style=\"background-color: #f4f4f4;border-radius: 50%;flex-grow: 0;height: 40px;margin-right: 14px;width: 40px\"><\/div>\n<div style=\"flex-direction: column;flex-grow: 1;justify-content: center\">\n<div style=\"background-color: #f4f4f4;border-radius: 4px;flex-grow: 0;height: 14px;margin-bottom: 6px;width: 100px\"><\/div>\n<div style=\"background-color: #f4f4f4;border-radius: 4px;flex-grow: 0;height: 14px;width: 60px\"><\/div>\n<\/div>\n<\/div>\n<div style=\"padding: 19% 0\"><\/div>\n<div style=\"height: 50px;margin: 0 auto 12px;width: 50px\"><\/div>\n<div style=\"padding-top: 8px\">\n<div style=\"color: #3897f0;font-family: Arial,sans-serif;font-size: 14px;font-style: normal;font-weight: 550;line-height: 18px\">Voir cette publication sur Instagram<\/div>\n<\/div>\n<div style=\"padding: 12.5% 0\"><\/div>\n<div style=\"flex-direction: row;margin-bottom: 14px;align-items: center\">\n<div>\n<div style=\"background-color: #f4f4f4;border-radius: 50%;height: 12.5px;width: 12.5px\"><\/div>\n<div style=\"background-color: #f4f4f4;height: 12.5px;width: 12.5px;flex-grow: 0;margin-right: 14px;margin-left: 2px\"><\/div>\n<div style=\"background-color: #f4f4f4;border-radius: 50%;height: 12.5px;width: 12.5px\"><\/div>\n<\/div>\n<div style=\"margin-left: 8px\">\n<div style=\"background-color: #f4f4f4;border-radius: 50%;flex-grow: 0;height: 20px;width: 20px\"><\/div>\n<div style=\"width: 0;height: 0;border-top: 2px solid transparent;border-left: 6px solid #f4f4f4;border-bottom: 2px solid transparent\"><\/div>\n<\/div>\n<div style=\"margin-left: auto\">\n<div style=\"width: 0px;border-top: 8px solid #F4F4F4;border-right: 8px solid transparent\"><\/div>\n<div style=\"background-color: #f4f4f4;flex-grow: 0;height: 12px;width: 16px\"><\/div>\n<div style=\"width: 0;height: 0;border-top: 8px solid #F4F4F4;border-left: 8px solid transparent\"><\/div>\n<\/div>\n<\/div>\n<div style=\"flex-direction: column;flex-grow: 1;justify-content: center;margin-bottom: 24px\">\n<div style=\"background-color: #f4f4f4;border-radius: 4px;flex-grow: 0;height: 14px;margin-bottom: 6px;width: 224px\"><\/div>\n<div style=\"background-color: #f4f4f4;border-radius: 4px;flex-grow: 0;height: 14px;width: 144px\"><\/div>\n<\/div>\n<p>&nbsp;<\/p>\n<p style=\"color: #c9c8cd;font-family: Arial,sans-serif;font-size: 14px;line-height: 17px;margin-bottom: 0;margin-top: 8px;overflow: hidden;padding: 8px 0 7px;text-align: center\"><a style=\"color: #c9c8cd;font-family: Arial,sans-serif;font-size: 14px;font-style: normal;font-weight: normal;line-height: 17px;text-decoration: none\" href=\"https:\/\/www.instagram.com\/p\/DNixqBvIRW1\/?utm_source=ig_embed&amp;utm_campaign=loading\" target=\"_blank\" rel=\"noopener\">Une publication partag\u00e9e par Ar\u00eaches-Beaufort (@arechesbeaufort)<\/a><\/p>\n<\/div>\n<\/blockquote>\n<p><span style=\"font-weight: 400\">Les retrait\u00e9s tombent sous le charme de ce lieu o\u00f9 la simplicit\u00e9 et l\u2019authenticit\u00e9 sont reines, et o\u00f9 chaque instant pass\u00e9 dans la vall\u00e9e semble \u00eatre un cadeau. Alors, pourquoi ne pas vous laisser tenter par l\u2019aventure et d\u00e9couvrir ce petit coin de paradis des Alpes savoyardes ? Peut-\u00eatre que Beaufort deviendra, un jour, votre refuge pr\u00e9f\u00e9r\u00e9.<\/span><\/p>\n","protected":false},"excerpt":{"rendered":"<p>Un petit coin de paradis nich\u00e9 au c\u0153ur des Alpes savoyardes, o\u00f9 la montagne s\u2019\u00e9tend \u00e0 perte de vue, et [&hellip;]<\/p>\n","protected":false},"author":3,"featured_media":34868,"comment_status":"open","ping_status":"closed","sticky":false,"template":"","format":"standard","meta":{"_acf_changed":false,"_sitemap_exclude":false,"_sitemap_priority":"","_sitemap_frequency":"","footnotes":"","rank_math_title":"","rank_math_description":"Beaufort, village des Alpes savoyardes, s\u00e9duit les retrait\u00e9s en qu\u00eate de nature, de calme et de s\u00e9r\u00e9nit\u00e9. Pr\u00eat \u00e0 d\u00e9couvrir ce havre de paix ?\n","rank_math_canonical_url":"","rank_math_focus_keyword":"village"},"categories":[3],"tags":[],"class_list":["post-34867","post","type-post","status-publish","format-standard","has-post-thumbnail","hentry","category-voyage"],"acf":[],"_links":{"self":[{"href":"https:\/\/ulysse.com\/news\/wp-json\/wp\/v2\/posts\/34867","targetHints":{"allow":["GET"]}}],"collection":[{"href":"https:\/\/ulysse.com\/news\/wp-json\/wp\/v2\/posts"}],"about":[{"href":"https:\/\/ulysse.com\/news\/wp-json\/wp\/v2\/types\/post"}],"author":[{"embeddable":true,"href":"https:\/\/ulysse.com\/news\/wp-json\/wp\/v2\/users\/3"}],"replies":[{"embeddable":true,"href":"https:\/\/ulysse.com\/news\/wp-json\/wp\/v2\/comments?post=34867"}],"version-history":[{"count":1,"href":"https:\/\/ulysse.com\/news\/wp-json\/wp\/v2\/posts\/34867\/revisions"}],"predecessor-version":[{"id":34869,"href":"https:\/\/ulysse.com\/news\/wp-json\/wp\/v2\/posts\/34867\/revisions\/34869"}],"wp:featuredmedia":[{"embeddable":true,"href":"https:\/\/ulysse.com\/news\/wp-json\/wp\/v2\/media\/34868"}],"wp:attachment":[{"href":"https:\/\/ulysse.com\/news\/wp-json\/wp\/v2\/media?parent=34867"}],"wp:term":[{"taxonomy":"category","embeddable":true,"href":"https:\/\/ulysse.com\/news\/wp-json\/wp\/v2\/categories?post=34867"},{"taxonomy":"post_tag","embeddable":true,"href":"https:\/\/ulysse.com\/news\/wp-json\/wp\/v2\/tags?post=34867"}],"curies":[{"name":"wp","href":"https:\/\/api.w.org\/{rel}","templated":true}]}}