{"id":34877,"date":"2025-09-11T13:00:42","date_gmt":"2025-09-11T12:00:42","guid":{"rendered":"https:\/\/discover.ulysse.com\/?p=34877"},"modified":"2025-09-11T12:14:34","modified_gmt":"2025-09-11T11:14:34","slug":"strasbourg-capitale-europe-carrefour-culturel","status":"publish","type":"post","link":"https:\/\/ulysse.com\/news\/strasbourg-capitale-europe-carrefour-culturel","title":{"rendered":"Strasbourg, capitale europ\u00e9enne ? Oui, mais elle cache bien plus que ses institutions"},"content":{"rendered":"<p><span style=\"font-weight: 400;\"><strong>Strasbourg<\/strong>, capitale europ\u00e9enne ? Oui, mais pas que ! Cette ville \u00e0 l\u2019h\u00e9ritage multiculturel, o\u00f9 la gastronomie rencontre l\u2019histoire et o\u00f9 l\u2019architecture se m\u00eale \u00e0 la modernit\u00e9, cache bien des surprises. Souvent r\u00e9duite \u00e0 son r\u00f4le politique et \u00e0 ses institutions europ\u00e9ennes, elle regorge de tr\u00e9sors insoup\u00e7onn\u00e9s qui n\u2019attendent que vous pour \u00eatre d\u00e9couverts. Loin des clich\u00e9s institutionnels, Strasbourg est un v\u00e9ritable carrefour culturel, une ville qui m\u00e9lange les genres, les saveurs, les \u00e9poques et les influences. Et si vous la d\u00e9couvriez autrement, loin des sentiers battus ?<\/span><\/p>\n<h2><b>Une ville \u00e0 deux visages : quand l\u2019Europe se fait chaleureuse<\/b><\/h2>\n<p><span style=\"font-weight: 400;\">En parlant de<a href=\"https:\/\/discover.ulysse.com\/strasbourg-impose-un-permis-de-location-quest-ce-que-cela-change-pour-les-bailleurs\"> Strasbourg<\/a>, on pense souvent \u00e0 ses grandes institutions : le Parlement europ\u00e9en, le Conseil de l&#8217;Europe, et les milliers de fonctionnaires qui arpentent la ville au quotidien. Mais, rassurez-vous, Strasbourg est bien plus que ses salles de r\u00e9union et ses discussions diplomatiques. D\u2019un c\u00f4t\u00e9, vous avez le quartier europ\u00e9en, un v\u00e9ritable village global o\u00f9 les cultures se croisent. De l\u2019autre, vous plongez dans une vieille ville m\u00e9di\u00e9vale aux rues pav\u00e9es, aux <strong>maisons \u00e0 colombages<\/strong>, et au charme pittoresque qui \u00e9voque la douce <a href=\"https:\/\/discover.ulysse.com\/mulhouse-cite-plus-cool-alsace-fait-fete\">Alsace<\/a>.<\/span><\/p>\n<p><span style=\"font-weight: 400;\">Entre l\u2019authentique et le moderne, Strasbourg arrive \u00e0 marier deux mondes. Une balade dans<strong> la <\/strong><\/span><strong><i>Petite France<\/i><\/strong><span style=\"font-weight: 400;\">, ce quartier class\u00e9 au patrimoine mondial de l\u2019UNESCO, c\u2019est comme un voyage dans le temps : des maisons \u00e0 colombages, des canaux, et des ponts qui semblent tout droit sortis d\u2019un conte. Mais il suffit de franchir quelques rues pour se retrouver dans un d\u00e9cor plus contemporain, avec le <\/span><strong><i>Mus\u00e9e d&#8217;Art Moderne et Contemporain<\/i><\/strong><span style=\"font-weight: 400;\"> ou encore l\u2019architecture du <\/span><strong><i>Palais Rohan<\/i><\/strong><span style=\"font-weight: 400;\">. Ce contraste entre tradition et modernit\u00e9 est exactement ce qui rend Strasbourg aussi fascinante et\u2026 d\u00e9routante.<\/span><\/p>\n<blockquote class=\"instagram-media\" style=\"background: #FFF; border: 0; border-radius: 3px; margin: 1px; max-width: 540px; min-width: 326px; padding: 0; width: calc(100% - 2px);\" data-instgrm-captioned=\"\" data-instgrm-permalink=\"https:\/\/www.instagram.com\/reel\/DNgIb0hCtZE\/?utm_source=ig_embed&amp;utm_campaign=loading\" data-instgrm-version=\"14\">\n<div style=\"padding: 16px;\">\n<p>&nbsp;<\/p>\n<div style=\"flex-direction: row; align-items: center;\">\n<div style=\"background-color: #f4f4f4; border-radius: 50%; flex-grow: 0; height: 40px; margin-right: 14px; width: 40px;\"><\/div>\n<div style=\"flex-direction: column; flex-grow: 1; justify-content: center;\">\n<div style=\"background-color: #f4f4f4; border-radius: 4px; flex-grow: 0; height: 14px; margin-bottom: 6px; width: 100px;\"><\/div>\n<div style=\"background-color: #f4f4f4; border-radius: 4px; flex-grow: 0; height: 14px; width: 60px;\"><\/div>\n<\/div>\n<\/div>\n<div style=\"padding: 19% 0;\"><\/div>\n<div style=\"height: 50px; margin: 0 auto 12px; width: 50px;\"><\/div>\n<div style=\"padding-top: 8px;\">\n<div style=\"color: #3897f0; font-family: Arial,sans-serif; font-size: 14px; font-style: normal; font-weight: 550; line-height: 18px;\">Voir cette publication sur Instagram<\/div>\n<\/div>\n<div style=\"padding: 12.5% 0;\"><\/div>\n<div style=\"flex-direction: row; margin-bottom: 14px; align-items: center;\">\n<div>\n<div style=\"background-color: #f4f4f4; border-radius: 50%; height: 12.5px; width: 12.5px;\"><\/div>\n<div style=\"background-color: #f4f4f4; height: 12.5px; width: 12.5px; flex-grow: 0; margin-right: 14px; margin-left: 2px;\"><\/div>\n<div style=\"background-color: #f4f4f4; border-radius: 50%; height: 12.5px; width: 12.5px;\"><\/div>\n<\/div>\n<div style=\"margin-left: 8px;\">\n<div style=\"background-color: #f4f4f4; border-radius: 50%; flex-grow: 0; height: 20px; width: 20px;\"><\/div>\n<div style=\"width: 0; height: 0; border-top: 2px solid transparent; border-left: 6px solid #f4f4f4; border-bottom: 2px solid transparent;\"><\/div>\n<\/div>\n<div style=\"margin-left: auto;\">\n<div style=\"width: 0px; border-top: 8px solid #F4F4F4; border-right: 8px solid transparent;\"><\/div>\n<div style=\"background-color: #f4f4f4; flex-grow: 0; height: 12px; width: 16px;\"><\/div>\n<div style=\"width: 0; height: 0; border-top: 8px solid #F4F4F4; border-left: 8px solid transparent;\"><\/div>\n<\/div>\n<\/div>\n<div style=\"flex-direction: column; flex-grow: 1; justify-content: center; margin-bottom: 24px;\">\n<div style=\"background-color: #f4f4f4; border-radius: 4px; flex-grow: 0; height: 14px; margin-bottom: 6px; width: 224px;\"><\/div>\n<div style=\"background-color: #f4f4f4; border-radius: 4px; flex-grow: 0; height: 14px; width: 144px;\"><\/div>\n<\/div>\n<p>&nbsp;<\/p>\n<p style=\"color: #c9c8cd; font-family: Arial,sans-serif; font-size: 14px; line-height: 17px; margin-bottom: 0; margin-top: 8px; overflow: hidden; padding: 8px 0 7px; text-align: center;\"><a style=\"color: #c9c8cd; font-family: Arial,sans-serif; font-size: 14px; font-style: normal; font-weight: normal; line-height: 17px; text-decoration: none;\" href=\"https:\/\/www.instagram.com\/reel\/DNgIb0hCtZE\/?utm_source=ig_embed&amp;utm_campaign=loading\" target=\"_blank\" rel=\"noopener\">Une publication partag\u00e9e par Valentin | Strasbourg \u2022 Alsace &amp; co. \ud83e\udd68 (@valentinditouioui)<\/a><\/p>\n<\/div>\n<\/blockquote>\n<h2><b>Se rendre \u00e0 Strasbourg : facile comme bonjour !<\/b><\/h2>\n<p><span style=\"font-weight: 400;\">Et la bonne nouvelle, c\u2019est que Strasbourg est incroyablement bien desservie. Que vous soyez \u00e0 Paris, Lyon ou Marseille, il n\u2019a jamais \u00e9t\u00e9 aussi simple de rejoindre cette <strong>perle du Grand Est<\/strong>. Depuis la capitale, vous pourrez prendre un TGV direct en seulement 2h20. Oui, c\u2019est aussi rapide que \u00e7a ! Pas le temps de s\u2019ennuyer, vous \u00eates d\u00e9j\u00e0 sur place et pr\u00eat \u00e0 d\u00e9couvrir tous les secrets de la ville.<\/span><\/p>\n<p><span style=\"font-weight: 400;\">Si vous venez de Lyon, comptez environ 3h pour atteindre Strasbourg. C\u2019est l\u2019occasion de vous poser, de lire un bon livre ou de vous plonger dans l\u2019ambiance avant de vous perdre dans les ruelles strasbourgeoises. Et pour ceux qui partent du sud, depuis Marseille, le trajet en train dure environ 4h. De quoi vous donner le temps d\u2019admirer les paysages et de vous relaxer avant de plonger dans l\u2019animation de la ville. Les prix varient selon la p\u00e9riode, mais en r\u00e9servant \u00e0 l\u2019avance, vous trouverez facilement des tarifs int\u00e9ressants. Par exemple, pour un aller-retour depuis Paris, comptez entre 50 et 100 \u20ac selon les offres. Un prix raisonnable pour une aventure \u00e0 la d\u00e9couverte d&#8217;une ville aussi riche !<\/span><\/p>\n<blockquote class=\"instagram-media\" style=\"background: #FFF; border: 0; border-radius: 3px; margin: 1px; max-width: 540px; min-width: 326px; padding: 0; width: calc(100% - 2px);\" data-instgrm-captioned=\"\" data-instgrm-permalink=\"https:\/\/www.instagram.com\/p\/DNRlFV9NrRh\/?utm_source=ig_embed&amp;utm_campaign=loading\" data-instgrm-version=\"14\">\n<div style=\"padding: 16px;\">\n<p>&nbsp;<\/p>\n<div style=\"flex-direction: row; align-items: center;\">\n<div style=\"background-color: #f4f4f4; border-radius: 50%; flex-grow: 0; height: 40px; margin-right: 14px; width: 40px;\"><\/div>\n<div style=\"flex-direction: column; flex-grow: 1; justify-content: center;\">\n<div style=\"background-color: #f4f4f4; border-radius: 4px; flex-grow: 0; height: 14px; margin-bottom: 6px; width: 100px;\"><\/div>\n<div style=\"background-color: #f4f4f4; border-radius: 4px; flex-grow: 0; height: 14px; width: 60px;\"><\/div>\n<\/div>\n<\/div>\n<div style=\"padding: 19% 0;\"><\/div>\n<div style=\"height: 50px; margin: 0 auto 12px; width: 50px;\"><\/div>\n<div style=\"padding-top: 8px;\">\n<div style=\"color: #3897f0; font-family: Arial,sans-serif; font-size: 14px; font-style: normal; font-weight: 550; line-height: 18px;\">Voir cette publication sur Instagram<\/div>\n<\/div>\n<div style=\"padding: 12.5% 0;\"><\/div>\n<div style=\"flex-direction: row; margin-bottom: 14px; align-items: center;\">\n<div>\n<div style=\"background-color: #f4f4f4; border-radius: 50%; height: 12.5px; width: 12.5px;\"><\/div>\n<div style=\"background-color: #f4f4f4; height: 12.5px; width: 12.5px; flex-grow: 0; margin-right: 14px; margin-left: 2px;\"><\/div>\n<div style=\"background-color: #f4f4f4; border-radius: 50%; height: 12.5px; width: 12.5px;\"><\/div>\n<\/div>\n<div style=\"margin-left: 8px;\">\n<div style=\"background-color: #f4f4f4; border-radius: 50%; flex-grow: 0; height: 20px; width: 20px;\"><\/div>\n<div style=\"width: 0; height: 0; border-top: 2px solid transparent; border-left: 6px solid #f4f4f4; border-bottom: 2px solid transparent;\"><\/div>\n<\/div>\n<div style=\"margin-left: auto;\">\n<div style=\"width: 0px; border-top: 8px solid #F4F4F4; border-right: 8px solid transparent;\"><\/div>\n<div style=\"background-color: #f4f4f4; flex-grow: 0; height: 12px; width: 16px;\"><\/div>\n<div style=\"width: 0; height: 0; border-top: 8px solid #F4F4F4; border-left: 8px solid transparent;\"><\/div>\n<\/div>\n<\/div>\n<div style=\"flex-direction: column; flex-grow: 1; justify-content: center; margin-bottom: 24px;\">\n<div style=\"background-color: #f4f4f4; border-radius: 4px; flex-grow: 0; height: 14px; margin-bottom: 6px; width: 224px;\"><\/div>\n<div style=\"background-color: #f4f4f4; border-radius: 4px; flex-grow: 0; height: 14px; width: 144px;\"><\/div>\n<\/div>\n<p>&nbsp;<\/p>\n<p style=\"color: #c9c8cd; font-family: Arial,sans-serif; font-size: 14px; line-height: 17px; margin-bottom: 0; margin-top: 8px; overflow: hidden; padding: 8px 0 7px; text-align: center;\"><a style=\"color: #c9c8cd; font-family: Arial,sans-serif; font-size: 14px; font-style: normal; font-weight: normal; line-height: 17px; text-decoration: none;\" href=\"https:\/\/www.instagram.com\/p\/DNRlFV9NrRh\/?utm_source=ig_embed&amp;utm_campaign=loading\" target=\"_blank\" rel=\"noopener\">Une publication partag\u00e9e par Matthew Robin Machanda (@matthew.robin)<\/a><\/p>\n<\/div>\n<\/blockquote>\n<h2><b>Strasbourg, capitale europ\u00e9enne\u2026 et capitale gastronomique !<\/b><\/h2>\n<p><span style=\"font-weight: 400;\">Si Strasbourg \u00e9tait une \u00e9toile Michelin, elle en aurait plusieurs. La ville n\u2019est pas seulement une capitale europ\u00e9enne, elle est aussi un v\u00e9ritable <\/span><i><span style=\"font-weight: 400;\">carrefour<\/span><\/i><span style=\"font-weight: 400;\"> gastronomique ! La choucroute, on conna\u00eet, mais saviez-vous que Strasbourg cache bien d\u2019autres sp\u00e9cialit\u00e9s qui m\u00e9ritent d\u2019\u00eatre go\u00fbt\u00e9es ? Le <\/span><i><span style=\"font-weight: 400;\">schiffele<\/span><\/i><span style=\"font-weight: 400;\">, par exemple, un d\u00e9licieux morceau de porc fum\u00e9 accompagn\u00e9 de sp\u00e4tzle maison (ces petites p\u00e2tes alsaciennes) et de choucroute fra\u00eeche. Un plat qui r\u00e9chauffe les c\u0153urs et qui vous plonge directement dans l&#8217;\u00e2me de l&#8217;Alsace.<\/span><\/p>\n<p><span style=\"font-weight: 400;\">Sans oublier le <\/span><i><span style=\"font-weight: 400;\">kugelhopf<\/span><\/i><span style=\"font-weight: 400;\">, ce g\u00e2teau brioch\u00e9 parfum\u00e9 aux raisins secs et aux amandes, un vrai d\u00e9lice \u00e0 d\u00e9guster lors de votre pause caf\u00e9. Et bien s\u00fbr, les bi\u00e8res artisanales locales, notamment celles de la brasserie Meteor, fond\u00e9e en 1640. Une petite bi\u00e8re locale au go\u00fbt unique est l\u2019accompagnement parfait pour toutes vos d\u00e9couvertes culinaires.<\/span><\/p>\n<p><span style=\"font-weight: 400;\">Mais ce n\u2019est pas tout ! Les march\u00e9s de No\u00ebl strasbourgeois, parmi les plus anciens et les plus c\u00e9l\u00e8bres d\u2019Europe, vous offriront un \u00e9ventail de douceurs locales, comme des pains d\u2019\u00e9pices ou des bretzels chauds. Chaque coin de rue devient alors une invitation \u00e0 fl\u00e2ner et \u00e0 d\u00e9guster des sp\u00e9cialit\u00e9s qui racontent l\u2019histoire de cette ville, o\u00f9 les influences fran\u00e7aises et allemandes se m\u00ealent harmonieusement.<\/span><\/p>\n<blockquote class=\"instagram-media\" style=\"background: #FFF; border: 0; border-radius: 3px; margin: 1px; max-width: 540px; min-width: 326px; padding: 0; width: calc(100% - 2px);\" data-instgrm-captioned=\"\" data-instgrm-permalink=\"https:\/\/www.instagram.com\/reel\/DL1tEK7N1jI\/?utm_source=ig_embed&amp;utm_campaign=loading\" data-instgrm-version=\"14\">\n<div style=\"padding: 16px;\">\n<p>&nbsp;<\/p>\n<div style=\"flex-direction: row; align-items: center;\">\n<div style=\"background-color: #f4f4f4; border-radius: 50%; flex-grow: 0; height: 40px; margin-right: 14px; width: 40px;\"><\/div>\n<div style=\"flex-direction: column; flex-grow: 1; justify-content: center;\">\n<div style=\"background-color: #f4f4f4; border-radius: 4px; flex-grow: 0; height: 14px; margin-bottom: 6px; width: 100px;\"><\/div>\n<div style=\"background-color: #f4f4f4; border-radius: 4px; flex-grow: 0; height: 14px; width: 60px;\"><\/div>\n<\/div>\n<\/div>\n<div style=\"padding: 19% 0;\"><\/div>\n<div style=\"height: 50px; margin: 0 auto 12px; width: 50px;\"><\/div>\n<div style=\"padding-top: 8px;\">\n<div style=\"color: #3897f0; font-family: Arial,sans-serif; font-size: 14px; font-style: normal; font-weight: 550; line-height: 18px;\">Voir cette publication sur Instagram<\/div>\n<\/div>\n<div style=\"padding: 12.5% 0;\"><\/div>\n<div style=\"flex-direction: row; margin-bottom: 14px; align-items: center;\">\n<div>\n<div style=\"background-color: #f4f4f4; border-radius: 50%; height: 12.5px; width: 12.5px;\"><\/div>\n<div style=\"background-color: #f4f4f4; height: 12.5px; width: 12.5px; flex-grow: 0; margin-right: 14px; margin-left: 2px;\"><\/div>\n<div style=\"background-color: #f4f4f4; border-radius: 50%; height: 12.5px; width: 12.5px;\"><\/div>\n<\/div>\n<div style=\"margin-left: 8px;\">\n<div style=\"background-color: #f4f4f4; border-radius: 50%; flex-grow: 0; height: 20px; width: 20px;\"><\/div>\n<div style=\"width: 0; height: 0; border-top: 2px solid transparent; border-left: 6px solid #f4f4f4; border-bottom: 2px solid transparent;\"><\/div>\n<\/div>\n<div style=\"margin-left: auto;\">\n<div style=\"width: 0px; border-top: 8px solid #F4F4F4; border-right: 8px solid transparent;\"><\/div>\n<div style=\"background-color: #f4f4f4; flex-grow: 0; height: 12px; width: 16px;\"><\/div>\n<div style=\"width: 0; height: 0; border-top: 8px solid #F4F4F4; border-left: 8px solid transparent;\"><\/div>\n<\/div>\n<\/div>\n<div style=\"flex-direction: column; flex-grow: 1; justify-content: center; margin-bottom: 24px;\">\n<div style=\"background-color: #f4f4f4; border-radius: 4px; flex-grow: 0; height: 14px; margin-bottom: 6px; width: 224px;\"><\/div>\n<div style=\"background-color: #f4f4f4; border-radius: 4px; flex-grow: 0; height: 14px; width: 144px;\"><\/div>\n<\/div>\n<p>&nbsp;<\/p>\n<p style=\"color: #c9c8cd; font-family: Arial,sans-serif; font-size: 14px; line-height: 17px; margin-bottom: 0; margin-top: 8px; overflow: hidden; padding: 8px 0 7px; text-align: center;\"><a style=\"color: #c9c8cd; font-family: Arial,sans-serif; font-size: 14px; font-style: normal; font-weight: normal; line-height: 17px; text-decoration: none;\" href=\"https:\/\/www.instagram.com\/reel\/DL1tEK7N1jI\/?utm_source=ig_embed&amp;utm_campaign=loading\" target=\"_blank\" rel=\"noopener\">Une publication partag\u00e9e par Emilie Thibault (@emil_in_normandie)<\/a><\/p>\n<\/div>\n<\/blockquote>\n<h2><b>Une ville \u00e0 vivre : culture, art et nature au programme<\/b><\/h2>\n<p><span style=\"font-weight: 400;\">Quand on parle de Strasbourg, on \u00e9voque souvent ses institutions, mais la ville offre bien plus en mati\u00e8re de culture. Elle est un v\u00e9ritable laboratoire d\u2019art et de culture, o\u00f9 les mus\u00e9es modernes croisent les th\u00e9\u00e2tres traditionnels, o\u00f9 la musique se joue dans des lieux insolites et o\u00f9 l\u2019art contemporain s\u2019affiche dans des galeries urbaines. Pour les amateurs de culture, Strasbourg est un terrain de jeu exceptionnel. Vous pourrez fl\u00e2ner au <\/span><i><span style=\"font-weight: 400;\">Mus\u00e9e Alsacien<\/span><\/i><span style=\"font-weight: 400;\"> pour d\u00e9couvrir l\u2019histoire r\u00e9gionale, ou vous perdre dans l\u2019immensit\u00e9 du <\/span><i><span style=\"font-weight: 400;\">Mus\u00e9e d\u2019Art Moderne et Contemporain<\/span><\/i><span style=\"font-weight: 400;\">, qui propose des expositions avant-gardistes.<\/span><\/p>\n<p><span style=\"font-weight: 400;\">Si vous aimez sortir un peu des sentiers battus, rien de tel qu\u2019une balade dans les parcs et jardins de la ville, comme le <\/span><strong><i>Parc de l&#8217;Orangerie<\/i><\/strong><span style=\"font-weight: 400;\">, v\u00e9ritable poumon vert au c\u0153ur de Strasbourg. Vous pourrez \u00e9galement opter pour une croisi\u00e8re sur l\u2019Ill, le fleuve qui traverse la ville, pour d\u00e9couvrir Strasbourg sous un autre angle, \u00e0 la fois paisible et vibrant.<\/span><\/p>\n<p><span style=\"font-weight: 400;\">Strasbourg est \u00e9galement une ville \u00e0 taille humaine, o\u00f9 tout se fait facilement \u00e0 pied ou \u00e0 v\u00e9lo. Le co\u00fbt de la vie reste raisonnable, surtout si vous choisissez de fl\u00e2ner dans les bistrots locaux ou de profiter de l\u2019ambiance des march\u00e9s. En r\u00e9sum\u00e9, Strasbourg est une destination id\u00e9ale pour un<strong> week-end o\u00f9 culture, gastronomie<\/strong> et d\u00e9tente se m\u00ealent \u00e0 merveille.<\/span><\/p>\n<blockquote class=\"instagram-media\" style=\"background: #FFF; border: 0; border-radius: 3px; margin: 1px; max-width: 540px; min-width: 326px; padding: 0; width: calc(100% - 2px);\" data-instgrm-captioned=\"\" data-instgrm-permalink=\"https:\/\/www.instagram.com\/p\/DMVhsnMNnKQ\/?utm_source=ig_embed&amp;utm_campaign=loading\" data-instgrm-version=\"14\">\n<div style=\"padding: 16px;\">\n<p>&nbsp;<\/p>\n<div style=\"flex-direction: row; align-items: center;\">\n<div style=\"background-color: #f4f4f4; border-radius: 50%; flex-grow: 0; height: 40px; margin-right: 14px; width: 40px;\"><\/div>\n<div style=\"flex-direction: column; flex-grow: 1; justify-content: center;\">\n<div style=\"background-color: #f4f4f4; border-radius: 4px; flex-grow: 0; height: 14px; margin-bottom: 6px; width: 100px;\"><\/div>\n<div style=\"background-color: #f4f4f4; border-radius: 4px; flex-grow: 0; height: 14px; width: 60px;\"><\/div>\n<\/div>\n<\/div>\n<div style=\"padding: 19% 0;\"><\/div>\n<div style=\"height: 50px; margin: 0 auto 12px; width: 50px;\"><\/div>\n<div style=\"padding-top: 8px;\">\n<div style=\"color: #3897f0; font-family: Arial,sans-serif; font-size: 14px; font-style: normal; font-weight: 550; line-height: 18px;\">Voir cette publication sur Instagram<\/div>\n<\/div>\n<div style=\"padding: 12.5% 0;\"><\/div>\n<div style=\"flex-direction: row; margin-bottom: 14px; align-items: center;\">\n<div>\n<div style=\"background-color: #f4f4f4; border-radius: 50%; height: 12.5px; width: 12.5px;\"><\/div>\n<div style=\"background-color: #f4f4f4; height: 12.5px; width: 12.5px; flex-grow: 0; margin-right: 14px; margin-left: 2px;\"><\/div>\n<div style=\"background-color: #f4f4f4; border-radius: 50%; height: 12.5px; width: 12.5px;\"><\/div>\n<\/div>\n<div style=\"margin-left: 8px;\">\n<div style=\"background-color: #f4f4f4; border-radius: 50%; flex-grow: 0; height: 20px; width: 20px;\"><\/div>\n<div style=\"width: 0; height: 0; border-top: 2px solid transparent; border-left: 6px solid #f4f4f4; border-bottom: 2px solid transparent;\"><\/div>\n<\/div>\n<div style=\"margin-left: auto;\">\n<div style=\"width: 0px; border-top: 8px solid #F4F4F4; border-right: 8px solid transparent;\"><\/div>\n<div style=\"background-color: #f4f4f4; flex-grow: 0; height: 12px; width: 16px;\"><\/div>\n<div style=\"width: 0; height: 0; border-top: 8px solid #F4F4F4; border-left: 8px solid transparent;\"><\/div>\n<\/div>\n<\/div>\n<div style=\"flex-direction: column; flex-grow: 1; justify-content: center; margin-bottom: 24px;\">\n<div style=\"background-color: #f4f4f4; border-radius: 4px; flex-grow: 0; height: 14px; margin-bottom: 6px; width: 224px;\"><\/div>\n<div style=\"background-color: #f4f4f4; border-radius: 4px; flex-grow: 0; height: 14px; width: 144px;\"><\/div>\n<\/div>\n<p>&nbsp;<\/p>\n<p style=\"color: #c9c8cd; font-family: Arial,sans-serif; font-size: 14px; line-height: 17px; margin-bottom: 0; margin-top: 8px; overflow: hidden; padding: 8px 0 7px; text-align: center;\"><a style=\"color: #c9c8cd; font-family: Arial,sans-serif; font-size: 14px; font-style: normal; font-weight: normal; line-height: 17px; text-decoration: none;\" href=\"https:\/\/www.instagram.com\/p\/DMVhsnMNnKQ\/?utm_source=ig_embed&amp;utm_campaign=loading\" target=\"_blank\" rel=\"noopener\">Une publication partag\u00e9e par Herve\u0301 Lamorlette (@herve_lamorlette)<\/a><\/p>\n<\/div>\n<\/blockquote>\n<p><span style=\"font-weight: 400;\">Ne passez pas \u00e0 c\u00f4t\u00e9 de cette ville qui vous r\u00e9serve bien plus que ce que vous imaginez. Strasbourg vous attend, pr\u00eate \u00e0 vous d\u00e9voiler son c\u00f4t\u00e9 m\u00e9connu, mais \u00f4 combien fascinant !<\/span><\/p>\n","protected":false},"excerpt":{"rendered":"<p>Strasbourg, capitale europ\u00e9enne ? Oui, mais pas que ! Cette ville \u00e0 l\u2019h\u00e9ritage multiculturel, o\u00f9 la gastronomie rencontre l\u2019histoire et [&hellip;]<\/p>\n","protected":false},"author":3,"featured_media":34878,"comment_status":"open","ping_status":"closed","sticky":false,"template":"","format":"standard","meta":{"_acf_changed":false,"_sitemap_exclude":false,"_sitemap_priority":"","_sitemap_frequency":"","footnotes":"","rank_math_title":"","rank_math_description":"Strasbourg, capitale europ\u00e9enne aux multiples facettes, vous r\u00e9serve bien plus que ses institutions. D\u00e9couvrez son \u00e2me authentique et vibrante !\n","rank_math_canonical_url":"","rank_math_focus_keyword":"Strasbourg"},"categories":[3],"tags":[],"class_list":["post-34877","post","type-post","status-publish","format-standard","has-post-thumbnail","hentry","category-voyage"],"acf":[],"_links":{"self":[{"href":"https:\/\/ulysse.com\/news\/wp-json\/wp\/v2\/posts\/34877","targetHints":{"allow":["GET"]}}],"collection":[{"href":"https:\/\/ulysse.com\/news\/wp-json\/wp\/v2\/posts"}],"about":[{"href":"https:\/\/ulysse.com\/news\/wp-json\/wp\/v2\/types\/post"}],"author":[{"embeddable":true,"href":"https:\/\/ulysse.com\/news\/wp-json\/wp\/v2\/users\/3"}],"replies":[{"embeddable":true,"href":"https:\/\/ulysse.com\/news\/wp-json\/wp\/v2\/comments?post=34877"}],"version-history":[{"count":2,"href":"https:\/\/ulysse.com\/news\/wp-json\/wp\/v2\/posts\/34877\/revisions"}],"predecessor-version":[{"id":34885,"href":"https:\/\/ulysse.com\/news\/wp-json\/wp\/v2\/posts\/34877\/revisions\/34885"}],"wp:featuredmedia":[{"embeddable":true,"href":"https:\/\/ulysse.com\/news\/wp-json\/wp\/v2\/media\/34878"}],"wp:attachment":[{"href":"https:\/\/ulysse.com\/news\/wp-json\/wp\/v2\/media?parent=34877"}],"wp:term":[{"taxonomy":"category","embeddable":true,"href":"https:\/\/ulysse.com\/news\/wp-json\/wp\/v2\/categories?post=34877"},{"taxonomy":"post_tag","embeddable":true,"href":"https:\/\/ulysse.com\/news\/wp-json\/wp\/v2\/tags?post=34877"}],"curies":[{"name":"wp","href":"https:\/\/api.w.org\/{rel}","templated":true}]}}