{"id":34886,"date":"2025-09-12T19:00:30","date_gmt":"2025-09-12T18:00:30","guid":{"rendered":"https:\/\/discover.ulysse.com\/?p=34886"},"modified":"2025-09-12T13:45:19","modified_gmt":"2025-09-12T12:45:19","slug":"inconnu-jusquici-ce-village-portuaire-est-maintenant-le-plus-beau-du-portugal","status":"publish","type":"post","link":"https:\/\/ulysse.com\/news\/inconnu-jusquici-ce-village-portuaire-est-maintenant-le-plus-beau-du-portugal","title":{"rendered":"Inconnu jusqu\u2019ici, ce village portuaire est maintenant le plus beau du Portugal"},"content":{"rendered":"<p><span style=\"font-weight: 400;\">Qui aurait cru que le Portugal cachait un tr\u00e9sor aussi pr\u00e9cieux, loin des foules de Lisbonne et Porto ? <strong>Viana do Castelo<\/strong>, un petit bijou au nord du pays, vient tout juste d&#8217;\u00eatre \u00e9lu <\/span><b>plus beau village du Portugal<\/b><span style=\"font-weight: 400;\">. C\u2019est une petite r\u00e9volution dans le monde du tourisme, mais, franchement, qui pourrait lui en vouloir ? Entre son ambiance tranquille, son architecture \u00e9poustouflante et ses paysages \u00e0 couper le souffle, il ne lui en fallait pas plus pour d\u00e9crocher ce titre bien m\u00e9rit\u00e9. Et en plus, Viana do Castelo se trouve sur le chemin de Saint-Jacques-de-Compostelle, ce qui en fait une \u00e9tape parfaite pour les marcheurs en qu\u00eate de s\u00e9r\u00e9nit\u00e9. Allez, laissez-vous embarquer pour cette destination secr\u00e8te qui m\u00e9rite absolument une place sur votre carte de voyage.<\/span><\/p>\n<h2><b>Sur le chemin de Saint-Jacques-de-Compostelle : un village qui m\u00e9rite de s&#8217;arr\u00eater<\/b><\/h2>\n<p><span style=\"font-weight: 400;\">Viana do Castelo est bien plus qu\u2019une simple escale. C\u2019est une halte id\u00e9ale pour ceux qui empruntent le <\/span><b>chemin de Saint-Jacques-de-Compostelle<\/b><span style=\"font-weight: 400;\">, un des plus c\u00e9l\u00e8bres itin\u00e9raires de p\u00e8lerinage en Europe. Mais, contrairement aux \u00e9tapes plus connues du parcours, Viana do Castelo reste un secret bien gard\u00e9, pr\u00e9servant ainsi toute son authenticit\u00e9 et sa qui\u00e9tude.<\/span><\/p>\n<p><span style=\"font-weight: 400;\">Les p\u00e8lerins qui foulent ce chemin et arrivent dans cette petite ville portuaire sont souvent surpris par la beaut\u00e9 et la tranquillit\u00e9 qui s\u2019en d\u00e9gagent. Surplomb\u00e9e par la colline du <\/span><b>Santu\u00e1rio de Santa Luzia<\/b><span style=\"font-weight: 400;\">, un lieu sacr\u00e9 o\u00f9 la vue panoramique sur la ville et l\u2019oc\u00e9an Atlantique est tout simplement magique, Viana do Castelo appara\u00eet comme un havre de paix o\u00f9 le temps semble suspendu. Un endroit parfait pour poser son sac \u00e0 dos, respirer l\u2019air frais de l\u2019Atlantique et admirer un d\u00e9cor aussi naturel qu\u2019impressionnant.<\/span><\/p>\n<p><span style=\"font-weight: 400;\">Les voyageurs, qu&#8217;ils soient spirituels ou non, se retrouvent ici, \u00e0 la crois\u00e9e des chemins entre nature, culture et histoire. C\u2019est un village o\u00f9 chaque coin de rue semble raconter une histoire, chaque monument, chaque \u00e9glise, chaque place vous invite \u00e0 la contemplation. Viana do Castelo est une belle rencontre entre le pass\u00e9 et le pr\u00e9sent, un village o\u00f9 l&#8217;on se sent instantan\u00e9ment bien.<\/span><\/p>\n<blockquote class=\"instagram-media\" style=\"background: #FFF; border: 0; border-radius: 3px; margin: 1px; max-width: 540px; min-width: 326px; padding: 0; width: calc(100% - 2px);\" data-instgrm-captioned=\"\" data-instgrm-permalink=\"https:\/\/www.instagram.com\/reel\/DH4Jt1wODz8\/?utm_source=ig_embed&amp;utm_campaign=loading\" data-instgrm-version=\"14\">\n<div style=\"padding: 16px;\">\n<p>&nbsp;<\/p>\n<div style=\"flex-direction: row; align-items: center;\">\n<div style=\"background-color: #f4f4f4; border-radius: 50%; flex-grow: 0; height: 40px; margin-right: 14px; width: 40px;\"><\/div>\n<div style=\"flex-direction: column; flex-grow: 1; justify-content: center;\">\n<div style=\"background-color: #f4f4f4; border-radius: 4px; flex-grow: 0; height: 14px; margin-bottom: 6px; width: 100px;\"><\/div>\n<div style=\"background-color: #f4f4f4; border-radius: 4px; flex-grow: 0; height: 14px; width: 60px;\"><\/div>\n<\/div>\n<\/div>\n<div style=\"padding: 19% 0;\"><\/div>\n<div style=\"height: 50px; margin: 0 auto 12px; width: 50px;\"><\/div>\n<div style=\"padding-top: 8px;\">\n<div style=\"color: #3897f0; font-family: Arial,sans-serif; font-size: 14px; font-style: normal; font-weight: 550; line-height: 18px;\">Voir cette publication sur Instagram<\/div>\n<\/div>\n<div style=\"padding: 12.5% 0;\"><\/div>\n<div style=\"flex-direction: row; margin-bottom: 14px; align-items: center;\">\n<div>\n<div style=\"background-color: #f4f4f4; border-radius: 50%; height: 12.5px; width: 12.5px;\"><\/div>\n<div style=\"background-color: #f4f4f4; height: 12.5px; width: 12.5px; flex-grow: 0; margin-right: 14px; margin-left: 2px;\"><\/div>\n<div style=\"background-color: #f4f4f4; border-radius: 50%; height: 12.5px; width: 12.5px;\"><\/div>\n<\/div>\n<div style=\"margin-left: 8px;\">\n<div style=\"background-color: #f4f4f4; border-radius: 50%; flex-grow: 0; height: 20px; width: 20px;\"><\/div>\n<div style=\"width: 0; height: 0; border-top: 2px solid transparent; border-left: 6px solid #f4f4f4; border-bottom: 2px solid transparent;\"><\/div>\n<\/div>\n<div style=\"margin-left: auto;\">\n<div style=\"width: 0px; border-top: 8px solid #F4F4F4; border-right: 8px solid transparent;\"><\/div>\n<div style=\"background-color: #f4f4f4; flex-grow: 0; height: 12px; width: 16px;\"><\/div>\n<div style=\"width: 0; height: 0; border-top: 8px solid #F4F4F4; border-left: 8px solid transparent;\"><\/div>\n<\/div>\n<\/div>\n<div style=\"flex-direction: column; flex-grow: 1; justify-content: center; margin-bottom: 24px;\">\n<div style=\"background-color: #f4f4f4; border-radius: 4px; flex-grow: 0; height: 14px; margin-bottom: 6px; width: 224px;\"><\/div>\n<div style=\"background-color: #f4f4f4; border-radius: 4px; flex-grow: 0; height: 14px; width: 144px;\"><\/div>\n<\/div>\n<p>&nbsp;<\/p>\n<p style=\"color: #c9c8cd; font-family: Arial,sans-serif; font-size: 14px; line-height: 17px; margin-bottom: 0; margin-top: 8px; overflow: hidden; padding: 8px 0 7px; text-align: center;\"><a style=\"color: #c9c8cd; font-family: Arial,sans-serif; font-size: 14px; font-style: normal; font-weight: normal; line-height: 17px; text-decoration: none;\" href=\"https:\/\/www.instagram.com\/reel\/DH4Jt1wODz8\/?utm_source=ig_embed&amp;utm_campaign=loading\" target=\"_blank\" rel=\"noopener\">Une publication partag\u00e9e par Kam (@kamranthomas)<\/a><\/p>\n<\/div>\n<\/blockquote>\n<h2><b>Des plages \u00e0 perdre de vue et des horizons \u00e0 couper le souffle<\/b><\/h2>\n<p><span style=\"font-weight: 400;\">Mais Viana do Castelo, ce n\u2019est pas seulement une escale religieuse ou une \u00e9tape pour les randonneurs. C\u2019est aussi un coin de paradis pour les amoureux de la mer et des paysages grandioses. Avec ses plages sauvages bordant l&#8217;Atlantique, la ville offre un d\u00e9cor \u00e0 couper le souffle. Les plages de <\/span><b>Cabedelo<\/b><span style=\"font-weight: 400;\"> et <\/span><b>Praia Norte<\/b><span style=\"font-weight: 400;\"> sont des lieux parfaits pour se d\u00e9tendre apr\u00e8s une journ\u00e9e de marche ou de d\u00e9couverte. Si vous \u00eates fan de sports nautiques, le vent qui souffle en permanence sur cette c\u00f4te est id\u00e9al pour le <\/span><b>surf<\/b><span style=\"font-weight: 400;\"> ou le <\/span><b>kitesurf<\/b><span style=\"font-weight: 400;\">. Et si vous pr\u00e9f\u00e9rez juste profiter du soleil et de la mer, vous serez servis, la beaut\u00e9 des lieux est telle qu\u2019on se croirait dans une carte postale.<\/span><\/p>\n<p><span style=\"font-weight: 400;\">Mais ce qui fait la magie de Viana do Castelo, c\u2019est ce contraste \u00e9tonnant entre la mer et les montagnes environnantes. D\u00e8s que vous quittez les plages, vous plongez dans des for\u00eats de pins et des collines verdoyantes qui invitent \u00e0 la randonn\u00e9e. Le sentier qui m\u00e8ne au <\/span><b>Santu\u00e1rio de Santa Luzia<\/b><span style=\"font-weight: 400;\"> est un classique pour les amateurs de nature. \u00c0 pied, \u00e0 v\u00e9lo ou m\u00eame en funiculaire, l&#8217;ascension vers ce sanctuaire offre une vue imprenable sur la ville et la mer. Une fois l\u00e0-haut, vous pourrez contempler un horizon d\u00e9gag\u00e9 o\u00f9 la mer et le ciel se rencontrent dans une ligne infinie. Une exp\u00e9rience \u00e0 couper le souffle !<\/span><\/p>\n<blockquote class=\"instagram-media\" style=\"background: #FFF; border: 0; border-radius: 3px; margin: 1px; max-width: 540px; min-width: 326px; padding: 0; width: calc(100% - 2px);\" data-instgrm-captioned=\"\" data-instgrm-permalink=\"https:\/\/www.instagram.com\/p\/DLqDXo0Oj7P\/?utm_source=ig_embed&amp;utm_campaign=loading\" data-instgrm-version=\"14\">\n<div style=\"padding: 16px;\">\n<p>&nbsp;<\/p>\n<div style=\"flex-direction: row; align-items: center;\">\n<div style=\"background-color: #f4f4f4; border-radius: 50%; flex-grow: 0; height: 40px; margin-right: 14px; width: 40px;\"><\/div>\n<div style=\"flex-direction: column; flex-grow: 1; justify-content: center;\">\n<div style=\"background-color: #f4f4f4; border-radius: 4px; flex-grow: 0; height: 14px; margin-bottom: 6px; width: 100px;\"><\/div>\n<div style=\"background-color: #f4f4f4; border-radius: 4px; flex-grow: 0; height: 14px; width: 60px;\"><\/div>\n<\/div>\n<\/div>\n<div style=\"padding: 19% 0;\"><\/div>\n<div style=\"height: 50px; margin: 0 auto 12px; width: 50px;\"><\/div>\n<div style=\"padding-top: 8px;\">\n<div style=\"color: #3897f0; font-family: Arial,sans-serif; font-size: 14px; font-style: normal; font-weight: 550; line-height: 18px;\">Voir cette publication sur Instagram<\/div>\n<\/div>\n<div style=\"padding: 12.5% 0;\"><\/div>\n<div style=\"flex-direction: row; margin-bottom: 14px; align-items: center;\">\n<div>\n<div style=\"background-color: #f4f4f4; border-radius: 50%; height: 12.5px; width: 12.5px;\"><\/div>\n<div style=\"background-color: #f4f4f4; height: 12.5px; width: 12.5px; flex-grow: 0; margin-right: 14px; margin-left: 2px;\"><\/div>\n<div style=\"background-color: #f4f4f4; border-radius: 50%; height: 12.5px; width: 12.5px;\"><\/div>\n<\/div>\n<div style=\"margin-left: 8px;\">\n<div style=\"background-color: #f4f4f4; border-radius: 50%; flex-grow: 0; height: 20px; width: 20px;\"><\/div>\n<div style=\"width: 0; height: 0; border-top: 2px solid transparent; border-left: 6px solid #f4f4f4; border-bottom: 2px solid transparent;\"><\/div>\n<\/div>\n<div style=\"margin-left: auto;\">\n<div style=\"width: 0px; border-top: 8px solid #F4F4F4; border-right: 8px solid transparent;\"><\/div>\n<div style=\"background-color: #f4f4f4; flex-grow: 0; height: 12px; width: 16px;\"><\/div>\n<div style=\"width: 0; height: 0; border-top: 8px solid #F4F4F4; border-left: 8px solid transparent;\"><\/div>\n<\/div>\n<\/div>\n<div style=\"flex-direction: column; flex-grow: 1; justify-content: center; margin-bottom: 24px;\">\n<div style=\"background-color: #f4f4f4; border-radius: 4px; flex-grow: 0; height: 14px; margin-bottom: 6px; width: 224px;\"><\/div>\n<div style=\"background-color: #f4f4f4; border-radius: 4px; flex-grow: 0; height: 14px; width: 144px;\"><\/div>\n<\/div>\n<p>&nbsp;<\/p>\n<p style=\"color: #c9c8cd; font-family: Arial,sans-serif; font-size: 14px; line-height: 17px; margin-bottom: 0; margin-top: 8px; overflow: hidden; padding: 8px 0 7px; text-align: center;\"><a style=\"color: #c9c8cd; font-family: Arial,sans-serif; font-size: 14px; font-style: normal; font-weight: normal; line-height: 17px; text-decoration: none;\" href=\"https:\/\/www.instagram.com\/p\/DLqDXo0Oj7P\/?utm_source=ig_embed&amp;utm_campaign=loading\" target=\"_blank\" rel=\"noopener\">Une publication partag\u00e9e par Bruno Ismael Alves (@composition_is_the_key)<\/a><\/p>\n<\/div>\n<\/blockquote>\n<h2><b>Un village au charme authentique, loin des itin\u00e9raires classiques<\/b><\/h2>\n<p><span style=\"font-weight: 400;\">C\u2019est bien ce qui fait tout le charme de Viana do Castelo : son authenticit\u00e9. Ce village, \u00e9lu plus beau du <a href=\"https:\/\/discover.ulysse.com\/a-santa-luzia-le-funiculaire-le-plus-long-du-portugal-vous-entraine-dans-une-montee-incroyable-entre-paysages-marins-et-collines-pittoresques\">Portugal<\/a>, n\u2019a pas besoin d\u2019\u00e9normes infrastructures touristiques pour briller. Ici, pas de foules de touristes, pas de restaurants bruyants, mais plut\u00f4t des petites places o\u00f9 les habitants vous accueillent avec un sourire sinc\u00e8re. La <\/span><b>Pra\u00e7a da Rep\u00fablica<\/b><span style=\"font-weight: 400;\">, avec ses b\u00e2timents color\u00e9s et son atmosph\u00e8re anim\u00e9e, est l\u2019endroit id\u00e9al pour faire une pause. Que vous soyez dans un caf\u00e9 pour d\u00e9guster un bon verre de <\/span><b>vin vert<\/b><span style=\"font-weight: 400;\"> (sp\u00e9cialit\u00e9 locale) ou que vous fl\u00e2niez dans les petites ruelles pav\u00e9es, l&#8217;\u00e2me de ce village est palpable \u00e0 chaque coin de rue.<\/span><\/p>\n<p><span style=\"font-weight: 400;\">\u00c0 c\u00f4t\u00e9 de cela, Viana do Castelo regorge de monuments historiques fascinants. L\u2019impressionnante <\/span><b>S\u00e9 Catedral<\/b><span style=\"font-weight: 400;\">, construite au XVe si\u00e8cle, et le <\/span><b>Navio Gil Eannes<\/b><span style=\"font-weight: 400;\">, un ancien navire-h\u00f4pital transform\u00e9 en mus\u00e9e, vous plongent dans l\u2019histoire maritime de la r\u00e9gion. Cette ville portuaire, autrefois un grand centre de la p\u00eache \u00e0 la morue, conserve un patrimoine unique qui raconte le pass\u00e9 maritime du pays.<\/span><\/p>\n<p><span style=\"font-weight: 400;\">C\u2019est aussi un lieu o\u00f9 la gastronomie locale s\u2019invite dans chaque moment de la journ\u00e9e. Entre les <\/span><b>sardines grill\u00e9es<\/b><span style=\"font-weight: 400;\">, le fameux <\/span><b>arroz de sarrabulho<\/b><span style=\"font-weight: 400;\"> (un plat typique de la r\u00e9gion) et les <\/span><b>bolas de berlim<\/b><span style=\"font-weight: 400;\"> (des beignets fourr\u00e9s \u00e0 la cr\u00e8me), Viana do Castelo saura ravir les papilles des gourmands. La ville est assez abordable en termes de co\u00fbt de la vie, avec des prix qui restent tr\u00e8s raisonnables pour une destination europ\u00e9enne.<\/span><\/p>\n<blockquote class=\"instagram-media\" style=\"background: #FFF; border: 0; border-radius: 3px; margin: 1px; max-width: 540px; min-width: 326px; padding: 0; width: calc(100% - 2px);\" data-instgrm-captioned=\"\" data-instgrm-permalink=\"https:\/\/www.instagram.com\/p\/Ce3fvdWtYko\/?utm_source=ig_embed&amp;utm_campaign=loading\" data-instgrm-version=\"14\">\n<div style=\"padding: 16px;\">\n<p>&nbsp;<\/p>\n<div style=\"flex-direction: row; align-items: center;\">\n<div style=\"background-color: #f4f4f4; border-radius: 50%; flex-grow: 0; height: 40px; margin-right: 14px; width: 40px;\"><\/div>\n<div style=\"flex-direction: column; flex-grow: 1; justify-content: center;\">\n<div style=\"background-color: #f4f4f4; border-radius: 4px; flex-grow: 0; height: 14px; margin-bottom: 6px; width: 100px;\"><\/div>\n<div style=\"background-color: #f4f4f4; border-radius: 4px; flex-grow: 0; height: 14px; width: 60px;\"><\/div>\n<\/div>\n<\/div>\n<div style=\"padding: 19% 0;\"><\/div>\n<div style=\"height: 50px; margin: 0 auto 12px; width: 50px;\"><\/div>\n<div style=\"padding-top: 8px;\">\n<div style=\"color: #3897f0; font-family: Arial,sans-serif; font-size: 14px; font-style: normal; font-weight: 550; line-height: 18px;\">Voir cette publication sur Instagram<\/div>\n<\/div>\n<div style=\"padding: 12.5% 0;\"><\/div>\n<div style=\"flex-direction: row; margin-bottom: 14px; align-items: center;\">\n<div>\n<div style=\"background-color: #f4f4f4; border-radius: 50%; height: 12.5px; width: 12.5px;\"><\/div>\n<div style=\"background-color: #f4f4f4; height: 12.5px; width: 12.5px; flex-grow: 0; margin-right: 14px; margin-left: 2px;\"><\/div>\n<div style=\"background-color: #f4f4f4; border-radius: 50%; height: 12.5px; width: 12.5px;\"><\/div>\n<\/div>\n<div style=\"margin-left: 8px;\">\n<div style=\"background-color: #f4f4f4; border-radius: 50%; flex-grow: 0; height: 20px; width: 20px;\"><\/div>\n<div style=\"width: 0; height: 0; border-top: 2px solid transparent; border-left: 6px solid #f4f4f4; border-bottom: 2px solid transparent;\"><\/div>\n<\/div>\n<div style=\"margin-left: auto;\">\n<div style=\"width: 0px; border-top: 8px solid #F4F4F4; border-right: 8px solid transparent;\"><\/div>\n<div style=\"background-color: #f4f4f4; flex-grow: 0; height: 12px; width: 16px;\"><\/div>\n<div style=\"width: 0; height: 0; border-top: 8px solid #F4F4F4; border-left: 8px solid transparent;\"><\/div>\n<\/div>\n<\/div>\n<div style=\"flex-direction: column; flex-grow: 1; justify-content: center; margin-bottom: 24px;\">\n<div style=\"background-color: #f4f4f4; border-radius: 4px; flex-grow: 0; height: 14px; margin-bottom: 6px; width: 224px;\"><\/div>\n<div style=\"background-color: #f4f4f4; border-radius: 4px; flex-grow: 0; height: 14px; width: 144px;\"><\/div>\n<\/div>\n<p>&nbsp;<\/p>\n<p style=\"color: #c9c8cd; font-family: Arial,sans-serif; font-size: 14px; line-height: 17px; margin-bottom: 0; margin-top: 8px; overflow: hidden; padding: 8px 0 7px; text-align: center;\"><a style=\"color: #c9c8cd; font-family: Arial,sans-serif; font-size: 14px; font-style: normal; font-weight: normal; line-height: 17px; text-decoration: none;\" href=\"https:\/\/www.instagram.com\/p\/Ce3fvdWtYko\/?utm_source=ig_embed&amp;utm_campaign=loading\" target=\"_blank\" rel=\"noopener\">Une publication partag\u00e9e par Viana do Castelo (@viana_docastelo)<\/a><\/p>\n<\/div>\n<\/blockquote>\n<h2><b>Se rendre \u00e0 Viana do Castelo : l&#8217;aventure commence !<\/b><\/h2>\n<p><span style=\"font-weight: 400;\">Alors, comment atteindre cette petite perle du Portugal ? Si vous partez depuis <\/span><b>Paris<\/b><span style=\"font-weight: 400;\">, vous pouvez prendre un train jusqu&#8217;\u00e0 <\/span><b>Porto<\/b><span style=\"font-weight: 400;\"> (environ 13 heures de trajet) et poursuivre en train r\u00e9gional pendant 1 heure jusqu\u2019\u00e0 Viana do Castelo. L\u2019aventure commence d\u00e8s que vous montez \u00e0 bord, le paysage d\u00e9file sous vos yeux et vous entrez petit \u00e0 petit dans l&#8217;ambiance de cette ville de charme. Si vous \u00eates plus press\u00e9, un vol direct pour <a href=\"https:\/\/discover.ulysse.com\/promenade-ruelles-et-sites-emblematiques-porto\">Porto<\/a> puis une courte correspondance en train est \u00e9galement une option rapide.<\/span><\/p>\n<p><span style=\"font-weight: 400;\">Depuis <\/span><b>Strasbourg<\/b><span style=\"font-weight: 400;\"> ou <\/span><b>Lyon<\/b><span style=\"font-weight: 400;\">, il existe \u00e9galement des options via des correspondances \u00e0 Barcelone ou Lisbonne. Le voyage en train est toujours une belle exp\u00e9rience, car il vous permet de d\u00e9couvrir un peu plus de l\u2019\u00e2me du Portugal avant d\u2019arriver \u00e0 destination. Une fois sur place, les d\u00e9placements sont simples et Viana do Castelo se laisse explorer \u00e0 pied ou en v\u00e9lo, de mani\u00e8re tranquille et agr\u00e9able.<\/span><\/p>\n<blockquote class=\"instagram-media\" style=\"background: #FFF; border: 0; border-radius: 3px; margin: 1px; max-width: 540px; min-width: 326px; padding: 0; width: calc(100% - 2px);\" data-instgrm-captioned=\"\" data-instgrm-permalink=\"https:\/\/www.instagram.com\/p\/DNi-cWQsbOD\/?utm_source=ig_embed&amp;utm_campaign=loading\" data-instgrm-version=\"14\">\n<div style=\"padding: 16px;\">\n<p>&nbsp;<\/p>\n<div style=\"flex-direction: row; align-items: center;\">\n<div style=\"background-color: #f4f4f4; border-radius: 50%; flex-grow: 0; height: 40px; margin-right: 14px; width: 40px;\"><\/div>\n<div style=\"flex-direction: column; flex-grow: 1; justify-content: center;\">\n<div style=\"background-color: #f4f4f4; border-radius: 4px; flex-grow: 0; height: 14px; margin-bottom: 6px; width: 100px;\"><\/div>\n<div style=\"background-color: #f4f4f4; border-radius: 4px; flex-grow: 0; height: 14px; width: 60px;\"><\/div>\n<\/div>\n<\/div>\n<div style=\"padding: 19% 0;\"><\/div>\n<div style=\"height: 50px; margin: 0 auto 12px; width: 50px;\"><\/div>\n<div style=\"padding-top: 8px;\">\n<div style=\"color: #3897f0; font-family: Arial,sans-serif; font-size: 14px; font-style: normal; font-weight: 550; line-height: 18px;\">Voir cette publication sur Instagram<\/div>\n<\/div>\n<div style=\"padding: 12.5% 0;\"><\/div>\n<div style=\"flex-direction: row; margin-bottom: 14px; align-items: center;\">\n<div>\n<div style=\"background-color: #f4f4f4; border-radius: 50%; height: 12.5px; width: 12.5px;\"><\/div>\n<div style=\"background-color: #f4f4f4; height: 12.5px; width: 12.5px; flex-grow: 0; margin-right: 14px; margin-left: 2px;\"><\/div>\n<div style=\"background-color: #f4f4f4; border-radius: 50%; height: 12.5px; width: 12.5px;\"><\/div>\n<\/div>\n<div style=\"margin-left: 8px;\">\n<div style=\"background-color: #f4f4f4; border-radius: 50%; flex-grow: 0; height: 20px; width: 20px;\"><\/div>\n<div style=\"width: 0; height: 0; border-top: 2px solid transparent; border-left: 6px solid #f4f4f4; border-bottom: 2px solid transparent;\"><\/div>\n<\/div>\n<div style=\"margin-left: auto;\">\n<div style=\"width: 0px; border-top: 8px solid #F4F4F4; border-right: 8px solid transparent;\"><\/div>\n<div style=\"background-color: #f4f4f4; flex-grow: 0; height: 12px; width: 16px;\"><\/div>\n<div style=\"width: 0; height: 0; border-top: 8px solid #F4F4F4; border-left: 8px solid transparent;\"><\/div>\n<\/div>\n<\/div>\n<div style=\"flex-direction: column; flex-grow: 1; justify-content: center; margin-bottom: 24px;\">\n<div style=\"background-color: #f4f4f4; border-radius: 4px; flex-grow: 0; height: 14px; margin-bottom: 6px; width: 224px;\"><\/div>\n<div style=\"background-color: #f4f4f4; border-radius: 4px; flex-grow: 0; height: 14px; width: 144px;\"><\/div>\n<\/div>\n<p>&nbsp;<\/p>\n<p style=\"color: #c9c8cd; font-family: Arial,sans-serif; font-size: 14px; line-height: 17px; margin-bottom: 0; margin-top: 8px; overflow: hidden; padding: 8px 0 7px; text-align: center;\"><a style=\"color: #c9c8cd; font-family: Arial,sans-serif; font-size: 14px; font-style: normal; font-weight: normal; line-height: 17px; text-decoration: none;\" href=\"https:\/\/www.instagram.com\/p\/DNi-cWQsbOD\/?utm_source=ig_embed&amp;utm_campaign=loading\" target=\"_blank\" rel=\"noopener\">Une publication partag\u00e9e par M\u00e9lanie Bartoli (@bartolimelanie_)<\/a><\/p>\n<\/div>\n<\/blockquote>\n<h2><b>Un village \u00e0 d\u00e9couvrir avant qu\u2019il ne devienne trop populaire<\/b><\/h2>\n<p><span style=\"font-weight: 400;\">Viana do Castelo, \u00e9lu r\u00e9cemment comme le plus beau village du Portugal, m\u00e9rite vraiment d\u2019\u00eatre d\u00e9couvert avant qu\u2019il ne devienne trop touristique. Ici, l\u2019exp\u00e9rience est intime, authentique et pleine de charme. Entre ses plages sauvages, ses monuments historiques, ses paysages splendides et son accueil chaleureux, la ville est la destination id\u00e9ale pour une escapade portugaise diff\u00e9rente. Alors, pr\u00eat \u00e0 d\u00e9couvrir ce village secret ? Ce n\u2019est plus un secret pour tr\u00e8s longtemps !<\/span><\/p>\n","protected":false},"excerpt":{"rendered":"<p>Qui aurait cru que le Portugal cachait un tr\u00e9sor aussi pr\u00e9cieux, loin des foules de Lisbonne et Porto ? Viana [&hellip;]<\/p>\n","protected":false},"author":3,"featured_media":34903,"comment_status":"open","ping_status":"closed","sticky":false,"template":"","format":"standard","meta":{"_acf_changed":false,"_sitemap_exclude":false,"_sitemap_priority":"","_sitemap_frequency":"","footnotes":"","rank_math_title":"","rank_math_description":"Ce village portugais, \u00e9lu plus beau du pays, cache bien des tr\u00e9sors. Et si vous partiez \u00e0 sa d\u00e9couverte avant qu\u2019il ne soit trop tard ?\n","rank_math_canonical_url":"","rank_math_focus_keyword":"village,portugal"},"categories":[3],"tags":[],"class_list":["post-34886","post","type-post","status-publish","format-standard","has-post-thumbnail","hentry","category-voyage"],"acf":[],"_links":{"self":[{"href":"https:\/\/ulysse.com\/news\/wp-json\/wp\/v2\/posts\/34886","targetHints":{"allow":["GET"]}}],"collection":[{"href":"https:\/\/ulysse.com\/news\/wp-json\/wp\/v2\/posts"}],"about":[{"href":"https:\/\/ulysse.com\/news\/wp-json\/wp\/v2\/types\/post"}],"author":[{"embeddable":true,"href":"https:\/\/ulysse.com\/news\/wp-json\/wp\/v2\/users\/3"}],"replies":[{"embeddable":true,"href":"https:\/\/ulysse.com\/news\/wp-json\/wp\/v2\/comments?post=34886"}],"version-history":[{"count":3,"href":"https:\/\/ulysse.com\/news\/wp-json\/wp\/v2\/posts\/34886\/revisions"}],"predecessor-version":[{"id":34947,"href":"https:\/\/ulysse.com\/news\/wp-json\/wp\/v2\/posts\/34886\/revisions\/34947"}],"wp:featuredmedia":[{"embeddable":true,"href":"https:\/\/ulysse.com\/news\/wp-json\/wp\/v2\/media\/34903"}],"wp:attachment":[{"href":"https:\/\/ulysse.com\/news\/wp-json\/wp\/v2\/media?parent=34886"}],"wp:term":[{"taxonomy":"category","embeddable":true,"href":"https:\/\/ulysse.com\/news\/wp-json\/wp\/v2\/categories?post=34886"},{"taxonomy":"post_tag","embeddable":true,"href":"https:\/\/ulysse.com\/news\/wp-json\/wp\/v2\/tags?post=34886"}],"curies":[{"name":"wp","href":"https:\/\/api.w.org\/{rel}","templated":true}]}}