{"id":34891,"date":"2025-09-11T16:00:17","date_gmt":"2025-09-11T15:00:17","guid":{"rendered":"https:\/\/discover.ulysse.com\/?p=34891"},"modified":"2025-09-11T14:24:19","modified_gmt":"2025-09-11T13:24:19","slug":"la-plus-belle-calanque-de-la-provence-alpes-cote-dazur-vous-ny-aurez-jamais-acces-a-moins-de-connaitre-le-secret","status":"publish","type":"post","link":"https:\/\/ulysse.com\/news\/la-plus-belle-calanque-de-la-provence-alpes-cote-dazur-vous-ny-aurez-jamais-acces-a-moins-de-connaitre-le-secret","title":{"rendered":"La plus belle calanque de la Provence-Alpes-C\u00f4te d&#8217;Azur ? Vous n&#8217;y aurez jamais acc\u00e8s\u2026 \u00e0 moins de conna\u00eetre le secret"},"content":{"rendered":"<p data-start=\"100\" data-end=\"716\">Au c\u0153ur de la C\u00f4te Bleue, entre Marseille et Cassis, se trouve l&#8217;une des plus belles calanques de la r\u00e9gion, la calanque d\u2019En-Vau. \u00c9galement class\u00e9e Parc national des Calanques, cette merveille naturelle attire chaque ann\u00e9e des milliers de randonneurs, mais aussi des amoureux de la nature en qu\u00eate de paysages exceptionnels. Si la plupart des visiteurs se contentent de la plage et de la mer, la randonn\u00e9e menant \u00e0 ce paradis secret offre bien plus qu&#8217;une simple balade en bord de mer. C&#8217;est une v\u00e9ritable aventure qui vous plonge dans un cadre grandiose, avec des panoramas \u00e0 couper le souffle.<\/p>\n<h2 data-start=\"718\" data-end=\"776\">Une randonn\u00e9e spectaculaire avec des vues inoubliables<\/h2>\n<p data-start=\"778\" data-end=\"1314\">La randonn\u00e9e menant \u00e0 la calanque d\u2019En-Vau est un d\u00e9fi \u00e0 la fois physique et visuel. Long de 6,5 kilom\u00e8tres, le sentier s&#8217;\u00e9tend sur des terrains vari\u00e9s, avec des passages escarp\u00e9s et des portions de rochers glissants. Au d\u00e9part, la marche commence tranquillement \u00e0 travers des pins et des v\u00e9g\u00e9tations typiques de la r\u00e9gion, mais rapidement, le chemin devient plus abrupt, menant les randonneurs \u00e0 des hauteurs vertigineuses. La vue sur la mer M\u00e9diterran\u00e9e devient de plus en plus spectaculaire \u00e0 mesure que l\u2019on prend de l\u2019altitude.<\/p>\n<p data-start=\"1316\" data-end=\"1926\">Au fur et \u00e0 mesure de l&#8217;ascension, le paysage se transforme : les falaises de calcaire blanc, qui caract\u00e9risent la r\u00e9gion, s\u2019\u00e9l\u00e8vent majestueusement de part et d\u2019autre, encerclant la calanque. L\u2019eau, d&#8217;un bleu turquoise presque irr\u00e9el, se d\u00e9voile en contrebas, contrastant magnifiquement avec la roche environnante. Lorsque l\u2019on atteint le sommet de la cr\u00eate, la vue panoramique sur la calanque d\u2019En-Vau, les eaux cristallines et les criques isol\u00e9es est tout simplement exceptionnelle. Ce point de vue surplombant, au sommet des falaises, offre une perspective saisissante et unique de ce site naturel.<\/p>\n<blockquote class=\"instagram-media\" style=\"background: #FFF; border: 0; border-radius: 3px; box-shadow: 0 0 1px 0 rgba(0,0,0,0.5),0 1px 10px 0 rgba(0,0,0,0.15); margin: 1px; max-width: 540px; min-width: 326px; padding: 0; width: calc(100% - 2px);\" data-instgrm-captioned=\"\" data-instgrm-permalink=\"https:\/\/www.instagram.com\/p\/DKXaE3cMyjZ\/?utm_source=ig_embed&amp;utm_campaign=loading\" data-instgrm-version=\"14\">\n<div style=\"padding: 16px;\">\n<p>&nbsp;<\/p>\n<div style=\"display: flex; flex-direction: row; align-items: center;\">\n<div style=\"background-color: #f4f4f4; border-radius: 50%; flex-grow: 0; height: 40px; margin-right: 14px; width: 40px;\"><\/div>\n<div style=\"display: flex; flex-direction: column; flex-grow: 1; justify-content: center;\">\n<div style=\"background-color: #f4f4f4; border-radius: 4px; flex-grow: 0; height: 14px; margin-bottom: 6px; width: 100px;\"><\/div>\n<div style=\"background-color: #f4f4f4; border-radius: 4px; flex-grow: 0; height: 14px; width: 60px;\"><\/div>\n<\/div>\n<\/div>\n<div style=\"padding: 19% 0;\"><\/div>\n<div style=\"display: block; height: 50px; margin: 0 auto 12px; width: 50px;\"><\/div>\n<div style=\"padding-top: 8px;\">\n<div style=\"color: #3897f0; font-family: Arial,sans-serif; font-size: 14px; font-style: normal; font-weight: 550; line-height: 18px;\">Voir cette publication sur Instagram<\/div>\n<\/div>\n<div style=\"padding: 12.5% 0;\"><\/div>\n<div style=\"display: flex; flex-direction: row; margin-bottom: 14px; align-items: center;\">\n<div>\n<div style=\"background-color: #f4f4f4; border-radius: 50%; height: 12.5px; width: 12.5px; transform: translateX(0px) translateY(7px);\"><\/div>\n<div style=\"background-color: #f4f4f4; height: 12.5px; transform: rotate(-45deg) translateX(3px) translateY(1px); width: 12.5px; flex-grow: 0; margin-right: 14px; margin-left: 2px;\"><\/div>\n<div style=\"background-color: #f4f4f4; border-radius: 50%; height: 12.5px; width: 12.5px; transform: translateX(9px) translateY(-18px);\"><\/div>\n<\/div>\n<div style=\"margin-left: 8px;\">\n<div style=\"background-color: #f4f4f4; border-radius: 50%; flex-grow: 0; height: 20px; width: 20px;\"><\/div>\n<div style=\"width: 0; height: 0; border-top: 2px solid transparent; border-left: 6px solid #f4f4f4; border-bottom: 2px solid transparent; transform: translateX(16px) translateY(-4px) rotate(30deg);\"><\/div>\n<\/div>\n<div style=\"margin-left: auto;\">\n<div style=\"width: 0px; border-top: 8px solid #F4F4F4; border-right: 8px solid transparent; transform: translateY(16px);\"><\/div>\n<div style=\"background-color: #f4f4f4; flex-grow: 0; height: 12px; width: 16px; transform: translateY(-4px);\"><\/div>\n<div style=\"width: 0; height: 0; border-top: 8px solid #F4F4F4; border-left: 8px solid transparent; transform: translateY(-4px) translateX(8px);\"><\/div>\n<\/div>\n<\/div>\n<div style=\"display: flex; flex-direction: column; flex-grow: 1; justify-content: center; margin-bottom: 24px;\">\n<div style=\"background-color: #f4f4f4; border-radius: 4px; flex-grow: 0; height: 14px; margin-bottom: 6px; width: 224px;\"><\/div>\n<div style=\"background-color: #f4f4f4; border-radius: 4px; flex-grow: 0; height: 14px; width: 144px;\"><\/div>\n<\/div>\n<p>&nbsp;<\/p>\n<p style=\"color: #c9c8cd; font-family: Arial,sans-serif; font-size: 14px; line-height: 17px; margin-bottom: 0; margin-top: 8px; overflow: hidden; padding: 8px 0 7px; text-align: center; text-overflow: ellipsis; white-space: nowrap;\"><a style=\"color: #c9c8cd; font-family: Arial,sans-serif; font-size: 14px; font-style: normal; font-weight: normal; line-height: 17px; text-decoration: none;\" href=\"https:\/\/www.instagram.com\/p\/DKXaE3cMyjZ\/?utm_source=ig_embed&amp;utm_campaign=loading\" target=\"_blank\" rel=\"noopener\">Une publication partag\u00e9e par Ex\u1d18\u029f\u1d0f\u1d3f\u1d07 R\u1d07\u0301\u0262\u026a\u1d0f\u0274 S\u1d1c\u1d05 (@explore_regionsud)<\/a><\/p>\n<\/div>\n<\/blockquote>\n<p><script async src=\"\/\/www.instagram.com\/embed.js\"><\/script><\/p>\n<h2 data-start=\"1928\" data-end=\"1995\">Un endroit de qui\u00e9tude et de beaut\u00e9, mais qui cache ses secrets<\/h2>\n<p data-start=\"1997\" data-end=\"2481\">La calanque d\u2019En-Vau est \u00e9galement un lieu o\u00f9 la nature sauvage r\u00e8gne en ma\u00eetre. Si la <a href=\"https:\/\/discover.ulysse.com\/200-000-visiteurs-annuels-et-des-plages-de-sable-fin-ce-village-de-vendee-fait-carton-plein\">plage de sable fin<\/a> est souvent pris\u00e9e par les baigneurs, c\u2019est \u00e0 l\u2019abri des regards que la faune locale se cache. Le site est un refuge pour plusieurs esp\u00e8ces marines et d\u2019oiseaux, notamment les faucons p\u00e8lerins et les go\u00e9lands, qui trouvent dans ces falaises escarp\u00e9es un terrain id\u00e9al pour nicher. Ce cadre pr\u00e9serv\u00e9, tout en \u00e9tant accessible, donne un sentiment de tranquillit\u00e9 rare.<\/p>\n<p data-start=\"2483\" data-end=\"2884\">Mais cette beaut\u00e9 a un prix. L\u2019acc\u00e8s \u00e0 la plage est r\u00e9serv\u00e9 aux plus aventuriers. Une fois en bas, apr\u00e8s une descente difficile, la r\u00e9compense est totale. La plage de sable fin, bord\u00e9e d\u2019eaux claires, semble sortie d\u2019une carte postale, entour\u00e9e par les parois rocheuses. L\u2019environnement est naturel, presque sauvage, offrant aux visiteurs l\u2019occasion de se reconnecter compl\u00e8tement avec la nature.<\/p>\n<h2 data-start=\"2886\" data-end=\"2930\">Une randonn\u00e9e exigeante mais gratifiante<\/h2>\n<p data-start=\"2932\" data-end=\"3505\">La <a href=\"https:\/\/discover.ulysse.com\/au-dessus-des-nuages-ce-sentier-de-randonnee-est-lun-des-plus-spectaculaires-au-monde\">randonn\u00e9e<\/a> jusqu&#8217;\u00e0 la calanque d\u2019En-Vau est un d\u00e9fi pour ceux qui recherchent l&#8217;aventure. Toutefois, ce n\u2019est pas un parcours pour les randonneurs d\u00e9butants ou ceux \u00e0 la recherche d\u2019une promenade facile. Le sentier demande une bonne condition physique, surtout pour la mont\u00e9e et la descente, parfois sur des rochers glissants. Les visiteurs doivent aussi \u00eatre \u00e9quip\u00e9s de bonnes chaussures de marche et, en p\u00e9riode estivale, prendre des pr\u00e9cautions contre la chaleur. Il est recommand\u00e9 de partir t\u00f4t le matin ou tard dans l\u2019apr\u00e8s-midi pour \u00e9viter les grosses chaleurs.<\/p>\n<p data-start=\"3507\" data-end=\"3840\">Si certains choisissent de se rendre \u00e0 la calanque en bateau, la randonn\u00e9e reste la mani\u00e8re la plus authentique de d\u00e9couvrir ce site. Et, apr\u00e8s l\u2019effort, la r\u00e9compense est \u00e0 la hauteur : un paysage splendide, une baignade dans des eaux cristallines, et un moment de s\u00e9r\u00e9nit\u00e9 totale au c\u0153ur de l\u2019une des plus belles r\u00e9gions de France.<\/p>\n","protected":false},"excerpt":{"rendered":"<p>Au c\u0153ur de la C\u00f4te Bleue, entre Marseille et Cassis, se trouve l&#8217;une des plus belles calanques de la r\u00e9gion, [&hellip;]<\/p>\n","protected":false},"author":4,"featured_media":34892,"comment_status":"open","ping_status":"closed","sticky":false,"template":"","format":"standard","meta":{"_acf_changed":false,"_sitemap_exclude":false,"_sitemap_priority":"","_sitemap_frequency":"","footnotes":"","rank_math_title":"","rank_math_description":"","rank_math_canonical_url":"","rank_math_focus_keyword":"calanque"},"categories":[3],"tags":[],"class_list":["post-34891","post","type-post","status-publish","format-standard","has-post-thumbnail","hentry","category-voyage"],"acf":[],"_links":{"self":[{"href":"https:\/\/ulysse.com\/news\/wp-json\/wp\/v2\/posts\/34891","targetHints":{"allow":["GET"]}}],"collection":[{"href":"https:\/\/ulysse.com\/news\/wp-json\/wp\/v2\/posts"}],"about":[{"href":"https:\/\/ulysse.com\/news\/wp-json\/wp\/v2\/types\/post"}],"author":[{"embeddable":true,"href":"https:\/\/ulysse.com\/news\/wp-json\/wp\/v2\/users\/4"}],"replies":[{"embeddable":true,"href":"https:\/\/ulysse.com\/news\/wp-json\/wp\/v2\/comments?post=34891"}],"version-history":[{"count":2,"href":"https:\/\/ulysse.com\/news\/wp-json\/wp\/v2\/posts\/34891\/revisions"}],"predecessor-version":[{"id":34894,"href":"https:\/\/ulysse.com\/news\/wp-json\/wp\/v2\/posts\/34891\/revisions\/34894"}],"wp:featuredmedia":[{"embeddable":true,"href":"https:\/\/ulysse.com\/news\/wp-json\/wp\/v2\/media\/34892"}],"wp:attachment":[{"href":"https:\/\/ulysse.com\/news\/wp-json\/wp\/v2\/media?parent=34891"}],"wp:term":[{"taxonomy":"category","embeddable":true,"href":"https:\/\/ulysse.com\/news\/wp-json\/wp\/v2\/categories?post=34891"},{"taxonomy":"post_tag","embeddable":true,"href":"https:\/\/ulysse.com\/news\/wp-json\/wp\/v2\/tags?post=34891"}],"curies":[{"name":"wp","href":"https:\/\/api.w.org\/{rel}","templated":true}]}}