{"id":34935,"date":"2025-09-13T18:00:55","date_gmt":"2025-09-13T17:00:55","guid":{"rendered":"https:\/\/discover.ulysse.com\/?p=34935"},"modified":"2025-09-13T17:36:47","modified_gmt":"2025-09-13T16:36:47","slug":"cette-ville-discrete-dile-de-france-devient-le-refuge-le-plus-sur-de-france","status":"publish","type":"post","link":"https:\/\/ulysse.com\/news\/cette-ville-discrete-dile-de-france-devient-le-refuge-le-plus-sur-de-france","title":{"rendered":"Cette ville discr\u00e8te d\u2019\u00cele-de-France devient le refuge le plus s\u00fbr de France"},"content":{"rendered":"<p data-start=\"231\" data-end=\"857\">Jusqu\u2019ici, Meaux \u00e9voquait davantage un fromage d\u2019exception ou une escale ferroviaire qu\u2019une id\u00e9e de week-end. Mais en 2025, tout bascule. Une distinction inattendue met en lumi\u00e8re cette ville de Seine-et-Marne longtemps discr\u00e8te, mais d\u00e9sormais propuls\u00e9e sous les feux de la rampe. Couronn\u00e9e \u201cville la plus s\u00fbre de France\u201d par un classement national, Meaux change de cat\u00e9gorie dans l\u2019esprit du grand public. Moins d\u2019appr\u00e9hension, plus de curiosit\u00e9. Moins d\u2019image fig\u00e9e, plus d\u2019\u00e9lan. Et si ce nouveau statut \u00e9tait l\u2019opportunit\u00e9 r\u00eav\u00e9e pour red\u00e9couvrir un territoire encore sous-estim\u00e9 et pourtant riche de charme et d\u2019histoire ?<\/p>\n<h2 data-start=\"859\" data-end=\"932\">La s\u00e9curit\u00e9 devient un atout incontournable pour attirer les visiteurs<\/h2>\n<p data-start=\"934\" data-end=\"1731\">La s\u00e9curit\u00e9 n\u2019a jamais \u00e9t\u00e9 aussi centrale dans les choix de voyage. Alors que les grandes m\u00e9tropoles europ\u00e9ennes enregistrent des pics de d\u00e9linquance, Meaux tire son \u00e9pingle du jeu. Selon le <a href=\"https:\/\/www.valeursactuelles.com\/clubvaleurs\/societe\/la-premiere-mission-dun-maire-est-de-tout-faire-pour-proteger-ses-habitants-explique-jean-francois-cope\" target=\"_blank\" rel=\"noopener\">classement 2025 de Valeurs Actuelles<\/a>, qui \u00e9value les communes de plus de 50 000 habitants selon plusieurs crit\u00e8res s\u00e9curitaires, Meaux se place en t\u00eate du palmar\u00e8s. Si le d\u00e9bat autour de la m\u00e9thodologie existe, le symbole reste puissant : cette reconnaissance transforme l\u2019image de la ville. Les visiteurs s\u2019y prom\u00e8nent au bord de la Marne ou dans ses rues pav\u00e9es sans inqui\u00e9tude, profitant pleinement de la ville. Cette nouvelle perception change l\u2019approche des touristes et des familles, qui n\u2019h\u00e9sitent plus \u00e0 envisager un week-end ou une escapade plus longue \u00e0 Meaux, alliant s\u00e9curit\u00e9 et qualit\u00e9 de vie.<\/p>\n<h2 data-start=\"1733\" data-end=\"1791\">Le classement dynamise le tourisme et l\u2019\u00e9conomie locale<\/h2>\n<p data-start=\"1793\" data-end=\"2538\">Au-del\u00e0 de la reconnaissance symbolique, le titre de ville la plus s\u00fbre agit comme un moteur \u00e9conomique concret. Les h\u00f4tels ind\u00e9pendants de Meaux voient d\u00e9j\u00e0 une augmentation de leurs r\u00e9servations, tandis que l\u2019office de tourisme constate un flux de visiteurs venus de toute l\u2019\u00cele-de-France et au-del\u00e0. Les commerces du centre-ville profitent \u00e9galement de cette nouvelle client\u00e8le, plus rassur\u00e9e et pr\u00eate \u00e0 s\u00e9journer plus longtemps. Selon les acteurs locaux, le tourisme pourrait augmenter de 15 \u00e0 20 % sur l\u2019ann\u00e9e, un chiffre prometteur pour une ville de 55 000 habitants. Ce \u201clabel de confiance\u201d gratuit valorise Meaux et attire des visiteurs qui recherchent \u00e0 la fois le patrimoine historique et un environnement s\u00e9curis\u00e9 pour leurs vacances.<\/p>\n<h2 data-start=\"2540\" data-end=\"2610\">Meaux d\u00e9voile son patrimoine et ses espaces de d\u00e9tente insoup\u00e7onn\u00e9s<\/h2>\n<p data-start=\"2612\" data-end=\"3301\">Si la s\u00e9curit\u00e9 attire, le charme retient. Meaux se r\u00e9v\u00e8le comme une ville riche et vari\u00e9e. La cath\u00e9drale Saint-\u00c9tienne, joyau gothique, domine la vieille ville et offre un panorama sur l\u2019histoire m\u00e9di\u00e9vale du territoire. Les anciennes enceintes murales et le jardin Bossuet racontent un pass\u00e9 strat\u00e9gique et culturel, tandis que les bords de Marne s\u2019\u00e9tendent sur plusieurs kilom\u00e8tres pour des promenades paisibles. March\u00e9s locaux, expositions et \u00e9v\u00e9nements culturels ponctuent la vie quotidienne. Que ce soit pour une escapade d\u2019une journ\u00e9e ou un s\u00e9jour prolong\u00e9, Meaux offre un \u00e9quilibre unique entre patrimoine, nature et dynamisme urbain, surprenant tous ceux qui franchissent ses rues.<\/p>\n<h2 data-start=\"3303\" data-end=\"3377\">Une ville qui change de regard et qui attire d\u00e9sormais tous les regards<\/h2>\n<p data-start=\"3379\" data-end=\"3917\">Le classement de Meaux en t\u00eate des villes les plus s\u00fbres de France redessine sa r\u00e9putation. La ville qui semblait avant tout un point sur la carte ou une \u00e9tape ferroviaire devient un lieu de destination incontournable en \u00cele-de-France. Les visiteurs d\u00e9couvrent un territoire accueillant, o\u00f9 le pass\u00e9 se conjugue avec un pr\u00e9sent paisible et vivant. Meaux prouve qu\u2019une ville peut transformer son image en misant sur la s\u00e9curit\u00e9 et le patrimoine, attirant touristes et habitants curieux de d\u00e9couvrir une nouvelle facette de l\u2019\u00cele-de-France.<\/p>\n","protected":false},"excerpt":{"rendered":"<p>Jusqu\u2019ici, Meaux \u00e9voquait davantage un fromage d\u2019exception ou une escale ferroviaire qu\u2019une id\u00e9e de week-end. Mais en 2025, tout bascule. [&hellip;]<\/p>\n","protected":false},"author":4,"featured_media":34979,"comment_status":"open","ping_status":"closed","sticky":false,"template":"","format":"standard","meta":{"_acf_changed":false,"_sitemap_exclude":false,"_sitemap_priority":"","_sitemap_frequency":"","footnotes":"","rank_math_title":"","rank_math_description":"","rank_math_canonical_url":"","rank_math_focus_keyword":"\u00cele-de-France"},"categories":[3],"tags":[],"class_list":["post-34935","post","type-post","status-publish","format-standard","has-post-thumbnail","hentry","category-voyage"],"acf":[],"_links":{"self":[{"href":"https:\/\/ulysse.com\/news\/wp-json\/wp\/v2\/posts\/34935","targetHints":{"allow":["GET"]}}],"collection":[{"href":"https:\/\/ulysse.com\/news\/wp-json\/wp\/v2\/posts"}],"about":[{"href":"https:\/\/ulysse.com\/news\/wp-json\/wp\/v2\/types\/post"}],"author":[{"embeddable":true,"href":"https:\/\/ulysse.com\/news\/wp-json\/wp\/v2\/users\/4"}],"replies":[{"embeddable":true,"href":"https:\/\/ulysse.com\/news\/wp-json\/wp\/v2\/comments?post=34935"}],"version-history":[{"count":2,"href":"https:\/\/ulysse.com\/news\/wp-json\/wp\/v2\/posts\/34935\/revisions"}],"predecessor-version":[{"id":34980,"href":"https:\/\/ulysse.com\/news\/wp-json\/wp\/v2\/posts\/34935\/revisions\/34980"}],"wp:featuredmedia":[{"embeddable":true,"href":"https:\/\/ulysse.com\/news\/wp-json\/wp\/v2\/media\/34979"}],"wp:attachment":[{"href":"https:\/\/ulysse.com\/news\/wp-json\/wp\/v2\/media?parent=34935"}],"wp:term":[{"taxonomy":"category","embeddable":true,"href":"https:\/\/ulysse.com\/news\/wp-json\/wp\/v2\/categories?post=34935"},{"taxonomy":"post_tag","embeddable":true,"href":"https:\/\/ulysse.com\/news\/wp-json\/wp\/v2\/tags?post=34935"}],"curies":[{"name":"wp","href":"https:\/\/api.w.org\/{rel}","templated":true}]}}