{"id":34954,"date":"2025-09-13T13:00:31","date_gmt":"2025-09-13T12:00:31","guid":{"rendered":"https:\/\/discover.ulysse.com\/?p=34954"},"modified":"2025-09-12T20:39:42","modified_gmt":"2025-09-12T19:39:42","slug":"destinations-europeennes-mois-novembre-automne","status":"publish","type":"post","link":"https:\/\/ulysse.com\/news\/destinations-europeennes-mois-novembre-automne","title":{"rendered":"\u00c9vasion garantie : ces destinations europ\u00e9ennes d\u00e9di\u00e9es au mois de novembre vous feront oublier l\u2019automne !"},"content":{"rendered":"<p><span style=\"font-weight: 400;\">\u00a0Le <strong>mois de novembre<\/strong>, souvent synonyme de grisaille et de journ\u00e9es qui raccourcissent, peut devenir la p\u00e9riode id\u00e9ale pour s\u2019\u00e9vader ! Pourquoi attendre le printemps pour partir \u00e0 la d\u00e9couverte de nouvelles destinations ? Si vous r\u00eavez de soleil, de paysages \u00e0 couper le souffle et d&#8217;activit\u00e9s funs, il est temps de faire vos valises. Ces <strong>destinations europ\u00e9ennes<\/strong>, parfaites en novembre, vous feront oublier le froid et la pluie de l&#8217;automne. Attachez vos ceintures, l&#8217;aventure commence ici !<\/span><\/p>\n<h2><b>Lisbonne : quand la douceur portugaise r\u00e9chauffe votre c\u0153ur<\/b><\/h2>\n<p><span style=\"font-weight: 400;\">Qui a dit que l&#8217;automne devait \u00eatre synonyme de pluie et de vent ? \u00c0 <a href=\"https:\/\/discover.ulysse.com\/lisbonne-une-ville-en-deuil-17-morts-apres-le-deraillement-dun-funiculaire-touristique\">Lisbonne<\/a>, le soleil brille presque toute l&#8217;ann\u00e9e. En novembre, la capitale du<strong> Portugal<\/strong> vous offre une temp\u00e9rature douce, autour de 18\u00b0C, parfaite pour une escapade citadine. Imaginez-vous fl\u00e2ner dans les ruelles pav\u00e9es de <strong>l&#8217;Alfama<\/strong>, boire un caf\u00e9 en terrasse en \u00e9coutant les vagues se briser contre les rochers, ou encore admirer le coucher de soleil depuis le<strong> mirador de Santa Catarina.<\/strong> Le charme de Lisbonne r\u00e9side dans ses petites ruelles color\u00e9es, ses azulejos, et ses tramways jaunes embl\u00e9matiques qui d\u00e9valent les collines.<\/span><\/p>\n<p><span style=\"font-weight: 400;\">Mais Lisbonne, ce n&#8217;est pas que des panoramas \u00e9poustouflants, c\u2019est aussi une ville dynamique, o\u00f9 l\u2019art et la culture sont omnipr\u00e9sents. Entre une visite \u00e0 la <strong>Tour de Bel\u00e9m<\/strong>, un passage par le <strong>mus\u00e9e MAAT<\/strong>, et une balade dans le quartier boh\u00e8me de Baixa, il y en a pour tous les go\u00fbts. De plus, en novembre, les prix des h\u00f4tels sont beaucoup plus abordables qu\u2019en \u00e9t\u00e9, alors pourquoi ne pas en profiter ?<\/span><\/p>\n<p><span style=\"font-weight: 400;\">Vous pouvez rejoindre Lisbonne facilement en train depuis Paris, avec une liaison via Hendaye, en environ 14 heures. Sinon, les vols directs depuis les grandes villes fran\u00e7aises comme Paris ou Lyon ne durent que 2h30 et co\u00fbtent g\u00e9n\u00e9ralement entre 50 et 100 \u20ac pour un aller-retour.<\/span><\/p>\n<blockquote class=\"instagram-media\" style=\"background: #FFF; border: 0; border-radius: 3px; margin: 1px; max-width: 540px; min-width: 326px; padding: 0; width: calc(100% - 2px);\" data-instgrm-captioned=\"\" data-instgrm-permalink=\"https:\/\/www.instagram.com\/p\/DN55T7WAf9S\/?utm_source=ig_embed&amp;utm_campaign=loading\" data-instgrm-version=\"14\">\n<div style=\"padding: 16px;\">\n<p>&nbsp;<\/p>\n<div style=\"flex-direction: row; align-items: center;\">\n<div style=\"background-color: #f4f4f4; border-radius: 50%; flex-grow: 0; height: 40px; margin-right: 14px; width: 40px;\"><\/div>\n<div style=\"flex-direction: column; flex-grow: 1; justify-content: center;\">\n<div style=\"background-color: #f4f4f4; border-radius: 4px; flex-grow: 0; height: 14px; margin-bottom: 6px; width: 100px;\"><\/div>\n<div style=\"background-color: #f4f4f4; border-radius: 4px; flex-grow: 0; height: 14px; width: 60px;\"><\/div>\n<\/div>\n<\/div>\n<div style=\"padding: 19% 0;\"><\/div>\n<div style=\"height: 50px; margin: 0 auto 12px; width: 50px;\"><\/div>\n<div style=\"padding-top: 8px;\">\n<div style=\"color: #3897f0; font-family: Arial,sans-serif; font-size: 14px; font-style: normal; font-weight: 550; line-height: 18px;\">Voir cette publication sur Instagram<\/div>\n<\/div>\n<div style=\"padding: 12.5% 0;\"><\/div>\n<div style=\"flex-direction: row; margin-bottom: 14px; align-items: center;\">\n<div>\n<div style=\"background-color: #f4f4f4; border-radius: 50%; height: 12.5px; width: 12.5px;\"><\/div>\n<div style=\"background-color: #f4f4f4; height: 12.5px; width: 12.5px; flex-grow: 0; margin-right: 14px; margin-left: 2px;\"><\/div>\n<div style=\"background-color: #f4f4f4; border-radius: 50%; height: 12.5px; width: 12.5px;\"><\/div>\n<\/div>\n<div style=\"margin-left: 8px;\">\n<div style=\"background-color: #f4f4f4; border-radius: 50%; flex-grow: 0; height: 20px; width: 20px;\"><\/div>\n<div style=\"width: 0; height: 0; border-top: 2px solid transparent; border-left: 6px solid #f4f4f4; border-bottom: 2px solid transparent;\"><\/div>\n<\/div>\n<div style=\"margin-left: auto;\">\n<div style=\"width: 0px; border-top: 8px solid #F4F4F4; border-right: 8px solid transparent;\"><\/div>\n<div style=\"background-color: #f4f4f4; flex-grow: 0; height: 12px; width: 16px;\"><\/div>\n<div style=\"width: 0; height: 0; border-top: 8px solid #F4F4F4; border-left: 8px solid transparent;\"><\/div>\n<\/div>\n<\/div>\n<div style=\"flex-direction: column; flex-grow: 1; justify-content: center; margin-bottom: 24px;\">\n<div style=\"background-color: #f4f4f4; border-radius: 4px; flex-grow: 0; height: 14px; margin-bottom: 6px; width: 224px;\"><\/div>\n<div style=\"background-color: #f4f4f4; border-radius: 4px; flex-grow: 0; height: 14px; width: 144px;\"><\/div>\n<\/div>\n<p>&nbsp;<\/p>\n<p style=\"color: #c9c8cd; font-family: Arial,sans-serif; font-size: 14px; line-height: 17px; margin-bottom: 0; margin-top: 8px; overflow: hidden; padding: 8px 0 7px; text-align: center;\"><a style=\"color: #c9c8cd; font-family: Arial,sans-serif; font-size: 14px; font-style: normal; font-weight: normal; line-height: 17px; text-decoration: none;\" href=\"https:\/\/www.instagram.com\/p\/DN55T7WAf9S\/?utm_source=ig_embed&amp;utm_campaign=loading\" target=\"_blank\" rel=\"noopener\">Une publication partag\u00e9e par Visit Lisboa (@visit_lisboa)<\/a><\/p>\n<\/div>\n<\/blockquote>\n<h2><b>Barcelone : la ville o\u00f9 l\u2019automne se transforme en fiesta<\/b><\/h2>\n<p><span style=\"font-weight: 400;\">Qui a dit qu\u2019il fallait attendre l\u2019\u00e9t\u00e9 pour profiter de l\u2019Espagne ? <a href=\"https:\/\/discover.ulysse.com\/barcelone-bientot-blacklistee-par-les-touristes-pour-cette-plage-situee-a-seulement-30-minutes\">Barcelone<\/a>, c\u2019est un peu le cocktail parfait entre culture, architecture et ambiance festive. En novembre, la ville conserve une temp\u00e9rature douce, autour de 20\u00b0C, id\u00e9ale pour arpenter les c\u00e9l\u00e8bres <strong>Ramblas<\/strong> ou fl\u00e2ner dans les jardins de la<strong> Sagrada Fam\u00edlia<\/strong>. Si la plage n\u2019est peut-\u00eatre pas au programme, vous pouvez tout de m\u00eame vous impr\u00e9gner de l\u2019atmosph\u00e8re m\u00e9diterran\u00e9enne en d\u00e9gustant un verre de sangria face \u00e0 la mer.<\/span><\/p>\n<p><span style=\"font-weight: 400;\">La ville est un v\u00e9ritable mus\u00e9e \u00e0 ciel ouvert, avec des \u0153uvres de Gaud\u00ed qui se d\u00e9voilent \u00e0 chaque coin de rue : la<strong> Casa Batll\u00f3, le Parc G\u00fcell<\/strong>, ou encore la majestueuse Sagrada Fam\u00edlia, symbole de la ville. Et si vous avez encore de l\u2019\u00e9nergie, rien de tel qu\u2019un petit tour dans le quartier du <strong>Born<\/strong>, entre boutiques branch\u00e9es et tapas d\u00e9lectables. Barcelone en novembre, c\u2019est une ville vibrante o\u00f9 l\u2019automne se transforme en une explosion de couleurs et de vie.<\/span><\/p>\n<p><span style=\"font-weight: 400;\">Depuis Paris, vous pouvez rejoindre Barcelone en train en environ 6 heures, ou opter pour un vol direct d\u2019une heure et demie. Les prix des billets sont abordables, oscillant entre 40 et 90 \u20ac en fonction de la p\u00e9riode.<\/span><\/p>\n<blockquote class=\"instagram-media\" style=\"background: #FFF; border: 0; border-radius: 3px; margin: 1px; max-width: 540px; min-width: 326px; padding: 0; width: calc(100% - 2px);\" data-instgrm-captioned=\"\" data-instgrm-permalink=\"https:\/\/www.instagram.com\/reel\/DOD98C-ksuy\/?utm_source=ig_embed&amp;utm_campaign=loading\" data-instgrm-version=\"14\">\n<div style=\"padding: 16px;\">\n<p>&nbsp;<\/p>\n<div style=\"flex-direction: row; align-items: center;\">\n<div style=\"background-color: #f4f4f4; border-radius: 50%; flex-grow: 0; height: 40px; margin-right: 14px; width: 40px;\"><\/div>\n<div style=\"flex-direction: column; flex-grow: 1; justify-content: center;\">\n<div style=\"background-color: #f4f4f4; border-radius: 4px; flex-grow: 0; height: 14px; margin-bottom: 6px; width: 100px;\"><\/div>\n<div style=\"background-color: #f4f4f4; border-radius: 4px; flex-grow: 0; height: 14px; width: 60px;\"><\/div>\n<\/div>\n<\/div>\n<div style=\"padding: 19% 0;\"><\/div>\n<div style=\"height: 50px; margin: 0 auto 12px; width: 50px;\"><\/div>\n<div style=\"padding-top: 8px;\">\n<div style=\"color: #3897f0; font-family: Arial,sans-serif; font-size: 14px; font-style: normal; font-weight: 550; line-height: 18px;\">Voir cette publication sur Instagram<\/div>\n<\/div>\n<div style=\"padding: 12.5% 0;\"><\/div>\n<div style=\"flex-direction: row; margin-bottom: 14px; align-items: center;\">\n<div>\n<div style=\"background-color: #f4f4f4; border-radius: 50%; height: 12.5px; width: 12.5px;\"><\/div>\n<div style=\"background-color: #f4f4f4; height: 12.5px; width: 12.5px; flex-grow: 0; margin-right: 14px; margin-left: 2px;\"><\/div>\n<div style=\"background-color: #f4f4f4; border-radius: 50%; height: 12.5px; width: 12.5px;\"><\/div>\n<\/div>\n<div style=\"margin-left: 8px;\">\n<div style=\"background-color: #f4f4f4; border-radius: 50%; flex-grow: 0; height: 20px; width: 20px;\"><\/div>\n<div style=\"width: 0; height: 0; border-top: 2px solid transparent; border-left: 6px solid #f4f4f4; border-bottom: 2px solid transparent;\"><\/div>\n<\/div>\n<div style=\"margin-left: auto;\">\n<div style=\"width: 0px; border-top: 8px solid #F4F4F4; border-right: 8px solid transparent;\"><\/div>\n<div style=\"background-color: #f4f4f4; flex-grow: 0; height: 12px; width: 16px;\"><\/div>\n<div style=\"width: 0; height: 0; border-top: 8px solid #F4F4F4; border-left: 8px solid transparent;\"><\/div>\n<\/div>\n<\/div>\n<div style=\"flex-direction: column; flex-grow: 1; justify-content: center; margin-bottom: 24px;\">\n<div style=\"background-color: #f4f4f4; border-radius: 4px; flex-grow: 0; height: 14px; margin-bottom: 6px; width: 224px;\"><\/div>\n<div style=\"background-color: #f4f4f4; border-radius: 4px; flex-grow: 0; height: 14px; width: 144px;\"><\/div>\n<\/div>\n<p>&nbsp;<\/p>\n<p style=\"color: #c9c8cd; font-family: Arial,sans-serif; font-size: 14px; line-height: 17px; margin-bottom: 0; margin-top: 8px; overflow: hidden; padding: 8px 0 7px; text-align: center;\"><a style=\"color: #c9c8cd; font-family: Arial,sans-serif; font-size: 14px; font-style: normal; font-weight: normal; line-height: 17px; text-decoration: none;\" href=\"https:\/\/www.instagram.com\/reel\/DOD98C-ksuy\/?utm_source=ig_embed&amp;utm_campaign=loading\" target=\"_blank\" rel=\"noopener\">Une publication partag\u00e9e par Barcelona (@barcelona)<\/a><\/p>\n<\/div>\n<\/blockquote>\n<h2><b>Rome : une immersion automnale dans l\u2019histoire<\/b><\/h2>\n<p><span style=\"font-weight: 400;\">Envie d\u2019un voyage qui allie douceur m\u00e9diterran\u00e9enne et immersion historique ? Direction <strong>Rome<\/strong>, la capitale italienne, qui saura vous s\u00e9duire par son charme intemporel et ses monuments antiques. En novembre, les temp\u00e9ratures avoisinent les 15 \u00e0 18\u00b0C, un climat id\u00e9al pour se promener sur la Via dei Fori Imperiali, entre les vestiges majestueux du <strong>Forum Romain et le Colis\u00e9e<\/strong>. Rien de tel que de fl\u00e2ner dans les ruelles pav\u00e9es de Trastevere, un quartier pittoresque o\u00f9 les bars et trattorias vous accueillent pour une soir\u00e9e conviviale.<\/span><\/p>\n<p><span style=\"font-weight: 400;\">Les temp\u00e9ratures cl\u00e9mentes de novembre permettent \u00e9galement de visiter des lieux embl\u00e9matiques sans la foule estivale : la <strong>Fontaine de Trevi<\/strong>, le<strong> Panth\u00e9on<\/strong>, ou encore la<strong> Cit\u00e9 du Vatican<\/strong>. Et que dire de la cuisine italienne ? En automne, les p\u00e2tes fra\u00eeches, les truffes et les vins locaux r\u00e9chauffent le c\u0153ur et l\u2019esprit. C\u2019est l\u2019occasion de savourer un v\u00e9ritable cappuccino romain dans l\u2019une des places historiques de la ville, tout en laissant la magie de la ville op\u00e9rer.<\/span><\/p>\n<p><span style=\"font-weight: 400;\">Rome est accessible depuis Paris en environ 2h30 de vol direct, ou via un trajet en train d\u2019environ 14 heures, avec un changement \u00e0 Milan. C\u00f4t\u00e9 budget, un vol aller-retour en novembre est souvent propos\u00e9 entre 60 et 120 \u20ac.<\/span><\/p>\n<blockquote class=\"instagram-media\" style=\"background: #FFF; border: 0; border-radius: 3px; margin: 1px; max-width: 540px; min-width: 326px; padding: 0; width: calc(100% - 2px);\" data-instgrm-captioned=\"\" data-instgrm-permalink=\"https:\/\/www.instagram.com\/p\/CzrjMbpM_Wv\/?utm_source=ig_embed&amp;utm_campaign=loading\" data-instgrm-version=\"14\">\n<div style=\"padding: 16px;\">\n<p>&nbsp;<\/p>\n<div style=\"flex-direction: row; align-items: center;\">\n<div style=\"background-color: #f4f4f4; border-radius: 50%; flex-grow: 0; height: 40px; margin-right: 14px; width: 40px;\"><\/div>\n<div style=\"flex-direction: column; flex-grow: 1; justify-content: center;\">\n<div style=\"background-color: #f4f4f4; border-radius: 4px; flex-grow: 0; height: 14px; margin-bottom: 6px; width: 100px;\"><\/div>\n<div style=\"background-color: #f4f4f4; border-radius: 4px; flex-grow: 0; height: 14px; width: 60px;\"><\/div>\n<\/div>\n<\/div>\n<div style=\"padding: 19% 0;\"><\/div>\n<div style=\"height: 50px; margin: 0 auto 12px; width: 50px;\"><\/div>\n<div style=\"padding-top: 8px;\">\n<div style=\"color: #3897f0; font-family: Arial,sans-serif; font-size: 14px; font-style: normal; font-weight: 550; line-height: 18px;\">Voir cette publication sur Instagram<\/div>\n<\/div>\n<div style=\"padding: 12.5% 0;\"><\/div>\n<div style=\"flex-direction: row; margin-bottom: 14px; align-items: center;\">\n<div>\n<div style=\"background-color: #f4f4f4; border-radius: 50%; height: 12.5px; width: 12.5px;\"><\/div>\n<div style=\"background-color: #f4f4f4; height: 12.5px; width: 12.5px; flex-grow: 0; margin-right: 14px; margin-left: 2px;\"><\/div>\n<div style=\"background-color: #f4f4f4; border-radius: 50%; height: 12.5px; width: 12.5px;\"><\/div>\n<\/div>\n<div style=\"margin-left: 8px;\">\n<div style=\"background-color: #f4f4f4; border-radius: 50%; flex-grow: 0; height: 20px; width: 20px;\"><\/div>\n<div style=\"width: 0; height: 0; border-top: 2px solid transparent; border-left: 6px solid #f4f4f4; border-bottom: 2px solid transparent;\"><\/div>\n<\/div>\n<div style=\"margin-left: auto;\">\n<div style=\"width: 0px; border-top: 8px solid #F4F4F4; border-right: 8px solid transparent;\"><\/div>\n<div style=\"background-color: #f4f4f4; flex-grow: 0; height: 12px; width: 16px;\"><\/div>\n<div style=\"width: 0; height: 0; border-top: 8px solid #F4F4F4; border-left: 8px solid transparent;\"><\/div>\n<\/div>\n<\/div>\n<div style=\"flex-direction: column; flex-grow: 1; justify-content: center; margin-bottom: 24px;\">\n<div style=\"background-color: #f4f4f4; border-radius: 4px; flex-grow: 0; height: 14px; margin-bottom: 6px; width: 224px;\"><\/div>\n<div style=\"background-color: #f4f4f4; border-radius: 4px; flex-grow: 0; height: 14px; width: 144px;\"><\/div>\n<\/div>\n<p>&nbsp;<\/p>\n<p style=\"color: #c9c8cd; font-family: Arial,sans-serif; font-size: 14px; line-height: 17px; margin-bottom: 0; margin-top: 8px; overflow: hidden; padding: 8px 0 7px; text-align: center;\"><a style=\"color: #c9c8cd; font-family: Arial,sans-serif; font-size: 14px; font-style: normal; font-weight: normal; line-height: 17px; text-decoration: none;\" href=\"https:\/\/www.instagram.com\/p\/CzrjMbpM_Wv\/?utm_source=ig_embed&amp;utm_campaign=loading\" target=\"_blank\" rel=\"noopener\">Une publication partag\u00e9e par Eva Seeks | Sydney, Australia Travel &amp; Stays (@evaseeks)<\/a><\/p>\n<\/div>\n<\/blockquote>\n<h2><b>La C\u00f4te d&#8217;Azur : l\u2019automne version chic et ensoleill\u00e9e<\/b><\/h2>\n<p><span style=\"font-weight: 400;\">Qui a dit que la <strong>C\u00f4te d&#8217;Azur<\/strong> \u00e9tait une destination r\u00e9serv\u00e9e \u00e0 l\u2019\u00e9t\u00e9 ? En novembre<strong>, Nice, Cannes<\/strong> et leurs alentours offrent un cadre idyllique, loin de l\u2019agitation des mois estivaux. Le soleil brille encore sur la baie des Anges, et les temp\u00e9ratures restent douces, autour de 18\u00b0C. Promenez-vous sur la Promenade des Anglais, en admirant les palmiers qui dansent au rythme du vent, ou fl\u00e2nez dans les ruelles de Vieux-Nice, entre march\u00e9s proven\u00e7aux et \u00e9choppes color\u00e9es.<\/span><\/p>\n<p><span style=\"font-weight: 400;\">L\u2019automne sur la C\u00f4te d\u2019Azur, c\u2019est aussi l\u2019occasion d\u2019explorer les villages perch\u00e9s de l\u2019arri\u00e8re-pays ni\u00e7ois, comme \u00c8ze ou Saint-Paul-de-Vence. Vous pourrez y d\u00e9couvrir des panoramas \u00e9poustouflants, tout en profitant de la tranquillit\u00e9 de la saison basse. Quant \u00e0 la gastronomie, laissez-vous tenter par les sp\u00e9cialit\u00e9s locales comme la socca ou la tapenade, accompagn\u00e9es d\u2019un verre de ros\u00e9 sous le ciel azur.<\/span><\/p>\n<p><span style=\"font-weight: 400;\">De Paris \u00e0 Nice, il vous suffit de 5 heures en TGV pour rejoindre cette destination ensoleill\u00e9e. Sinon, un vol direct depuis la capitale ne dure qu\u2019une heure et demi et les prix sont g\u00e9n\u00e9ralement autour de 50 \u00e0 100 \u20ac.<\/span><\/p>\n<blockquote class=\"instagram-media\" style=\"background: #FFF; border: 0; border-radius: 3px; margin: 1px; max-width: 540px; min-width: 326px; padding: 0; width: calc(100% - 2px);\" data-instgrm-captioned=\"\" data-instgrm-permalink=\"https:\/\/www.instagram.com\/reel\/DNsDF5E0AoF\/?utm_source=ig_embed&amp;utm_campaign=loading\" data-instgrm-version=\"14\">\n<div style=\"padding: 16px;\">\n<p>&nbsp;<\/p>\n<div style=\"flex-direction: row; align-items: center;\">\n<div style=\"background-color: #f4f4f4; border-radius: 50%; flex-grow: 0; height: 40px; margin-right: 14px; width: 40px;\"><\/div>\n<div style=\"flex-direction: column; flex-grow: 1; justify-content: center;\">\n<div style=\"background-color: #f4f4f4; border-radius: 4px; flex-grow: 0; height: 14px; margin-bottom: 6px; width: 100px;\"><\/div>\n<div style=\"background-color: #f4f4f4; border-radius: 4px; flex-grow: 0; height: 14px; width: 60px;\"><\/div>\n<\/div>\n<\/div>\n<div style=\"padding: 19% 0;\"><\/div>\n<div style=\"height: 50px; margin: 0 auto 12px; width: 50px;\"><\/div>\n<div style=\"padding-top: 8px;\">\n<div style=\"color: #3897f0; font-family: Arial,sans-serif; font-size: 14px; font-style: normal; font-weight: 550; line-height: 18px;\">Voir cette publication sur Instagram<\/div>\n<\/div>\n<div style=\"padding: 12.5% 0;\"><\/div>\n<div style=\"flex-direction: row; margin-bottom: 14px; align-items: center;\">\n<div>\n<div style=\"background-color: #f4f4f4; border-radius: 50%; height: 12.5px; width: 12.5px;\"><\/div>\n<div style=\"background-color: #f4f4f4; height: 12.5px; width: 12.5px; flex-grow: 0; margin-right: 14px; margin-left: 2px;\"><\/div>\n<div style=\"background-color: #f4f4f4; border-radius: 50%; height: 12.5px; width: 12.5px;\"><\/div>\n<\/div>\n<div style=\"margin-left: 8px;\">\n<div style=\"background-color: #f4f4f4; border-radius: 50%; flex-grow: 0; height: 20px; width: 20px;\"><\/div>\n<div style=\"width: 0; height: 0; border-top: 2px solid transparent; border-left: 6px solid #f4f4f4; border-bottom: 2px solid transparent;\"><\/div>\n<\/div>\n<div style=\"margin-left: auto;\">\n<div style=\"width: 0px; border-top: 8px solid #F4F4F4; border-right: 8px solid transparent;\"><\/div>\n<div style=\"background-color: #f4f4f4; flex-grow: 0; height: 12px; width: 16px;\"><\/div>\n<div style=\"width: 0; height: 0; border-top: 8px solid #F4F4F4; border-left: 8px solid transparent;\"><\/div>\n<\/div>\n<\/div>\n<div style=\"flex-direction: column; flex-grow: 1; justify-content: center; margin-bottom: 24px;\">\n<div style=\"background-color: #f4f4f4; border-radius: 4px; flex-grow: 0; height: 14px; margin-bottom: 6px; width: 224px;\"><\/div>\n<div style=\"background-color: #f4f4f4; border-radius: 4px; flex-grow: 0; height: 14px; width: 144px;\"><\/div>\n<\/div>\n<p>&nbsp;<\/p>\n<p style=\"color: #c9c8cd; font-family: Arial,sans-serif; font-size: 14px; line-height: 17px; margin-bottom: 0; margin-top: 8px; overflow: hidden; padding: 8px 0 7px; text-align: center;\"><a style=\"color: #c9c8cd; font-family: Arial,sans-serif; font-size: 14px; font-style: normal; font-weight: normal; line-height: 17px; text-decoration: none;\" href=\"https:\/\/www.instagram.com\/reel\/DNsDF5E0AoF\/?utm_source=ig_embed&amp;utm_campaign=loading\" target=\"_blank\" rel=\"noopener\">Une publication partag\u00e9e par C\u00f4te d&#8217;Azur France (@visitcotedazur)<\/a><\/p>\n<\/div>\n<\/blockquote>\n<h2><b>L\u2019automne n\u2019a jamais \u00e9t\u00e9 aussi fun !<\/b><\/h2>\n<p><b><br \/>\n<\/b><span style=\"font-weight: 400;\"> Qui a dit que novembre \u00e9tait une p\u00e9riode pour se r\u00e9fugier sous les couvertures ? Avec ces destinations europ\u00e9ennes, vous oublierez vite la grisaille. De Lisbonne \u00e0 la C\u00f4te d&#8217;Azur, en passant par Barcelone et Rome, il y a mille fa\u00e7ons de profiter d&#8217;un automne aux saveurs m\u00e9diterran\u00e9ennes. Alors, que vous soyez passionn\u00e9 d&#8217;histoire, amateur de soleil ou adepte de bons repas, ces villes vous attendent avec leurs couleurs chatoyantes et leurs ambiances chaleureuses. Pourquoi attendre le printemps quand l\u2019automne peut \u00eatre aussi incroyable ?<\/span><\/p>\n","protected":false},"excerpt":{"rendered":"<p>\u00a0Le mois de novembre, souvent synonyme de grisaille et de journ\u00e9es qui raccourcissent, peut devenir la p\u00e9riode id\u00e9ale pour s\u2019\u00e9vader [&hellip;]<\/p>\n","protected":false},"author":3,"featured_media":34955,"comment_status":"open","ping_status":"closed","sticky":false,"template":"","format":"standard","meta":{"_acf_changed":false,"_sitemap_exclude":false,"_sitemap_priority":"","_sitemap_frequency":"","footnotes":"","rank_math_title":"","rank_math_description":"Oubliez l\u2019automne et laissez-vous s\u00e9duire par ces destinations europ\u00e9ennes en novembre : soleil, culture et d\u00e9couvertes au rendez-vous !\n","rank_math_canonical_url":"","rank_math_focus_keyword":"destination,novembre"},"categories":[3],"tags":[],"class_list":["post-34954","post","type-post","status-publish","format-standard","has-post-thumbnail","hentry","category-voyage"],"acf":[],"_links":{"self":[{"href":"https:\/\/ulysse.com\/news\/wp-json\/wp\/v2\/posts\/34954","targetHints":{"allow":["GET"]}}],"collection":[{"href":"https:\/\/ulysse.com\/news\/wp-json\/wp\/v2\/posts"}],"about":[{"href":"https:\/\/ulysse.com\/news\/wp-json\/wp\/v2\/types\/post"}],"author":[{"embeddable":true,"href":"https:\/\/ulysse.com\/news\/wp-json\/wp\/v2\/users\/3"}],"replies":[{"embeddable":true,"href":"https:\/\/ulysse.com\/news\/wp-json\/wp\/v2\/comments?post=34954"}],"version-history":[{"count":2,"href":"https:\/\/ulysse.com\/news\/wp-json\/wp\/v2\/posts\/34954\/revisions"}],"predecessor-version":[{"id":34975,"href":"https:\/\/ulysse.com\/news\/wp-json\/wp\/v2\/posts\/34954\/revisions\/34975"}],"wp:featuredmedia":[{"embeddable":true,"href":"https:\/\/ulysse.com\/news\/wp-json\/wp\/v2\/media\/34955"}],"wp:attachment":[{"href":"https:\/\/ulysse.com\/news\/wp-json\/wp\/v2\/media?parent=34954"}],"wp:term":[{"taxonomy":"category","embeddable":true,"href":"https:\/\/ulysse.com\/news\/wp-json\/wp\/v2\/categories?post=34954"},{"taxonomy":"post_tag","embeddable":true,"href":"https:\/\/ulysse.com\/news\/wp-json\/wp\/v2\/tags?post=34954"}],"curies":[{"name":"wp","href":"https:\/\/api.w.org\/{rel}","templated":true}]}}