{"id":34987,"date":"2025-09-14T08:00:04","date_gmt":"2025-09-14T07:00:04","guid":{"rendered":"https:\/\/discover.ulysse.com\/?p=34987"},"modified":"2025-09-14T07:51:45","modified_gmt":"2025-09-14T06:51:45","slug":"septembre-agite-sur-les-routes-et-trains-italiens-ce-quil-faut-savoir-avant-de-partir","status":"publish","type":"post","link":"https:\/\/ulysse.com\/news\/septembre-agite-sur-les-routes-et-trains-italiens-ce-quil-faut-savoir-avant-de-partir","title":{"rendered":"Septembre agit\u00e9 sur les routes et trains italiens : Ce qu\u2019il faut savoir avant de partir"},"content":{"rendered":"<p><span style=\"font-weight: 400;\"><strong>L\u2019Italie en septembre<\/strong>, c\u2019est le retour des saveurs d\u2019automne, des escapades citadines et des dolce vita prolong\u00e9es apr\u00e8s l\u2019\u00e9t\u00e9. Mais cette ann\u00e9e, c\u2019est aussi le grand retour\u2026 des <strong>gr\u00e8ves dans les transports<\/strong> ! Apr\u00e8s une tr\u00eave estivale impos\u00e9e (<\/span><i><span style=\"font-weight: 400;\">franchigia estiva<\/span><\/i><span style=\"font-weight: 400;\">) pour pr\u00e9server les vacanciers en juillet et ao\u00fbt, les syndicats reprennent du service. R\u00e9sultat : un calendrier charg\u00e9 de d\u00e9brayages qui bousculent avions, trains et transports locaux. Pas de panique : avec un peu d\u2019organisation, vous pouvez garder le sourire et profiter de votre voyage. Voici tout ce qu\u2019il faut savoir \u2013 et surtout, votre check-list pour \u00e9viter les gal\u00e8res.<\/span><\/p>\n<h2><b>Un d\u00e9but de mois d\u00e9j\u00e0 bien secou\u00e9<\/b><\/h2>\n<p><span style=\"font-weight: 400;\">D\u00e8s les premiers jours de septembre, l\u2019Italie a donn\u00e9 le ton. Entre une gr\u00e8ve nationale des trains les 4-5 septembre, des perturbations dans les transports publics \u00e0<a href=\"https:\/\/discover.ulysse.com\/grottino-del-campidoglio-rome-tunnels-capitole\"> Rome<\/a> et des arr\u00eats de travail dans plusieurs a\u00e9roports le 6, le d\u00e9cor \u00e9tait plant\u00e9 : la rentr\u00e9e sociale allait \u00eatre anim\u00e9e.<\/span><\/p>\n<p data-start=\"1547\" data-end=\"1780\">Un autre temps forts \u00e0 retenir : ce<strong data-start=\"1578\" data-end=\"1604\">\u00a0dimanche 14 septembre<\/strong>. Les <strong data-start=\"1622\" data-end=\"1669\">a\u00e9roports de Milan Linate et Milan Malpensa<\/strong> font l\u2019objet d\u2019une gr\u00e8ve de <strong data-start=\"1700\" data-end=\"1713\">24 heures<\/strong> du personnel d\u2019assistance. Ce qui est pr\u00e9vu : un risque d\u2019annulations, de retards, mais aussi de queues tr\u00e8s longues au niveau des bagages, de l\u2019enregistrement et des contr\u00f4les. <span style=\"font-weight: 400;\">Ces actions ont servi d\u2019amorce, annon\u00e7ant une s\u00e9rie de mouvements plus cibl\u00e9s mais parfois tout aussi perturbants pour les voyageurs.<\/span><\/p>\n<h2><b>15 septembre : les rails en mode ralenti<\/b><\/h2>\n<p><span style=\"font-weight: 400;\">Selon les infos partag\u00e9es par <a href=\"https:\/\/fr.euronews.com\/voyages\/2025\/09\/12\/vous-voyagez-en-italie-en-septembre-des-greves-vont-perturber-les-aeroports-et-les-service\" target=\"_blank\" rel=\"noopener\">Euronews<\/a>, les gr\u00e8ves se poursuiveront ce <\/span><b>lundi 15 septembre <\/b>\u00e9galement<span style=\"font-weight: 400;\">. En Calabre, les employ\u00e9s de <\/span><b>Trenitalia Intercity et IC<\/b><span style=\"font-weight: 400;\"> observent un arr\u00eat de 9h \u00e0 17h. Concr\u00e8tement, cela signifie des retards probables et des suppressions de trains sur les liaisons du sud.<\/span><\/p>\n<p><span style=\"font-weight: 400;\">Mais ce n\u2019est pas tout : des <\/span><b>d\u00e9brayages r\u00e9gionaux<\/b><span style=\"font-weight: 400;\"> sont \u00e9galement programm\u00e9s \u00e0 <\/span><b>La Spezia<\/b><span style=\"font-weight: 400;\"> (Ligurie), dans la <\/span><b>province de Pise<\/b><span style=\"font-weight: 400;\"> (Toscane) et en <\/span><b>Ombrie<\/b><span style=\"font-weight: 400;\">. Autrement dit, si vous aviez pr\u00e9vu de rejoindre les <a href=\"https:\/\/discover.ulysse.com\/paysages-baignade-cinque-terre-village-ligurien\">Cinque Terre<\/a>, de vous balader \u00e0 Pise ou de visiter P\u00e9rouse, mieux vaut jeter un \u0153il aux horaires avant de partir.<\/span><\/p>\n<p><span style=\"font-weight: 400;\">\ud83d\udc49 <\/span><b>Check-list du voyageur :<\/b><\/p>\n<ul>\n<li style=\"font-weight: 400;\"><span style=\"font-weight: 400;\">V\u00e9rifiez vos horaires sur le site de <\/span><b>Trenitalia<\/b><span style=\"font-weight: 400;\"> avant chaque d\u00e9part.<\/span>&nbsp;<\/li>\n<li style=\"font-weight: 400;\"><span style=\"font-weight: 400;\">Anticipez un plan B (bus, covoiturage ou location de voiture).<\/span>&nbsp;<\/li>\n<li style=\"font-weight: 400;\"><span style=\"font-weight: 400;\">Si vous avez une correspondance serr\u00e9e, pr\u00e9voyez large\u2026 tr\u00e8s large.<\/span>&nbsp;<\/li>\n<\/ul>\n<h2><b>26 septembre : un vendredi noir dans les airs<\/b><\/h2>\n<p><span style=\"font-weight: 400;\">Si vous deviez retenir une seule date, ce serait celle-ci. Le <\/span><b>vendredi 26 septembre<\/b><span style=\"font-weight: 400;\">, l\u2019aviation italienne se met en pause. Les <\/span><b>bagagistes<\/b><span style=\"font-weight: 400;\">, le <\/span><b>personnel au sol<\/b><span style=\"font-weight: 400;\"> et m\u00eame les <\/span><b>\u00e9quipages de Volotea<\/b><span style=\"font-weight: 400;\"> pr\u00e9voient 24 heures de gr\u00e8ve coordonn\u00e9e.<\/span><\/p>\n<p><span style=\"font-weight: 400;\">Traduction : files d\u2019attente interminables, bagages bloqu\u00e9s, retards en cascade et vols annul\u00e9s. Et ce, dans la quasi-totalit\u00e9 des a\u00e9roports italiens, de Milan \u00e0 Rome en passant par Naples.<\/span><\/p>\n<p><span style=\"font-weight: 400;\">\ud83d\udc49 <\/span><b>Check-list du voyageur :<\/b><\/p>\n<ul>\n<li style=\"font-weight: 400;\"><span style=\"font-weight: 400;\">Contactez directement votre compagnie a\u00e9rienne la veille du d\u00e9part.<\/span>&nbsp;<\/li>\n<li style=\"font-weight: 400;\"><span style=\"font-weight: 400;\">Voyagez l\u00e9ger si possible (un bagage cabine, c\u2019est moins de risques).<\/span>&nbsp;<\/li>\n<li style=\"font-weight: 400;\"><span style=\"font-weight: 400;\">En cas de vol annul\u00e9, sachez que le r\u00e8glement europ\u00e9en <\/span><b>CE 261\/2004<\/b><span style=\"font-weight: 400;\"> peut vous donner droit \u00e0 indemnisation.<\/span>&nbsp;<\/li>\n<\/ul>\n<h2><b>Pourquoi tant de gr\u00e8ves ?<\/b><\/h2>\n<p><span style=\"font-weight: 400;\">Ces mouvements sociaux ne tombent pas du ciel. Les syndicats d\u00e9noncent depuis longtemps :<\/span><\/p>\n<ul>\n<li style=\"font-weight: 400;\"><span style=\"font-weight: 400;\">des <\/span>conditions de travail jug\u00e9es intenables<span style=\"font-weight: 400;\">,<\/span>&nbsp;<\/li>\n<li style=\"font-weight: 400;\"><span style=\"font-weight: 400;\">des <\/span>salaires insuffisants<span style=\"font-weight: 400;\"> face au co\u00fbt de la vie,<\/span>&nbsp;<\/li>\n<li style=\"font-weight: 400;\"><span style=\"font-weight: 400;\">et un <\/span>manque d\u2019effectifs<span style=\"font-weight: 400;\"> chronique, aussi bien dans les gares que dans les a\u00e9roports.<\/span>&nbsp;<\/li>\n<\/ul>\n<p><span style=\"font-weight: 400;\">Comme plusieurs syndicats repr\u00e9sentent des professions diff\u00e9rentes (bagagistes, \u00e9quipages, conducteurs de train\u2026), les actions sont dispers\u00e9es. Mais pour le voyageur, l\u2019effet est le m\u00eame : retards, files d\u2019attente et correspondances rat\u00e9es.<\/span><\/p>\n<h2><b>La check-list ultime pour voyager plus sereinement<\/b><\/h2>\n<p><span style=\"font-weight: 400;\">Parce qu\u2019il vaut mieux pr\u00e9venir que gu\u00e9rir, voici une petite feuille de route \u00e0 garder sous la main avant de boucler votre valise. Ces r\u00e9flexes simples vous feront gagner du temps \u2013 et du calme \u2013 en cas de perturbation :<\/span><\/p>\n<ul>\n<li style=\"font-weight: 400;\"><b>Gardez l\u2019\u0153il sur le calendrier officiel<\/b><span style=\"font-weight: 400;\"> : le site scioperi.mit.gov.it est la bible des gr\u00e8ves en Italie.<\/span>&nbsp;<\/li>\n<li style=\"font-weight: 400;\"><b>Abonnez-vous aux alertes des compagnies<\/b><span style=\"font-weight: 400;\"> : Trenitalia, Volotea, mais aussi EasyJet, ITA Airways ou WizzAir communiquent en temps r\u00e9el.<\/span>&nbsp;<\/li>\n<li style=\"font-weight: 400;\"><b>Pr\u00e9voyez un plan B<\/b><span style=\"font-weight: 400;\"> : bus longue distance, covoiturage, ou train en dehors des heures de gr\u00e8ve.<\/span>&nbsp;<\/li>\n<li style=\"font-weight: 400;\"><b>Privil\u00e9giez la flexibilit\u00e9<\/b><span style=\"font-weight: 400;\"> : billets \u00e9changeables, h\u00f4tels annulables sans frais\u2026 \u00e7a change tout en cas de contretemps.<\/span>&nbsp;<\/li>\n<li style=\"font-weight: 400;\"><b>Connaissez vos droits<\/b><span style=\"font-weight: 400;\"> : remboursement ou r\u00e9acheminement pour les trains, compensation pour les vols annul\u00e9s.<\/span>&nbsp;<\/li>\n<\/ul>\n<h2><b>L\u2019Italie reste \u00e0 port\u00e9e de main<\/b><\/h2>\n<p><span style=\"font-weight: 400;\">Oui, septembre 2025 est mouvement\u00e9 pour les transports en Italie. Oui, vous risquez de patienter un peu plus que pr\u00e9vu. Mais avec un soup\u00e7on de pr\u00e9paration et un zeste de flexibilit\u00e9, rien n\u2019emp\u00eache de profiter d\u2019un week-end \u00e0 Florence, d\u2019une vir\u00e9e \u00e0 Rome ou d\u2019une dolce vita prolong\u00e9e \u00e0 Naples. Apr\u00e8s tout, les bonnes choses se m\u00e9ritent\u2026 et un spritz en terrasse n\u2019aura jamais eu autant de saveur apr\u00e8s une journ\u00e9e de voyage un peu chaotique.<\/span><\/p>\n","protected":false},"excerpt":{"rendered":"<p>L\u2019Italie en septembre, c\u2019est le retour des saveurs d\u2019automne, des escapades citadines et des dolce vita prolong\u00e9es apr\u00e8s l\u2019\u00e9t\u00e9. Mais [&hellip;]<\/p>\n","protected":false},"author":3,"featured_media":34988,"comment_status":"open","ping_status":"closed","sticky":false,"template":"","format":"standard","meta":{"_acf_changed":false,"_sitemap_exclude":false,"_sitemap_priority":"","_sitemap_frequency":"","footnotes":"","rank_math_title":"","rank_math_description":"L\u2019Italie en septembre 2025 : gr\u00e8ves trains et avions secouent le mois. Nos dates cl\u00e9s + check-list maline pour garder le sourire en voyage.\n","rank_math_canonical_url":"","rank_math_focus_keyword":"septembre"},"categories":[3],"tags":[],"class_list":["post-34987","post","type-post","status-publish","format-standard","has-post-thumbnail","hentry","category-voyage"],"acf":[],"_links":{"self":[{"href":"https:\/\/ulysse.com\/news\/wp-json\/wp\/v2\/posts\/34987","targetHints":{"allow":["GET"]}}],"collection":[{"href":"https:\/\/ulysse.com\/news\/wp-json\/wp\/v2\/posts"}],"about":[{"href":"https:\/\/ulysse.com\/news\/wp-json\/wp\/v2\/types\/post"}],"author":[{"embeddable":true,"href":"https:\/\/ulysse.com\/news\/wp-json\/wp\/v2\/users\/3"}],"replies":[{"embeddable":true,"href":"https:\/\/ulysse.com\/news\/wp-json\/wp\/v2\/comments?post=34987"}],"version-history":[{"count":2,"href":"https:\/\/ulysse.com\/news\/wp-json\/wp\/v2\/posts\/34987\/revisions"}],"predecessor-version":[{"id":34997,"href":"https:\/\/ulysse.com\/news\/wp-json\/wp\/v2\/posts\/34987\/revisions\/34997"}],"wp:featuredmedia":[{"embeddable":true,"href":"https:\/\/ulysse.com\/news\/wp-json\/wp\/v2\/media\/34988"}],"wp:attachment":[{"href":"https:\/\/ulysse.com\/news\/wp-json\/wp\/v2\/media?parent=34987"}],"wp:term":[{"taxonomy":"category","embeddable":true,"href":"https:\/\/ulysse.com\/news\/wp-json\/wp\/v2\/categories?post=34987"},{"taxonomy":"post_tag","embeddable":true,"href":"https:\/\/ulysse.com\/news\/wp-json\/wp\/v2\/tags?post=34987"}],"curies":[{"name":"wp","href":"https:\/\/api.w.org\/{rel}","templated":true}]}}