{"id":34990,"date":"2025-09-14T09:00:58","date_gmt":"2025-09-14T08:00:58","guid":{"rendered":"https:\/\/discover.ulysse.com\/?p=34990"},"modified":"2025-09-14T07:52:27","modified_gmt":"2025-09-14T06:52:27","slug":"lespagne-durcit-les-regles-et-cette-categorie-de-voyageurs-est-directement-concernee","status":"publish","type":"post","link":"https:\/\/ulysse.com\/news\/lespagne-durcit-les-regles-et-cette-categorie-de-voyageurs-est-directement-concernee","title":{"rendered":"L\u2019Espagne durcit les r\u00e8gles et cette cat\u00e9gorie de voyageurs est directement concern\u00e9e"},"content":{"rendered":"<p><span style=\"font-weight: 400;\">Vous adorez siroter un caf\u00e9 en terrasse sous le soleil espagnol, une cigarette \u00e0 la main ? Profiter de la plage avec votre vape dans la poche ? Mauvaise nouvelle : l\u2019Espagne rebat les cartes du \u201cplaisir en plein air\u201d. Un nouveau <strong>projet de loi anti-taba<\/strong>c vient secouer les habitudes&#8230; et il cible directement les fumeurs \u2014 m\u00eame ceux en mode vacances. Voici tout ce que vous devez savoir avant de r\u00e9server votre prochain vol pour Barcelone, Malaga ou Ibiza.<\/span><\/p>\n<h2><b>Fumer ou vapoter dehors ? \u00c7a va devenir tr\u00e8s compliqu\u00e9<\/b><\/h2>\n<p><span style=\"font-weight: 400;\">C\u2019est officiel : le gouvernement espagnol a approuv\u00e9 un projet de loi <\/span><b>interdisant de fumer ET de vapoter <\/b>dans une longue liste d\u2019espaces publics ext\u00e9rieurs<span style=\"font-weight: 400;\">. Et quand on dit longue, on ne plaisante pas. Sont concern\u00e9s :<\/span><\/p>\n<ul>\n<li style=\"font-weight: 400;\"><span style=\"font-weight: 400;\">Les plages<\/span>&nbsp;<\/li>\n<li style=\"font-weight: 400;\"><span style=\"font-weight: 400;\">Les terrasses de bars et restaurants<\/span>&nbsp;<\/li>\n<li style=\"font-weight: 400;\"><span style=\"font-weight: 400;\">Les stades et centres sportifs<\/span>&nbsp;<\/li>\n<li style=\"font-weight: 400;\"><span style=\"font-weight: 400;\">Les aires de jeux pour enfants<\/span>&nbsp;<\/li>\n<li style=\"font-weight: 400;\"><span style=\"font-weight: 400;\">Les arr\u00eats de bus<\/span>&nbsp;<\/li>\n<li style=\"font-weight: 400;\"><span style=\"font-weight: 400;\">Les abords des \u00e9tablissements scolaires<\/span>&nbsp;<\/li>\n<\/ul>\n<p><span style=\"font-weight: 400;\">Et pas uniquement les cigarettes classiques : la l\u00e9gislation vise aussi <\/span><b>les cigarettes \u00e9lectroniques, les vapes, les sachets de nicotine, les chichas et m\u00eame les herbes \u201calternatives\u201d<\/b><span style=\"font-weight: 400;\">. <\/span><span style=\"font-weight: 400;\">Autrement dit : si vous aviez pr\u00e9vu de fumer votre clope ou tirer une latte entre deux tapas, il va falloir revoir votre programme.<\/span><\/p>\n<h2><b>Un message clair : sant\u00e9 publique avant plaisir perso<\/b><\/h2>\n<p><span style=\"font-weight: 400;\">\u00c0 l\u2019origine de ce tournant radical, <\/span><b>la ministre espagnole de la Sant\u00e9, Monica Garcia<\/b><span style=\"font-weight: 400;\">, qui ne m\u00e2che pas ses mots\u00a0: <\/span><i><span style=\"font-weight: 400;\">\u00ab Nous ferons toujours passer la sant\u00e9 publique avant les int\u00e9r\u00eats priv\u00e9s. Tout le monde a le droit de respirer de l&#8217;air pur et de vivre plus longtemps et mieux \u00bb, rapporte<a href=\"https:\/\/fr.euronews.com\/voyages\/2025\/09\/12\/espagne-une-nouvelle-interdiction-de-fumer-augure-de-grands-changements-pour-les-voyageurs\" target=\"_blank\" rel=\"noopener\"> Euronews<\/a><\/span><\/i><\/p>\n<p><span style=\"font-weight: 400;\">Il faut dire que le bilan est lourd : <\/span>plus de 50\u202f000 Espagnols meurent chaque ann\u00e9e \u00e0 cause du tabac<span style=\"font-weight: 400;\">, soit <\/span>137 morts par jour<span style=\"font-weight: 400;\">. Le gouvernement veut frapper fort. Et il ne s\u2019arr\u00eate pas l\u00e0 : des <\/span>contr\u00f4les plus stricts sur la vente et la distribution des produits du tabac et de la vape<span style=\"font-weight: 400;\"> sont aussi au menu. Objectif : rendre ces produits moins visibles, moins disponibles et moins attractifs.<\/span><\/p>\n<h2><b>Fran\u00e7ais fumeurs, attention : vos vacances ne seront plus les m\u00eames<\/b><\/h2>\n<p><span style=\"font-weight: 400;\">Pour les <\/span><b>voyageurs fran\u00e7ais<\/b><span style=\"font-weight: 400;\">, cette nouvelle donne pourrait bien casser l\u2019ambiance. On le sait, <\/span><a href=\"https:\/\/discover.ulysse.com\/ryanair-reduit-sieges-espagne-destinations\">l\u2019Espagne<\/a> attire pour son soleil, sa culture\u2026 et ses prix bas sur le tabac<span style=\"font-weight: 400;\">. Mais \u00e0 quoi bon acheter un paquet en duty free si vous ne pouvez plus l\u2019allumer nulle part ?<\/span><\/p>\n<h3><b>Ce qui change concr\u00e8tement :<\/b><\/h3>\n<ul>\n<li style=\"font-weight: 400;\"><b>Terrasses non-fumeurs<\/b><span style=\"font-weight: 400;\"> : fini la clope tranquille avec le caf\u00e9 con leche.<\/span>&nbsp;<\/li>\n<li style=\"font-weight: 400;\"><b>Plages sans fum\u00e9e<\/b><span style=\"font-weight: 400;\"> : pas question de griller une cigarette face \u00e0 la M\u00e9diterran\u00e9e.<\/span>&nbsp;<\/li>\n<li style=\"font-weight: 400;\"><b>Vape = m\u00eame combat<\/b><span style=\"font-weight: 400;\"> : la e-cigarette est log\u00e9e \u00e0 la m\u00eame enseigne.<\/span>&nbsp;<\/li>\n<li style=\"font-weight: 400;\"><b>Pas encore d\u2019amende, mais\u2026<\/b><span style=\"font-weight: 400;\"> : les sanctions seront d\u00e9finies une fois la loi vot\u00e9e. Mieux vaut anticiper.<\/span>&nbsp;<\/li>\n<\/ul>\n<p><span style=\"font-weight: 400;\">Bref, que vous soyez fumeur old-school ou vapoteur moderne, <\/span>vous n\u2019aurez plus vraiment votre place \u00e0 ciel ouvert<span style=\"font-weight: 400;\">. Et \u00e7a vaut aussi pour les parents : plus question de fumer en regardant les enfants jouer au parc ou pendant le match de foot du petit.<\/span><\/p>\n<h2><b>Tapas, soleil\u2026 mais sans fum\u00e9e : les pros s\u2019inqui\u00e8tent<\/b><\/h2>\n<p><span style=\"font-weight: 400;\">C\u00f4t\u00e9 professionnels, \u00e7a tousse un peu. Les <\/span>restaurateurs et cafetiers espagnols redoutent une perte de client\u00e8le. Il faut dire qu\u2019en Espagne, la terrasse est un art de vivre. Et pour beaucoup, c\u2019est aussi l\u2019endroit o\u00f9 l\u2019on fume\u2026 surtout quand il fait beau toute l\u2019ann\u00e9e.<\/p>\n<p>Mais le gouvernement assume : pas de fum\u00e9e, m\u00eame en ext\u00e9rieur<span style=\"font-weight: 400;\">. Une position plus stricte que celle de <a href=\"https:\/\/discover.ulysse.com\/louest-de-la-france-vous-invite-a-une-echappee-belle-dans-ses-villages-les-plus-authentiques\">la France<\/a>, o\u00f9 <\/span><b>les terrasses restent encore \u201cvape friendly\u201d<\/b><span style=\"font-weight: 400;\"> et les interdictions ciblent principalement les plages, les parcs et les abords d\u2019\u00e9coles.<\/span><\/p>\n<p><span style=\"font-weight: 400;\">Ce projet de loi refl\u00e8te une <\/span>tendance europ\u00e9enne lourde<span style=\"font-weight: 400;\">, mais l\u2019Espagne pourrait devenir l\u2019un des pays les plus stricts du continent en mati\u00e8re de tabac en plein air.<\/span><\/p>\n<h2><b>Pas encore en vigueur, mais \u00e7a arrive !<\/b><\/h2>\n<p><span style=\"font-weight: 400;\">Alors, quand ces mesures entreront-elles en application ? Pour l\u2019instant, <\/span>le projet de loi doit encore passer devant le Parlement, et il pourrait \u00eatre amend\u00e9. Aucune date officielle n\u2019a \u00e9t\u00e9 communiqu\u00e9e, mais les d\u00e9bats sont bien engag\u00e9s.<\/p>\n<p>D\u2019ici l\u00e0, restez \u00e0 l\u2019aff\u00fbt si vous planifiez un s\u00e9jour<span style=\"font-weight: 400;\"> dans les prochains mois. Et si fumer fait partie int\u00e9grante de votre routine de vacances, il est peut-\u00eatre temps de penser \u00e0 d\u2019autres plaisirs (le jam\u00f3n ib\u00e9rico, par exemple ?).<\/span><span style=\"font-weight: 400;\"><br \/>\n<\/span><\/p>\n","protected":false},"excerpt":{"rendered":"<p>Vous adorez siroter un caf\u00e9 en terrasse sous le soleil espagnol, une cigarette \u00e0 la main ? Profiter de la [&hellip;]<\/p>\n","protected":false},"author":3,"featured_media":34991,"comment_status":"open","ping_status":"closed","sticky":false,"template":"","format":"standard","meta":{"_acf_changed":false,"_sitemap_exclude":false,"_sitemap_priority":"","_sitemap_frequency":"","footnotes":"","rank_math_title":"","rank_math_description":"Fumeurs en vacances en Espagne ? Voici les lieux o\u00f9 votre clope ou votre vape seront bient\u00f4t persona non grata.\n","rank_math_canonical_url":"","rank_math_focus_keyword":"espagne"},"categories":[3],"tags":[],"class_list":["post-34990","post","type-post","status-publish","format-standard","has-post-thumbnail","hentry","category-voyage"],"acf":[],"_links":{"self":[{"href":"https:\/\/ulysse.com\/news\/wp-json\/wp\/v2\/posts\/34990","targetHints":{"allow":["GET"]}}],"collection":[{"href":"https:\/\/ulysse.com\/news\/wp-json\/wp\/v2\/posts"}],"about":[{"href":"https:\/\/ulysse.com\/news\/wp-json\/wp\/v2\/types\/post"}],"author":[{"embeddable":true,"href":"https:\/\/ulysse.com\/news\/wp-json\/wp\/v2\/users\/3"}],"replies":[{"embeddable":true,"href":"https:\/\/ulysse.com\/news\/wp-json\/wp\/v2\/comments?post=34990"}],"version-history":[{"count":2,"href":"https:\/\/ulysse.com\/news\/wp-json\/wp\/v2\/posts\/34990\/revisions"}],"predecessor-version":[{"id":34998,"href":"https:\/\/ulysse.com\/news\/wp-json\/wp\/v2\/posts\/34990\/revisions\/34998"}],"wp:featuredmedia":[{"embeddable":true,"href":"https:\/\/ulysse.com\/news\/wp-json\/wp\/v2\/media\/34991"}],"wp:attachment":[{"href":"https:\/\/ulysse.com\/news\/wp-json\/wp\/v2\/media?parent=34990"}],"wp:term":[{"taxonomy":"category","embeddable":true,"href":"https:\/\/ulysse.com\/news\/wp-json\/wp\/v2\/categories?post=34990"},{"taxonomy":"post_tag","embeddable":true,"href":"https:\/\/ulysse.com\/news\/wp-json\/wp\/v2\/tags?post=34990"}],"curies":[{"name":"wp","href":"https:\/\/api.w.org\/{rel}","templated":true}]}}