{"id":35025,"date":"2025-09-20T13:22:38","date_gmt":"2025-09-20T12:22:38","guid":{"rendered":"https:\/\/discover.ulysse.com\/?p=35025"},"modified":"2025-09-20T13:22:38","modified_gmt":"2025-09-20T12:22:38","slug":"dans-les-collines-de-la-loire-une-forteresse-medievale-menace-de-disparaitre","status":"publish","type":"post","link":"https:\/\/ulysse.com\/news\/dans-les-collines-de-la-loire-une-forteresse-medievale-menace-de-disparaitre","title":{"rendered":"Dans les collines de la Loire, une forteresse m\u00e9di\u00e9vale menace de dispara\u00eetre"},"content":{"rendered":"<p data-start=\"194\" data-end=\"914\">Dans le <strong data-start=\"202\" data-end=\"226\">silence des collines<\/strong>, dominant la Loire, se dresse une forteresse majestueuse, t\u00e9moin d\u2019un pass\u00e9 qui semble aujourd\u2019hui s\u2019\u00e9chapper entre les doigts du temps. Le <strong data-start=\"367\" data-end=\"385\">ch\u00e2teau d\u2019Urf\u00e9<\/strong>, vieux de plus de 800 ans, n\u2019est pas simplement un monument historique : c\u2019est une <strong data-start=\"469\" data-end=\"484\">\u00e2me vivante<\/strong> qui raconte l\u2019histoire de puissantes familles, de luttes politiques et de la grandeur de la France m\u00e9di\u00e9vale. Mais aujourd\u2019hui, cette b\u00e2tisse, jadis symbole de pouvoir et de prestige, se trouve menac\u00e9e. Au fil des si\u00e8cles, les pierres se sont fragilis\u00e9es, les murs se sont fissur\u00e9s, et la forteresse vacille. Pourtant, des hommes et des femmes, par passion et par d\u00e9termination, refusent de laisser ce pass\u00e9 sombrer dans l\u2019oubli.<\/p>\n<h2 data-start=\"916\" data-end=\"968\">Quand l\u2019histoire s\u2019effrite sous le poids du temps<\/h2>\n<p data-start=\"970\" data-end=\"1542\">Le ch\u00e2teau d\u2019Urf\u00e9, nich\u00e9 dans la petite commune de <strong data-start=\"1021\" data-end=\"1033\">Champoly<\/strong>, a travers\u00e9 les \u00e2ges. Il a r\u00e9sist\u00e9 aux guerres, aux invasions et aux bouleversements politiques, mais le temps, insidieux, n\u2019a pas \u00e9pargn\u00e9 ses pierres. Autrefois forteresse strat\u00e9gique et imposante, il \u00e9tait un point de vue \u00e0 <strong data-start=\"1260\" data-end=\"1268\">360\u00b0<\/strong>, dominant les territoires que le roi de France convoitait : le <strong data-start=\"1332\" data-end=\"1341\">Forez<\/strong>, le <strong data-start=\"1346\" data-end=\"1360\">Beaujolais<\/strong> et le <strong data-start=\"1367\" data-end=\"1382\">Bourbonnais<\/strong>. <strong data-start=\"1384\" data-end=\"1405\">La famille d&#8217;Urf\u00e9<\/strong>, alli\u00e9e des plus grands, a marqu\u00e9 l\u2019histoire de cette r\u00e9gion, et pourtant, aujourd\u2019hui, c\u2019est la survie m\u00eame du ch\u00e2teau qui est en jeu.<\/p>\n<p data-start=\"1544\" data-end=\"2030\">Les fa\u00e7ades du ch\u00e2teau, autrefois fi\u00e8res et majestueuses, sont aujourd\u2019hui rong\u00e9es par le temps. &#8220;Toutes les pierres sont en instabilit\u00e9 compl\u00e8te&#8221;, explique Ren\u00e9 Meilland, pr\u00e9sident de l&#8217;Association pour la Renaissance d&#8217;Urf\u00e9. Ces murs, t\u00e9moins d&#8217;une \u00e9poque r\u00e9volue, sont d\u00e9sormais dans un \u00e9tat de <strong data-start=\"1842\" data-end=\"1867\">d\u00e9t\u00e9rioration avanc\u00e9e<\/strong>, mena\u00e7ant de s\u2019effondrer sous le poids du pass\u00e9. Ce sont des <strong data-start=\"1929\" data-end=\"1962\">centaines de milliers d&#8217;euros<\/strong> qu\u2019il faut investir pour redonner au ch\u00e2teau sa splendeur d\u2019antan.<\/p>\n<h2 data-start=\"2032\" data-end=\"2070\">Des b\u00e9n\u00e9voles, des h\u00e9ros de l\u2019ombre<\/h2>\n<p data-start=\"2072\" data-end=\"2513\">La restauration du ch\u00e2teau d\u2019Urf\u00e9, c\u2019est avant tout l\u2019histoire d\u2019une <strong data-start=\"2141\" data-end=\"2160\">passion commune<\/strong>. Celle d\u2019une poign\u00e9e de b\u00e9n\u00e9voles, anim\u00e9s par l\u2019amour de ce patrimoine. Tous les mois, ils s\u2019activent, arm\u00e9s de leurs outils, pour pr\u00e9server ce qui peut l\u2019\u00eatre, r\u00e9parer ce qui est cass\u00e9, et s\u00e9curiser les lieux. \u00ab Chaque vis, chaque morceau de bois r\u00e9par\u00e9, c\u2019est un geste pour sauver notre histoire \u00bb, confie <strong data-start=\"2469\" data-end=\"2483\">\u00c9ric Bayle<\/strong>, l\u2019un des b\u00e9n\u00e9voles d\u00e9vou\u00e9s.<\/p>\n<p data-start=\"2515\" data-end=\"3116\">Mais leur travail est titanesque. Le <strong data-start=\"2552\" data-end=\"2580\">chantier de restauration<\/strong> s\u2019av\u00e8re trop vaste pour \u00eatre pris en charge uniquement par des volontaires. L\u2019<strong data-start=\"2659\" data-end=\"2686\">instabilit\u00e9 des pierres<\/strong> rend chaque r\u00e9paration complexe. C\u2019est pourquoi l\u2019association, bien consciente de ses limites, a fait appel \u00e0 des entreprises sp\u00e9cialis\u00e9es et, plus r\u00e9cemment, au <strong data-start=\"2849\" data-end=\"2871\">Loto du Patrimoine<\/strong>. Une aide pr\u00e9cieuse de <strong data-start=\"2895\" data-end=\"2912\">500 000 euros<\/strong> a \u00e9t\u00e9 obtenue pour financer les travaux urgents, mais ce soutien reste insuffisant. La <strong data-start=\"3000\" data-end=\"3014\">forteresse<\/strong> a besoin de plus : de plus de <strong data-start=\"3045\" data-end=\"3055\">moyens<\/strong>, de plus de <strong data-start=\"3068\" data-end=\"3077\">temps<\/strong>, et surtout de plus de <strong data-start=\"3101\" data-end=\"3115\">visibilit\u00e9<\/strong>.<\/p>\n<blockquote class=\"tiktok-embed\" style=\"max-width: 605px; min-width: 325px;\" cite=\"https:\/\/www.tiktok.com\/@loiretourisme\/video\/7450163671784918274\" data-video-id=\"7450163671784918274\">\n<section><a title=\"@loiretourisme\" href=\"https:\/\/www.tiktok.com\/@loiretourisme?refer=embed\" target=\"_blank\" rel=\"noopener\">@loiretourisme<\/a> Avec suppl\u00e9ment mer de nuages \ud83e\udd79\u2728\ufe0f Regarde jusqu&#8217;\u00e0 la fin pour d\u00e9couvrir le nom de ce lieu incontournable dans la Loire \ud83d\ude0d <a title=\"loiretourisme\" href=\"https:\/\/www.tiktok.com\/tag\/loiretourisme?refer=embed\" target=\"_blank\" rel=\"noopener\">#loiretourisme<\/a> <a title=\"loirealtitude\" href=\"https:\/\/www.tiktok.com\/tag\/loirealtitude?refer=embed\" target=\"_blank\" rel=\"noopener\">#loirealtitude<\/a> <a title=\"roannais\" href=\"https:\/\/www.tiktok.com\/tag\/roannais?refer=embed\" target=\"_blank\" rel=\"noopener\">#roannais<\/a> <a title=\"sunset\" href=\"https:\/\/www.tiktok.com\/tag\/sunset?refer=embed\" target=\"_blank\" rel=\"noopener\">#sunset<\/a> <a title=\"fyp\" href=\"https:\/\/www.tiktok.com\/tag\/fyp?refer=embed\" target=\"_blank\" rel=\"noopener\">#fyp<\/a> <a title=\"pourtoi\" href=\"https:\/\/www.tiktok.com\/tag\/pourtoi?refer=embed\" target=\"_blank\" rel=\"noopener\">#pourtoi<\/a> <a title=\"\u266c Cloudy Sky - Lance Allen\" href=\"https:\/\/www.tiktok.com\/music\/Cloudy-Sky-7124723374151960578?refer=embed\" target=\"_blank\" rel=\"noopener\">\u266c Cloudy Sky &#8211; Lance Allen<\/a><\/section>\n<\/blockquote>\n<p><script async src=\"https:\/\/www.tiktok.com\/embed.js\"><\/script><\/p>\n<h2 data-start=\"3118\" data-end=\"3151\">Un tr\u00e9sor national \u00e0 pr\u00e9server<\/h2>\n<p data-start=\"3153\" data-end=\"3693\">Ce projet de restauration n\u2019est pas qu\u2019une question d\u2019<strong data-start=\"3207\" data-end=\"3230\">amour du patrimoine<\/strong>. Il est un combat pour <strong data-start=\"3254\" data-end=\"3268\">la m\u00e9moire<\/strong>, pour <strong data-start=\"3275\" data-end=\"3289\">l\u2019histoire<\/strong>, pour cette part d&#8217;identit\u00e9 qui fait de la France ce qu&#8217;elle est. Le <strong data-start=\"3359\" data-end=\"3377\">ch\u00e2teau d\u2019Urf\u00e9<\/strong>, inscrit au patrimoine mondial de l&#8217;UNESCO, n\u2019est pas qu\u2019une <strong data-start=\"3439\" data-end=\"3453\">forteresse<\/strong> abandonn\u00e9e, c\u2019est un <strong data-start=\"3475\" data-end=\"3496\">t\u00e9moignage vivant<\/strong> des racines profondes de la nation. Au-del\u00e0 des pierres, il repr\u00e9sente l\u2019histoire de la <strong data-start=\"3585\" data-end=\"3610\">lutte pour le pouvoir<\/strong>, l\u2019histoire de ceux qui ont fa\u00e7onn\u00e9 la r\u00e9gion, l\u2019histoire de la France m\u00e9di\u00e9vale.<\/p>\n<p data-start=\"3695\" data-end=\"4105\">D\u2019ici quelques mois, un moment tant attendu va arriver : la <strong data-start=\"3755\" data-end=\"3784\">classification officielle<\/strong> du ch\u00e2teau au patrimoine historique. Ce geste symbolique est un <strong data-start=\"3849\" data-end=\"3877\">reconnaissement pr\u00e9cieux<\/strong> qui marquera un tournant dans la lutte pour sa pr\u00e9servation. Mais les b\u00e9n\u00e9voles, tout comme les habitants de Champoly, savent que le plus dur reste \u00e0 faire. Il ne suffit pas d\u2019admirer le pass\u00e9, il faut aussi <strong data-start=\"4086\" data-end=\"4104\">le faire vivre<\/strong>.<\/p>\n<h2 data-start=\"4107\" data-end=\"4145\">Quand la passion rencontre l\u2019espoir<\/h2>\n<p data-start=\"4147\" data-end=\"4643\">Il y a quelque chose de profond\u00e9ment \u00e9mouvant dans cette <strong data-start=\"4204\" data-end=\"4231\">bataille pour la survie<\/strong> du ch\u00e2teau d\u2019Urf\u00e9. C\u2019est une histoire qui parle de <strong data-start=\"4283\" data-end=\"4297\">r\u00e9silience<\/strong>, de <strong data-start=\"4302\" data-end=\"4319\">d\u00e9termination<\/strong> et de <strong data-start=\"4326\" data-end=\"4347\">patriotisme local<\/strong>. Ces b\u00e9n\u00e9voles, qui consacrent une partie de leur vie \u00e0 ce projet, ne cherchent pas la gloire. Ils savent que, si leur travail est r\u00e9ussi, ce ne sera pas seulement un monument qu&#8217;ils auront sauv\u00e9, mais une <strong data-start=\"4554\" data-end=\"4584\">partie de l\u2019\u00e2me collective<\/strong> de la r\u00e9gion, de la culture et de l\u2019histoire de la France.<\/p>\n<p data-start=\"4645\" data-end=\"5000\">Le <strong data-start=\"4648\" data-end=\"4666\">ch\u00e2teau d\u2019Urf\u00e9<\/strong>, bien que d\u00e9figur\u00e9 par le temps, reste debout. Et avec le soutien des passionn\u00e9s et de l&#8217;\u00c9tat, il retrouvera peut-\u00eatre un jour sa <strong data-start=\"4797\" data-end=\"4816\">majest\u00e9 d&#8217;antan<\/strong>. Ce ne sera pas qu&#8217;une <strong data-start=\"4840\" data-end=\"4869\">victoire pour les pierres<\/strong>, mais pour l\u2019histoire qui les habite. Une victoire pour l\u2019avenir d\u2019un h\u00e9ritage qui, comme l\u2019histoire, ne se laisse jamais effacer.<\/p>\n","protected":false},"excerpt":{"rendered":"<p>Dans le silence des collines, dominant la Loire, se dresse une forteresse majestueuse, t\u00e9moin d\u2019un pass\u00e9 qui semble aujourd\u2019hui s\u2019\u00e9chapper [&hellip;]<\/p>\n","protected":false},"author":4,"featured_media":35266,"comment_status":"open","ping_status":"closed","sticky":false,"template":"","format":"standard","meta":{"_acf_changed":false,"_sitemap_exclude":false,"_sitemap_priority":"","_sitemap_frequency":"","footnotes":"","rank_math_title":"","rank_math_description":"","rank_math_canonical_url":"","rank_math_focus_keyword":"Loire"},"categories":[3],"tags":[],"class_list":["post-35025","post","type-post","status-publish","format-standard","has-post-thumbnail","hentry","category-voyage"],"acf":[],"_links":{"self":[{"href":"https:\/\/ulysse.com\/news\/wp-json\/wp\/v2\/posts\/35025","targetHints":{"allow":["GET"]}}],"collection":[{"href":"https:\/\/ulysse.com\/news\/wp-json\/wp\/v2\/posts"}],"about":[{"href":"https:\/\/ulysse.com\/news\/wp-json\/wp\/v2\/types\/post"}],"author":[{"embeddable":true,"href":"https:\/\/ulysse.com\/news\/wp-json\/wp\/v2\/users\/4"}],"replies":[{"embeddable":true,"href":"https:\/\/ulysse.com\/news\/wp-json\/wp\/v2\/comments?post=35025"}],"version-history":[{"count":3,"href":"https:\/\/ulysse.com\/news\/wp-json\/wp\/v2\/posts\/35025\/revisions"}],"predecessor-version":[{"id":35268,"href":"https:\/\/ulysse.com\/news\/wp-json\/wp\/v2\/posts\/35025\/revisions\/35268"}],"wp:featuredmedia":[{"embeddable":true,"href":"https:\/\/ulysse.com\/news\/wp-json\/wp\/v2\/media\/35266"}],"wp:attachment":[{"href":"https:\/\/ulysse.com\/news\/wp-json\/wp\/v2\/media?parent=35025"}],"wp:term":[{"taxonomy":"category","embeddable":true,"href":"https:\/\/ulysse.com\/news\/wp-json\/wp\/v2\/categories?post=35025"},{"taxonomy":"post_tag","embeddable":true,"href":"https:\/\/ulysse.com\/news\/wp-json\/wp\/v2\/tags?post=35025"}],"curies":[{"name":"wp","href":"https:\/\/api.w.org\/{rel}","templated":true}]}}