{"id":35031,"date":"2025-09-15T09:00:36","date_gmt":"2025-09-15T08:00:36","guid":{"rendered":"https:\/\/discover.ulysse.com\/?p=35031"},"modified":"2025-09-14T22:38:45","modified_gmt":"2025-09-14T21:38:45","slug":"adriatique-la-veloroute-italienne-a-redecouvrir","status":"publish","type":"post","link":"https:\/\/ulysse.com\/news\/adriatique-la-veloroute-italienne-a-redecouvrir","title":{"rendered":"Sur deux roues le long de l\u2019Adriatique : la v\u00e9loroute italienne \u00e0 (re)d\u00e9couvrir"},"content":{"rendered":"<p><span style=\"font-weight: 400;\">Si vous cherchez \u00e0 allier sport, nature et d\u00e9couvertes culturelles tout en respirant l&#8217;air iod\u00e9 de la<strong> mer Adriatique<\/strong>, alors pr\u00e9parez-vous \u00e0 une aventure in\u00e9dite : la<strong> v\u00e9loroute italienne<\/strong>. Un itin\u00e9raire qui serpente le long des c\u00f4tes de l&#8217;Italie, entre plages secr\u00e8tes, montagnes majestueuses et villes historiques, le tout \u00e0 port\u00e9e de p\u00e9dale. Mais attention, cette route n\u2019est pas seulement une balade de sant\u00e9, c\u2019est un v\u00e9ritable road-trip \u00e0 travers des paysages \u00e9poustouflants, des villages pittoresques et une gastronomie \u00e0 faire saliver. Attachez votre casque et enfilez vos baskets : c\u2019est parti pour un voyage sur deux roues \u00e0 (re)d\u00e9couvrir sans plus attendre !<\/span><\/p>\n<h2><b>P\u00e9daler avec vue : entre mer bleue et montagnes<\/b><\/h2>\n<p><span style=\"font-weight: 400;\">Imaginez-vous en train de rouler le long des rivages dor\u00e9s de<a href=\"https:\/\/discover.ulysse.com\/veloroute-adriatique-ravenne-leuca-cote-italie\"> l\u2019Adriatique<\/a>. \u00c0 chaque coup de p\u00e9dale, un d\u00e9cor de r\u00eave s\u2019offre \u00e0 vous : des plages sauvages o\u00f9 les vagues viennent caresser les rochers, des montagnes qui se jettent presque dans la mer, et des villes c\u00f4ti\u00e8res aux histoires mill\u00e9naires. Vous commencez votre aventure dans le nord-est de l\u2019Italie, \u00e0 <\/span><b>Trieste<\/b><span style=\"font-weight: 400;\">, cette ville portuaire o\u00f9 l\u2019histoire et la mer se rencontrent. Trieste, c\u2019est un peu le carrefour des cultures m\u00e9diterran\u00e9ennes, avec son architecture unique, son ch\u00e2teau surplombant la mer et ses caf\u00e9s typiques. C\u2019est le point de d\u00e9part id\u00e9al pour une premi\u00e8re \u00e9tape \u00e0 couper le souffle.<\/span><\/p>\n<p><span style=\"font-weight: 400;\">Puis, au fil des kilom\u00e8tres, vous allez encha\u00eener les panoramas exceptionnels. Par exemple, lorsque vous passerez \u00e0 c\u00f4t\u00e9 des c\u00f4tes du <\/span><b>Frioul-V\u00e9n\u00e9tie Julienne<\/b><span style=\"font-weight: 400;\">, vous vous retrouverez avec des vues plongeantes sur des eaux cristallines. Le contraste entre la mer Adriatique, le bleu profond, et les collines verdoyantes en arri\u00e8re-plan, est tout simplement magique. Vous n\u2019allez pas vous ennuyer une seconde.<\/span><\/p>\n<p><span style=\"font-weight: 400;\">Plus au sud, le parcours devient encore plus incroyable : <\/span><b>Venise<\/b><span style=\"font-weight: 400;\"> vous attend. Oui, vous avez bien lu ! Venise, cette ville l\u00e9gendaire, n\u2019est qu\u2019\u00e0 quelques coups de p\u00e9dale de la v\u00e9loroute. Mais ne vous y arr\u00eatez pas seulement pour ses gondoles. Explorez les petites ruelles, go\u00fbtez un <\/span><b>caff\u00e8<\/b><span style=\"font-weight: 400;\"> sur une terrasse discr\u00e8te, et laissez-vous emporter par l&#8217;atmosph\u00e8re si particuli\u00e8re de cette cit\u00e9 hors du temps.<\/span><\/p>\n<blockquote class=\"instagram-media\" style=\"background: #FFF; border: 0; border-radius: 3px; margin: 1px; max-width: 540px; min-width: 326px; padding: 0; width: calc(100% - 2px);\" data-instgrm-captioned=\"\" data-instgrm-permalink=\"https:\/\/www.instagram.com\/p\/DOkzQ2FCFMa\/?utm_source=ig_embed&amp;utm_campaign=loading\" data-instgrm-version=\"14\">\n<div style=\"padding: 16px;\">\n<p>&nbsp;<\/p>\n<div style=\"flex-direction: row; align-items: center;\">\n<div style=\"background-color: #f4f4f4; border-radius: 50%; flex-grow: 0; height: 40px; margin-right: 14px; width: 40px;\"><\/div>\n<div style=\"flex-direction: column; flex-grow: 1; justify-content: center;\">\n<div style=\"background-color: #f4f4f4; border-radius: 4px; flex-grow: 0; height: 14px; margin-bottom: 6px; width: 100px;\"><\/div>\n<div style=\"background-color: #f4f4f4; border-radius: 4px; flex-grow: 0; height: 14px; width: 60px;\"><\/div>\n<\/div>\n<\/div>\n<div style=\"padding: 19% 0;\"><\/div>\n<div style=\"height: 50px; margin: 0 auto 12px; width: 50px;\"><\/div>\n<div style=\"padding-top: 8px;\">\n<div style=\"color: #3897f0; font-family: Arial,sans-serif; font-size: 14px; font-style: normal; font-weight: 550; line-height: 18px;\">Voir cette publication sur Instagram<\/div>\n<\/div>\n<div style=\"padding: 12.5% 0;\"><\/div>\n<div style=\"flex-direction: row; margin-bottom: 14px; align-items: center;\">\n<div>\n<div style=\"background-color: #f4f4f4; border-radius: 50%; height: 12.5px; width: 12.5px;\"><\/div>\n<div style=\"background-color: #f4f4f4; height: 12.5px; width: 12.5px; flex-grow: 0; margin-right: 14px; margin-left: 2px;\"><\/div>\n<div style=\"background-color: #f4f4f4; border-radius: 50%; height: 12.5px; width: 12.5px;\"><\/div>\n<\/div>\n<div style=\"margin-left: 8px;\">\n<div style=\"background-color: #f4f4f4; border-radius: 50%; flex-grow: 0; height: 20px; width: 20px;\"><\/div>\n<div style=\"width: 0; height: 0; border-top: 2px solid transparent; border-left: 6px solid #f4f4f4; border-bottom: 2px solid transparent;\"><\/div>\n<\/div>\n<div style=\"margin-left: auto;\">\n<div style=\"width: 0px; border-top: 8px solid #F4F4F4; border-right: 8px solid transparent;\"><\/div>\n<div style=\"background-color: #f4f4f4; flex-grow: 0; height: 12px; width: 16px;\"><\/div>\n<div style=\"width: 0; height: 0; border-top: 8px solid #F4F4F4; border-left: 8px solid transparent;\"><\/div>\n<\/div>\n<\/div>\n<div style=\"flex-direction: column; flex-grow: 1; justify-content: center; margin-bottom: 24px;\">\n<div style=\"background-color: #f4f4f4; border-radius: 4px; flex-grow: 0; height: 14px; margin-bottom: 6px; width: 224px;\"><\/div>\n<div style=\"background-color: #f4f4f4; border-radius: 4px; flex-grow: 0; height: 14px; width: 144px;\"><\/div>\n<\/div>\n<p>&nbsp;<\/p>\n<p style=\"color: #c9c8cd; font-family: Arial,sans-serif; font-size: 14px; line-height: 17px; margin-bottom: 0; margin-top: 8px; overflow: hidden; padding: 8px 0 7px; text-align: center;\"><a style=\"color: #c9c8cd; font-family: Arial,sans-serif; font-size: 14px; font-style: normal; font-weight: normal; line-height: 17px; text-decoration: none;\" href=\"https:\/\/www.instagram.com\/p\/DOkzQ2FCFMa\/?utm_source=ig_embed&amp;utm_campaign=loading\" target=\"_blank\" rel=\"noopener\">Une publication partag\u00e9e par Vanessa Grungegrease Baselli (@vanessa_grunge17)<\/a><\/p>\n<\/div>\n<\/blockquote>\n<h2><b>Histoire et culture : \u00e0 chaque village, une nouvelle aventure<\/b><\/h2>\n<p><span style=\"font-weight: 400;\">L\u2019une des grandes forces de cette v\u00e9loroute, c\u2019est qu\u2019elle traverse des villages et des villes charg\u00e9s d\u2019histoire et de culture. Vous pourrez faire des pauses culturelles \u00e0 chaque \u00e9tape et vous impr\u00e9gner de l\u2019essence m\u00eame de l\u2019Italie.<\/span><\/p>\n<p><span style=\"font-weight: 400;\">Prenons <\/span><b>Ravenne<\/b><span style=\"font-weight: 400;\">, par exemple. Ce n\u2019est pas juste une ville, c\u2019est un v\u00e9ritable mus\u00e9e \u00e0 ciel ouvert. Vous y trouverez des mosa\u00efques byzantines d&#8217;une beaut\u00e9 inou\u00efe et des \u00e9glises antiques qui vous transporteront dans le temps. Et tout \u00e7a, apr\u00e8s une journ\u00e9e de v\u00e9lo entre mer et collines, c\u2019est un vrai cadeau ! En plus, Ravenne est l\u2019endroit id\u00e9al pour savourer une bonne <\/span><b>pasta alle vongole<\/b><span style=\"font-weight: 400;\"> (p\u00e2tes aux palourdes), un plat typique qui ravira vos papilles apr\u00e8s une journ\u00e9e bien remplie.<\/span><\/p>\n<p><span style=\"font-weight: 400;\">Plus au sud, <\/span><a href=\"https:\/\/discover.ulysse.com\/villes-europeennes-meconnues-ete-stars-tourisme\">Anc\u00f4ne<\/a><span style=\"font-weight: 400;\"> vous attend avec son port anim\u00e9, ses ruelles pleines de charme et ses plages accueillantes. L\u00e0 aussi, vous pourrez prendre le temps de d\u00e9couvrir les tr\u00e9sors cach\u00e9s de cette ville, entre les plages et les collines qui entourent la ville. C\u2019est un lieu o\u00f9 le v\u00e9lo est roi, avec des pistes cyclables qui serpentent \u00e0 travers des paysages absolument incroyables. Quant \u00e0 la cuisine, pr\u00e9parez-vous \u00e0 craquer pour des <\/span><b>olive ascolane<\/b><span style=\"font-weight: 400;\">, des olives farcies et frites, un d\u00e9lice local !<\/span><\/p>\n<p><span style=\"font-weight: 400;\">Et que dire de <\/span><b>Pescara<\/b><span style=\"font-weight: 400;\"> ? Cette ville est un v\u00e9ritable spot pour les amoureux de la mer. Sa plage de sable fin, son ambiance jeune et dynamique, et son atmosph\u00e8re estivale vous feront oublier la fatigue du trajet. Vous pouvez m\u00eame louer un v\u00e9lo \u00e9lectrique pour vous attaquer aux petites montagnes des Abruzzes qui dominent la ville, et profitez de vues imprenables sur l\u2019Adriatique.<\/span><\/p>\n<blockquote class=\"instagram-media\" style=\"background: #FFF; border: 0; border-radius: 3px; margin: 1px; max-width: 540px; min-width: 326px; padding: 0; width: calc(100% - 2px);\" data-instgrm-captioned=\"\" data-instgrm-permalink=\"https:\/\/www.instagram.com\/p\/C7yZyKosZui\/?utm_source=ig_embed&amp;utm_campaign=loading\" data-instgrm-version=\"14\">\n<div style=\"padding: 16px;\">\n<p>&nbsp;<\/p>\n<div style=\"flex-direction: row; align-items: center;\">\n<div style=\"background-color: #f4f4f4; border-radius: 50%; flex-grow: 0; height: 40px; margin-right: 14px; width: 40px;\"><\/div>\n<div style=\"flex-direction: column; flex-grow: 1; justify-content: center;\">\n<div style=\"background-color: #f4f4f4; border-radius: 4px; flex-grow: 0; height: 14px; margin-bottom: 6px; width: 100px;\"><\/div>\n<div style=\"background-color: #f4f4f4; border-radius: 4px; flex-grow: 0; height: 14px; width: 60px;\"><\/div>\n<\/div>\n<\/div>\n<div style=\"padding: 19% 0;\"><\/div>\n<div style=\"height: 50px; margin: 0 auto 12px; width: 50px;\"><\/div>\n<div style=\"padding-top: 8px;\">\n<div style=\"color: #3897f0; font-family: Arial,sans-serif; font-size: 14px; font-style: normal; font-weight: 550; line-height: 18px;\">Voir cette publication sur Instagram<\/div>\n<\/div>\n<div style=\"padding: 12.5% 0;\"><\/div>\n<div style=\"flex-direction: row; margin-bottom: 14px; align-items: center;\">\n<div>\n<div style=\"background-color: #f4f4f4; border-radius: 50%; height: 12.5px; width: 12.5px;\"><\/div>\n<div style=\"background-color: #f4f4f4; height: 12.5px; width: 12.5px; flex-grow: 0; margin-right: 14px; margin-left: 2px;\"><\/div>\n<div style=\"background-color: #f4f4f4; border-radius: 50%; height: 12.5px; width: 12.5px;\"><\/div>\n<\/div>\n<div style=\"margin-left: 8px;\">\n<div style=\"background-color: #f4f4f4; border-radius: 50%; flex-grow: 0; height: 20px; width: 20px;\"><\/div>\n<div style=\"width: 0; height: 0; border-top: 2px solid transparent; border-left: 6px solid #f4f4f4; border-bottom: 2px solid transparent;\"><\/div>\n<\/div>\n<div style=\"margin-left: auto;\">\n<div style=\"width: 0px; border-top: 8px solid #F4F4F4; border-right: 8px solid transparent;\"><\/div>\n<div style=\"background-color: #f4f4f4; flex-grow: 0; height: 12px; width: 16px;\"><\/div>\n<div style=\"width: 0; height: 0; border-top: 8px solid #F4F4F4; border-left: 8px solid transparent;\"><\/div>\n<\/div>\n<\/div>\n<div style=\"flex-direction: column; flex-grow: 1; justify-content: center; margin-bottom: 24px;\">\n<div style=\"background-color: #f4f4f4; border-radius: 4px; flex-grow: 0; height: 14px; margin-bottom: 6px; width: 224px;\"><\/div>\n<div style=\"background-color: #f4f4f4; border-radius: 4px; flex-grow: 0; height: 14px; width: 144px;\"><\/div>\n<\/div>\n<p>&nbsp;<\/p>\n<p style=\"color: #c9c8cd; font-family: Arial,sans-serif; font-size: 14px; line-height: 17px; margin-bottom: 0; margin-top: 8px; overflow: hidden; padding: 8px 0 7px; text-align: center;\"><a style=\"color: #c9c8cd; font-family: Arial,sans-serif; font-size: 14px; font-style: normal; font-weight: normal; line-height: 17px; text-decoration: none;\" href=\"https:\/\/www.instagram.com\/p\/C7yZyKosZui\/?utm_source=ig_embed&amp;utm_campaign=loading\" target=\"_blank\" rel=\"noopener\">Une publication partag\u00e9e par @micheleblivet<\/a><\/p>\n<\/div>\n<\/blockquote>\n<h2><b>Se rendre en Adriatique : le train, le compagnon de voyage id\u00e9al<\/b><\/h2>\n<p><span style=\"font-weight: 400;\">Alors, comment rejoindre cette aventure ? Pas besoin d\u2019avoir une voiture pour arriver \u00e0 destination : le train reste l\u2019option la plus simple, surtout si vous partez de <\/span><b>Paris<\/b><span style=\"font-weight: 400;\">, <\/span><b>Strasbourg<\/b><span style=\"font-weight: 400;\"> ou <\/span><b>Lyon<\/b><span style=\"font-weight: 400;\">. Depuis <\/span><b>Paris<\/b><span style=\"font-weight: 400;\">, vous pouvez prendre un train \u00e0 destination de <\/span><b>Milan<\/b><span style=\"font-weight: 400;\"> puis une correspondance pour <\/span><b>Trieste<\/b><span style=\"font-weight: 400;\">. Un trajet confortable de 12 heures environ, parfait pour transporter votre v\u00e9lo et faire quelques arr\u00eats au passage pour observer les paysages magnifiques. Le prix du billet peut varier, mais comptez environ 100 \u20ac pour Milan, et 30 \u20ac suppl\u00e9mentaires pour Trieste.<\/span><\/p>\n<p><span style=\"font-weight: 400;\">Si vous partez de <\/span><b>Lyon<\/b><span style=\"font-weight: 400;\"> ou <\/span><b>Strasbourg<\/b><span style=\"font-weight: 400;\">, vous pourrez facilement rejoindre <\/span><b>Milan<\/b><span style=\"font-weight: 400;\"> en TGV ou en train Intercit\u00e9s, et ensuite encha\u00eener sur la ligne vers <\/span><b>Trieste<\/b><span style=\"font-weight: 400;\">. L\u2019avantage du train, c\u2019est la possibilit\u00e9 de transporter facilement votre v\u00e9lo et de profiter du confort tout au long du trajet. Dites adieu aux tracas de la route et laissez-vous bercer par les paysages qui d\u00e9filent. Une fois \u00e0 Trieste, vous \u00eates pr\u00eats \u00e0 enfourcher votre v\u00e9lo et \u00e0 d\u00e9couvrir les merveilles de l\u2019Adriatique.<\/span><\/p>\n<blockquote class=\"instagram-media\" style=\"background: #FFF; border: 0; border-radius: 3px; margin: 1px; max-width: 540px; min-width: 326px; padding: 0; width: calc(100% - 2px);\" data-instgrm-captioned=\"\" data-instgrm-permalink=\"https:\/\/www.instagram.com\/p\/DOgfSDfiLnd\/?utm_source=ig_embed&amp;utm_campaign=loading\" data-instgrm-version=\"14\">\n<div style=\"padding: 16px;\">\n<p>&nbsp;<\/p>\n<div style=\"flex-direction: row; align-items: center;\">\n<div style=\"background-color: #f4f4f4; border-radius: 50%; flex-grow: 0; height: 40px; margin-right: 14px; width: 40px;\"><\/div>\n<div style=\"flex-direction: column; flex-grow: 1; justify-content: center;\">\n<div style=\"background-color: #f4f4f4; border-radius: 4px; flex-grow: 0; height: 14px; margin-bottom: 6px; width: 100px;\"><\/div>\n<div style=\"background-color: #f4f4f4; border-radius: 4px; flex-grow: 0; height: 14px; width: 60px;\"><\/div>\n<\/div>\n<\/div>\n<div style=\"padding: 19% 0;\"><\/div>\n<div style=\"height: 50px; margin: 0 auto 12px; width: 50px;\"><\/div>\n<div style=\"padding-top: 8px;\">\n<div style=\"color: #3897f0; font-family: Arial,sans-serif; font-size: 14px; font-style: normal; font-weight: 550; line-height: 18px;\">Voir cette publication sur Instagram<\/div>\n<\/div>\n<div style=\"padding: 12.5% 0;\"><\/div>\n<div style=\"flex-direction: row; margin-bottom: 14px; align-items: center;\">\n<div>\n<div style=\"background-color: #f4f4f4; border-radius: 50%; height: 12.5px; width: 12.5px;\"><\/div>\n<div style=\"background-color: #f4f4f4; height: 12.5px; width: 12.5px; flex-grow: 0; margin-right: 14px; margin-left: 2px;\"><\/div>\n<div style=\"background-color: #f4f4f4; border-radius: 50%; height: 12.5px; width: 12.5px;\"><\/div>\n<\/div>\n<div style=\"margin-left: 8px;\">\n<div style=\"background-color: #f4f4f4; border-radius: 50%; flex-grow: 0; height: 20px; width: 20px;\"><\/div>\n<div style=\"width: 0; height: 0; border-top: 2px solid transparent; border-left: 6px solid #f4f4f4; border-bottom: 2px solid transparent;\"><\/div>\n<\/div>\n<div style=\"margin-left: auto;\">\n<div style=\"width: 0px; border-top: 8px solid #F4F4F4; border-right: 8px solid transparent;\"><\/div>\n<div style=\"background-color: #f4f4f4; flex-grow: 0; height: 12px; width: 16px;\"><\/div>\n<div style=\"width: 0; height: 0; border-top: 8px solid #F4F4F4; border-left: 8px solid transparent;\"><\/div>\n<\/div>\n<\/div>\n<div style=\"flex-direction: column; flex-grow: 1; justify-content: center; margin-bottom: 24px;\">\n<div style=\"background-color: #f4f4f4; border-radius: 4px; flex-grow: 0; height: 14px; margin-bottom: 6px; width: 224px;\"><\/div>\n<div style=\"background-color: #f4f4f4; border-radius: 4px; flex-grow: 0; height: 14px; width: 144px;\"><\/div>\n<\/div>\n<p>&nbsp;<\/p>\n<p style=\"color: #c9c8cd; font-family: Arial,sans-serif; font-size: 14px; line-height: 17px; margin-bottom: 0; margin-top: 8px; overflow: hidden; padding: 8px 0 7px; text-align: center;\"><a style=\"color: #c9c8cd; font-family: Arial,sans-serif; font-size: 14px; font-style: normal; font-weight: normal; line-height: 17px; text-decoration: none;\" href=\"https:\/\/www.instagram.com\/p\/DOgfSDfiLnd\/?utm_source=ig_embed&amp;utm_campaign=loading\" target=\"_blank\" rel=\"noopener\">Une publication partag\u00e9e par Giuseppe Annecchiarico (@giuseppe_annecchiarico)<\/a><\/p>\n<\/div>\n<\/blockquote>\n<h2><b>Entre nature, culture et gastronomie : l&#8217;Italie en mode aventure<\/b><\/h2>\n<p><span style=\"font-weight: 400;\">L\u2019aventure sur la v\u00e9loroute italienne ne se limite pas aux paysages spectaculaires et aux d\u00e9couvertes culturelles : la gastronomie locale fait aussi partie int\u00e9grante du voyage. Entre deux \u00e9tapes, profitez-en pour vous r\u00e9galer des sp\u00e9cialit\u00e9s de chaque r\u00e9gion. La <\/span><b>cuisine italienne<\/b><span style=\"font-weight: 400;\">, c\u2019est bien plus que des pizzas et des p\u00e2tes ! Au fil de la route, go\u00fbtez \u00e0 des plats comme les <\/span><b>fruits de mer frais<\/b><span style=\"font-weight: 400;\"> de la c\u00f4te, les <\/span><b>p\u00e2tes aux truffes<\/b><span style=\"font-weight: 400;\"> ou encore la fameuse <\/span><b>fritto misto<\/b><span style=\"font-weight: 400;\"> de poissons. Vous pourrez m\u00eame prendre un moment pour savourer un <\/span><b>gelato<\/b><span style=\"font-weight: 400;\"> (glace) tout en vous relaxant \u00e0 la terrasse d\u2019un caf\u00e9 en bord de mer.<\/span><\/p>\n<p><span style=\"font-weight: 400;\">Mais ce qui rend vraiment cette v\u00e9loroute unique, c\u2019est la mani\u00e8re dont elle vous plonge dans l\u2019\u00e2me de l\u2019Italie. Les paysages sont spectaculaires, bien s\u00fbr, mais ce sont les rencontres avec les habitants, les petites trattorias familiales et les moments de partage qui font de cette aventure un voyage inoubliable. Si vous aimez les d\u00e9couvertes authentiques et le contact humain, alors cette v\u00e9loroute est faite pour vous.<\/span><\/p>\n<blockquote class=\"instagram-media\" style=\"background: #FFF; border: 0; border-radius: 3px; margin: 1px; max-width: 540px; min-width: 326px; padding: 0; width: calc(100% - 2px);\" data-instgrm-captioned=\"\" data-instgrm-permalink=\"https:\/\/www.instagram.com\/reel\/DLvYZ9IIftP\/?utm_source=ig_embed&amp;utm_campaign=loading\" data-instgrm-version=\"14\">\n<div style=\"padding: 16px;\">\n<p>&nbsp;<\/p>\n<div style=\"flex-direction: row; align-items: center;\">\n<div style=\"background-color: #f4f4f4; border-radius: 50%; flex-grow: 0; height: 40px; margin-right: 14px; width: 40px;\"><\/div>\n<div style=\"flex-direction: column; flex-grow: 1; justify-content: center;\">\n<div style=\"background-color: #f4f4f4; border-radius: 4px; flex-grow: 0; height: 14px; margin-bottom: 6px; width: 100px;\"><\/div>\n<div style=\"background-color: #f4f4f4; border-radius: 4px; flex-grow: 0; height: 14px; width: 60px;\"><\/div>\n<\/div>\n<\/div>\n<div style=\"padding: 19% 0;\"><\/div>\n<div style=\"height: 50px; margin: 0 auto 12px; width: 50px;\"><\/div>\n<div style=\"padding-top: 8px;\">\n<div style=\"color: #3897f0; font-family: Arial,sans-serif; font-size: 14px; font-style: normal; font-weight: 550; line-height: 18px;\">Voir cette publication sur Instagram<\/div>\n<\/div>\n<div style=\"padding: 12.5% 0;\"><\/div>\n<div style=\"flex-direction: row; margin-bottom: 14px; align-items: center;\">\n<div>\n<div style=\"background-color: #f4f4f4; border-radius: 50%; height: 12.5px; width: 12.5px;\"><\/div>\n<div style=\"background-color: #f4f4f4; height: 12.5px; width: 12.5px; flex-grow: 0; margin-right: 14px; margin-left: 2px;\"><\/div>\n<div style=\"background-color: #f4f4f4; border-radius: 50%; height: 12.5px; width: 12.5px;\"><\/div>\n<\/div>\n<div style=\"margin-left: 8px;\">\n<div style=\"background-color: #f4f4f4; border-radius: 50%; flex-grow: 0; height: 20px; width: 20px;\"><\/div>\n<div style=\"width: 0; height: 0; border-top: 2px solid transparent; border-left: 6px solid #f4f4f4; border-bottom: 2px solid transparent;\"><\/div>\n<\/div>\n<div style=\"margin-left: auto;\">\n<div style=\"width: 0px; border-top: 8px solid #F4F4F4; border-right: 8px solid transparent;\"><\/div>\n<div style=\"background-color: #f4f4f4; flex-grow: 0; height: 12px; width: 16px;\"><\/div>\n<div style=\"width: 0; height: 0; border-top: 8px solid #F4F4F4; border-left: 8px solid transparent;\"><\/div>\n<\/div>\n<\/div>\n<div style=\"flex-direction: column; flex-grow: 1; justify-content: center; margin-bottom: 24px;\">\n<div style=\"background-color: #f4f4f4; border-radius: 4px; flex-grow: 0; height: 14px; margin-bottom: 6px; width: 224px;\"><\/div>\n<div style=\"background-color: #f4f4f4; border-radius: 4px; flex-grow: 0; height: 14px; width: 144px;\"><\/div>\n<\/div>\n<p>&nbsp;<\/p>\n<p style=\"color: #c9c8cd; font-family: Arial,sans-serif; font-size: 14px; line-height: 17px; margin-bottom: 0; margin-top: 8px; overflow: hidden; padding: 8px 0 7px; text-align: center;\"><a style=\"color: #c9c8cd; font-family: Arial,sans-serif; font-size: 14px; font-style: normal; font-weight: normal; line-height: 17px; text-decoration: none;\" href=\"https:\/\/www.instagram.com\/reel\/DLvYZ9IIftP\/?utm_source=ig_embed&amp;utm_campaign=loading\" target=\"_blank\" rel=\"noopener\">Une publication partag\u00e9e par Fritto Misto (@thefrittomisto)<\/a><\/p>\n<\/div>\n<\/blockquote>\n<p><b>Pr\u00eat \u00e0 partir \u00e0 l\u2019aventure ?<\/b><span style=\"font-weight: 400;\"> La v\u00e9loroute italienne n\u2019attend plus que vous pour une exp\u00e9rience \u00e0 la fois sportive et sensorielle, entre mer, montagnes et villages au charme irr\u00e9sistible. L\u2019aventure \u00e0 v\u00e9lo vous tend les bras, alors n\u2019attendez plus pour la vivre !<\/span><\/p>\n","protected":false},"excerpt":{"rendered":"<p>Si vous cherchez \u00e0 allier sport, nature et d\u00e9couvertes culturelles tout en respirant l&#8217;air iod\u00e9 de la mer Adriatique, alors [&hellip;]<\/p>\n","protected":false},"author":3,"featured_media":35032,"comment_status":"open","ping_status":"closed","sticky":false,"template":"","format":"standard","meta":{"_acf_changed":false,"_sitemap_exclude":false,"_sitemap_priority":"","_sitemap_frequency":"","footnotes":"","rank_math_title":"","rank_math_description":"Embarquez pour une aventure \u00e0 v\u00e9lo le long de l\u2019Adriatique, entre mer, montagnes et d\u00e9couvertes culturelles, \u00e0 travers l\u2019Italie authentique !\n","rank_math_canonical_url":"","rank_math_focus_keyword":"Adriatique,v\u00e9lo"},"categories":[3],"tags":[],"class_list":["post-35031","post","type-post","status-publish","format-standard","has-post-thumbnail","hentry","category-voyage"],"acf":[],"_links":{"self":[{"href":"https:\/\/ulysse.com\/news\/wp-json\/wp\/v2\/posts\/35031","targetHints":{"allow":["GET"]}}],"collection":[{"href":"https:\/\/ulysse.com\/news\/wp-json\/wp\/v2\/posts"}],"about":[{"href":"https:\/\/ulysse.com\/news\/wp-json\/wp\/v2\/types\/post"}],"author":[{"embeddable":true,"href":"https:\/\/ulysse.com\/news\/wp-json\/wp\/v2\/users\/3"}],"replies":[{"embeddable":true,"href":"https:\/\/ulysse.com\/news\/wp-json\/wp\/v2\/comments?post=35031"}],"version-history":[{"count":2,"href":"https:\/\/ulysse.com\/news\/wp-json\/wp\/v2\/posts\/35031\/revisions"}],"predecessor-version":[{"id":35040,"href":"https:\/\/ulysse.com\/news\/wp-json\/wp\/v2\/posts\/35031\/revisions\/35040"}],"wp:featuredmedia":[{"embeddable":true,"href":"https:\/\/ulysse.com\/news\/wp-json\/wp\/v2\/media\/35032"}],"wp:attachment":[{"href":"https:\/\/ulysse.com\/news\/wp-json\/wp\/v2\/media?parent=35031"}],"wp:term":[{"taxonomy":"category","embeddable":true,"href":"https:\/\/ulysse.com\/news\/wp-json\/wp\/v2\/categories?post=35031"},{"taxonomy":"post_tag","embeddable":true,"href":"https:\/\/ulysse.com\/news\/wp-json\/wp\/v2\/tags?post=35031"}],"curies":[{"name":"wp","href":"https:\/\/api.w.org\/{rel}","templated":true}]}}