{"id":35097,"date":"2025-09-17T07:00:42","date_gmt":"2025-09-17T06:00:42","guid":{"rendered":"https:\/\/discover.ulysse.com\/?p=35097"},"modified":"2025-09-16T11:44:46","modified_gmt":"2025-09-16T10:44:46","slug":"greve-du-18-septembre-les-transports-publics-paralyses-par-un-mouvement-dampleur","status":"publish","type":"post","link":"https:\/\/ulysse.com\/news\/greve-du-18-septembre-les-transports-publics-paralyses-par-un-mouvement-dampleur","title":{"rendered":"Gr\u00e8ve du 18 septembre : les transports publics paralys\u00e9s par un mouvement d\u2019ampleur"},"content":{"rendered":"<p data-start=\"89\" data-end=\"752\">Le 18 septembre 2025, une gr\u00e8ve nationale, port\u00e9e par l\u2019intersyndicale, risque de paralyser les transports en France. Cette journ\u00e9e de mobilisation, qui intervient une semaine apr\u00e8s le mouvement \u201cbloquons tout\u201d, vise \u00e0 protester contre les r\u00e9formes budg\u00e9taires du gouvernement et \u00e0 r\u00e9clamer des ajustements sur la politique sociale. SNCF et RATP seront particuli\u00e8rement touch\u00e9es, avec des perturbations massives attendues sur les lignes de trains, RER, m\u00e9tro et m\u00eame dans les VTC. Les usagers devront s&#8217;attendre \u00e0 des perturbations importantes tout au long de la journ\u00e9e, avec des cons\u00e9quences qui s&#8217;annoncent bien plus visibles que celles du pr\u00e9c\u00e9dent mouvement.<\/p>\n<h2 data-start=\"754\" data-end=\"833\">SNCF : un trafic fortement perturb\u00e9 et des suppressions de trains \u00e0 pr\u00e9voir<\/h2>\n<p data-start=\"835\" data-end=\"1791\">\u00c0 la SNCF, la gr\u00e8ve du 18 septembre s\u2019annonce particuli\u00e8rement suivie. Les syndicats, dont la CGT-cheminots, l&#8217;Unsa-ferroviaire, SUD-rail et la CFDT, ont lanc\u00e9 un appel commun \u00e0 la mobilisation pour toute la journ\u00e9e. Le trafic des trains, notamment en \u00cele-de-France sur les lignes TER et Transilien, sera fortement perturb\u00e9, avec un nombre de trains r\u00e9duits et des suppressions de derni\u00e8re minute.<\/p>\n<p data-start=\"835\" data-end=\"1791\">La <a href=\"https:\/\/discover.ulysse.com\/seniors-billet-sncf-offre-tarifs-trajets-courts\">direction de la SNCF<\/a> a cependant pris des mesures d\u2019anticipation, notamment pour les TGV, o\u00f9 des r\u00e9servistes pourraient \u00eatre d\u00e9ploy\u00e9s pour assurer la circulation de certains trains. N\u00e9anmoins, les usagers devront se pr\u00e9parer \u00e0 une journ\u00e9e marqu\u00e9e par des ralentissements importants, des trains bond\u00e9s et une organisation d\u00e9stabilis\u00e9e. Les pr\u00e9visions de trafic devraient \u00eatre communiqu\u00e9es officiellement en fin de journ\u00e9e, mardi 16 septembre, mais il est d\u00e9j\u00e0 \u00e9vident que cette gr\u00e8ve entra\u00eenera des difficult\u00e9s logistiques consid\u00e9rables pour les voyageurs.<\/p>\n<h2 data-start=\"1793\" data-end=\"1843\">RATP : un m\u00e9tro \u00e0 l\u2019arr\u00eat et des RER perturb\u00e9s<\/h2>\n<p data-start=\"1845\" data-end=\"2824\">La RATP, elle aussi, est directement impact\u00e9e par ce mouvement de gr\u00e8ve. Avec l\u2019appel \u00e0 la mobilisation des syndicats majoritaires tels que la CGT, FO, Unsa Mobilit\u00e9s et la CFE-CGC, le r\u00e9seau de transports parisiens s\u2019attend \u00e0 de lourdes perturbations, en particulier sur les lignes de m\u00e9tro et de RER.<\/p>\n<p data-start=\"1845\" data-end=\"2824\">D\u2019ores et d\u00e9j\u00e0, plus de 1 000 conducteurs de m\u00e9tro se sont d\u00e9clar\u00e9s gr\u00e9vistes, un chiffre qui pourrait augmenter au fur et \u00e0 mesure de la journ\u00e9e. Les taux de gr\u00e9vistes, estim\u00e9s entre 80 et 95 % dans certains secteurs, laissent pr\u00e9sager une paralysie quasi totale du m\u00e9tro parisien et des RER. Les lignes de m\u00e9tro les plus fr\u00e9quent\u00e9es risquent d&#8217;\u00eatre totalement \u00e0 l\u2019arr\u00eat, et les voyageurs devront se tourner vers des alternatives comme les bus ou les V\u00e9lib\u2019, si ces derniers ne sont pas \u00e9galement perturb\u00e9s par la gr\u00e8ve. L&#8217;ampleur du mouvement, coupl\u00e9e \u00e0 la difficult\u00e9 de trouver des solutions de transport de remplacement, promet une journ\u00e9e compliqu\u00e9e pour les Franciliens.<\/p>\n<h2 data-start=\"2826\" data-end=\"2900\">Un mouvement \u00e9largi \u00e0 d\u2019autres secteurs : VTC et aviation sous tension<\/h2>\n<p data-start=\"2902\" data-end=\"3919\">La gr\u00e8ve du 18 septembre ne se limite pas aux transports ferroviaires et parisiens. Elle touche \u00e9galement d\u2019autres secteurs strat\u00e9giques, \u00e0 commencer par les VTC. Le syndicat FO-IN a appel\u00e9 les chauffeurs de VTC \u00e0 une mobilisation contre des conditions de travail jug\u00e9es trop pr\u00e9caires. Les chauffeurs seront invit\u00e9s \u00e0 se d\u00e9connecter des plateformes de transport et \u00e0 participer \u00e0 un rassemblement devant le minist\u00e8re du Travail pour exiger une meilleure r\u00e9mun\u00e9ration et une plus grande r\u00e9gulation de leur secteur. Par ailleurs, bien que les contr\u00f4leurs a\u00e9riens aient report\u00e9 leur mouvement de gr\u00e8ve, des perturbations sont encore \u00e0 pr\u00e9voir dans les a\u00e9roports, en particulier du c\u00f4t\u00e9 des compagnies a\u00e9riennes.<\/p>\n<p data-start=\"2902\" data-end=\"3919\"><a href=\"https:\/\/discover.ulysse.com\/air-france-klm-un-scandale-de-securite-des-donnees-qui-risque-de-vous-concerner\">Air France<\/a>, soutenue par la CGT et la CFDT, reste sur la liste des entreprises concern\u00e9es, avec des pr\u00e9avis de gr\u00e8ve en place pour le 18 septembre. Si le trafic a\u00e9rien ne devrait pas \u00eatre aussi impact\u00e9 que le r\u00e9seau ferroviaire et le m\u00e9tro, les passagers doivent s&#8217;attendre \u00e0 des annulations et des retards.<\/p>\n<h2 data-start=\"3921\" data-end=\"3977\">Une journ\u00e9e noire qui met les transports \u00e0 l\u2019\u00e9preuve<\/h2>\n<p data-start=\"3979\" data-end=\"4715\" data-is-last-node=\"\" data-is-only-node=\"\">Le 18 septembre, les transports en France se retrouveront donc sous pression, entre perturbations sur les lignes de trains et de m\u00e9tro, et des tensions dans d\u2019autres secteurs comme les <a href=\"https:\/\/discover.ulysse.com\/sncf-gite-insolite-bretagne-vintage-jardin\">VTC<\/a> et l\u2019aviation. Si les raisons du mouvement sont multiples et concernent principalement des revendications \u00e9conomiques et sociales, il n\u2019en reste pas moins que cette journ\u00e9e risque de provoquer de s\u00e9rieux d\u00e9sagr\u00e9ments pour les usagers. Les autorit\u00e9s et les syndicats s\u2019accordent \u00e0 dire que la mobilisation sera forte et que les cons\u00e9quences sur le trafic seront importantes. Les voyageurs devront faire preuve de patience et anticiper des difficult\u00e9s de circulation, tout en esp\u00e9rant que des solutions alternatives soient mises en place rapidement.<\/p>\n","protected":false},"excerpt":{"rendered":"<p>Le 18 septembre 2025, une gr\u00e8ve nationale, port\u00e9e par l\u2019intersyndicale, risque de paralyser les transports en France. Cette journ\u00e9e de [&hellip;]<\/p>\n","protected":false},"author":4,"featured_media":35098,"comment_status":"open","ping_status":"closed","sticky":false,"template":"","format":"standard","meta":{"_acf_changed":false,"_sitemap_exclude":false,"_sitemap_priority":"","_sitemap_frequency":"","footnotes":"","rank_math_title":"","rank_math_description":"","rank_math_canonical_url":"","rank_math_focus_keyword":"transport"},"categories":[3],"tags":[],"class_list":["post-35097","post","type-post","status-publish","format-standard","has-post-thumbnail","hentry","category-voyage"],"acf":[],"_links":{"self":[{"href":"https:\/\/ulysse.com\/news\/wp-json\/wp\/v2\/posts\/35097","targetHints":{"allow":["GET"]}}],"collection":[{"href":"https:\/\/ulysse.com\/news\/wp-json\/wp\/v2\/posts"}],"about":[{"href":"https:\/\/ulysse.com\/news\/wp-json\/wp\/v2\/types\/post"}],"author":[{"embeddable":true,"href":"https:\/\/ulysse.com\/news\/wp-json\/wp\/v2\/users\/4"}],"replies":[{"embeddable":true,"href":"https:\/\/ulysse.com\/news\/wp-json\/wp\/v2\/comments?post=35097"}],"version-history":[{"count":1,"href":"https:\/\/ulysse.com\/news\/wp-json\/wp\/v2\/posts\/35097\/revisions"}],"predecessor-version":[{"id":35099,"href":"https:\/\/ulysse.com\/news\/wp-json\/wp\/v2\/posts\/35097\/revisions\/35099"}],"wp:featuredmedia":[{"embeddable":true,"href":"https:\/\/ulysse.com\/news\/wp-json\/wp\/v2\/media\/35098"}],"wp:attachment":[{"href":"https:\/\/ulysse.com\/news\/wp-json\/wp\/v2\/media?parent=35097"}],"wp:term":[{"taxonomy":"category","embeddable":true,"href":"https:\/\/ulysse.com\/news\/wp-json\/wp\/v2\/categories?post=35097"},{"taxonomy":"post_tag","embeddable":true,"href":"https:\/\/ulysse.com\/news\/wp-json\/wp\/v2\/tags?post=35097"}],"curies":[{"name":"wp","href":"https:\/\/api.w.org\/{rel}","templated":true}]}}